{"id":26607,"date":"2023-03-23T14:35:00","date_gmt":"2023-03-23T20:35:00","guid":{"rendered":"https:\/\/cuernavaca.gob.mx\/?p=26607"},"modified":"2025-05-06T12:35:14","modified_gmt":"2025-05-06T18:35:14","slug":"865-23-03-23-avanza-proceso-para-la-creacion-y-funcionamiento-del-centro-de-comando-control-computo-y-comunicaciones-c4-de-cuernavaca","status":"publish","type":"post","link":"https:\/\/cuernavaca.gob.mx\/?p=26607","title":{"rendered":"865 23\/03\/23 AVANZA PROCESO PARA LA CREACI\u00d3N Y FUNCIONAMIENTO DEL CENTRO DE COMANDO, CONTROL, C\u00d3MPUTO Y COMUNICACIONES (C4) DE CUERNAVACA"},"content":{"rendered":"\n<p><strong>\u2022 El Comit\u00e9 de Adquisiciones del Gobierno Municipal aprob\u00f3 la adquisici\u00f3n e instalaci\u00f3n de c\u00e1maras CCTV con el prop\u00f3sito de eficientar la tecnolog\u00eda en materia de seguridad p\u00fablica<\/strong><\/p>\n\n\n\n<p><strong>\u2022 El presidente municipal, Jos\u00e9 Luis Uri\u00f3stegui explic\u00f3 que no solo adquirir\u00e1n 480 c\u00e1maras sino tambi\u00e9n se incluyen en el proyecto 36 puntos de videovigilancia y de reconocimiento de captura de placas vehiculares<\/strong><\/p>\n\n\n\n<p>Al aprobarse la propuesta que se encargar\u00e1 del Centro de Comando, Control, C\u00f3mputo y Comunicaciones (C4) de la Secretar\u00eda de Protecci\u00f3n y Auxilio Ciudadano (SEPRAC) de Cuernavaca, el Comit\u00e9 de Adquisiciones del Gobierno Municipal aprob\u00f3 la adquisici\u00f3n e instalaci\u00f3n de c\u00e1maras en busca de eficientar la tecnolog\u00eda en materia de seguridad p\u00fablica para garantizar un monitoreo preciso y una reacci\u00f3n favorable en el combate a la incidencia delictiva y la salvaguarda de la integridad de la poblaci\u00f3n.<\/p>\n\n\n\n<p>Al respecto, el presidente municipal, Jos\u00e9 Luis Uri\u00f3stegui Salgado, explic\u00f3 que el CAT, que es el cerebro y la base para la administraci\u00f3n de la informaci\u00f3n, debe contar con c\u00e1maras, por lo cual se propone que sea la misma empresa quien las abastezca a trav\u00e9s del m\u00e9todo de enlace que van a tener con el C4 a cargo de Cuernavaca.<\/p>\n\n\n\n<p>En presencia de los regidores Wendi Salinas Ruiz, Mirna Delgado Romero, Paz Hern\u00e1ndez Pardo, Jes\u00fas Rosales Puebla, Debendrenath Salazar Solorio, Christian P\u00e9rez Jaimes, Adri\u00e1n Mart\u00ednez Terrazas y V\u00edctor Manzo God\u00ednez, refiri\u00f3 que no solo adquirir\u00e1n 480 c\u00e1maras, sino tambi\u00e9n se incluyen en el proyecto 36 puntos de videovigilancia y de reconocimiento de captura de placas vehiculares.<\/p>\n\n\n\n<p>Lo anterior, se\u00f1al\u00f3 permitir\u00e1 que en espacios p\u00fablicos a la polic\u00eda municipal se le facilite la informaci\u00f3n para identificar a personas o veh\u00edculos relacionados con hechos il\u00edcitos.<\/p>\n\n\n\n<p>Entre los acuerdos establecidos por los regidores, fue que, tanto la Consejer\u00eda Jur\u00eddica como la Secretar\u00eda de Administraci\u00f3n, incorporen al momento de hacer el contrato con dicha empresa la mayor certeza jur\u00eddica para el Ayuntamiento de que no va a dejar de funcionar el sistema en ning\u00fan momento.<\/p>\n\n\n\n<p>En la sesi\u00f3n participaron tambi\u00e9n las representaciones de las regidoras Patricia Torres Rosales y Lucero Cuenca Noria, as\u00ed como la contralora municipal, Dolores \u00c1lvarez D\u00edaz; la consejera jur\u00eddica, Nadia Luz Lasa Ch\u00e1vez; el secretario de Administraci\u00f3n, Israel Y\u00fadico Herrera; y el secretario t\u00e9cnico del Comit\u00e9 de Adquisiciones, Luis Brian Figueroa Fuentes.<\/p>\n\n\n\n<figure class=\"wp-container-2 wp-block-gallery-1 wp-block-gallery has-nested-images columns-default is-cropped\">\n<figure class=\"wp-block-image size-large\"><img loading=\"lazy\" width=\"1024\" height=\"682\" data-id=\"26609\"  src=\"https:\/\/cuernavaca.gob.mx\/wp-content\/uploads\/2023\/03\/C4-Cuernavaca-1-1024x682.jpg\" alt=\"\" class=\"wp-image-26609\" srcset=\"https:\/\/cuernavaca.gob.mx\/wp-content\/uploads\/2023\/03\/C4-Cuernavaca-1-1024x682.jpg 1024w, https:\/\/cuernavaca.gob.mx\/wp-content\/uploads\/2023\/03\/C4-Cuernavaca-1-300x200.jpg 300w, https:\/\/cuernavaca.gob.mx\/wp-content\/uploads\/2023\/03\/C4-Cuernavaca-1-768x512.jpg 768w, https:\/\/cuernavaca.gob.mx\/wp-content\/uploads\/2023\/03\/C4-Cuernavaca-1-600x400.jpg 600w, https:\/\/cuernavaca.gob.mx\/wp-content\/uploads\/2023\/03\/C4-Cuernavaca-1-560x373.jpg 560w, https:\/\/cuernavaca.gob.mx\/wp-content\/uploads\/2023\/03\/C4-Cuernavaca-1.jpg 1280w\" sizes=\"(max-width: 1024px) 100vw, 1024px\" \/><\/figure>\n\n\n\n<figure class=\"wp-block-image size-large\"><img loading=\"lazy\" width=\"1024\" height=\"682\" data-id=\"26608\"  src=\"https:\/\/cuernavaca.gob.mx\/wp-content\/uploads\/2023\/03\/C4-Cuernavaca-2-1024x682.jpg\" alt=\"\" class=\"wp-image-26608\" srcset=\"https:\/\/cuernavaca.gob.mx\/wp-content\/uploads\/2023\/03\/C4-Cuernavaca-2-1024x682.jpg 1024w, https:\/\/cuernavaca.gob.mx\/wp-content\/uploads\/2023\/03\/C4-Cuernavaca-2-300x200.jpg 300w, https:\/\/cuernavaca.gob.mx\/wp-content\/uploads\/2023\/03\/C4-Cuernavaca-2-768x512.jpg 768w, https:\/\/cuernavaca.gob.mx\/wp-content\/uploads\/2023\/03\/C4-Cuernavaca-2-600x400.jpg 600w, https:\/\/cuernavaca.gob.mx\/wp-content\/uploads\/2023\/03\/C4-Cuernavaca-2-560x373.jpg 560w, https:\/\/cuernavaca.gob.mx\/wp-content\/uploads\/2023\/03\/C4-Cuernavaca-2.jpg 1280w\" sizes=\"(max-width: 1024px) 100vw, 1024px\" \/><\/figure>\n\n\n\n<figure class=\"wp-block-image size-large\"><img loading=\"lazy\" width=\"1024\" height=\"682\" data-id=\"26612\"  src=\"https:\/\/cuernavaca.gob.mx\/wp-content\/uploads\/2023\/03\/C4-Cuernavaca-3-1024x682.jpg\" alt=\"\" class=\"wp-image-26612\" srcset=\"https:\/\/cuernavaca.gob.mx\/wp-content\/uploads\/2023\/03\/C4-Cuernavaca-3-1024x682.jpg 1024w, https:\/\/cuernavaca.gob.mx\/wp-content\/uploads\/2023\/03\/C4-Cuernavaca-3-300x200.jpg 300w, https:\/\/cuernavaca.gob.mx\/wp-content\/uploads\/2023\/03\/C4-Cuernavaca-3-768x512.jpg 768w, https:\/\/cuernavaca.gob.mx\/wp-content\/uploads\/2023\/03\/C4-Cuernavaca-3-1536x1023.jpg 1536w, https:\/\/cuernavaca.gob.mx\/wp-content\/uploads\/2023\/03\/C4-Cuernavaca-3-600x400.jpg 600w, https:\/\/cuernavaca.gob.mx\/wp-content\/uploads\/2023\/03\/C4-Cuernavaca-3-560x373.jpg 560w, https:\/\/cuernavaca.gob.mx\/wp-content\/uploads\/2023\/03\/C4-Cuernavaca-3.jpg 1600w\" sizes=\"(max-width: 1024px) 100vw, 1024px\" \/><\/figure>\n\n\n\n<figure class=\"wp-block-image size-large\"><img loading=\"lazy\" width=\"1024\" height=\"682\" data-id=\"26610\"  src=\"https:\/\/cuernavaca.gob.mx\/wp-content\/uploads\/2023\/03\/C4-Cuernavaca-4-1024x682.jpg\" alt=\"\" class=\"wp-image-26610\" srcset=\"https:\/\/cuernavaca.gob.mx\/wp-content\/uploads\/2023\/03\/C4-Cuernavaca-4-1024x682.jpg 1024w, https:\/\/cuernavaca.gob.mx\/wp-content\/uploads\/2023\/03\/C4-Cuernavaca-4-300x200.jpg 300w, https:\/\/cuernavaca.gob.mx\/wp-content\/uploads\/2023\/03\/C4-Cuernavaca-4-768x512.jpg 768w, https:\/\/cuernavaca.gob.mx\/wp-content\/uploads\/2023\/03\/C4-Cuernavaca-4-1536x1023.jpg 1536w, https:\/\/cuernavaca.gob.mx\/wp-content\/uploads\/2023\/03\/C4-Cuernavaca-4-600x400.jpg 600w, https:\/\/cuernavaca.gob.mx\/wp-content\/uploads\/2023\/03\/C4-Cuernavaca-4-560x373.jpg 560w, https:\/\/cuernavaca.gob.mx\/wp-content\/uploads\/2023\/03\/C4-Cuernavaca-4.jpg 1600w\" sizes=\"(max-width: 1024px) 100vw, 1024px\" \/><\/figure>\n\n\n\n<figure class=\"wp-block-image size-large\"><img loading=\"lazy\" width=\"1024\" height=\"682\" data-id=\"26613\"  src=\"https:\/\/cuernavaca.gob.mx\/wp-content\/uploads\/2023\/03\/C4-Cuernavaca-5-1024x682.jpg\" alt=\"\" class=\"wp-image-26613\" srcset=\"https:\/\/cuernavaca.gob.mx\/wp-content\/uploads\/2023\/03\/C4-Cuernavaca-5-1024x682.jpg 1024w, https:\/\/cuernavaca.gob.mx\/wp-content\/uploads\/2023\/03\/C4-Cuernavaca-5-300x200.jpg 300w, https:\/\/cuernavaca.gob.mx\/wp-content\/uploads\/2023\/03\/C4-Cuernavaca-5-768x512.jpg 768w, https:\/\/cuernavaca.gob.mx\/wp-content\/uploads\/2023\/03\/C4-Cuernavaca-5-1536x1023.jpg 1536w, https:\/\/cuernavaca.gob.mx\/wp-content\/uploads\/2023\/03\/C4-Cuernavaca-5-600x400.jpg 600w, https:\/\/cuernavaca.gob.mx\/wp-content\/uploads\/2023\/03\/C4-Cuernavaca-5-560x373.jpg 560w, https:\/\/cuernavaca.gob.mx\/wp-content\/uploads\/2023\/03\/C4-Cuernavaca-5.jpg 1600w\" sizes=\"(max-width: 1024px) 100vw, 1024px\" \/><\/figure>\n\n\n\n<figure class=\"wp-block-image size-large\"><img loading=\"lazy\" width=\"1024\" height=\"682\" data-id=\"26611\"  src=\"https:\/\/cuernavaca.gob.mx\/wp-content\/uploads\/2023\/03\/C4-Cuernavaca-6-1024x682.jpg\" alt=\"\" class=\"wp-image-26611\" srcset=\"https:\/\/cuernavaca.gob.mx\/wp-content\/uploads\/2023\/03\/C4-Cuernavaca-6-1024x682.jpg 1024w, https:\/\/cuernavaca.gob.mx\/wp-content\/uploads\/2023\/03\/C4-Cuernavaca-6-300x200.jpg 300w, https:\/\/cuernavaca.gob.mx\/wp-content\/uploads\/2023\/03\/C4-Cuernavaca-6-768x512.jpg 768w, https:\/\/cuernavaca.gob.mx\/wp-content\/uploads\/2023\/03\/C4-Cuernavaca-6-1536x1023.jpg 1536w, https:\/\/cuernavaca.gob.mx\/wp-content\/uploads\/2023\/03\/C4-Cuernavaca-6-600x400.jpg 600w, https:\/\/cuernavaca.gob.mx\/wp-content\/uploads\/2023\/03\/C4-Cuernavaca-6-560x373.jpg 560w, https:\/\/cuernavaca.gob.mx\/wp-content\/uploads\/2023\/03\/C4-Cuernavaca-6.jpg 1600w\" sizes=\"(max-width: 1024px) 100vw, 1024px\" \/><\/figure>\n\n\n\n<figure class=\"wp-block-image size-large\"><img loading=\"lazy\" width=\"1024\" height=\"682\" data-id=\"26614\"  src=\"https:\/\/cuernavaca.gob.mx\/wp-content\/uploads\/2023\/03\/C4-Cuernavaca-7-1024x682.jpg\" alt=\"\" class=\"wp-image-26614\" srcset=\"https:\/\/cuernavaca.gob.mx\/wp-content\/uploads\/2023\/03\/C4-Cuernavaca-7-1024x682.jpg 1024w, https:\/\/cuernavaca.gob.mx\/wp-content\/uploads\/2023\/03\/C4-Cuernavaca-7-300x200.jpg 300w, https:\/\/cuernavaca.gob.mx\/wp-content\/uploads\/2023\/03\/C4-Cuernavaca-7-768x512.jpg 768w, https:\/\/cuernavaca.gob.mx\/wp-content\/uploads\/2023\/03\/C4-Cuernavaca-7-1536x1023.jpg 1536w, https:\/\/cuernavaca.gob.mx\/wp-content\/uploads\/2023\/03\/C4-Cuernavaca-7-600x400.jpg 600w, https:\/\/cuernavaca.gob.mx\/wp-content\/uploads\/2023\/03\/C4-Cuernavaca-7-560x373.jpg 560w, https:\/\/cuernavaca.gob.mx\/wp-content\/uploads\/2023\/03\/C4-Cuernavaca-7.jpg 1600w\" sizes=\"(max-width: 1024px) 100vw, 1024px\" \/><\/figure>\n<\/figure>\n","protected":false},"excerpt":{"rendered":"<p>\u2022 El Comit\u00e9 de Adquisiciones del Gobierno Municipal aprob\u00f3 la adquisici\u00f3n e instalaci\u00f3n de c\u00e1maras CCTV con el prop\u00f3sito de eficientar la tecnolog\u00eda en materia de seguridad p\u00fablica \u2022 El presidente municipal, Jos\u00e9 Luis Uri\u00f3stegui explic\u00f3 que no solo adquirir\u00e1n 480 c\u00e1maras sino tambi\u00e9n se incluyen en el proyecto 36 puntos de videovigilancia y de [&hellip;]<\/p>\n","protected":false},"author":1,"featured_media":26611,"comment_status":"closed","ping_status":"open","sticky":false,"template":"","format":"standard","meta":[],"categories":[20,17],"tags":[3000,3001,121,120,206,125,252,3002],"aioseo_notices":[],"_links":{"self":[{"href":"https:\/\/cuernavaca.gob.mx\/index.php?rest_route=\/wp\/v2\/posts\/26607"}],"collection":[{"href":"https:\/\/cuernavaca.gob.mx\/index.php?rest_route=\/wp\/v2\/posts"}],"about":[{"href":"https:\/\/cuernavaca.gob.mx\/index.php?rest_route=\/wp\/v2\/types\/post"}],"author":[{"embeddable":true,"href":"https:\/\/cuernavaca.gob.mx\/index.php?rest_route=\/wp\/v2\/users\/1"}],"replies":[{"embeddable":true,"href":"https:\/\/cuernavaca.gob.mx\/index.php?rest_route=%2Fwp%2Fv2%2Fcomments&post=26607"}],"version-history":[{"count":1,"href":"https:\/\/cuernavaca.gob.mx\/index.php?rest_route=\/wp\/v2\/posts\/26607\/revisions"}],"predecessor-version":[{"id":26615,"href":"https:\/\/cuernavaca.gob.mx\/index.php?rest_route=\/wp\/v2\/posts\/26607\/revisions\/26615"}],"wp:featuredmedia":[{"embeddable":true,"href":"https:\/\/cuernavaca.gob.mx\/index.php?rest_route=\/wp\/v2\/media\/26611"}],"wp:attachment":[{"href":"https:\/\/cuernavaca.gob.mx\/index.php?rest_route=%2Fwp%2Fv2%2Fmedia&parent=26607"}],"wp:term":[{"taxonomy":"category","embeddable":true,"href":"https:\/\/cuernavaca.gob.mx\/index.php?rest_route=%2Fwp%2Fv2%2Fcategories&post=26607"},{"taxonomy":"post_tag","embeddable":true,"href":"https:\/\/cuernavaca.gob.mx\/index.php?rest_route=%2Fwp%2Fv2%2Ftags&post=26607"}],"curies":[{"name":"wp","href":"https:\/\/api.w.org\/{rel}","templated":true}]}}