{"id":26654,"date":"2023-03-24T16:05:00","date_gmt":"2023-03-24T22:05:00","guid":{"rendered":"https:\/\/cuernavaca.gob.mx\/?p=26654"},"modified":"2025-05-06T12:35:13","modified_gmt":"2025-05-06T18:35:13","slug":"f390-24-03-23-jose-luis-uriostegui-da-la-bienvenida-a-magistradas-y-magistrados-que-participan-en-la-1era-asamblea-plenaria-ordinaria-2023-de-la-conatrib-en-cuernavaca","status":"publish","type":"post","link":"https:\/\/cuernavaca.gob.mx\/?p=26654","title":{"rendered":"F390 24\/03\/23 JOS\u00c9 LUIS URI\u00d3STEGUI DA LA BIENVENIDA A MAGISTRADAS Y MAGISTRADOS QUE PARTICIPAN EN LA 1ERA ASAMBLEA PLENARIA ORDINARIA 2023 DE LA CONATRIB EN CUERNAVACA"},"content":{"rendered":"\n<p>El presidente municipal Jos\u00e9 Luis Uri\u00f3stegui Salgado, dio la bienvenida este viernes a magistradas y magistrados integrantes de la Comisi\u00f3n Nacional de Tribunales Superiores de Justicia de los Estados Unidos Mexicanos (CONATRIB) que visitan la ciudad de Cuernavaca donde se realiza su 1era Asamblea Plenaria Ordinaria 2023, y que encabeza el magistrado presidente del Poder Judicial de la Ciudad de M\u00e9xico, Rafael Guerra \u00c1lvarez.<\/p>\n\n\n\n<p>Al atender la invitaci\u00f3n del magistrado Luis Jorge Gamboa Olea, magistrado presidente del Tribunal Superior de Justicia del estado de Morelos, para asistir a la ceremonia inaugural de esta asamblea que se realiz\u00f3 en la Plaza de Armas, Jos\u00e9 Luis Uri\u00f3stegui celebr\u00f3 que sea Cuernavaca la sede donde los juristas que est\u00e1n al frente de los Tribunales de Justicia del pa\u00eds, deliberen sobre los temas que permitan homologar y armonizar criterios en asuntos que son de inter\u00e9s para la sociedad.<\/p>\n\n\n\n<p>Se\u00f1al\u00f3 que esta Asamblea de la CONATRIB es oportunidad de contribuir al fortalecimiento del Poder Judicial en Morelos y en M\u00e9xico, de reconocer y defender su autonom\u00eda ante tiempos complejos que enfrenta, al ser cuestionadas las decisiones que se toman desde el m\u00e1s alto tribunal como es la Suprema Corte de Justicia del pa\u00eds.<\/p>\n\n\n\n<p>El alcalde de Cuernavaca, comparti\u00f3 comentarios con magistradas y magistrados, juezas y jueces, que en su oportunidad contribuyeran para que Morelos fuera de los primeros estados en implementar el Sistema de Justicia Penal de tipo Acusatorio desde el 2008, y que participan en esta 1era Asamblea Plenaria Ordinaria de la CONATRIB, donde tambi\u00e9n coincidi\u00f3 con el secretario de Gobierno, Samuel Sotelo Salgado y el Fiscal General Uriel Carmona G\u00e1ndara, entre otras autoridades asistentes.<\/p>\n\n\n\n<figure class=\"wp-container-2 wp-block-gallery-1 wp-block-gallery has-nested-images columns-default is-cropped\">\n<figure class=\"wp-block-image size-large\"><img loading=\"lazy\" width=\"1024\" height=\"682\" data-id=\"26655\"  src=\"https:\/\/cuernavaca.gob.mx\/wp-content\/uploads\/2023\/03\/cc35f187-01f8-4140-bf43-b9a2725b5198-1024x682.jpg\" alt=\"\" class=\"wp-image-26655\" srcset=\"https:\/\/cuernavaca.gob.mx\/wp-content\/uploads\/2023\/03\/cc35f187-01f8-4140-bf43-b9a2725b5198-1024x682.jpg 1024w, https:\/\/cuernavaca.gob.mx\/wp-content\/uploads\/2023\/03\/cc35f187-01f8-4140-bf43-b9a2725b5198-300x200.jpg 300w, https:\/\/cuernavaca.gob.mx\/wp-content\/uploads\/2023\/03\/cc35f187-01f8-4140-bf43-b9a2725b5198-768x512.jpg 768w, https:\/\/cuernavaca.gob.mx\/wp-content\/uploads\/2023\/03\/cc35f187-01f8-4140-bf43-b9a2725b5198-1536x1023.jpg 1536w, https:\/\/cuernavaca.gob.mx\/wp-content\/uploads\/2023\/03\/cc35f187-01f8-4140-bf43-b9a2725b5198-600x400.jpg 600w, https:\/\/cuernavaca.gob.mx\/wp-content\/uploads\/2023\/03\/cc35f187-01f8-4140-bf43-b9a2725b5198-560x373.jpg 560w, https:\/\/cuernavaca.gob.mx\/wp-content\/uploads\/2023\/03\/cc35f187-01f8-4140-bf43-b9a2725b5198.jpg 1600w\" sizes=\"(max-width: 1024px) 100vw, 1024px\" \/><\/figure>\n\n\n\n<figure class=\"wp-block-image size-large\"><img loading=\"lazy\" width=\"1024\" height=\"682\" data-id=\"26662\"  src=\"https:\/\/cuernavaca.gob.mx\/wp-content\/uploads\/2023\/03\/Comisio\u0301n-Nacional-de-Tribunales-Superiores-de-Justicia-de-los-Estados-Unidos-Mexicanos-Cuernavaca-1-1024x682.jpg\" alt=\"\" class=\"wp-image-26662\" srcset=\"https:\/\/cuernavaca.gob.mx\/wp-content\/uploads\/2023\/03\/Comisio\u0301n-Nacional-de-Tribunales-Superiores-de-Justicia-de-los-Estados-Unidos-Mexicanos-Cuernavaca-1-1024x682.jpg 1024w, https:\/\/cuernavaca.gob.mx\/wp-content\/uploads\/2023\/03\/Comisio\u0301n-Nacional-de-Tribunales-Superiores-de-Justicia-de-los-Estados-Unidos-Mexicanos-Cuernavaca-1-300x200.jpg 300w, https:\/\/cuernavaca.gob.mx\/wp-content\/uploads\/2023\/03\/Comisio\u0301n-Nacional-de-Tribunales-Superiores-de-Justicia-de-los-Estados-Unidos-Mexicanos-Cuernavaca-1-768x512.jpg 768w, https:\/\/cuernavaca.gob.mx\/wp-content\/uploads\/2023\/03\/Comisio\u0301n-Nacional-de-Tribunales-Superiores-de-Justicia-de-los-Estados-Unidos-Mexicanos-Cuernavaca-1-1536x1023.jpg 1536w, https:\/\/cuernavaca.gob.mx\/wp-content\/uploads\/2023\/03\/Comisio\u0301n-Nacional-de-Tribunales-Superiores-de-Justicia-de-los-Estados-Unidos-Mexicanos-Cuernavaca-1-600x400.jpg 600w, https:\/\/cuernavaca.gob.mx\/wp-content\/uploads\/2023\/03\/Comisio\u0301n-Nacional-de-Tribunales-Superiores-de-Justicia-de-los-Estados-Unidos-Mexicanos-Cuernavaca-1-560x373.jpg 560w, https:\/\/cuernavaca.gob.mx\/wp-content\/uploads\/2023\/03\/Comisio\u0301n-Nacional-de-Tribunales-Superiores-de-Justicia-de-los-Estados-Unidos-Mexicanos-Cuernavaca-1.jpg 1600w\" sizes=\"(max-width: 1024px) 100vw, 1024px\" \/><\/figure>\n\n\n\n<figure class=\"wp-block-image size-large\"><img loading=\"lazy\" width=\"1024\" height=\"682\" data-id=\"26656\"  src=\"https:\/\/cuernavaca.gob.mx\/wp-content\/uploads\/2023\/03\/Comisio\u0301n-Nacional-de-Tribunales-Superiores-de-Justicia-de-los-Estados-Unidos-Mexicanos-Cuernavaca-2-1024x682.jpg\" alt=\"\" class=\"wp-image-26656\" srcset=\"https:\/\/cuernavaca.gob.mx\/wp-content\/uploads\/2023\/03\/Comisio\u0301n-Nacional-de-Tribunales-Superiores-de-Justicia-de-los-Estados-Unidos-Mexicanos-Cuernavaca-2-1024x682.jpg 1024w, https:\/\/cuernavaca.gob.mx\/wp-content\/uploads\/2023\/03\/Comisio\u0301n-Nacional-de-Tribunales-Superiores-de-Justicia-de-los-Estados-Unidos-Mexicanos-Cuernavaca-2-300x200.jpg 300w, https:\/\/cuernavaca.gob.mx\/wp-content\/uploads\/2023\/03\/Comisio\u0301n-Nacional-de-Tribunales-Superiores-de-Justicia-de-los-Estados-Unidos-Mexicanos-Cuernavaca-2-768x512.jpg 768w, https:\/\/cuernavaca.gob.mx\/wp-content\/uploads\/2023\/03\/Comisio\u0301n-Nacional-de-Tribunales-Superiores-de-Justicia-de-los-Estados-Unidos-Mexicanos-Cuernavaca-2-1536x1023.jpg 1536w, https:\/\/cuernavaca.gob.mx\/wp-content\/uploads\/2023\/03\/Comisio\u0301n-Nacional-de-Tribunales-Superiores-de-Justicia-de-los-Estados-Unidos-Mexicanos-Cuernavaca-2-600x400.jpg 600w, https:\/\/cuernavaca.gob.mx\/wp-content\/uploads\/2023\/03\/Comisio\u0301n-Nacional-de-Tribunales-Superiores-de-Justicia-de-los-Estados-Unidos-Mexicanos-Cuernavaca-2-560x373.jpg 560w, https:\/\/cuernavaca.gob.mx\/wp-content\/uploads\/2023\/03\/Comisio\u0301n-Nacional-de-Tribunales-Superiores-de-Justicia-de-los-Estados-Unidos-Mexicanos-Cuernavaca-2.jpg 1600w\" sizes=\"(max-width: 1024px) 100vw, 1024px\" \/><\/figure>\n\n\n\n<figure class=\"wp-block-image size-large\"><img loading=\"lazy\" width=\"1024\" height=\"682\" data-id=\"26664\"  src=\"https:\/\/cuernavaca.gob.mx\/wp-content\/uploads\/2023\/03\/Comisio\u0301n-Nacional-de-Tribunales-Superiores-de-Justicia-de-los-Estados-Unidos-Mexicanos-Cuernavaca-3-1024x682.jpg\" alt=\"\" class=\"wp-image-26664\" srcset=\"https:\/\/cuernavaca.gob.mx\/wp-content\/uploads\/2023\/03\/Comisio\u0301n-Nacional-de-Tribunales-Superiores-de-Justicia-de-los-Estados-Unidos-Mexicanos-Cuernavaca-3-1024x682.jpg 1024w, https:\/\/cuernavaca.gob.mx\/wp-content\/uploads\/2023\/03\/Comisio\u0301n-Nacional-de-Tribunales-Superiores-de-Justicia-de-los-Estados-Unidos-Mexicanos-Cuernavaca-3-300x200.jpg 300w, https:\/\/cuernavaca.gob.mx\/wp-content\/uploads\/2023\/03\/Comisio\u0301n-Nacional-de-Tribunales-Superiores-de-Justicia-de-los-Estados-Unidos-Mexicanos-Cuernavaca-3-768x512.jpg 768w, https:\/\/cuernavaca.gob.mx\/wp-content\/uploads\/2023\/03\/Comisio\u0301n-Nacional-de-Tribunales-Superiores-de-Justicia-de-los-Estados-Unidos-Mexicanos-Cuernavaca-3-1536x1023.jpg 1536w, https:\/\/cuernavaca.gob.mx\/wp-content\/uploads\/2023\/03\/Comisio\u0301n-Nacional-de-Tribunales-Superiores-de-Justicia-de-los-Estados-Unidos-Mexicanos-Cuernavaca-3-600x400.jpg 600w, https:\/\/cuernavaca.gob.mx\/wp-content\/uploads\/2023\/03\/Comisio\u0301n-Nacional-de-Tribunales-Superiores-de-Justicia-de-los-Estados-Unidos-Mexicanos-Cuernavaca-3-560x373.jpg 560w, https:\/\/cuernavaca.gob.mx\/wp-content\/uploads\/2023\/03\/Comisio\u0301n-Nacional-de-Tribunales-Superiores-de-Justicia-de-los-Estados-Unidos-Mexicanos-Cuernavaca-3.jpg 1600w\" sizes=\"(max-width: 1024px) 100vw, 1024px\" \/><\/figure>\n\n\n\n<figure class=\"wp-block-image size-large\"><img loading=\"lazy\" width=\"1024\" height=\"576\" data-id=\"26665\"  src=\"https:\/\/cuernavaca.gob.mx\/wp-content\/uploads\/2023\/03\/Comisio\u0301n-Nacional-de-Tribunales-Superiores-de-Justicia-de-los-Estados-Unidos-Mexicanos-Cuernavaca-4-1024x576.jpg\" alt=\"\" class=\"wp-image-26665\" srcset=\"https:\/\/cuernavaca.gob.mx\/wp-content\/uploads\/2023\/03\/Comisio\u0301n-Nacional-de-Tribunales-Superiores-de-Justicia-de-los-Estados-Unidos-Mexicanos-Cuernavaca-4-1024x576.jpg 1024w, https:\/\/cuernavaca.gob.mx\/wp-content\/uploads\/2023\/03\/Comisio\u0301n-Nacional-de-Tribunales-Superiores-de-Justicia-de-los-Estados-Unidos-Mexicanos-Cuernavaca-4-300x169.jpg 300w, https:\/\/cuernavaca.gob.mx\/wp-content\/uploads\/2023\/03\/Comisio\u0301n-Nacional-de-Tribunales-Superiores-de-Justicia-de-los-Estados-Unidos-Mexicanos-Cuernavaca-4-768x432.jpg 768w, https:\/\/cuernavaca.gob.mx\/wp-content\/uploads\/2023\/03\/Comisio\u0301n-Nacional-de-Tribunales-Superiores-de-Justicia-de-los-Estados-Unidos-Mexicanos-Cuernavaca-4-1536x864.jpg 1536w, https:\/\/cuernavaca.gob.mx\/wp-content\/uploads\/2023\/03\/Comisio\u0301n-Nacional-de-Tribunales-Superiores-de-Justicia-de-los-Estados-Unidos-Mexicanos-Cuernavaca-4-600x338.jpg 600w, https:\/\/cuernavaca.gob.mx\/wp-content\/uploads\/2023\/03\/Comisio\u0301n-Nacional-de-Tribunales-Superiores-de-Justicia-de-los-Estados-Unidos-Mexicanos-Cuernavaca-4-560x315.jpg 560w, https:\/\/cuernavaca.gob.mx\/wp-content\/uploads\/2023\/03\/Comisio\u0301n-Nacional-de-Tribunales-Superiores-de-Justicia-de-los-Estados-Unidos-Mexicanos-Cuernavaca-4.jpg 1600w\" sizes=\"(max-width: 1024px) 100vw, 1024px\" \/><\/figure>\n\n\n\n<figure class=\"wp-block-image size-large\"><img loading=\"lazy\" width=\"1024\" height=\"682\" data-id=\"26661\"  src=\"https:\/\/cuernavaca.gob.mx\/wp-content\/uploads\/2023\/03\/Comisio\u0301n-Nacional-de-Tribunales-Superiores-de-Justicia-de-los-Estados-Unidos-Mexicanos-Cuernavaca-5-1024x682.jpg\" alt=\"\" class=\"wp-image-26661\" srcset=\"https:\/\/cuernavaca.gob.mx\/wp-content\/uploads\/2023\/03\/Comisio\u0301n-Nacional-de-Tribunales-Superiores-de-Justicia-de-los-Estados-Unidos-Mexicanos-Cuernavaca-5-1024x682.jpg 1024w, https:\/\/cuernavaca.gob.mx\/wp-content\/uploads\/2023\/03\/Comisio\u0301n-Nacional-de-Tribunales-Superiores-de-Justicia-de-los-Estados-Unidos-Mexicanos-Cuernavaca-5-300x200.jpg 300w, https:\/\/cuernavaca.gob.mx\/wp-content\/uploads\/2023\/03\/Comisio\u0301n-Nacional-de-Tribunales-Superiores-de-Justicia-de-los-Estados-Unidos-Mexicanos-Cuernavaca-5-768x512.jpg 768w, https:\/\/cuernavaca.gob.mx\/wp-content\/uploads\/2023\/03\/Comisio\u0301n-Nacional-de-Tribunales-Superiores-de-Justicia-de-los-Estados-Unidos-Mexicanos-Cuernavaca-5-1536x1023.jpg 1536w, https:\/\/cuernavaca.gob.mx\/wp-content\/uploads\/2023\/03\/Comisio\u0301n-Nacional-de-Tribunales-Superiores-de-Justicia-de-los-Estados-Unidos-Mexicanos-Cuernavaca-5-600x400.jpg 600w, https:\/\/cuernavaca.gob.mx\/wp-content\/uploads\/2023\/03\/Comisio\u0301n-Nacional-de-Tribunales-Superiores-de-Justicia-de-los-Estados-Unidos-Mexicanos-Cuernavaca-5-560x373.jpg 560w, https:\/\/cuernavaca.gob.mx\/wp-content\/uploads\/2023\/03\/Comisio\u0301n-Nacional-de-Tribunales-Superiores-de-Justicia-de-los-Estados-Unidos-Mexicanos-Cuernavaca-5.jpg 1600w\" sizes=\"(max-width: 1024px) 100vw, 1024px\" \/><\/figure>\n\n\n\n<figure class=\"wp-block-image size-large\"><img loading=\"lazy\" width=\"1024\" height=\"682\" data-id=\"26658\"  src=\"https:\/\/cuernavaca.gob.mx\/wp-content\/uploads\/2023\/03\/Comisio\u0301n-Nacional-de-Tribunales-Superiores-de-Justicia-de-los-Estados-Unidos-Mexicanos-Cuernavaca-6-1024x682.jpg\" alt=\"\" class=\"wp-image-26658\" srcset=\"https:\/\/cuernavaca.gob.mx\/wp-content\/uploads\/2023\/03\/Comisio\u0301n-Nacional-de-Tribunales-Superiores-de-Justicia-de-los-Estados-Unidos-Mexicanos-Cuernavaca-6-1024x682.jpg 1024w, https:\/\/cuernavaca.gob.mx\/wp-content\/uploads\/2023\/03\/Comisio\u0301n-Nacional-de-Tribunales-Superiores-de-Justicia-de-los-Estados-Unidos-Mexicanos-Cuernavaca-6-300x200.jpg 300w, https:\/\/cuernavaca.gob.mx\/wp-content\/uploads\/2023\/03\/Comisio\u0301n-Nacional-de-Tribunales-Superiores-de-Justicia-de-los-Estados-Unidos-Mexicanos-Cuernavaca-6-768x512.jpg 768w, https:\/\/cuernavaca.gob.mx\/wp-content\/uploads\/2023\/03\/Comisio\u0301n-Nacional-de-Tribunales-Superiores-de-Justicia-de-los-Estados-Unidos-Mexicanos-Cuernavaca-6-1536x1023.jpg 1536w, https:\/\/cuernavaca.gob.mx\/wp-content\/uploads\/2023\/03\/Comisio\u0301n-Nacional-de-Tribunales-Superiores-de-Justicia-de-los-Estados-Unidos-Mexicanos-Cuernavaca-6-600x400.jpg 600w, https:\/\/cuernavaca.gob.mx\/wp-content\/uploads\/2023\/03\/Comisio\u0301n-Nacional-de-Tribunales-Superiores-de-Justicia-de-los-Estados-Unidos-Mexicanos-Cuernavaca-6-560x373.jpg 560w, https:\/\/cuernavaca.gob.mx\/wp-content\/uploads\/2023\/03\/Comisio\u0301n-Nacional-de-Tribunales-Superiores-de-Justicia-de-los-Estados-Unidos-Mexicanos-Cuernavaca-6.jpg 1600w\" sizes=\"(max-width: 1024px) 100vw, 1024px\" \/><\/figure>\n\n\n\n<figure class=\"wp-block-image size-large\"><img loading=\"lazy\" width=\"1024\" height=\"682\" data-id=\"26663\"  src=\"https:\/\/cuernavaca.gob.mx\/wp-content\/uploads\/2023\/03\/Comisio\u0301n-Nacional-de-Tribunales-Superiores-de-Justicia-de-los-Estados-Unidos-Mexicanos-Cuernavaca-7-1024x682.jpg\" alt=\"\" class=\"wp-image-26663\" srcset=\"https:\/\/cuernavaca.gob.mx\/wp-content\/uploads\/2023\/03\/Comisio\u0301n-Nacional-de-Tribunales-Superiores-de-Justicia-de-los-Estados-Unidos-Mexicanos-Cuernavaca-7-1024x682.jpg 1024w, https:\/\/cuernavaca.gob.mx\/wp-content\/uploads\/2023\/03\/Comisio\u0301n-Nacional-de-Tribunales-Superiores-de-Justicia-de-los-Estados-Unidos-Mexicanos-Cuernavaca-7-300x200.jpg 300w, https:\/\/cuernavaca.gob.mx\/wp-content\/uploads\/2023\/03\/Comisio\u0301n-Nacional-de-Tribunales-Superiores-de-Justicia-de-los-Estados-Unidos-Mexicanos-Cuernavaca-7-768x512.jpg 768w, https:\/\/cuernavaca.gob.mx\/wp-content\/uploads\/2023\/03\/Comisio\u0301n-Nacional-de-Tribunales-Superiores-de-Justicia-de-los-Estados-Unidos-Mexicanos-Cuernavaca-7-1536x1023.jpg 1536w, https:\/\/cuernavaca.gob.mx\/wp-content\/uploads\/2023\/03\/Comisio\u0301n-Nacional-de-Tribunales-Superiores-de-Justicia-de-los-Estados-Unidos-Mexicanos-Cuernavaca-7-600x400.jpg 600w, https:\/\/cuernavaca.gob.mx\/wp-content\/uploads\/2023\/03\/Comisio\u0301n-Nacional-de-Tribunales-Superiores-de-Justicia-de-los-Estados-Unidos-Mexicanos-Cuernavaca-7-560x373.jpg 560w, https:\/\/cuernavaca.gob.mx\/wp-content\/uploads\/2023\/03\/Comisio\u0301n-Nacional-de-Tribunales-Superiores-de-Justicia-de-los-Estados-Unidos-Mexicanos-Cuernavaca-7.jpg 1600w\" sizes=\"(max-width: 1024px) 100vw, 1024px\" \/><\/figure>\n\n\n\n<figure class=\"wp-block-image size-large\"><img loading=\"lazy\" width=\"1024\" height=\"682\" data-id=\"26660\"  src=\"https:\/\/cuernavaca.gob.mx\/wp-content\/uploads\/2023\/03\/Comisio\u0301n-Nacional-de-Tribunales-Superiores-de-Justicia-de-los-Estados-Unidos-Mexicanos-Cuernavaca-8-1024x682.jpg\" alt=\"\" class=\"wp-image-26660\" srcset=\"https:\/\/cuernavaca.gob.mx\/wp-content\/uploads\/2023\/03\/Comisio\u0301n-Nacional-de-Tribunales-Superiores-de-Justicia-de-los-Estados-Unidos-Mexicanos-Cuernavaca-8-1024x682.jpg 1024w, https:\/\/cuernavaca.gob.mx\/wp-content\/uploads\/2023\/03\/Comisio\u0301n-Nacional-de-Tribunales-Superiores-de-Justicia-de-los-Estados-Unidos-Mexicanos-Cuernavaca-8-300x200.jpg 300w, https:\/\/cuernavaca.gob.mx\/wp-content\/uploads\/2023\/03\/Comisio\u0301n-Nacional-de-Tribunales-Superiores-de-Justicia-de-los-Estados-Unidos-Mexicanos-Cuernavaca-8-768x512.jpg 768w, https:\/\/cuernavaca.gob.mx\/wp-content\/uploads\/2023\/03\/Comisio\u0301n-Nacional-de-Tribunales-Superiores-de-Justicia-de-los-Estados-Unidos-Mexicanos-Cuernavaca-8-1536x1023.jpg 1536w, https:\/\/cuernavaca.gob.mx\/wp-content\/uploads\/2023\/03\/Comisio\u0301n-Nacional-de-Tribunales-Superiores-de-Justicia-de-los-Estados-Unidos-Mexicanos-Cuernavaca-8-600x400.jpg 600w, https:\/\/cuernavaca.gob.mx\/wp-content\/uploads\/2023\/03\/Comisio\u0301n-Nacional-de-Tribunales-Superiores-de-Justicia-de-los-Estados-Unidos-Mexicanos-Cuernavaca-8-560x373.jpg 560w, https:\/\/cuernavaca.gob.mx\/wp-content\/uploads\/2023\/03\/Comisio\u0301n-Nacional-de-Tribunales-Superiores-de-Justicia-de-los-Estados-Unidos-Mexicanos-Cuernavaca-8.jpg 1600w\" sizes=\"(max-width: 1024px) 100vw, 1024px\" \/><\/figure>\n\n\n\n<figure class=\"wp-block-image size-large\"><img loading=\"lazy\" width=\"1024\" height=\"682\" data-id=\"26657\"  src=\"https:\/\/cuernavaca.gob.mx\/wp-content\/uploads\/2023\/03\/Comisio\u0301n-Nacional-de-Tribunales-Superiores-de-Justicia-de-los-Estados-Unidos-Mexicanos-Cuernavaca-9-1024x682.jpg\" alt=\"\" class=\"wp-image-26657\" srcset=\"https:\/\/cuernavaca.gob.mx\/wp-content\/uploads\/2023\/03\/Comisio\u0301n-Nacional-de-Tribunales-Superiores-de-Justicia-de-los-Estados-Unidos-Mexicanos-Cuernavaca-9-1024x682.jpg 1024w, https:\/\/cuernavaca.gob.mx\/wp-content\/uploads\/2023\/03\/Comisio\u0301n-Nacional-de-Tribunales-Superiores-de-Justicia-de-los-Estados-Unidos-Mexicanos-Cuernavaca-9-300x200.jpg 300w, https:\/\/cuernavaca.gob.mx\/wp-content\/uploads\/2023\/03\/Comisio\u0301n-Nacional-de-Tribunales-Superiores-de-Justicia-de-los-Estados-Unidos-Mexicanos-Cuernavaca-9-768x512.jpg 768w, https:\/\/cuernavaca.gob.mx\/wp-content\/uploads\/2023\/03\/Comisio\u0301n-Nacional-de-Tribunales-Superiores-de-Justicia-de-los-Estados-Unidos-Mexicanos-Cuernavaca-9-1536x1023.jpg 1536w, https:\/\/cuernavaca.gob.mx\/wp-content\/uploads\/2023\/03\/Comisio\u0301n-Nacional-de-Tribunales-Superiores-de-Justicia-de-los-Estados-Unidos-Mexicanos-Cuernavaca-9-600x400.jpg 600w, https:\/\/cuernavaca.gob.mx\/wp-content\/uploads\/2023\/03\/Comisio\u0301n-Nacional-de-Tribunales-Superiores-de-Justicia-de-los-Estados-Unidos-Mexicanos-Cuernavaca-9-560x373.jpg 560w, https:\/\/cuernavaca.gob.mx\/wp-content\/uploads\/2023\/03\/Comisio\u0301n-Nacional-de-Tribunales-Superiores-de-Justicia-de-los-Estados-Unidos-Mexicanos-Cuernavaca-9.jpg 1600w\" sizes=\"(max-width: 1024px) 100vw, 1024px\" \/><\/figure>\n\n\n\n<figure class=\"wp-block-image size-large\"><img loading=\"lazy\" width=\"1024\" height=\"576\" data-id=\"26659\"  src=\"https:\/\/cuernavaca.gob.mx\/wp-content\/uploads\/2023\/03\/Comisio\u0301n-Nacional-de-Tribunales-Superiores-de-Justicia-de-los-Estados-Unidos-Mexicanos-Cuernavaca-10-1024x576.jpg\" alt=\"\" class=\"wp-image-26659\" srcset=\"https:\/\/cuernavaca.gob.mx\/wp-content\/uploads\/2023\/03\/Comisio\u0301n-Nacional-de-Tribunales-Superiores-de-Justicia-de-los-Estados-Unidos-Mexicanos-Cuernavaca-10-1024x576.jpg 1024w, https:\/\/cuernavaca.gob.mx\/wp-content\/uploads\/2023\/03\/Comisio\u0301n-Nacional-de-Tribunales-Superiores-de-Justicia-de-los-Estados-Unidos-Mexicanos-Cuernavaca-10-300x169.jpg 300w, https:\/\/cuernavaca.gob.mx\/wp-content\/uploads\/2023\/03\/Comisio\u0301n-Nacional-de-Tribunales-Superiores-de-Justicia-de-los-Estados-Unidos-Mexicanos-Cuernavaca-10-768x432.jpg 768w, https:\/\/cuernavaca.gob.mx\/wp-content\/uploads\/2023\/03\/Comisio\u0301n-Nacional-de-Tribunales-Superiores-de-Justicia-de-los-Estados-Unidos-Mexicanos-Cuernavaca-10-1536x864.jpg 1536w, https:\/\/cuernavaca.gob.mx\/wp-content\/uploads\/2023\/03\/Comisio\u0301n-Nacional-de-Tribunales-Superiores-de-Justicia-de-los-Estados-Unidos-Mexicanos-Cuernavaca-10-600x338.jpg 600w, https:\/\/cuernavaca.gob.mx\/wp-content\/uploads\/2023\/03\/Comisio\u0301n-Nacional-de-Tribunales-Superiores-de-Justicia-de-los-Estados-Unidos-Mexicanos-Cuernavaca-10-560x315.jpg 560w, https:\/\/cuernavaca.gob.mx\/wp-content\/uploads\/2023\/03\/Comisio\u0301n-Nacional-de-Tribunales-Superiores-de-Justicia-de-los-Estados-Unidos-Mexicanos-Cuernavaca-10.jpg 1600w\" sizes=\"(max-width: 1024px) 100vw, 1024px\" \/><\/figure>\n<\/figure>\n","protected":false},"excerpt":{"rendered":"<p>El presidente municipal Jos\u00e9 Luis Uri\u00f3stegui Salgado, dio la bienvenida este viernes a magistradas y magistrados integrantes de la Comisi\u00f3n Nacional de Tribunales Superiores de Justicia de los Estados Unidos Mexicanos (CONATRIB) que visitan la ciudad de Cuernavaca donde se realiza su 1era Asamblea Plenaria Ordinaria 2023, y que encabeza el magistrado presidente del Poder [&hellip;]<\/p>\n","protected":false},"author":1,"featured_media":26659,"comment_status":"closed","ping_status":"open","sticky":false,"template":"","format":"standard","meta":[],"categories":[20],"tags":[121,120,1807,3004,3003,206,125],"aioseo_notices":[],"_links":{"self":[{"href":"https:\/\/cuernavaca.gob.mx\/index.php?rest_route=\/wp\/v2\/posts\/26654"}],"collection":[{"href":"https:\/\/cuernavaca.gob.mx\/index.php?rest_route=\/wp\/v2\/posts"}],"about":[{"href":"https:\/\/cuernavaca.gob.mx\/index.php?rest_route=\/wp\/v2\/types\/post"}],"author":[{"embeddable":true,"href":"https:\/\/cuernavaca.gob.mx\/index.php?rest_route=\/wp\/v2\/users\/1"}],"replies":[{"embeddable":true,"href":"https:\/\/cuernavaca.gob.mx\/index.php?rest_route=%2Fwp%2Fv2%2Fcomments&post=26654"}],"version-history":[{"count":1,"href":"https:\/\/cuernavaca.gob.mx\/index.php?rest_route=\/wp\/v2\/posts\/26654\/revisions"}],"predecessor-version":[{"id":26666,"href":"https:\/\/cuernavaca.gob.mx\/index.php?rest_route=\/wp\/v2\/posts\/26654\/revisions\/26666"}],"wp:featuredmedia":[{"embeddable":true,"href":"https:\/\/cuernavaca.gob.mx\/index.php?rest_route=\/wp\/v2\/media\/26659"}],"wp:attachment":[{"href":"https:\/\/cuernavaca.gob.mx\/index.php?rest_route=%2Fwp%2Fv2%2Fmedia&parent=26654"}],"wp:term":[{"taxonomy":"category","embeddable":true,"href":"https:\/\/cuernavaca.gob.mx\/index.php?rest_route=%2Fwp%2Fv2%2Fcategories&post=26654"},{"taxonomy":"post_tag","embeddable":true,"href":"https:\/\/cuernavaca.gob.mx\/index.php?rest_route=%2Fwp%2Fv2%2Ftags&post=26654"}],"curies":[{"name":"wp","href":"https:\/\/api.w.org\/{rel}","templated":true}]}}