{"id":26667,"date":"2023-03-25T15:30:00","date_gmt":"2023-03-25T21:30:00","guid":{"rendered":"https:\/\/cuernavaca.gob.mx\/?p=26667"},"modified":"2025-05-06T12:35:13","modified_gmt":"2025-05-06T18:35:13","slug":"b869-25-03-23-a-partir-del-01-de-abril-del-2023-inicia-en-cuernavaca-la-recoleccion-de-basura-separada","status":"publish","type":"post","link":"https:\/\/cuernavaca.gob.mx\/?p=26667","title":{"rendered":"B869 25\/03\/23 A PARTIR DEL 01 DE ABRIL DEL 2023 INICIA EN CUERNAVACA LA RECOLECCI\u00d3N DE BASURA SEPARADA"},"content":{"rendered":"\n<p><strong>\u2022 En la zona poniente de Cuernavaca los d\u00edas lunes y viernes ser\u00e1 la recolecci\u00f3n para residuos org\u00e1nicos y el d\u00eda mi\u00e9rcoles para residuos inorg\u00e1nicos<\/strong><\/p>\n\n\n\n<p><strong>\u2022 En la zona oriente los d\u00edas martes y s\u00e1bado se recolectar\u00e1n residuos org\u00e1nicos y los d\u00edas jueves residuos inorg\u00e1nicos<\/strong><\/p>\n\n\n\n<p>Con el objetivo de construir una ciudad m\u00e1s sustentable y con mayor responsabilidad ambiental, cumpliendo con lo establecido en la Agenda 2030, el Ayuntamiento de Cuernavaca, a trav\u00e9s de la Secretar\u00eda de Desarrollo Sustentable y Servicios P\u00fablicos, arrancar\u00e1 de manera gradual a partir de este 01 de abril la recolecci\u00f3n de basura separada en desechos org\u00e1nicos e inorg\u00e1nicos, promoviendo que desde los hogares, escuelas, empresas y comercios se lleve a cabo este proceso de aprovechamiento de los residuos.<\/p>\n\n\n\n<p>El secretario de Desarrollo Sustentable y Servicios P\u00fablicos, Omar Israel Albavera V\u00e1zquez, explic\u00f3 que al ser un programa de responsabilidad compartida entre gobierno y ciudadan\u00eda que debe basarse en un cambio de h\u00e1bito, desde el mes de noviembre del a\u00f1o pasado iniciaron una campa\u00f1a de concientizaci\u00f3n denominada \u201cHaz tu parte\u201d, a fin de la ciudadan\u00eda comenzara a separar sus residuos desde casa incentivando una cultura de aprovechamiento, reciclaje y transformaci\u00f3n que modifique las costumbres negativas que da\u00f1an al medio ambiente.<\/p>\n\n\n\n<p>\u201cLa basura separada no es basura, son residuos entonces tenemos que quitarnos de la mente el sacar la basura, el juntar basura, el recolectar basura. Vamos a recolectar residuos y esos residuos van a tener otro uso, ya es m\u00e1s f\u00e1cil el procesamiento de reciclaje, de compostas; teniendo los residuos separados, lo que generar\u00e1 es un gran beneficio ambiental\u201d, enfatiz\u00f3.<\/p>\n\n\n\n<p>En este contexto, la recolecci\u00f3n funcionar\u00e1 de la siguiente manera: en la zona oriente de Cuernavaca los d\u00edas lunes y viernes ser\u00e1 para los residuos org\u00e1nicos y el d\u00eda mi\u00e9rcoles para residuos inorg\u00e1nicos; mientras que en la zona poniente los d\u00edas martes y s\u00e1bado ser\u00e1 para residuos org\u00e1nicos y los d\u00edas jueves para inorg\u00e1nicos. En cuanto al Centro Hist\u00f3rico el Gobierno Municipal dise\u00f1ar\u00e1 un esquema particular, puesto que el servicio se otorga diariamente.<\/p>\n\n\n\n<p>Albavera V\u00e1zquez pidi\u00f3 a la poblaci\u00f3n sacar los residuos a la v\u00eda p\u00fablica de acuerdo con los d\u00edas y segmentos que se est\u00e1n manejando, ya que de lo contrario el cami\u00f3n recolector no se la llevar\u00e1 si no corresponde a org\u00e1nicos e inorg\u00e1nicos; recordando que el servicio es domiciliario, no en la esquina de la calle o la privada, puesto que esto llega a generar focos de infecci\u00f3n ante la gran cantidad de bolsas que se colocan y respetar el horario establecido.<\/p>\n\n\n\n<p>Por su lado, el presidente municipal de Cuernavaca, Jos\u00e9 Luis Uri\u00f3stegui Salgado, asegur\u00f3 que este programa generar\u00e1 una ventaja ambiental, puesto que se apuesta a evitar una acumulaci\u00f3n de residuos s\u00f3lidos, logrando reciclar aquellos materiales que si se puedan.<\/p>\n\n\n\n<p>Este programa fortalece la agenda ambiental del municipio que desde el primer d\u00eda se ha logrado consolidar con el apoyo de integrantes del Cabildo y Gabinete que han colocado a Cuernavaca como una ciudad innovadora y pionera en la aplicaci\u00f3n de acciones al interior pertinentes a la protecci\u00f3n y cuidado del equilibrio ecol\u00f3gico y el medio ambiente, sumando esfuerzos adem\u00e1s con organizaciones de la sociedad civil, instituciones p\u00fablicas y privadas a nivel nacional e internacional, as\u00ed como con la academia.<\/p>\n\n\n\n<p>Como residuos org\u00e1nicos pueden separar restos de comida, desecho vegetal, haces de mascotas (perros y gatos), papel higi\u00e9nico, entre muchos m\u00e1s; en tanto los residuos inorg\u00e1nicos son pl\u00e1sticos, vidrio, cart\u00f3n plastificado, latas, textiles, entre otros.<\/p>\n\n\n\n<p>Para conocer el d\u00eda de recolecci\u00f3n en tu colonia puede consultar las redes sociales oficiales del Municipio de Cuernavaca y de la Secretar\u00eda de Desarrollo Sustentable y Servicios P\u00fablicos del Ayuntamiento.<\/p>\n\n\n\n<figure class=\"wp-container-2 wp-block-gallery-1 wp-block-gallery has-nested-images columns-default is-cropped\">\n<figure class=\"wp-block-image size-large\"><img loading=\"lazy\" width=\"1024\" height=\"768\" data-id=\"26669\"  src=\"https:\/\/cuernavaca.gob.mx\/wp-content\/uploads\/2023\/03\/recoleccion-basura-separada-cuernavaca-1-1024x768.jpg\" alt=\"\" class=\"wp-image-26669\" srcset=\"https:\/\/cuernavaca.gob.mx\/wp-content\/uploads\/2023\/03\/recoleccion-basura-separada-cuernavaca-1-1024x768.jpg 1024w, https:\/\/cuernavaca.gob.mx\/wp-content\/uploads\/2023\/03\/recoleccion-basura-separada-cuernavaca-1-300x225.jpg 300w, https:\/\/cuernavaca.gob.mx\/wp-content\/uploads\/2023\/03\/recoleccion-basura-separada-cuernavaca-1-768x576.jpg 768w, https:\/\/cuernavaca.gob.mx\/wp-content\/uploads\/2023\/03\/recoleccion-basura-separada-cuernavaca-1-600x450.jpg 600w, https:\/\/cuernavaca.gob.mx\/wp-content\/uploads\/2023\/03\/recoleccion-basura-separada-cuernavaca-1-560x420.jpg 560w, https:\/\/cuernavaca.gob.mx\/wp-content\/uploads\/2023\/03\/recoleccion-basura-separada-cuernavaca-1.jpg 1280w\" sizes=\"(max-width: 1024px) 100vw, 1024px\" \/><\/figure>\n\n\n\n<figure class=\"wp-block-image size-large\"><img loading=\"lazy\" width=\"1024\" height=\"768\" data-id=\"26670\"  src=\"https:\/\/cuernavaca.gob.mx\/wp-content\/uploads\/2023\/03\/recoleccion-basura-separada-cuernavaca-2-1024x768.jpg\" alt=\"\" class=\"wp-image-26670\" srcset=\"https:\/\/cuernavaca.gob.mx\/wp-content\/uploads\/2023\/03\/recoleccion-basura-separada-cuernavaca-2-1024x768.jpg 1024w, https:\/\/cuernavaca.gob.mx\/wp-content\/uploads\/2023\/03\/recoleccion-basura-separada-cuernavaca-2-300x225.jpg 300w, https:\/\/cuernavaca.gob.mx\/wp-content\/uploads\/2023\/03\/recoleccion-basura-separada-cuernavaca-2-768x576.jpg 768w, https:\/\/cuernavaca.gob.mx\/wp-content\/uploads\/2023\/03\/recoleccion-basura-separada-cuernavaca-2-600x450.jpg 600w, https:\/\/cuernavaca.gob.mx\/wp-content\/uploads\/2023\/03\/recoleccion-basura-separada-cuernavaca-2-560x420.jpg 560w, https:\/\/cuernavaca.gob.mx\/wp-content\/uploads\/2023\/03\/recoleccion-basura-separada-cuernavaca-2.jpg 1280w\" sizes=\"(max-width: 1024px) 100vw, 1024px\" \/><\/figure>\n\n\n\n<figure class=\"wp-block-image size-large\"><img loading=\"lazy\" width=\"1024\" height=\"768\" data-id=\"26668\"  src=\"https:\/\/cuernavaca.gob.mx\/wp-content\/uploads\/2023\/03\/recoleccion-basura-separada-cuernavaca-3-1024x768.jpg\" alt=\"\" class=\"wp-image-26668\" srcset=\"https:\/\/cuernavaca.gob.mx\/wp-content\/uploads\/2023\/03\/recoleccion-basura-separada-cuernavaca-3-1024x768.jpg 1024w, https:\/\/cuernavaca.gob.mx\/wp-content\/uploads\/2023\/03\/recoleccion-basura-separada-cuernavaca-3-300x225.jpg 300w, https:\/\/cuernavaca.gob.mx\/wp-content\/uploads\/2023\/03\/recoleccion-basura-separada-cuernavaca-3-768x576.jpg 768w, https:\/\/cuernavaca.gob.mx\/wp-content\/uploads\/2023\/03\/recoleccion-basura-separada-cuernavaca-3-600x450.jpg 600w, https:\/\/cuernavaca.gob.mx\/wp-content\/uploads\/2023\/03\/recoleccion-basura-separada-cuernavaca-3-560x420.jpg 560w, https:\/\/cuernavaca.gob.mx\/wp-content\/uploads\/2023\/03\/recoleccion-basura-separada-cuernavaca-3.jpg 1280w\" sizes=\"(max-width: 1024px) 100vw, 1024px\" \/><\/figure>\n<\/figure>\n\n\n\n<figure class=\"wp-container-4 wp-block-gallery-3 wp-block-gallery has-nested-images columns-default is-cropped\">\n<figure class=\"wp-block-image size-large\"><img loading=\"lazy\" width=\"1024\" height=\"1024\" data-id=\"26672\"  src=\"https:\/\/cuernavaca.gob.mx\/wp-content\/uploads\/2023\/03\/recoleccion-basura-separada-cuernavaca-4-1024x1024.jpg\" alt=\"\" class=\"wp-image-26672\" srcset=\"https:\/\/cuernavaca.gob.mx\/wp-content\/uploads\/2023\/03\/recoleccion-basura-separada-cuernavaca-4-1024x1024.jpg 1024w, https:\/\/cuernavaca.gob.mx\/wp-content\/uploads\/2023\/03\/recoleccion-basura-separada-cuernavaca-4-300x300.jpg 300w, https:\/\/cuernavaca.gob.mx\/wp-content\/uploads\/2023\/03\/recoleccion-basura-separada-cuernavaca-4-150x150.jpg 150w, https:\/\/cuernavaca.gob.mx\/wp-content\/uploads\/2023\/03\/recoleccion-basura-separada-cuernavaca-4-768x768.jpg 768w, https:\/\/cuernavaca.gob.mx\/wp-content\/uploads\/2023\/03\/recoleccion-basura-separada-cuernavaca-4-600x600.jpg 600w, https:\/\/cuernavaca.gob.mx\/wp-content\/uploads\/2023\/03\/recoleccion-basura-separada-cuernavaca-4-560x560.jpg 560w, https:\/\/cuernavaca.gob.mx\/wp-content\/uploads\/2023\/03\/recoleccion-basura-separada-cuernavaca-4.jpg 1200w\" sizes=\"(max-width: 1024px) 100vw, 1024px\" \/><\/figure>\n\n\n\n<figure class=\"wp-block-image size-large\"><img loading=\"lazy\" width=\"1024\" height=\"682\" data-id=\"26673\"  src=\"https:\/\/cuernavaca.gob.mx\/wp-content\/uploads\/2023\/03\/recoleccion-basura-separada-cuernavaca-5-1024x682.jpg\" alt=\"\" class=\"wp-image-26673\" srcset=\"https:\/\/cuernavaca.gob.mx\/wp-content\/uploads\/2023\/03\/recoleccion-basura-separada-cuernavaca-5-1024x682.jpg 1024w, https:\/\/cuernavaca.gob.mx\/wp-content\/uploads\/2023\/03\/recoleccion-basura-separada-cuernavaca-5-300x200.jpg 300w, https:\/\/cuernavaca.gob.mx\/wp-content\/uploads\/2023\/03\/recoleccion-basura-separada-cuernavaca-5-768x512.jpg 768w, https:\/\/cuernavaca.gob.mx\/wp-content\/uploads\/2023\/03\/recoleccion-basura-separada-cuernavaca-5-1536x1023.jpg 1536w, https:\/\/cuernavaca.gob.mx\/wp-content\/uploads\/2023\/03\/recoleccion-basura-separada-cuernavaca-5-600x400.jpg 600w, https:\/\/cuernavaca.gob.mx\/wp-content\/uploads\/2023\/03\/recoleccion-basura-separada-cuernavaca-5-560x373.jpg 560w, https:\/\/cuernavaca.gob.mx\/wp-content\/uploads\/2023\/03\/recoleccion-basura-separada-cuernavaca-5.jpg 1600w\" sizes=\"(max-width: 1024px) 100vw, 1024px\" \/><\/figure>\n<\/figure>\n","protected":false},"excerpt":{"rendered":"<p>\u2022 En la zona poniente de Cuernavaca los d\u00edas lunes y viernes ser\u00e1 la recolecci\u00f3n para residuos org\u00e1nicos y el d\u00eda mi\u00e9rcoles para residuos inorg\u00e1nicos \u2022 En la zona oriente los d\u00edas martes y s\u00e1bado se recolectar\u00e1n residuos org\u00e1nicos y los d\u00edas jueves residuos inorg\u00e1nicos Con el objetivo de construir una ciudad m\u00e1s sustentable y [&hellip;]<\/p>\n","protected":false},"author":1,"featured_media":26672,"comment_status":"closed","ping_status":"open","sticky":false,"template":"","format":"standard","meta":[],"categories":[2271],"tags":[293,121,302,120,206,502,2896],"aioseo_notices":[],"_links":{"self":[{"href":"https:\/\/cuernavaca.gob.mx\/index.php?rest_route=\/wp\/v2\/posts\/26667"}],"collection":[{"href":"https:\/\/cuernavaca.gob.mx\/index.php?rest_route=\/wp\/v2\/posts"}],"about":[{"href":"https:\/\/cuernavaca.gob.mx\/index.php?rest_route=\/wp\/v2\/types\/post"}],"author":[{"embeddable":true,"href":"https:\/\/cuernavaca.gob.mx\/index.php?rest_route=\/wp\/v2\/users\/1"}],"replies":[{"embeddable":true,"href":"https:\/\/cuernavaca.gob.mx\/index.php?rest_route=%2Fwp%2Fv2%2Fcomments&post=26667"}],"version-history":[{"count":2,"href":"https:\/\/cuernavaca.gob.mx\/index.php?rest_route=\/wp\/v2\/posts\/26667\/revisions"}],"predecessor-version":[{"id":26674,"href":"https:\/\/cuernavaca.gob.mx\/index.php?rest_route=\/wp\/v2\/posts\/26667\/revisions\/26674"}],"wp:featuredmedia":[{"embeddable":true,"href":"https:\/\/cuernavaca.gob.mx\/index.php?rest_route=\/wp\/v2\/media\/26672"}],"wp:attachment":[{"href":"https:\/\/cuernavaca.gob.mx\/index.php?rest_route=%2Fwp%2Fv2%2Fmedia&parent=26667"}],"wp:term":[{"taxonomy":"category","embeddable":true,"href":"https:\/\/cuernavaca.gob.mx\/index.php?rest_route=%2Fwp%2Fv2%2Fcategories&post=26667"},{"taxonomy":"post_tag","embeddable":true,"href":"https:\/\/cuernavaca.gob.mx\/index.php?rest_route=%2Fwp%2Fv2%2Ftags&post=26667"}],"curies":[{"name":"wp","href":"https:\/\/api.w.org\/{rel}","templated":true}]}}