{"id":26754,"date":"2023-03-28T17:00:00","date_gmt":"2023-03-28T23:00:00","guid":{"rendered":"https:\/\/cuernavaca.gob.mx\/?p=26754"},"modified":"2025-05-06T12:35:11","modified_gmt":"2025-05-06T18:35:11","slug":"b875-28-03-23-confirmada-y-mejorada-la-feria-de-la-flor-cuernavaca-2023-la-feria-de-las-familias","status":"publish","type":"post","link":"https:\/\/cuernavaca.gob.mx\/?p=26754","title":{"rendered":"B875 28\/03\/23 CONFIRMADA Y MEJORADA LA FERIA DE LA FLOR, CUERNAVACA 2023, LA FERIA DE LAS FAMILIAS"},"content":{"rendered":"\n<p><strong>\u2022 El presidente municipal Jos\u00e9 Luis Uri\u00f3stegui se\u00f1al\u00f3 que la tradicional Feria de la Flor se llevar\u00e1 a cabo y ser\u00e1 una opci\u00f3n para las familias y vacacionistas en esta temporada de asueto<\/strong><\/p>\n\n\n\n<p><strong>\u2022 Para esta edici\u00f3n, la Feria se extender\u00e1 una semana m\u00e1s, es decir hasta el 16 de abril<\/strong><\/p>\n\n\n\n<p>El presidente municipal de Cuernavaca, Jos\u00e9 Luis Uri\u00f3stegui Salgado, confirm\u00f3 que la Feria de la Flor, Cuernavaca 2023 se llevar\u00e1 a cabo tal y como se hab\u00eda anunciado, siendo una opci\u00f3n para los ciudadanos y vacacionistas en esta temporada de asueto, al ofrecer un ambiente cien por ciento familiar y un escaparate donde productores y talento local tendr\u00e1n un espacio, recuperando por segundo a\u00f1o consecutivo uno de los eventos que dan m\u00e1s identidad, generan turismo y derrama econ\u00f3mica en la ciudad.<\/p>\n\n\n\n<p>Ante ciertas inquietudes que se manejaron en los \u00faltimos d\u00edas, aclar\u00f3 que la inauguraci\u00f3n de Feria ser\u00e1 el 31 de marzo y se extender\u00e1 hasta el 16 de abril en los predios ubicados en avenida San Diego de la colonia Vista Hermosa, en una sinergia que ha consolidado la presente administraci\u00f3n con el sector privado por lo que se organizar\u00e1 en colaboraci\u00f3n con un empresario, lo cual beneficiar\u00e1 a las arcas municipales, toda vez que la \u00fanica inversi\u00f3n que har\u00e1 el gobierno ser\u00e1 en publicidad y brindando el apoyo indispensable por parte de Protecci\u00f3n Civil y Seguridad P\u00fablica.<\/p>\n\n\n\n<p>\u201cLa feria sigue adelante no ha habido ninguna decisi\u00f3n de suspenderla, al contrario, estamos fortaleci\u00e9ndola porque se trata de un evento que convoca a las familias a convivir y a divertirse\u201d, enfatiz\u00f3.<\/p>\n\n\n\n<p>La Feria de la Flor, Cuernavaca 2023, la Feria de las Familias, destac\u00f3, contar\u00e1 con una amplia variedad de stands para todos los gustos y edades, donde los sistemas producto de la ciudad, artesanos, as\u00ed como los 12 poblados y barrio originales podr\u00e1n exhibir sus productos; habr\u00e1 juegos mec\u00e1nicos y el tradicional Teatro del Pueblo, para el cual pr\u00f3ximamente su cartelera ser\u00e1 anunciada, contando con un evento incluyente, sustentable y sin venta de bebidas alcoh\u00f3licas.<\/p>\n\n\n\n<p>Por otra parte, Jos\u00e9 Luis Uri\u00f3stegui puntualiz\u00f3 que como ya se hab\u00eda informado anteriormente, estar\u00e1n coadyuvando con la empresa concesionaria del Palenque Cuernavaca 2023 para garantizar la seguridad de los asistentes al recinto ferial de Acapantzingo, contando con el respaldo de la Secretar\u00eda de Protecci\u00f3n y Auxilio Ciudadano (SEPRAC), de la Comisi\u00f3n Estatal de Seguridad P\u00fablica, del Ej\u00e9rcito y la Guardia Nacional, dejando claro que no habr\u00e1 peleas de gallos, solo la presentaci\u00f3n musical de artistas reconocidos.<\/p>\n\n\n\n<figure class=\"wp-container-2 wp-block-gallery-1 wp-block-gallery has-nested-images columns-default is-cropped\">\n<figure class=\"wp-block-image size-large\"><img loading=\"lazy\" width=\"1024\" height=\"682\" data-id=\"26755\"  src=\"https:\/\/cuernavaca.gob.mx\/wp-content\/uploads\/2023\/03\/feria-de-la-flor-cuernavaca-2023-1-1024x682.jpeg\" alt=\"\" class=\"wp-image-26755\" srcset=\"https:\/\/cuernavaca.gob.mx\/wp-content\/uploads\/2023\/03\/feria-de-la-flor-cuernavaca-2023-1-1024x682.jpeg 1024w, https:\/\/cuernavaca.gob.mx\/wp-content\/uploads\/2023\/03\/feria-de-la-flor-cuernavaca-2023-1-300x200.jpeg 300w, https:\/\/cuernavaca.gob.mx\/wp-content\/uploads\/2023\/03\/feria-de-la-flor-cuernavaca-2023-1-768x512.jpeg 768w, https:\/\/cuernavaca.gob.mx\/wp-content\/uploads\/2023\/03\/feria-de-la-flor-cuernavaca-2023-1-1536x1023.jpeg 1536w, https:\/\/cuernavaca.gob.mx\/wp-content\/uploads\/2023\/03\/feria-de-la-flor-cuernavaca-2023-1-600x400.jpeg 600w, https:\/\/cuernavaca.gob.mx\/wp-content\/uploads\/2023\/03\/feria-de-la-flor-cuernavaca-2023-1-560x373.jpeg 560w, https:\/\/cuernavaca.gob.mx\/wp-content\/uploads\/2023\/03\/feria-de-la-flor-cuernavaca-2023-1.jpeg 1600w\" sizes=\"(max-width: 1024px) 100vw, 1024px\" \/><\/figure>\n\n\n\n<figure class=\"wp-block-image size-large\"><img loading=\"lazy\" width=\"1024\" height=\"682\" data-id=\"26757\"  src=\"https:\/\/cuernavaca.gob.mx\/wp-content\/uploads\/2023\/03\/feria-de-la-flor-cuernavaca-2023-2-1024x682.jpeg\" alt=\"\" class=\"wp-image-26757\" srcset=\"https:\/\/cuernavaca.gob.mx\/wp-content\/uploads\/2023\/03\/feria-de-la-flor-cuernavaca-2023-2-1024x682.jpeg 1024w, https:\/\/cuernavaca.gob.mx\/wp-content\/uploads\/2023\/03\/feria-de-la-flor-cuernavaca-2023-2-300x200.jpeg 300w, https:\/\/cuernavaca.gob.mx\/wp-content\/uploads\/2023\/03\/feria-de-la-flor-cuernavaca-2023-2-768x512.jpeg 768w, https:\/\/cuernavaca.gob.mx\/wp-content\/uploads\/2023\/03\/feria-de-la-flor-cuernavaca-2023-2-1536x1023.jpeg 1536w, https:\/\/cuernavaca.gob.mx\/wp-content\/uploads\/2023\/03\/feria-de-la-flor-cuernavaca-2023-2-600x400.jpeg 600w, https:\/\/cuernavaca.gob.mx\/wp-content\/uploads\/2023\/03\/feria-de-la-flor-cuernavaca-2023-2-560x373.jpeg 560w, https:\/\/cuernavaca.gob.mx\/wp-content\/uploads\/2023\/03\/feria-de-la-flor-cuernavaca-2023-2.jpeg 1600w\" sizes=\"(max-width: 1024px) 100vw, 1024px\" \/><\/figure>\n\n\n\n<figure class=\"wp-block-image size-large\"><img loading=\"lazy\" width=\"1024\" height=\"682\" data-id=\"26756\"  src=\"https:\/\/cuernavaca.gob.mx\/wp-content\/uploads\/2023\/03\/feria-de-la-flor-cuernavaca-2023-3-1024x682.jpeg\" alt=\"\" class=\"wp-image-26756\" srcset=\"https:\/\/cuernavaca.gob.mx\/wp-content\/uploads\/2023\/03\/feria-de-la-flor-cuernavaca-2023-3-1024x682.jpeg 1024w, https:\/\/cuernavaca.gob.mx\/wp-content\/uploads\/2023\/03\/feria-de-la-flor-cuernavaca-2023-3-300x200.jpeg 300w, https:\/\/cuernavaca.gob.mx\/wp-content\/uploads\/2023\/03\/feria-de-la-flor-cuernavaca-2023-3-768x512.jpeg 768w, https:\/\/cuernavaca.gob.mx\/wp-content\/uploads\/2023\/03\/feria-de-la-flor-cuernavaca-2023-3-1536x1023.jpeg 1536w, https:\/\/cuernavaca.gob.mx\/wp-content\/uploads\/2023\/03\/feria-de-la-flor-cuernavaca-2023-3-600x400.jpeg 600w, https:\/\/cuernavaca.gob.mx\/wp-content\/uploads\/2023\/03\/feria-de-la-flor-cuernavaca-2023-3-560x373.jpeg 560w, https:\/\/cuernavaca.gob.mx\/wp-content\/uploads\/2023\/03\/feria-de-la-flor-cuernavaca-2023-3.jpeg 1600w\" sizes=\"(max-width: 1024px) 100vw, 1024px\" \/><\/figure>\n\n\n\n<figure class=\"wp-block-image size-large\"><img loading=\"lazy\" width=\"1024\" height=\"682\" data-id=\"26758\"  src=\"https:\/\/cuernavaca.gob.mx\/wp-content\/uploads\/2023\/03\/feria-de-la-flor-cuernavaca-2023-4-1024x682.jpeg\" alt=\"\" class=\"wp-image-26758\" srcset=\"https:\/\/cuernavaca.gob.mx\/wp-content\/uploads\/2023\/03\/feria-de-la-flor-cuernavaca-2023-4-1024x682.jpeg 1024w, https:\/\/cuernavaca.gob.mx\/wp-content\/uploads\/2023\/03\/feria-de-la-flor-cuernavaca-2023-4-300x200.jpeg 300w, https:\/\/cuernavaca.gob.mx\/wp-content\/uploads\/2023\/03\/feria-de-la-flor-cuernavaca-2023-4-768x512.jpeg 768w, https:\/\/cuernavaca.gob.mx\/wp-content\/uploads\/2023\/03\/feria-de-la-flor-cuernavaca-2023-4-1536x1023.jpeg 1536w, https:\/\/cuernavaca.gob.mx\/wp-content\/uploads\/2023\/03\/feria-de-la-flor-cuernavaca-2023-4-600x400.jpeg 600w, https:\/\/cuernavaca.gob.mx\/wp-content\/uploads\/2023\/03\/feria-de-la-flor-cuernavaca-2023-4-560x373.jpeg 560w, https:\/\/cuernavaca.gob.mx\/wp-content\/uploads\/2023\/03\/feria-de-la-flor-cuernavaca-2023-4.jpeg 1600w\" sizes=\"(max-width: 1024px) 100vw, 1024px\" \/><\/figure>\n<\/figure>\n","protected":false},"excerpt":{"rendered":"<p>\u2022 El presidente municipal Jos\u00e9 Luis Uri\u00f3stegui se\u00f1al\u00f3 que la tradicional Feria de la Flor se llevar\u00e1 a cabo y ser\u00e1 una opci\u00f3n para las familias y vacacionistas en esta temporada de asueto \u2022 Para esta edici\u00f3n, la Feria se extender\u00e1 una semana m\u00e1s, es decir hasta el 16 de abril El presidente municipal de [&hellip;]<\/p>\n","protected":false},"author":1,"featured_media":26756,"comment_status":"closed","ping_status":"open","sticky":false,"template":"","format":"standard","meta":[],"categories":[21],"tags":[121,260,120,206,419,194,1375],"aioseo_notices":[],"_links":{"self":[{"href":"https:\/\/cuernavaca.gob.mx\/index.php?rest_route=\/wp\/v2\/posts\/26754"}],"collection":[{"href":"https:\/\/cuernavaca.gob.mx\/index.php?rest_route=\/wp\/v2\/posts"}],"about":[{"href":"https:\/\/cuernavaca.gob.mx\/index.php?rest_route=\/wp\/v2\/types\/post"}],"author":[{"embeddable":true,"href":"https:\/\/cuernavaca.gob.mx\/index.php?rest_route=\/wp\/v2\/users\/1"}],"replies":[{"embeddable":true,"href":"https:\/\/cuernavaca.gob.mx\/index.php?rest_route=%2Fwp%2Fv2%2Fcomments&post=26754"}],"version-history":[{"count":1,"href":"https:\/\/cuernavaca.gob.mx\/index.php?rest_route=\/wp\/v2\/posts\/26754\/revisions"}],"predecessor-version":[{"id":26759,"href":"https:\/\/cuernavaca.gob.mx\/index.php?rest_route=\/wp\/v2\/posts\/26754\/revisions\/26759"}],"wp:featuredmedia":[{"embeddable":true,"href":"https:\/\/cuernavaca.gob.mx\/index.php?rest_route=\/wp\/v2\/media\/26756"}],"wp:attachment":[{"href":"https:\/\/cuernavaca.gob.mx\/index.php?rest_route=%2Fwp%2Fv2%2Fmedia&parent=26754"}],"wp:term":[{"taxonomy":"category","embeddable":true,"href":"https:\/\/cuernavaca.gob.mx\/index.php?rest_route=%2Fwp%2Fv2%2Fcategories&post=26754"},{"taxonomy":"post_tag","embeddable":true,"href":"https:\/\/cuernavaca.gob.mx\/index.php?rest_route=%2Fwp%2Fv2%2Ftags&post=26754"}],"curies":[{"name":"wp","href":"https:\/\/api.w.org\/{rel}","templated":true}]}}