{"id":26767,"date":"2023-03-28T17:30:00","date_gmt":"2023-03-28T23:30:00","guid":{"rendered":"https:\/\/cuernavaca.gob.mx\/?p=26767"},"modified":"2025-05-06T12:35:11","modified_gmt":"2025-05-06T18:35:11","slug":"b876-28-03-23-teje-lazos-el-instituto-de-la-mujer-de-cuernavaca-para-erradicar-las-violencias-contra-las-mujeres-y-promover-la-igualdad-de-genero","status":"publish","type":"post","link":"https:\/\/cuernavaca.gob.mx\/?p=26767","title":{"rendered":"B876 28\/03\/23 TEJE LAZOS EL INSTITUTO DE LA MUJER DE CUERNAVACA PARA ERRADICAR LAS VIOLENCIAS CONTRA LAS MUJERES Y PROMOVER LA IGUALDAD DE G\u00c9NERO"},"content":{"rendered":"\n<p><strong>\u2022 Al reconocer la importancia de la sociedad civil en las pol\u00edticas p\u00fablicas municipales, el Instituto de la Mujer de Cuernavaca (IMC) form\u00f3 parte de distintas actividades donde a trav\u00e9s del arte y deporte<\/strong><\/p>\n\n\n\n<p>El Instituto de la Mujer de Cuernavaca (IMC) sigue tejiendo lazos con distintas colectivas y asociaciones interesadas en la participaci\u00f3n desde sus trincheras para erradicar las violencias contra ni\u00f1as, adolescentes y mujeres, por ello para concluir este importante mes de marzo, de conmemoraci\u00f3n del D\u00eda Internacional de la Mujer, form\u00f3 parte de distintas actividades que promovieron la igualdad de derechos y oportunidades.<\/p>\n\n\n\n<p>Una de ellas, fue el Festival Mujer Arte 2023 realizado en el Museo de la Ciudad y que cont\u00f3 con la presentaci\u00f3n de m\u00e1s de 20 compa\u00f1\u00edas dedicadas a fortalecer, visibilizar y exigir los derechos de las mujeres en cualquier \u00e1mbito a trav\u00e9s del arte, generando espacios recreativos y de sanaci\u00f3n; como parte del evento la directora general del IMC, Lorena Castillo Castillo, particip\u00f3 tambi\u00e9n en el Conversatorio \u201cRetos de la mujer en la danza\u201d, donde manifestaron la importancia de reencontrarse consigo mismas, particularmente quienes han sufrido violencias o se sienten en riesgo, encontrando en la danza un sitio seguro donde liberarse.<\/p>\n\n\n\n<p>Al ser una prioridad del IMC la atenci\u00f3n a la salud mental de las mujeres usuarias, como una acci\u00f3n que abona a mejorar su estadio emocional y construir espacios libres de violencia para todas y todos, en el marco del D\u00eda Naranja se llevaron a cabo en el poblado de Ocotepec psicotalleres relacionados a la prevenci\u00f3n de la violencia de g\u00e9nero y de empoderamiento econ\u00f3mico, mismos que fueron dirigidos a un grupo de mujeres que se han estado organizando en la avenida Alta Tensi\u00f3n.<\/p>\n\n\n\n<p>Esto fue en base a las actividades articuladas y derivadas del Modelo de Atenci\u00f3n Integral (MAIC) y de las medidas emanadas de la Alerta se Violencia de G\u00e9nero (AVG).<\/p>\n\n\n\n<p>Aunado a ello, el IMC particip\u00f3 en el Torneo Femenil de B\u00e1squetbol 3&#215;3 que se desarroll\u00f3 en el Seminario Mayor y en el Torneo Femenil de F\u00fatbol que tuvo como sede la colonia Lagunilla, para concluir este d\u00eda con la Rodada de Altura 2023 a cargo del colectivo Intr\u00e9pidas, evento impulsado para visibilizar el derecho de las ni\u00f1as, adolescentes y mujeres a la movilidad, apropi\u00e1ndose de los espacios p\u00fablicos.<\/p>\n\n\n\n<p>Lorena Castillo puntualiz\u00f3 que estas actividades son el claro ejemplo del binomio que han estado manejando entre la salud mental y la salud f\u00edsica para propiciar la igualdad de g\u00e9nero en el deporte y en todos los espacios de Cuernavaca donde sea necesario.<\/p>\n\n\n\n<figure class=\"wp-container-2 wp-block-gallery-1 wp-block-gallery has-nested-images columns-default is-cropped\">\n<figure class=\"wp-block-image size-large\"><img loading=\"lazy\" width=\"682\" height=\"1024\" data-id=\"26770\"  src=\"https:\/\/cuernavaca.gob.mx\/wp-content\/uploads\/2023\/03\/instituto-mujer-cuernavaca-1-682x1024.jpeg\" alt=\"\" class=\"wp-image-26770\" srcset=\"https:\/\/cuernavaca.gob.mx\/wp-content\/uploads\/2023\/03\/instituto-mujer-cuernavaca-1-682x1024.jpeg 682w, https:\/\/cuernavaca.gob.mx\/wp-content\/uploads\/2023\/03\/instituto-mujer-cuernavaca-1-200x300.jpeg 200w, https:\/\/cuernavaca.gob.mx\/wp-content\/uploads\/2023\/03\/instituto-mujer-cuernavaca-1-768x1153.jpeg 768w, https:\/\/cuernavaca.gob.mx\/wp-content\/uploads\/2023\/03\/instituto-mujer-cuernavaca-1-1023x1536.jpeg 1023w, https:\/\/cuernavaca.gob.mx\/wp-content\/uploads\/2023\/03\/instituto-mujer-cuernavaca-1-400x600.jpeg 400w, https:\/\/cuernavaca.gob.mx\/wp-content\/uploads\/2023\/03\/instituto-mujer-cuernavaca-1-373x560.jpeg 373w, https:\/\/cuernavaca.gob.mx\/wp-content\/uploads\/2023\/03\/instituto-mujer-cuernavaca-1.jpeg 1066w\" sizes=\"(max-width: 682px) 100vw, 682px\" \/><\/figure>\n\n\n\n<figure class=\"wp-block-image size-large\"><img loading=\"lazy\" width=\"1024\" height=\"682\" data-id=\"26772\"  src=\"https:\/\/cuernavaca.gob.mx\/wp-content\/uploads\/2023\/03\/instituto-mujer-cuernavaca-2-1024x682.jpeg\" alt=\"\" class=\"wp-image-26772\" srcset=\"https:\/\/cuernavaca.gob.mx\/wp-content\/uploads\/2023\/03\/instituto-mujer-cuernavaca-2-1024x682.jpeg 1024w, https:\/\/cuernavaca.gob.mx\/wp-content\/uploads\/2023\/03\/instituto-mujer-cuernavaca-2-300x200.jpeg 300w, https:\/\/cuernavaca.gob.mx\/wp-content\/uploads\/2023\/03\/instituto-mujer-cuernavaca-2-768x512.jpeg 768w, https:\/\/cuernavaca.gob.mx\/wp-content\/uploads\/2023\/03\/instituto-mujer-cuernavaca-2-1536x1023.jpeg 1536w, https:\/\/cuernavaca.gob.mx\/wp-content\/uploads\/2023\/03\/instituto-mujer-cuernavaca-2-600x400.jpeg 600w, https:\/\/cuernavaca.gob.mx\/wp-content\/uploads\/2023\/03\/instituto-mujer-cuernavaca-2-560x373.jpeg 560w, https:\/\/cuernavaca.gob.mx\/wp-content\/uploads\/2023\/03\/instituto-mujer-cuernavaca-2.jpeg 1600w\" sizes=\"(max-width: 1024px) 100vw, 1024px\" \/><\/figure>\n\n\n\n<figure class=\"wp-block-image size-large\"><img loading=\"lazy\" width=\"1024\" height=\"682\" data-id=\"26768\"  src=\"https:\/\/cuernavaca.gob.mx\/wp-content\/uploads\/2023\/03\/instituto-mujer-cuernavaca-3-1024x682.jpeg\" alt=\"\" class=\"wp-image-26768\" srcset=\"https:\/\/cuernavaca.gob.mx\/wp-content\/uploads\/2023\/03\/instituto-mujer-cuernavaca-3-1024x682.jpeg 1024w, https:\/\/cuernavaca.gob.mx\/wp-content\/uploads\/2023\/03\/instituto-mujer-cuernavaca-3-300x200.jpeg 300w, https:\/\/cuernavaca.gob.mx\/wp-content\/uploads\/2023\/03\/instituto-mujer-cuernavaca-3-768x512.jpeg 768w, https:\/\/cuernavaca.gob.mx\/wp-content\/uploads\/2023\/03\/instituto-mujer-cuernavaca-3-1536x1023.jpeg 1536w, https:\/\/cuernavaca.gob.mx\/wp-content\/uploads\/2023\/03\/instituto-mujer-cuernavaca-3-600x400.jpeg 600w, https:\/\/cuernavaca.gob.mx\/wp-content\/uploads\/2023\/03\/instituto-mujer-cuernavaca-3-560x373.jpeg 560w, https:\/\/cuernavaca.gob.mx\/wp-content\/uploads\/2023\/03\/instituto-mujer-cuernavaca-3.jpeg 1600w\" sizes=\"(max-width: 1024px) 100vw, 1024px\" \/><\/figure>\n\n\n\n<figure class=\"wp-block-image size-large\"><img loading=\"lazy\" width=\"1024\" height=\"682\" data-id=\"26774\"  src=\"https:\/\/cuernavaca.gob.mx\/wp-content\/uploads\/2023\/03\/instituto-mujer-cuernavaca-4-1024x682.jpeg\" alt=\"\" class=\"wp-image-26774\" srcset=\"https:\/\/cuernavaca.gob.mx\/wp-content\/uploads\/2023\/03\/instituto-mujer-cuernavaca-4-1024x682.jpeg 1024w, https:\/\/cuernavaca.gob.mx\/wp-content\/uploads\/2023\/03\/instituto-mujer-cuernavaca-4-300x200.jpeg 300w, https:\/\/cuernavaca.gob.mx\/wp-content\/uploads\/2023\/03\/instituto-mujer-cuernavaca-4-768x512.jpeg 768w, https:\/\/cuernavaca.gob.mx\/wp-content\/uploads\/2023\/03\/instituto-mujer-cuernavaca-4-1536x1023.jpeg 1536w, https:\/\/cuernavaca.gob.mx\/wp-content\/uploads\/2023\/03\/instituto-mujer-cuernavaca-4-600x400.jpeg 600w, https:\/\/cuernavaca.gob.mx\/wp-content\/uploads\/2023\/03\/instituto-mujer-cuernavaca-4-560x373.jpeg 560w, https:\/\/cuernavaca.gob.mx\/wp-content\/uploads\/2023\/03\/instituto-mujer-cuernavaca-4.jpeg 1600w\" sizes=\"(max-width: 1024px) 100vw, 1024px\" \/><\/figure>\n\n\n\n<figure class=\"wp-block-image size-large\"><img loading=\"lazy\" width=\"1024\" height=\"768\" data-id=\"26773\"  src=\"https:\/\/cuernavaca.gob.mx\/wp-content\/uploads\/2023\/03\/instituto-mujer-cuernavaca-5.jpeg\" alt=\"\" class=\"wp-image-26773\" srcset=\"https:\/\/cuernavaca.gob.mx\/wp-content\/uploads\/2023\/03\/instituto-mujer-cuernavaca-5.jpeg 1024w, https:\/\/cuernavaca.gob.mx\/wp-content\/uploads\/2023\/03\/instituto-mujer-cuernavaca-5-300x225.jpeg 300w, https:\/\/cuernavaca.gob.mx\/wp-content\/uploads\/2023\/03\/instituto-mujer-cuernavaca-5-768x576.jpeg 768w, https:\/\/cuernavaca.gob.mx\/wp-content\/uploads\/2023\/03\/instituto-mujer-cuernavaca-5-600x450.jpeg 600w, https:\/\/cuernavaca.gob.mx\/wp-content\/uploads\/2023\/03\/instituto-mujer-cuernavaca-5-560x420.jpeg 560w\" sizes=\"(max-width: 1024px) 100vw, 1024px\" \/><\/figure>\n\n\n\n<figure class=\"wp-block-image size-large\"><img loading=\"lazy\" width=\"1024\" height=\"768\" data-id=\"26771\"  src=\"https:\/\/cuernavaca.gob.mx\/wp-content\/uploads\/2023\/03\/instituto-mujer-cuernavaca-6.jpeg\" alt=\"\" class=\"wp-image-26771\" srcset=\"https:\/\/cuernavaca.gob.mx\/wp-content\/uploads\/2023\/03\/instituto-mujer-cuernavaca-6.jpeg 1024w, https:\/\/cuernavaca.gob.mx\/wp-content\/uploads\/2023\/03\/instituto-mujer-cuernavaca-6-300x225.jpeg 300w, https:\/\/cuernavaca.gob.mx\/wp-content\/uploads\/2023\/03\/instituto-mujer-cuernavaca-6-768x576.jpeg 768w, https:\/\/cuernavaca.gob.mx\/wp-content\/uploads\/2023\/03\/instituto-mujer-cuernavaca-6-600x450.jpeg 600w, https:\/\/cuernavaca.gob.mx\/wp-content\/uploads\/2023\/03\/instituto-mujer-cuernavaca-6-560x420.jpeg 560w\" sizes=\"(max-width: 1024px) 100vw, 1024px\" \/><\/figure>\n\n\n\n<figure class=\"wp-block-image size-large\"><img loading=\"lazy\" width=\"1024\" height=\"768\" data-id=\"26769\"  src=\"https:\/\/cuernavaca.gob.mx\/wp-content\/uploads\/2023\/03\/instituto-mujer-cuernavaca-7.jpeg\" alt=\"\" class=\"wp-image-26769\" srcset=\"https:\/\/cuernavaca.gob.mx\/wp-content\/uploads\/2023\/03\/instituto-mujer-cuernavaca-7.jpeg 1024w, https:\/\/cuernavaca.gob.mx\/wp-content\/uploads\/2023\/03\/instituto-mujer-cuernavaca-7-300x225.jpeg 300w, https:\/\/cuernavaca.gob.mx\/wp-content\/uploads\/2023\/03\/instituto-mujer-cuernavaca-7-768x576.jpeg 768w, https:\/\/cuernavaca.gob.mx\/wp-content\/uploads\/2023\/03\/instituto-mujer-cuernavaca-7-600x450.jpeg 600w, https:\/\/cuernavaca.gob.mx\/wp-content\/uploads\/2023\/03\/instituto-mujer-cuernavaca-7-560x420.jpeg 560w\" sizes=\"(max-width: 1024px) 100vw, 1024px\" \/><\/figure>\n\n\n\n<figure class=\"wp-block-image size-large\"><img loading=\"lazy\" width=\"1024\" height=\"768\" data-id=\"26775\"  src=\"https:\/\/cuernavaca.gob.mx\/wp-content\/uploads\/2023\/03\/instituto-mujer-cuernavaca-8.jpeg\" alt=\"\" class=\"wp-image-26775\" srcset=\"https:\/\/cuernavaca.gob.mx\/wp-content\/uploads\/2023\/03\/instituto-mujer-cuernavaca-8.jpeg 1024w, https:\/\/cuernavaca.gob.mx\/wp-content\/uploads\/2023\/03\/instituto-mujer-cuernavaca-8-300x225.jpeg 300w, https:\/\/cuernavaca.gob.mx\/wp-content\/uploads\/2023\/03\/instituto-mujer-cuernavaca-8-768x576.jpeg 768w, https:\/\/cuernavaca.gob.mx\/wp-content\/uploads\/2023\/03\/instituto-mujer-cuernavaca-8-600x450.jpeg 600w, https:\/\/cuernavaca.gob.mx\/wp-content\/uploads\/2023\/03\/instituto-mujer-cuernavaca-8-560x420.jpeg 560w\" sizes=\"(max-width: 1024px) 100vw, 1024px\" \/><\/figure>\n<\/figure>\n","protected":false},"excerpt":{"rendered":"<p>\u2022 Al reconocer la importancia de la sociedad civil en las pol\u00edticas p\u00fablicas municipales, el Instituto de la Mujer de Cuernavaca (IMC) form\u00f3 parte de distintas actividades donde a trav\u00e9s del arte y deporte El Instituto de la Mujer de Cuernavaca (IMC) sigue tejiendo lazos con distintas colectivas y asociaciones interesadas en la participaci\u00f3n desde [&hellip;]<\/p>\n","protected":false},"author":1,"featured_media":26774,"comment_status":"closed","ping_status":"open","sticky":false,"template":"","format":"standard","meta":[],"categories":[280],"tags":[121,313,120,206,388,2986,414,125],"aioseo_notices":[],"_links":{"self":[{"href":"https:\/\/cuernavaca.gob.mx\/index.php?rest_route=\/wp\/v2\/posts\/26767"}],"collection":[{"href":"https:\/\/cuernavaca.gob.mx\/index.php?rest_route=\/wp\/v2\/posts"}],"about":[{"href":"https:\/\/cuernavaca.gob.mx\/index.php?rest_route=\/wp\/v2\/types\/post"}],"author":[{"embeddable":true,"href":"https:\/\/cuernavaca.gob.mx\/index.php?rest_route=\/wp\/v2\/users\/1"}],"replies":[{"embeddable":true,"href":"https:\/\/cuernavaca.gob.mx\/index.php?rest_route=%2Fwp%2Fv2%2Fcomments&post=26767"}],"version-history":[{"count":1,"href":"https:\/\/cuernavaca.gob.mx\/index.php?rest_route=\/wp\/v2\/posts\/26767\/revisions"}],"predecessor-version":[{"id":26776,"href":"https:\/\/cuernavaca.gob.mx\/index.php?rest_route=\/wp\/v2\/posts\/26767\/revisions\/26776"}],"wp:featuredmedia":[{"embeddable":true,"href":"https:\/\/cuernavaca.gob.mx\/index.php?rest_route=\/wp\/v2\/media\/26774"}],"wp:attachment":[{"href":"https:\/\/cuernavaca.gob.mx\/index.php?rest_route=%2Fwp%2Fv2%2Fmedia&parent=26767"}],"wp:term":[{"taxonomy":"category","embeddable":true,"href":"https:\/\/cuernavaca.gob.mx\/index.php?rest_route=%2Fwp%2Fv2%2Fcategories&post=26767"},{"taxonomy":"post_tag","embeddable":true,"href":"https:\/\/cuernavaca.gob.mx\/index.php?rest_route=%2Fwp%2Fv2%2Ftags&post=26767"}],"curies":[{"name":"wp","href":"https:\/\/api.w.org\/{rel}","templated":true}]}}