{"id":26852,"date":"2023-03-30T13:00:00","date_gmt":"2023-03-30T19:00:00","guid":{"rendered":"https:\/\/cuernavaca.gob.mx\/?p=26852"},"modified":"2025-05-06T12:35:10","modified_gmt":"2025-05-06T18:35:10","slug":"b880-30-03-23-elementos-de-la-seprac-registran-detenciones-por-la-comision-de-diversos-delitos-gracias-a-la-denuncia-ciudadana","status":"publish","type":"post","link":"https:\/\/cuernavaca.gob.mx\/?p=26852","title":{"rendered":"B880 30\/03\/23 ELEMENTOS DE LA SEPRAC REGISTRAN DETENCIONES POR LA COMISI\u00d3N DE DIVERSOS DELITOS GRACIAS A LA DENUNCIA CIUDADANA"},"content":{"rendered":"\n<p><strong>\u2022 La interacci\u00f3n entre sociedad y la Secretar\u00eda de Protecci\u00f3n y Auxilio Ciudadano de Cuernavaca ha permitido la actuaci\u00f3n oportuna de la polic\u00eda preventiva<\/strong><\/p>\n\n\n\n<p><strong>\u2022 Se ha puesto a disposici\u00f3n del Ministerio P\u00fablico y del Juez C\u00edvico a 74 personas por diversos delitos y faltas al reglamento<\/strong><\/p>\n\n\n\n<p>La interacci\u00f3n entre sociedad y la Secretar\u00eda de Protecci\u00f3n y Auxilio Ciudadano (SEPRAC) de Cuernavaca ha permitido detener a personas, incluso cuando est\u00e1n cometiendo el delito, lo que ha dado como resultado que la semana pasada pusieron a disposici\u00f3n del Ministerio P\u00fablico y del Juez C\u00edvico a 74 personas, entre ellas a un ciudadano identificado como Alfredo \u201cN\u201d, por su probable participaci\u00f3n en el delito de amenazas contra un elemento de la polic\u00eda preventiva la implementaci\u00f3n del programa \u201cConduce sin Alcohol\u201d.<\/p>\n\n\n\n<p>La titular de SEPRAC, Alicia V\u00e1zquez Luna, explic\u00f3 que este hecho se registr\u00f3 el 23 de marzo en la colonia Mirador Universidad, donde el hoy imputado, quien es elemento en activo de la Agencia de Investigaci\u00f3n Criminal de la Fiscal\u00eda General del Estado de Morelos, de manera intimidante condujo su autom\u00f3vil en sentido contrario, tratando de embestir a los t\u00e9cnicos que estaban tomando la prueba de alcoholemia, amenazando y golpeando a un polic\u00eda, por lo cual tuvo que ser asegurado junto con dos armas de fuego, un arma larga calibre 2.23 y un arma corta calibre 9 mil\u00edmetros, as\u00ed como un veh\u00edculo automotor tipo Cheyenne color negro.<\/p>\n\n\n\n<p>Como parte de las detenciones importantes registradas del 20 al 26 de marzo, destac\u00f3 el aseguramiento en el poblado de Acapantzingo de Leonel \u201cN\u201d por encontrarse en posesi\u00f3n de una motocicleta marca Yamaha, submarca FZ16, color rojo con negro, a\u00f1o 2014 con n\u00famero de serie ME1KG044XE2079416, con alteraciones en sus medios identificativos; y en la colonia Ampliaci\u00f3n detuvieron a Al\u00e1n \u201cN\u201d y Javier \u201cN\u201d por encontrarse con posesi\u00f3n de residuos de polvo color blanco.<\/p>\n\n\n\n<p>De igual forma, en la colonia Ricardo Flores Mag\u00f3n detuvieron y pusieron a disposici\u00f3n del Ministerio P\u00fablico a C\u00e9sar \u201cN\u201d por su probable participaci\u00f3n en el delito de robo al establecimiento con raz\u00f3n social Coppel y a Mari \u201cN\u201d por faltas administrativas; en el poblado de Chapultepec detuvieron y pusieron a disposici\u00f3n del Ministerio P\u00fablico a Daniel \u201cN\u201d por su probable participaci\u00f3n en el delito de robo de una motocicleta marca Italika, submarca FT150, color negra y con n\u00famero de serie 3SCKZAET4N1042037.<\/p>\n\n\n\n<p>V\u00e1zquez Luna indic\u00f3 que tambi\u00e9n aseguraron en el poblado de Acapantzingo y pusieron a disposici\u00f3n del Ministerio P\u00fablico a Diego \u201cN\u201d por su probable participaci\u00f3n en el delito de robo, quien ha sido puesto a disposici\u00f3n en 16 ocasiones relacionado con diferentes hechos delictivos; en tanto en la colonia Las \u00c1guilas detuvieron y pusieron a disposici\u00f3n a Luis \u201cN\u201d por intento de robo a un negocio de la empresa de raz\u00f3n social GRUPAK OPERACIONES S.A. de C.V.<\/p>\n\n\n\n<p>Y finalmente, el domingo 26 de marzo detuvieron y pusieron a disposici\u00f3n en la colonia Santa Mar\u00eda a Aar\u00f3n \u201cN\u201d, Israel \u201cN\u201d y Julio \u201cN\u201d por intento de robo de cables y tuber\u00edas en la ciudad.<\/p>\n\n\n\n<p>Para reportar alguna emergencia, solicitar alg\u00fan auxilio o si observan alguna acci\u00f3n negativa por parte de elementos de la SEPRAC, se pide que marquen al 777 312 1274 o al WhatsApp 777 103 7525.<\/p>\n\n\n\n<figure class=\"wp-container-2 wp-block-gallery-1 wp-block-gallery has-nested-images columns-default is-cropped\">\n<figure class=\"wp-block-image size-large\"><img loading=\"lazy\" width=\"1024\" height=\"661\" data-id=\"26853\"  src=\"https:\/\/cuernavaca.gob.mx\/wp-content\/uploads\/2023\/03\/seguridad-cuernavaca-1-1-1024x661.jpg\" alt=\"\" class=\"wp-image-26853\" srcset=\"https:\/\/cuernavaca.gob.mx\/wp-content\/uploads\/2023\/03\/seguridad-cuernavaca-1-1-1024x661.jpg 1024w, https:\/\/cuernavaca.gob.mx\/wp-content\/uploads\/2023\/03\/seguridad-cuernavaca-1-1-300x194.jpg 300w, https:\/\/cuernavaca.gob.mx\/wp-content\/uploads\/2023\/03\/seguridad-cuernavaca-1-1-768x496.jpg 768w, https:\/\/cuernavaca.gob.mx\/wp-content\/uploads\/2023\/03\/seguridad-cuernavaca-1-1-600x387.jpg 600w, https:\/\/cuernavaca.gob.mx\/wp-content\/uploads\/2023\/03\/seguridad-cuernavaca-1-1-560x361.jpg 560w, https:\/\/cuernavaca.gob.mx\/wp-content\/uploads\/2023\/03\/seguridad-cuernavaca-1-1.jpg 1340w\" sizes=\"(max-width: 1024px) 100vw, 1024px\" \/><\/figure>\n\n\n\n<figure class=\"wp-block-image size-large\"><img loading=\"lazy\" width=\"1024\" height=\"800\" data-id=\"26857\"  src=\"https:\/\/cuernavaca.gob.mx\/wp-content\/uploads\/2023\/03\/seguridad-cuernavaca-2-1-1024x800.jpg\" alt=\"\" class=\"wp-image-26857\" srcset=\"https:\/\/cuernavaca.gob.mx\/wp-content\/uploads\/2023\/03\/seguridad-cuernavaca-2-1-1024x800.jpg 1024w, https:\/\/cuernavaca.gob.mx\/wp-content\/uploads\/2023\/03\/seguridad-cuernavaca-2-1-300x234.jpg 300w, https:\/\/cuernavaca.gob.mx\/wp-content\/uploads\/2023\/03\/seguridad-cuernavaca-2-1-768x600.jpg 768w, https:\/\/cuernavaca.gob.mx\/wp-content\/uploads\/2023\/03\/seguridad-cuernavaca-2-1-600x469.jpg 600w, https:\/\/cuernavaca.gob.mx\/wp-content\/uploads\/2023\/03\/seguridad-cuernavaca-2-1-560x438.jpg 560w, https:\/\/cuernavaca.gob.mx\/wp-content\/uploads\/2023\/03\/seguridad-cuernavaca-2-1.jpg 1107w\" sizes=\"(max-width: 1024px) 100vw, 1024px\" \/><\/figure>\n\n\n\n<figure class=\"wp-block-image size-large\"><img loading=\"lazy\" width=\"1024\" height=\"801\" data-id=\"26854\"  src=\"https:\/\/cuernavaca.gob.mx\/wp-content\/uploads\/2023\/03\/seguridad-cuernavaca-3-1-1024x801.jpg\" alt=\"\" class=\"wp-image-26854\" srcset=\"https:\/\/cuernavaca.gob.mx\/wp-content\/uploads\/2023\/03\/seguridad-cuernavaca-3-1-1024x801.jpg 1024w, https:\/\/cuernavaca.gob.mx\/wp-content\/uploads\/2023\/03\/seguridad-cuernavaca-3-1-300x235.jpg 300w, https:\/\/cuernavaca.gob.mx\/wp-content\/uploads\/2023\/03\/seguridad-cuernavaca-3-1-768x601.jpg 768w, https:\/\/cuernavaca.gob.mx\/wp-content\/uploads\/2023\/03\/seguridad-cuernavaca-3-1-600x470.jpg 600w, https:\/\/cuernavaca.gob.mx\/wp-content\/uploads\/2023\/03\/seguridad-cuernavaca-3-1-560x438.jpg 560w, https:\/\/cuernavaca.gob.mx\/wp-content\/uploads\/2023\/03\/seguridad-cuernavaca-3-1.jpg 1104w\" sizes=\"(max-width: 1024px) 100vw, 1024px\" \/><\/figure>\n\n\n\n<figure class=\"wp-block-image size-large\"><img loading=\"lazy\" width=\"1024\" height=\"743\" data-id=\"26859\"  src=\"https:\/\/cuernavaca.gob.mx\/wp-content\/uploads\/2023\/03\/seguridad-cuernavaca-4-1-1024x743.jpg\" alt=\"\" class=\"wp-image-26859\" srcset=\"https:\/\/cuernavaca.gob.mx\/wp-content\/uploads\/2023\/03\/seguridad-cuernavaca-4-1-1024x743.jpg 1024w, https:\/\/cuernavaca.gob.mx\/wp-content\/uploads\/2023\/03\/seguridad-cuernavaca-4-1-300x218.jpg 300w, https:\/\/cuernavaca.gob.mx\/wp-content\/uploads\/2023\/03\/seguridad-cuernavaca-4-1-768x557.jpg 768w, https:\/\/cuernavaca.gob.mx\/wp-content\/uploads\/2023\/03\/seguridad-cuernavaca-4-1-600x435.jpg 600w, https:\/\/cuernavaca.gob.mx\/wp-content\/uploads\/2023\/03\/seguridad-cuernavaca-4-1-560x406.jpg 560w, https:\/\/cuernavaca.gob.mx\/wp-content\/uploads\/2023\/03\/seguridad-cuernavaca-4-1.jpg 1192w\" sizes=\"(max-width: 1024px) 100vw, 1024px\" \/><\/figure>\n\n\n\n<figure class=\"wp-block-image size-large\"><img loading=\"lazy\" width=\"1024\" height=\"799\" data-id=\"26855\"  src=\"https:\/\/cuernavaca.gob.mx\/wp-content\/uploads\/2023\/03\/seguridad-cuernavaca-5-1-1024x799.jpg\" alt=\"\" class=\"wp-image-26855\" srcset=\"https:\/\/cuernavaca.gob.mx\/wp-content\/uploads\/2023\/03\/seguridad-cuernavaca-5-1-1024x799.jpg 1024w, https:\/\/cuernavaca.gob.mx\/wp-content\/uploads\/2023\/03\/seguridad-cuernavaca-5-1-300x234.jpg 300w, https:\/\/cuernavaca.gob.mx\/wp-content\/uploads\/2023\/03\/seguridad-cuernavaca-5-1-768x600.jpg 768w, https:\/\/cuernavaca.gob.mx\/wp-content\/uploads\/2023\/03\/seguridad-cuernavaca-5-1-600x468.jpg 600w, https:\/\/cuernavaca.gob.mx\/wp-content\/uploads\/2023\/03\/seguridad-cuernavaca-5-1-560x437.jpg 560w, https:\/\/cuernavaca.gob.mx\/wp-content\/uploads\/2023\/03\/seguridad-cuernavaca-5-1.jpg 1108w\" sizes=\"(max-width: 1024px) 100vw, 1024px\" \/><\/figure>\n\n\n\n<figure class=\"wp-block-image size-large\"><img loading=\"lazy\" width=\"1024\" height=\"782\" data-id=\"26858\"  src=\"https:\/\/cuernavaca.gob.mx\/wp-content\/uploads\/2023\/03\/seguridad-cuernavaca-6-1-1024x782.jpg\" alt=\"\" class=\"wp-image-26858\" srcset=\"https:\/\/cuernavaca.gob.mx\/wp-content\/uploads\/2023\/03\/seguridad-cuernavaca-6-1-1024x782.jpg 1024w, https:\/\/cuernavaca.gob.mx\/wp-content\/uploads\/2023\/03\/seguridad-cuernavaca-6-1-300x229.jpg 300w, https:\/\/cuernavaca.gob.mx\/wp-content\/uploads\/2023\/03\/seguridad-cuernavaca-6-1-768x587.jpg 768w, https:\/\/cuernavaca.gob.mx\/wp-content\/uploads\/2023\/03\/seguridad-cuernavaca-6-1-600x458.jpg 600w, https:\/\/cuernavaca.gob.mx\/wp-content\/uploads\/2023\/03\/seguridad-cuernavaca-6-1-560x428.jpg 560w, https:\/\/cuernavaca.gob.mx\/wp-content\/uploads\/2023\/03\/seguridad-cuernavaca-6-1.jpg 1132w\" sizes=\"(max-width: 1024px) 100vw, 1024px\" \/><\/figure>\n\n\n\n<figure class=\"wp-block-image size-large\"><img loading=\"lazy\" width=\"1024\" height=\"743\" data-id=\"26856\"  src=\"https:\/\/cuernavaca.gob.mx\/wp-content\/uploads\/2023\/03\/seguridad-cuernavaca-7-1024x743.jpg\" alt=\"\" class=\"wp-image-26856\" srcset=\"https:\/\/cuernavaca.gob.mx\/wp-content\/uploads\/2023\/03\/seguridad-cuernavaca-7-1024x743.jpg 1024w, https:\/\/cuernavaca.gob.mx\/wp-content\/uploads\/2023\/03\/seguridad-cuernavaca-7-300x218.jpg 300w, https:\/\/cuernavaca.gob.mx\/wp-content\/uploads\/2023\/03\/seguridad-cuernavaca-7-768x557.jpg 768w, https:\/\/cuernavaca.gob.mx\/wp-content\/uploads\/2023\/03\/seguridad-cuernavaca-7-600x435.jpg 600w, https:\/\/cuernavaca.gob.mx\/wp-content\/uploads\/2023\/03\/seguridad-cuernavaca-7-560x406.jpg 560w, https:\/\/cuernavaca.gob.mx\/wp-content\/uploads\/2023\/03\/seguridad-cuernavaca-7.jpg 1192w\" sizes=\"(max-width: 1024px) 100vw, 1024px\" \/><\/figure>\n<\/figure>\n","protected":false},"excerpt":{"rendered":"<p>\u2022 La interacci\u00f3n entre sociedad y la Secretar\u00eda de Protecci\u00f3n y Auxilio Ciudadano de Cuernavaca ha permitido la actuaci\u00f3n oportuna de la polic\u00eda preventiva \u2022 Se ha puesto a disposici\u00f3n del Ministerio P\u00fablico y del Juez C\u00edvico a 74 personas por diversos delitos y faltas al reglamento La interacci\u00f3n entre sociedad y la Secretar\u00eda de [&hellip;]<\/p>\n","protected":false},"author":1,"featured_media":26853,"comment_status":"closed","ping_status":"open","sticky":false,"template":"","format":"standard","meta":[],"categories":[17],"tags":[121,120,206,414,125,252],"aioseo_notices":[],"_links":{"self":[{"href":"https:\/\/cuernavaca.gob.mx\/index.php?rest_route=\/wp\/v2\/posts\/26852"}],"collection":[{"href":"https:\/\/cuernavaca.gob.mx\/index.php?rest_route=\/wp\/v2\/posts"}],"about":[{"href":"https:\/\/cuernavaca.gob.mx\/index.php?rest_route=\/wp\/v2\/types\/post"}],"author":[{"embeddable":true,"href":"https:\/\/cuernavaca.gob.mx\/index.php?rest_route=\/wp\/v2\/users\/1"}],"replies":[{"embeddable":true,"href":"https:\/\/cuernavaca.gob.mx\/index.php?rest_route=%2Fwp%2Fv2%2Fcomments&post=26852"}],"version-history":[{"count":1,"href":"https:\/\/cuernavaca.gob.mx\/index.php?rest_route=\/wp\/v2\/posts\/26852\/revisions"}],"predecessor-version":[{"id":26860,"href":"https:\/\/cuernavaca.gob.mx\/index.php?rest_route=\/wp\/v2\/posts\/26852\/revisions\/26860"}],"wp:featuredmedia":[{"embeddable":true,"href":"https:\/\/cuernavaca.gob.mx\/index.php?rest_route=\/wp\/v2\/media\/26853"}],"wp:attachment":[{"href":"https:\/\/cuernavaca.gob.mx\/index.php?rest_route=%2Fwp%2Fv2%2Fmedia&parent=26852"}],"wp:term":[{"taxonomy":"category","embeddable":true,"href":"https:\/\/cuernavaca.gob.mx\/index.php?rest_route=%2Fwp%2Fv2%2Fcategories&post=26852"},{"taxonomy":"post_tag","embeddable":true,"href":"https:\/\/cuernavaca.gob.mx\/index.php?rest_route=%2Fwp%2Fv2%2Ftags&post=26852"}],"curies":[{"name":"wp","href":"https:\/\/api.w.org\/{rel}","templated":true}]}}