{"id":26861,"date":"2023-03-30T18:50:16","date_gmt":"2023-03-31T00:50:16","guid":{"rendered":"https:\/\/cuernavaca.gob.mx\/?p=26861"},"modified":"2025-05-06T12:35:10","modified_gmt":"2025-05-06T18:35:10","slug":"b881-30-03-23-atestigua-jose-luis-uriostegui-reapertura-del-restaurado-museo-regional-de-los-pueblos-de-morelos-palacio-de-cortes","status":"publish","type":"post","link":"https:\/\/cuernavaca.gob.mx\/?p=26861","title":{"rendered":"B881 30\/03\/23 ATESTIGUA JOS\u00c9 LUIS URI\u00d3STEGUI REAPERTURA DEL RESTAURADO MUSEO REGIONAL DE LOS PUEBLOS DE MORELOS, PALACIO DE CORT\u00c9S"},"content":{"rendered":"\n<p><strong>\u2022 Como anfitri\u00f3n del evento, el presidente municipal de Cuernavaca, celebr\u00f3 esta inauguraci\u00f3n que propiciar\u00e1 la llegada de m\u00e1s visitantes a la ciudad, al recuperar un edificio ic\u00f3nico, tur\u00edstico, hist\u00f3rico y arquitect\u00f3nico<\/strong><\/p>\n\n\n\n<p>Tras cinco a\u00f1os y seis meses de arduos trabajos de restauraci\u00f3n tras el sismo del 19 de septiembre de 2017, este jueves el presidente municipal de Cuernavaca, Jos\u00e9 Luis Uri\u00f3stegui Salgado, atestigu\u00f3, como anfitri\u00f3n del evento, la reapertura del ahora llamado Museo Regional de los Pueblos de Morelos, Palacio de Cort\u00e9s; abriendo las puertas de uno de los sitios m\u00e1s emblem\u00e1ticos del estado y el pa\u00eds que resguarda en sus pasillos el m\u00e1s rico y complejo legado hist\u00f3rico de Morelos.<\/p>\n\n\n\n<p>En un gran festejo en el que la ciudadan\u00eda puedo formar parte bailando al son de los chinelos de Tlayacapan, con los tecuanes de Alpuyeca, y la Banda de Tlayacapan Br\u00edgido Santamar\u00eda, Jos\u00e9 Luis Uri\u00f3stegui resalt\u00f3 la importancia que tiene esta reapertura para la ciudad de la Eterna Primavera, al recuperar un edificio ic\u00f3nico que es un atractivo tur\u00edstico, hist\u00f3rico y arquitect\u00f3nico a nivel internacional, ya que a trav\u00e9s de los a\u00f1os se ha destinado a diversos usos, como ser la residencia de Hern\u00e1n Cort\u00e9s y la real c\u00e1rcel de Cuernavaca, en donde incluso estuvo encarcelado Jos\u00e9 Mar\u00eda Morelos y Pav\u00f3n durante tres d\u00edas antes de su fusilamiento en Ecatepec.<\/p>\n\n\n\n<p>Asegur\u00f3 que el Palacio de Cort\u00e9s propiciar\u00e1 la llegada de m\u00e1s visitantes con exposiciones, tanto culturales como muse\u00edsticas, logrando que la capital morelense siga renaciendo con el Museo Regional de los Pueblos de Morelos como un sitio id\u00f3neo a visitar durante cualquier temporada por los turistas y claro, la ciudadan\u00eda.<\/p>\n\n\n\n<p>En el acto protocolario, el director del Centro INAH Morelos, V\u00edctor Hugo Valencia Valera, manifest\u00f3 que era necesario acelerar los trabajos de reapertura luego de cinco a\u00f1os y seis meses de mantenerse cerrado al p\u00fablico por los severos da\u00f1os que sufri\u00f3 en su exterior e interior, requiriendo mover toda la colecci\u00f3n que albergaba el anterior museo que se instaur\u00f3 con el Gobierno del Estado en 1974; recalcando que gracias al trabajo del equipo del INAH y del Centro Nacional Conservaci\u00f3n y Registro del Patrimonio Art\u00edstico Mueble (CENCROPAM), pueden decir \u201cmisi\u00f3n cumplida\u201d.<\/p>\n\n\n\n<p>Por su lado, el coordinador Nacional de Museos y Exposiciones del INAH, Juan Manuel Garibay Barrera, puntualiz\u00f3 que la reapertura del Palacio de Cort\u00e9s que desde hoy alberga al nuevo Museo Regional de los Pueblos de Morelos significa la condensaci\u00f3n de muchos procesos participativos entre especialistas e instituciones y personas comprometidas con la difusi\u00f3n y el patrimonio de la historia de Morelos, siendo una ventana de nuevos hallazgos y descubrimientos que hicieron de un proyecto de ingenier\u00eda estructural despu\u00e9s del sismo, en un verdadero encuentro con contenidos hist\u00f3ricos y patrimoniales.<\/p>\n\n\n\n<p>En este sentido, la directora del Instituto Nacional de Bellas Artes y Literatura (INBAL), Lucina Jim\u00e9nez L\u00f3pez, destac\u00f3 que a trav\u00e9s del Museo Regional de los Pueblos de Morelos se establece el puente entre la historia y la cultura, al contar con uno de los m\u00e1s importantes patrimonios edificados y significativos de la \u00e9poca colonial, pero tambi\u00e9n con una obra mural\u00edstica de Diego Rivera que representa la obra monumental m\u00e1s importante que se haya hecho en esas \u00e9pocas, misma que va de la mano con una arquitectura profundamente hist\u00f3rica, pero que transita a los d\u00edas actuales.<\/p>\n\n\n\n<p>El director general del INAH, Diego Prieto Hern\u00e1ndez, explic\u00f3 que este trabajo de restauraci\u00f3n consisti\u00f3 en tres procesos, la primera que se concluy\u00f3 en el 2021 con la restauraci\u00f3n del viejo Palacio de Cort\u00e9s y su torre\u00f3n; la segunda por medio de la conservaci\u00f3n y restauraci\u00f3n de los bienes muebles y asociados al inmueble que resguarda el palacio, no solo los murales de Diego Rivera que reflejan la historia de Morelos, sino tambi\u00e9n murales de los siglos XIX y principios del siglo XX que no se conoc\u00edan y finalmente, la creaci\u00f3n de un nuevo museo que expresa la profundidad, memoria, diversidad y las luchas de los pueblos de Morelos en su pluralidad.<\/p>\n\n\n\n<p>Por \u00faltimo, el gobernador Cuauht\u00e9moc Blanco Bravo, reconoci\u00f3 el trabajo efectuado por las autoridades federales para lograr hoy la apertura del Palacio de Cort\u00e9s, d\u00e1ndole vida nuevamente a este sitio hist\u00f3rico tan emblem\u00e1tico a nivel nacional.<\/p>\n\n\n\n<p>Tras el corte del list\u00f3n, Jos\u00e9 Luis Uri\u00f3stegui, en presencia de miembros del Gabinete estatal, diputados locales y autoridades federales, recorri\u00f3 las primeras salas de exhibici\u00f3n y exposici\u00f3n del nuevo Museo Regional de los Pueblos de Morelos, Palacio de Cort\u00e9s que mantendr\u00e1 sus puertas abiertas en los horarios que normalmente establece, listo para recibir nuevamente a sus visitantes.<\/p>\n\n\n\n<p>En el evento adem\u00e1s se cont\u00f3 con la asistencia de integrantes del Cabildo, del Gabinete, del Consejo Municipal de Cronistas y del Consejo Municipal de la Cultura y las Artes de Cuernavaca.<\/p>\n\n\n\n<figure class=\"wp-container-2 wp-block-gallery-1 wp-block-gallery has-nested-images columns-default is-cropped\">\n<figure class=\"wp-block-image size-large\"><img loading=\"lazy\" width=\"1024\" height=\"682\" data-id=\"26867\"  src=\"https:\/\/cuernavaca.gob.mx\/wp-content\/uploads\/2023\/03\/palacio-de-cortes-cuernavaca-1-1024x682.jpg\" alt=\"\" class=\"wp-image-26867\" srcset=\"https:\/\/cuernavaca.gob.mx\/wp-content\/uploads\/2023\/03\/palacio-de-cortes-cuernavaca-1-1024x682.jpg 1024w, https:\/\/cuernavaca.gob.mx\/wp-content\/uploads\/2023\/03\/palacio-de-cortes-cuernavaca-1-300x200.jpg 300w, https:\/\/cuernavaca.gob.mx\/wp-content\/uploads\/2023\/03\/palacio-de-cortes-cuernavaca-1-768x512.jpg 768w, https:\/\/cuernavaca.gob.mx\/wp-content\/uploads\/2023\/03\/palacio-de-cortes-cuernavaca-1-1536x1023.jpg 1536w, https:\/\/cuernavaca.gob.mx\/wp-content\/uploads\/2023\/03\/palacio-de-cortes-cuernavaca-1-600x400.jpg 600w, https:\/\/cuernavaca.gob.mx\/wp-content\/uploads\/2023\/03\/palacio-de-cortes-cuernavaca-1-560x373.jpg 560w, https:\/\/cuernavaca.gob.mx\/wp-content\/uploads\/2023\/03\/palacio-de-cortes-cuernavaca-1.jpg 1600w\" sizes=\"(max-width: 1024px) 100vw, 1024px\" \/><\/figure>\n\n\n\n<figure class=\"wp-block-image size-large\"><img loading=\"lazy\" width=\"1024\" height=\"682\" data-id=\"26864\"  src=\"https:\/\/cuernavaca.gob.mx\/wp-content\/uploads\/2023\/03\/palacio-de-cortes-cuernavaca-2-1024x682.jpg\" alt=\"\" class=\"wp-image-26864\" srcset=\"https:\/\/cuernavaca.gob.mx\/wp-content\/uploads\/2023\/03\/palacio-de-cortes-cuernavaca-2-1024x682.jpg 1024w, https:\/\/cuernavaca.gob.mx\/wp-content\/uploads\/2023\/03\/palacio-de-cortes-cuernavaca-2-300x200.jpg 300w, https:\/\/cuernavaca.gob.mx\/wp-content\/uploads\/2023\/03\/palacio-de-cortes-cuernavaca-2-768x512.jpg 768w, https:\/\/cuernavaca.gob.mx\/wp-content\/uploads\/2023\/03\/palacio-de-cortes-cuernavaca-2-1536x1023.jpg 1536w, https:\/\/cuernavaca.gob.mx\/wp-content\/uploads\/2023\/03\/palacio-de-cortes-cuernavaca-2-600x400.jpg 600w, https:\/\/cuernavaca.gob.mx\/wp-content\/uploads\/2023\/03\/palacio-de-cortes-cuernavaca-2-560x373.jpg 560w, https:\/\/cuernavaca.gob.mx\/wp-content\/uploads\/2023\/03\/palacio-de-cortes-cuernavaca-2.jpg 1600w\" sizes=\"(max-width: 1024px) 100vw, 1024px\" \/><\/figure>\n\n\n\n<figure class=\"wp-block-image size-large\"><img loading=\"lazy\" width=\"1024\" height=\"682\" data-id=\"26869\"  src=\"https:\/\/cuernavaca.gob.mx\/wp-content\/uploads\/2023\/03\/palacio-de-cortes-cuernavaca-3-1024x682.jpg\" alt=\"\" class=\"wp-image-26869\" srcset=\"https:\/\/cuernavaca.gob.mx\/wp-content\/uploads\/2023\/03\/palacio-de-cortes-cuernavaca-3-1024x682.jpg 1024w, https:\/\/cuernavaca.gob.mx\/wp-content\/uploads\/2023\/03\/palacio-de-cortes-cuernavaca-3-300x200.jpg 300w, https:\/\/cuernavaca.gob.mx\/wp-content\/uploads\/2023\/03\/palacio-de-cortes-cuernavaca-3-768x512.jpg 768w, https:\/\/cuernavaca.gob.mx\/wp-content\/uploads\/2023\/03\/palacio-de-cortes-cuernavaca-3-1536x1023.jpg 1536w, https:\/\/cuernavaca.gob.mx\/wp-content\/uploads\/2023\/03\/palacio-de-cortes-cuernavaca-3-600x400.jpg 600w, https:\/\/cuernavaca.gob.mx\/wp-content\/uploads\/2023\/03\/palacio-de-cortes-cuernavaca-3-560x373.jpg 560w, https:\/\/cuernavaca.gob.mx\/wp-content\/uploads\/2023\/03\/palacio-de-cortes-cuernavaca-3.jpg 1600w\" sizes=\"(max-width: 1024px) 100vw, 1024px\" \/><\/figure>\n\n\n\n<figure class=\"wp-block-image size-large\"><img loading=\"lazy\" width=\"1024\" height=\"682\" data-id=\"26868\"  src=\"https:\/\/cuernavaca.gob.mx\/wp-content\/uploads\/2023\/03\/palacio-de-cortes-cuernavaca-4-1024x682.jpg\" alt=\"\" class=\"wp-image-26868\" srcset=\"https:\/\/cuernavaca.gob.mx\/wp-content\/uploads\/2023\/03\/palacio-de-cortes-cuernavaca-4-1024x682.jpg 1024w, https:\/\/cuernavaca.gob.mx\/wp-content\/uploads\/2023\/03\/palacio-de-cortes-cuernavaca-4-300x200.jpg 300w, https:\/\/cuernavaca.gob.mx\/wp-content\/uploads\/2023\/03\/palacio-de-cortes-cuernavaca-4-768x512.jpg 768w, https:\/\/cuernavaca.gob.mx\/wp-content\/uploads\/2023\/03\/palacio-de-cortes-cuernavaca-4-1536x1023.jpg 1536w, https:\/\/cuernavaca.gob.mx\/wp-content\/uploads\/2023\/03\/palacio-de-cortes-cuernavaca-4-600x400.jpg 600w, https:\/\/cuernavaca.gob.mx\/wp-content\/uploads\/2023\/03\/palacio-de-cortes-cuernavaca-4-560x373.jpg 560w, https:\/\/cuernavaca.gob.mx\/wp-content\/uploads\/2023\/03\/palacio-de-cortes-cuernavaca-4.jpg 1600w\" sizes=\"(max-width: 1024px) 100vw, 1024px\" \/><\/figure>\n\n\n\n<figure class=\"wp-block-image size-large\"><img loading=\"lazy\" width=\"1024\" height=\"682\" data-id=\"26866\"  src=\"https:\/\/cuernavaca.gob.mx\/wp-content\/uploads\/2023\/03\/palacio-de-cortes-cuernavaca-5-1024x682.jpg\" alt=\"\" class=\"wp-image-26866\" srcset=\"https:\/\/cuernavaca.gob.mx\/wp-content\/uploads\/2023\/03\/palacio-de-cortes-cuernavaca-5-1024x682.jpg 1024w, https:\/\/cuernavaca.gob.mx\/wp-content\/uploads\/2023\/03\/palacio-de-cortes-cuernavaca-5-300x200.jpg 300w, https:\/\/cuernavaca.gob.mx\/wp-content\/uploads\/2023\/03\/palacio-de-cortes-cuernavaca-5-768x512.jpg 768w, https:\/\/cuernavaca.gob.mx\/wp-content\/uploads\/2023\/03\/palacio-de-cortes-cuernavaca-5-1536x1023.jpg 1536w, https:\/\/cuernavaca.gob.mx\/wp-content\/uploads\/2023\/03\/palacio-de-cortes-cuernavaca-5-600x400.jpg 600w, https:\/\/cuernavaca.gob.mx\/wp-content\/uploads\/2023\/03\/palacio-de-cortes-cuernavaca-5-560x373.jpg 560w, https:\/\/cuernavaca.gob.mx\/wp-content\/uploads\/2023\/03\/palacio-de-cortes-cuernavaca-5.jpg 1600w\" sizes=\"(max-width: 1024px) 100vw, 1024px\" \/><\/figure>\n\n\n\n<figure class=\"wp-block-image size-large\"><img loading=\"lazy\" width=\"1024\" height=\"682\" data-id=\"26862\"  src=\"https:\/\/cuernavaca.gob.mx\/wp-content\/uploads\/2023\/03\/palacio-de-cortes-cuernavaca-6-1024x682.jpg\" alt=\"\" class=\"wp-image-26862\" srcset=\"https:\/\/cuernavaca.gob.mx\/wp-content\/uploads\/2023\/03\/palacio-de-cortes-cuernavaca-6-1024x682.jpg 1024w, https:\/\/cuernavaca.gob.mx\/wp-content\/uploads\/2023\/03\/palacio-de-cortes-cuernavaca-6-300x200.jpg 300w, https:\/\/cuernavaca.gob.mx\/wp-content\/uploads\/2023\/03\/palacio-de-cortes-cuernavaca-6-768x512.jpg 768w, https:\/\/cuernavaca.gob.mx\/wp-content\/uploads\/2023\/03\/palacio-de-cortes-cuernavaca-6-1536x1023.jpg 1536w, https:\/\/cuernavaca.gob.mx\/wp-content\/uploads\/2023\/03\/palacio-de-cortes-cuernavaca-6-600x400.jpg 600w, https:\/\/cuernavaca.gob.mx\/wp-content\/uploads\/2023\/03\/palacio-de-cortes-cuernavaca-6-560x373.jpg 560w, https:\/\/cuernavaca.gob.mx\/wp-content\/uploads\/2023\/03\/palacio-de-cortes-cuernavaca-6.jpg 1600w\" sizes=\"(max-width: 1024px) 100vw, 1024px\" \/><\/figure>\n\n\n\n<figure class=\"wp-block-image size-large\"><img loading=\"lazy\" width=\"1024\" height=\"682\" data-id=\"26870\"  src=\"https:\/\/cuernavaca.gob.mx\/wp-content\/uploads\/2023\/03\/palacio-de-cortes-cuernavaca-7-1024x682.jpg\" alt=\"\" class=\"wp-image-26870\" srcset=\"https:\/\/cuernavaca.gob.mx\/wp-content\/uploads\/2023\/03\/palacio-de-cortes-cuernavaca-7-1024x682.jpg 1024w, https:\/\/cuernavaca.gob.mx\/wp-content\/uploads\/2023\/03\/palacio-de-cortes-cuernavaca-7-300x200.jpg 300w, https:\/\/cuernavaca.gob.mx\/wp-content\/uploads\/2023\/03\/palacio-de-cortes-cuernavaca-7-768x512.jpg 768w, https:\/\/cuernavaca.gob.mx\/wp-content\/uploads\/2023\/03\/palacio-de-cortes-cuernavaca-7-1536x1023.jpg 1536w, https:\/\/cuernavaca.gob.mx\/wp-content\/uploads\/2023\/03\/palacio-de-cortes-cuernavaca-7-600x400.jpg 600w, https:\/\/cuernavaca.gob.mx\/wp-content\/uploads\/2023\/03\/palacio-de-cortes-cuernavaca-7-560x373.jpg 560w, https:\/\/cuernavaca.gob.mx\/wp-content\/uploads\/2023\/03\/palacio-de-cortes-cuernavaca-7.jpg 1600w\" sizes=\"(max-width: 1024px) 100vw, 1024px\" \/><\/figure>\n\n\n\n<figure class=\"wp-block-image size-large\"><img loading=\"lazy\" width=\"1024\" height=\"682\" data-id=\"26871\"  src=\"https:\/\/cuernavaca.gob.mx\/wp-content\/uploads\/2023\/03\/palacio-de-cortes-cuernavaca-8-1024x682.jpg\" alt=\"\" class=\"wp-image-26871\" srcset=\"https:\/\/cuernavaca.gob.mx\/wp-content\/uploads\/2023\/03\/palacio-de-cortes-cuernavaca-8-1024x682.jpg 1024w, https:\/\/cuernavaca.gob.mx\/wp-content\/uploads\/2023\/03\/palacio-de-cortes-cuernavaca-8-300x200.jpg 300w, https:\/\/cuernavaca.gob.mx\/wp-content\/uploads\/2023\/03\/palacio-de-cortes-cuernavaca-8-768x512.jpg 768w, https:\/\/cuernavaca.gob.mx\/wp-content\/uploads\/2023\/03\/palacio-de-cortes-cuernavaca-8-1536x1023.jpg 1536w, https:\/\/cuernavaca.gob.mx\/wp-content\/uploads\/2023\/03\/palacio-de-cortes-cuernavaca-8-600x400.jpg 600w, https:\/\/cuernavaca.gob.mx\/wp-content\/uploads\/2023\/03\/palacio-de-cortes-cuernavaca-8-560x373.jpg 560w, https:\/\/cuernavaca.gob.mx\/wp-content\/uploads\/2023\/03\/palacio-de-cortes-cuernavaca-8.jpg 1600w\" sizes=\"(max-width: 1024px) 100vw, 1024px\" \/><\/figure>\n\n\n\n<figure class=\"wp-block-image size-large\"><img loading=\"lazy\" width=\"1024\" height=\"682\" data-id=\"26863\"  src=\"https:\/\/cuernavaca.gob.mx\/wp-content\/uploads\/2023\/03\/palacio-de-cortes-cuernavaca-9-1024x682.jpg\" alt=\"\" class=\"wp-image-26863\" srcset=\"https:\/\/cuernavaca.gob.mx\/wp-content\/uploads\/2023\/03\/palacio-de-cortes-cuernavaca-9-1024x682.jpg 1024w, https:\/\/cuernavaca.gob.mx\/wp-content\/uploads\/2023\/03\/palacio-de-cortes-cuernavaca-9-300x200.jpg 300w, https:\/\/cuernavaca.gob.mx\/wp-content\/uploads\/2023\/03\/palacio-de-cortes-cuernavaca-9-768x512.jpg 768w, https:\/\/cuernavaca.gob.mx\/wp-content\/uploads\/2023\/03\/palacio-de-cortes-cuernavaca-9-1536x1023.jpg 1536w, https:\/\/cuernavaca.gob.mx\/wp-content\/uploads\/2023\/03\/palacio-de-cortes-cuernavaca-9-600x400.jpg 600w, https:\/\/cuernavaca.gob.mx\/wp-content\/uploads\/2023\/03\/palacio-de-cortes-cuernavaca-9-560x373.jpg 560w, https:\/\/cuernavaca.gob.mx\/wp-content\/uploads\/2023\/03\/palacio-de-cortes-cuernavaca-9.jpg 1600w\" sizes=\"(max-width: 1024px) 100vw, 1024px\" \/><\/figure>\n\n\n\n<figure class=\"wp-block-image size-large\"><img loading=\"lazy\" width=\"1024\" height=\"682\" data-id=\"26865\"  src=\"https:\/\/cuernavaca.gob.mx\/wp-content\/uploads\/2023\/03\/palacio-de-cortes-cuernavaca-10-1024x682.jpg\" alt=\"\" class=\"wp-image-26865\" srcset=\"https:\/\/cuernavaca.gob.mx\/wp-content\/uploads\/2023\/03\/palacio-de-cortes-cuernavaca-10-1024x682.jpg 1024w, https:\/\/cuernavaca.gob.mx\/wp-content\/uploads\/2023\/03\/palacio-de-cortes-cuernavaca-10-300x200.jpg 300w, https:\/\/cuernavaca.gob.mx\/wp-content\/uploads\/2023\/03\/palacio-de-cortes-cuernavaca-10-768x512.jpg 768w, https:\/\/cuernavaca.gob.mx\/wp-content\/uploads\/2023\/03\/palacio-de-cortes-cuernavaca-10-1536x1023.jpg 1536w, https:\/\/cuernavaca.gob.mx\/wp-content\/uploads\/2023\/03\/palacio-de-cortes-cuernavaca-10-600x400.jpg 600w, https:\/\/cuernavaca.gob.mx\/wp-content\/uploads\/2023\/03\/palacio-de-cortes-cuernavaca-10-560x373.jpg 560w, https:\/\/cuernavaca.gob.mx\/wp-content\/uploads\/2023\/03\/palacio-de-cortes-cuernavaca-10.jpg 1600w\" sizes=\"(max-width: 1024px) 100vw, 1024px\" \/><\/figure>\n<\/figure>\n","protected":false},"excerpt":{"rendered":"<p>\u2022 Como anfitri\u00f3n del evento, el presidente municipal de Cuernavaca, celebr\u00f3 esta inauguraci\u00f3n que propiciar\u00e1 la llegada de m\u00e1s visitantes a la ciudad, al recuperar un edificio ic\u00f3nico, tur\u00edstico, hist\u00f3rico y arquitect\u00f3nico Tras cinco a\u00f1os y seis meses de arduos trabajos de restauraci\u00f3n tras el sismo del 19 de septiembre de 2017, este jueves el [&hellip;]<\/p>\n","protected":false},"author":1,"featured_media":26869,"comment_status":"closed","ping_status":"open","sticky":false,"template":"","format":"standard","meta":[],"categories":[21],"tags":[1300,121,190,1071,120,206,356,1274,194],"aioseo_notices":[],"_links":{"self":[{"href":"https:\/\/cuernavaca.gob.mx\/index.php?rest_route=\/wp\/v2\/posts\/26861"}],"collection":[{"href":"https:\/\/cuernavaca.gob.mx\/index.php?rest_route=\/wp\/v2\/posts"}],"about":[{"href":"https:\/\/cuernavaca.gob.mx\/index.php?rest_route=\/wp\/v2\/types\/post"}],"author":[{"embeddable":true,"href":"https:\/\/cuernavaca.gob.mx\/index.php?rest_route=\/wp\/v2\/users\/1"}],"replies":[{"embeddable":true,"href":"https:\/\/cuernavaca.gob.mx\/index.php?rest_route=%2Fwp%2Fv2%2Fcomments&post=26861"}],"version-history":[{"count":1,"href":"https:\/\/cuernavaca.gob.mx\/index.php?rest_route=\/wp\/v2\/posts\/26861\/revisions"}],"predecessor-version":[{"id":26872,"href":"https:\/\/cuernavaca.gob.mx\/index.php?rest_route=\/wp\/v2\/posts\/26861\/revisions\/26872"}],"wp:featuredmedia":[{"embeddable":true,"href":"https:\/\/cuernavaca.gob.mx\/index.php?rest_route=\/wp\/v2\/media\/26869"}],"wp:attachment":[{"href":"https:\/\/cuernavaca.gob.mx\/index.php?rest_route=%2Fwp%2Fv2%2Fmedia&parent=26861"}],"wp:term":[{"taxonomy":"category","embeddable":true,"href":"https:\/\/cuernavaca.gob.mx\/index.php?rest_route=%2Fwp%2Fv2%2Fcategories&post=26861"},{"taxonomy":"post_tag","embeddable":true,"href":"https:\/\/cuernavaca.gob.mx\/index.php?rest_route=%2Fwp%2Fv2%2Ftags&post=26861"}],"curies":[{"name":"wp","href":"https:\/\/api.w.org\/{rel}","templated":true}]}}