{"id":26873,"date":"2023-03-30T19:00:00","date_gmt":"2023-03-31T01:00:00","guid":{"rendered":"https:\/\/cuernavaca.gob.mx\/?p=26873"},"modified":"2025-05-06T12:35:09","modified_gmt":"2025-05-06T18:35:09","slug":"f395-30-03-23-ayuntamiento-de-cuernavaca-se-suma-a-la-loteria-nacional-en-proyectos-de-arte-urbano-cartografia-de-la-suerte","status":"publish","type":"post","link":"https:\/\/cuernavaca.gob.mx\/?p=26873","title":{"rendered":"F395 30\/03\/23 AYUNTAMIENTO DE CUERNAVACA SE SUMA A LA LOTERIA NACIONAL EN PROYECTOS DE ARTE URBANO \u201cCARTOGRAF\u00cdA DE LA SUERTE\u201d"},"content":{"rendered":"\n<p>La directora general del Instituto de la Mujer de Cuernavaca (IMC), Lorena Castillo Castillo, particip\u00f3 este jueves en la inauguraci\u00f3n del mural \u201cLos raspaditos\u201d en la colonia Amatitl\u00e1n, como parte del programa \u201cCartograf\u00eda de la suerte\u201d que impulsa la Loter\u00eda Nacional y creado por muralistas locales, con el objetivo de promover la creaci\u00f3n cultural y art\u00edstica, as\u00ed como la participaci\u00f3n de la juventud en diversos espacios p\u00fablicos de la zona centro del pa\u00eds.<\/p>\n\n\n\n<p>En representaci\u00f3n del presidente municipal, Jos\u00e9 Luis Uri\u00f3stegui Salgado, la titular del Instituto de la Mujer agradeci\u00f3 la invitaci\u00f3n de la directora general de la Loter\u00eda Nacional, Margarita Gonz\u00e1lez Saravia, para sumarse a este programa, compartiendo el trabajo que realiza el IMC y que est\u00e1 relacionado con este tipo de manifestaciones, como es el proyecto \u201cPinta Trazos, para una vida libre de violencia de g\u00e9nero\u201d, que impulsa la recuperaci\u00f3n de los espacios p\u00fablicos, generando condiciones para tener entornos saludables y seguros en la ciudad.<\/p>\n\n\n\n<p>\u201cCompartimos esa sensibilidad por el rescate de espacios p\u00fablicos, visibilizando nuestros s\u00edmbolos y nuestra misi\u00f3n a trav\u00e9s del arte. En el Ayuntamiento de Cuernavaca nuestra visi\u00f3n es otorgar una vida libre de violencia a las ni\u00f1as, adolescentes y mujeres, y lo hacemos tambi\u00e9n con el programa de Pinta Trazos\u201d, expres\u00f3.<\/p>\n\n\n\n<p>La directora general de la Loter\u00eda Nacional, Margarita Gonz\u00e1lez Saravia, reconoci\u00f3 la buena relaci\u00f3n que se tiene con el Gobierno Municipal, siendo este proyecto tan importante una muestra de ello.<\/p>\n\n\n\n<p>En el evento se cont\u00f3 con la asistencia tambi\u00e9n del ayudante municipal del poblado de Amatitl\u00e1n, Quintana \u00c1valos; el coordinador del proyecto Cartograf\u00edas de la Suerte, Led Ram\u00edrez; y el artista del mural \u201cLos raspaditos\u201d, David.<\/p>\n\n\n\n<figure class=\"wp-container-2 wp-block-gallery-1 wp-block-gallery has-nested-images columns-default is-cropped\">\n<figure class=\"wp-block-image size-large\"><img loading=\"lazy\" width=\"1024\" height=\"682\" data-id=\"26874\"  src=\"https:\/\/cuernavaca.gob.mx\/wp-content\/uploads\/2023\/03\/mural-Los-raspaditos-colonia-Amatitla\u0301n-Cuernavaca-1-1024x682.jpg\" alt=\"\" class=\"wp-image-26874\" srcset=\"https:\/\/cuernavaca.gob.mx\/wp-content\/uploads\/2023\/03\/mural-Los-raspaditos-colonia-Amatitla\u0301n-Cuernavaca-1-1024x682.jpg 1024w, https:\/\/cuernavaca.gob.mx\/wp-content\/uploads\/2023\/03\/mural-Los-raspaditos-colonia-Amatitla\u0301n-Cuernavaca-1-300x200.jpg 300w, https:\/\/cuernavaca.gob.mx\/wp-content\/uploads\/2023\/03\/mural-Los-raspaditos-colonia-Amatitla\u0301n-Cuernavaca-1-768x512.jpg 768w, https:\/\/cuernavaca.gob.mx\/wp-content\/uploads\/2023\/03\/mural-Los-raspaditos-colonia-Amatitla\u0301n-Cuernavaca-1-1536x1023.jpg 1536w, https:\/\/cuernavaca.gob.mx\/wp-content\/uploads\/2023\/03\/mural-Los-raspaditos-colonia-Amatitla\u0301n-Cuernavaca-1-600x400.jpg 600w, https:\/\/cuernavaca.gob.mx\/wp-content\/uploads\/2023\/03\/mural-Los-raspaditos-colonia-Amatitla\u0301n-Cuernavaca-1-560x373.jpg 560w, https:\/\/cuernavaca.gob.mx\/wp-content\/uploads\/2023\/03\/mural-Los-raspaditos-colonia-Amatitla\u0301n-Cuernavaca-1.jpg 1600w\" sizes=\"(max-width: 1024px) 100vw, 1024px\" \/><\/figure>\n\n\n\n<figure class=\"wp-block-image size-large\"><img loading=\"lazy\" width=\"682\" height=\"1024\" data-id=\"26882\"  src=\"https:\/\/cuernavaca.gob.mx\/wp-content\/uploads\/2023\/03\/mural-Los-raspaditos-colonia-Amatitla\u0301n-Cuernavaca-2-682x1024.jpg\" alt=\"\" class=\"wp-image-26882\" srcset=\"https:\/\/cuernavaca.gob.mx\/wp-content\/uploads\/2023\/03\/mural-Los-raspaditos-colonia-Amatitla\u0301n-Cuernavaca-2-682x1024.jpg 682w, https:\/\/cuernavaca.gob.mx\/wp-content\/uploads\/2023\/03\/mural-Los-raspaditos-colonia-Amatitla\u0301n-Cuernavaca-2-200x300.jpg 200w, https:\/\/cuernavaca.gob.mx\/wp-content\/uploads\/2023\/03\/mural-Los-raspaditos-colonia-Amatitla\u0301n-Cuernavaca-2-768x1153.jpg 768w, https:\/\/cuernavaca.gob.mx\/wp-content\/uploads\/2023\/03\/mural-Los-raspaditos-colonia-Amatitla\u0301n-Cuernavaca-2-1023x1536.jpg 1023w, https:\/\/cuernavaca.gob.mx\/wp-content\/uploads\/2023\/03\/mural-Los-raspaditos-colonia-Amatitla\u0301n-Cuernavaca-2-400x600.jpg 400w, https:\/\/cuernavaca.gob.mx\/wp-content\/uploads\/2023\/03\/mural-Los-raspaditos-colonia-Amatitla\u0301n-Cuernavaca-2-373x560.jpg 373w, https:\/\/cuernavaca.gob.mx\/wp-content\/uploads\/2023\/03\/mural-Los-raspaditos-colonia-Amatitla\u0301n-Cuernavaca-2.jpg 1066w\" sizes=\"(max-width: 682px) 100vw, 682px\" \/><\/figure>\n\n\n\n<figure class=\"wp-block-image size-large\"><img loading=\"lazy\" width=\"1024\" height=\"682\" data-id=\"26876\"  src=\"https:\/\/cuernavaca.gob.mx\/wp-content\/uploads\/2023\/03\/mural-Los-raspaditos-colonia-Amatitla\u0301n-Cuernavaca-3-1024x682.jpg\" alt=\"\" class=\"wp-image-26876\" srcset=\"https:\/\/cuernavaca.gob.mx\/wp-content\/uploads\/2023\/03\/mural-Los-raspaditos-colonia-Amatitla\u0301n-Cuernavaca-3-1024x682.jpg 1024w, https:\/\/cuernavaca.gob.mx\/wp-content\/uploads\/2023\/03\/mural-Los-raspaditos-colonia-Amatitla\u0301n-Cuernavaca-3-300x200.jpg 300w, https:\/\/cuernavaca.gob.mx\/wp-content\/uploads\/2023\/03\/mural-Los-raspaditos-colonia-Amatitla\u0301n-Cuernavaca-3-768x512.jpg 768w, https:\/\/cuernavaca.gob.mx\/wp-content\/uploads\/2023\/03\/mural-Los-raspaditos-colonia-Amatitla\u0301n-Cuernavaca-3-1536x1023.jpg 1536w, https:\/\/cuernavaca.gob.mx\/wp-content\/uploads\/2023\/03\/mural-Los-raspaditos-colonia-Amatitla\u0301n-Cuernavaca-3-600x400.jpg 600w, https:\/\/cuernavaca.gob.mx\/wp-content\/uploads\/2023\/03\/mural-Los-raspaditos-colonia-Amatitla\u0301n-Cuernavaca-3-560x373.jpg 560w, https:\/\/cuernavaca.gob.mx\/wp-content\/uploads\/2023\/03\/mural-Los-raspaditos-colonia-Amatitla\u0301n-Cuernavaca-3.jpg 1600w\" sizes=\"(max-width: 1024px) 100vw, 1024px\" \/><\/figure>\n\n\n\n<figure class=\"wp-block-image size-large\"><img loading=\"lazy\" width=\"1024\" height=\"682\" data-id=\"26877\"  src=\"https:\/\/cuernavaca.gob.mx\/wp-content\/uploads\/2023\/03\/mural-Los-raspaditos-colonia-Amatitla\u0301n-Cuernavaca-4-1024x682.jpg\" alt=\"\" class=\"wp-image-26877\" srcset=\"https:\/\/cuernavaca.gob.mx\/wp-content\/uploads\/2023\/03\/mural-Los-raspaditos-colonia-Amatitla\u0301n-Cuernavaca-4-1024x682.jpg 1024w, https:\/\/cuernavaca.gob.mx\/wp-content\/uploads\/2023\/03\/mural-Los-raspaditos-colonia-Amatitla\u0301n-Cuernavaca-4-300x200.jpg 300w, https:\/\/cuernavaca.gob.mx\/wp-content\/uploads\/2023\/03\/mural-Los-raspaditos-colonia-Amatitla\u0301n-Cuernavaca-4-768x512.jpg 768w, https:\/\/cuernavaca.gob.mx\/wp-content\/uploads\/2023\/03\/mural-Los-raspaditos-colonia-Amatitla\u0301n-Cuernavaca-4-1536x1023.jpg 1536w, https:\/\/cuernavaca.gob.mx\/wp-content\/uploads\/2023\/03\/mural-Los-raspaditos-colonia-Amatitla\u0301n-Cuernavaca-4-600x400.jpg 600w, https:\/\/cuernavaca.gob.mx\/wp-content\/uploads\/2023\/03\/mural-Los-raspaditos-colonia-Amatitla\u0301n-Cuernavaca-4-560x373.jpg 560w, https:\/\/cuernavaca.gob.mx\/wp-content\/uploads\/2023\/03\/mural-Los-raspaditos-colonia-Amatitla\u0301n-Cuernavaca-4.jpg 1600w\" sizes=\"(max-width: 1024px) 100vw, 1024px\" \/><\/figure>\n\n\n\n<figure class=\"wp-block-image size-large\"><img loading=\"lazy\" width=\"1024\" height=\"682\" data-id=\"26881\"  src=\"https:\/\/cuernavaca.gob.mx\/wp-content\/uploads\/2023\/03\/mural-Los-raspaditos-colonia-Amatitla\u0301n-Cuernavaca-5-1024x682.jpg\" alt=\"\" class=\"wp-image-26881\" srcset=\"https:\/\/cuernavaca.gob.mx\/wp-content\/uploads\/2023\/03\/mural-Los-raspaditos-colonia-Amatitla\u0301n-Cuernavaca-5-1024x682.jpg 1024w, https:\/\/cuernavaca.gob.mx\/wp-content\/uploads\/2023\/03\/mural-Los-raspaditos-colonia-Amatitla\u0301n-Cuernavaca-5-300x200.jpg 300w, https:\/\/cuernavaca.gob.mx\/wp-content\/uploads\/2023\/03\/mural-Los-raspaditos-colonia-Amatitla\u0301n-Cuernavaca-5-768x512.jpg 768w, https:\/\/cuernavaca.gob.mx\/wp-content\/uploads\/2023\/03\/mural-Los-raspaditos-colonia-Amatitla\u0301n-Cuernavaca-5-1536x1023.jpg 1536w, https:\/\/cuernavaca.gob.mx\/wp-content\/uploads\/2023\/03\/mural-Los-raspaditos-colonia-Amatitla\u0301n-Cuernavaca-5-600x400.jpg 600w, https:\/\/cuernavaca.gob.mx\/wp-content\/uploads\/2023\/03\/mural-Los-raspaditos-colonia-Amatitla\u0301n-Cuernavaca-5-560x373.jpg 560w, https:\/\/cuernavaca.gob.mx\/wp-content\/uploads\/2023\/03\/mural-Los-raspaditos-colonia-Amatitla\u0301n-Cuernavaca-5.jpg 1600w\" sizes=\"(max-width: 1024px) 100vw, 1024px\" \/><\/figure>\n\n\n\n<figure class=\"wp-block-image size-large\"><img loading=\"lazy\" width=\"1024\" height=\"682\" data-id=\"26879\"  src=\"https:\/\/cuernavaca.gob.mx\/wp-content\/uploads\/2023\/03\/mural-Los-raspaditos-colonia-Amatitla\u0301n-Cuernavaca-6-1024x682.jpg\" alt=\"\" class=\"wp-image-26879\" srcset=\"https:\/\/cuernavaca.gob.mx\/wp-content\/uploads\/2023\/03\/mural-Los-raspaditos-colonia-Amatitla\u0301n-Cuernavaca-6-1024x682.jpg 1024w, https:\/\/cuernavaca.gob.mx\/wp-content\/uploads\/2023\/03\/mural-Los-raspaditos-colonia-Amatitla\u0301n-Cuernavaca-6-300x200.jpg 300w, https:\/\/cuernavaca.gob.mx\/wp-content\/uploads\/2023\/03\/mural-Los-raspaditos-colonia-Amatitla\u0301n-Cuernavaca-6-768x512.jpg 768w, https:\/\/cuernavaca.gob.mx\/wp-content\/uploads\/2023\/03\/mural-Los-raspaditos-colonia-Amatitla\u0301n-Cuernavaca-6-1536x1023.jpg 1536w, https:\/\/cuernavaca.gob.mx\/wp-content\/uploads\/2023\/03\/mural-Los-raspaditos-colonia-Amatitla\u0301n-Cuernavaca-6-600x400.jpg 600w, https:\/\/cuernavaca.gob.mx\/wp-content\/uploads\/2023\/03\/mural-Los-raspaditos-colonia-Amatitla\u0301n-Cuernavaca-6-560x373.jpg 560w, https:\/\/cuernavaca.gob.mx\/wp-content\/uploads\/2023\/03\/mural-Los-raspaditos-colonia-Amatitla\u0301n-Cuernavaca-6.jpg 1600w\" sizes=\"(max-width: 1024px) 100vw, 1024px\" \/><\/figure>\n\n\n\n<figure class=\"wp-block-image size-large\"><img loading=\"lazy\" width=\"1024\" height=\"682\" data-id=\"26883\"  src=\"https:\/\/cuernavaca.gob.mx\/wp-content\/uploads\/2023\/03\/mural-Los-raspaditos-colonia-Amatitla\u0301n-Cuernavaca-7-1024x682.jpg\" alt=\"\" class=\"wp-image-26883\" srcset=\"https:\/\/cuernavaca.gob.mx\/wp-content\/uploads\/2023\/03\/mural-Los-raspaditos-colonia-Amatitla\u0301n-Cuernavaca-7-1024x682.jpg 1024w, https:\/\/cuernavaca.gob.mx\/wp-content\/uploads\/2023\/03\/mural-Los-raspaditos-colonia-Amatitla\u0301n-Cuernavaca-7-300x200.jpg 300w, https:\/\/cuernavaca.gob.mx\/wp-content\/uploads\/2023\/03\/mural-Los-raspaditos-colonia-Amatitla\u0301n-Cuernavaca-7-768x512.jpg 768w, https:\/\/cuernavaca.gob.mx\/wp-content\/uploads\/2023\/03\/mural-Los-raspaditos-colonia-Amatitla\u0301n-Cuernavaca-7-1536x1023.jpg 1536w, https:\/\/cuernavaca.gob.mx\/wp-content\/uploads\/2023\/03\/mural-Los-raspaditos-colonia-Amatitla\u0301n-Cuernavaca-7-600x400.jpg 600w, https:\/\/cuernavaca.gob.mx\/wp-content\/uploads\/2023\/03\/mural-Los-raspaditos-colonia-Amatitla\u0301n-Cuernavaca-7-560x373.jpg 560w, https:\/\/cuernavaca.gob.mx\/wp-content\/uploads\/2023\/03\/mural-Los-raspaditos-colonia-Amatitla\u0301n-Cuernavaca-7.jpg 1600w\" sizes=\"(max-width: 1024px) 100vw, 1024px\" \/><\/figure>\n\n\n\n<figure class=\"wp-block-image size-large\"><img loading=\"lazy\" width=\"1024\" height=\"682\" data-id=\"26880\"  src=\"https:\/\/cuernavaca.gob.mx\/wp-content\/uploads\/2023\/03\/mural-Los-raspaditos-colonia-Amatitla\u0301n-Cuernavaca-8-1024x682.jpg\" alt=\"\" class=\"wp-image-26880\" srcset=\"https:\/\/cuernavaca.gob.mx\/wp-content\/uploads\/2023\/03\/mural-Los-raspaditos-colonia-Amatitla\u0301n-Cuernavaca-8-1024x682.jpg 1024w, https:\/\/cuernavaca.gob.mx\/wp-content\/uploads\/2023\/03\/mural-Los-raspaditos-colonia-Amatitla\u0301n-Cuernavaca-8-300x200.jpg 300w, https:\/\/cuernavaca.gob.mx\/wp-content\/uploads\/2023\/03\/mural-Los-raspaditos-colonia-Amatitla\u0301n-Cuernavaca-8-768x512.jpg 768w, https:\/\/cuernavaca.gob.mx\/wp-content\/uploads\/2023\/03\/mural-Los-raspaditos-colonia-Amatitla\u0301n-Cuernavaca-8-1536x1023.jpg 1536w, https:\/\/cuernavaca.gob.mx\/wp-content\/uploads\/2023\/03\/mural-Los-raspaditos-colonia-Amatitla\u0301n-Cuernavaca-8-600x400.jpg 600w, https:\/\/cuernavaca.gob.mx\/wp-content\/uploads\/2023\/03\/mural-Los-raspaditos-colonia-Amatitla\u0301n-Cuernavaca-8-560x373.jpg 560w, https:\/\/cuernavaca.gob.mx\/wp-content\/uploads\/2023\/03\/mural-Los-raspaditos-colonia-Amatitla\u0301n-Cuernavaca-8.jpg 1600w\" sizes=\"(max-width: 1024px) 100vw, 1024px\" \/><\/figure>\n\n\n\n<figure class=\"wp-block-image size-large\"><img loading=\"lazy\" width=\"1024\" height=\"682\" data-id=\"26878\"  src=\"https:\/\/cuernavaca.gob.mx\/wp-content\/uploads\/2023\/03\/mural-Los-raspaditos-colonia-Amatitla\u0301n-Cuernavaca-9-1024x682.jpg\" alt=\"\" class=\"wp-image-26878\" srcset=\"https:\/\/cuernavaca.gob.mx\/wp-content\/uploads\/2023\/03\/mural-Los-raspaditos-colonia-Amatitla\u0301n-Cuernavaca-9-1024x682.jpg 1024w, https:\/\/cuernavaca.gob.mx\/wp-content\/uploads\/2023\/03\/mural-Los-raspaditos-colonia-Amatitla\u0301n-Cuernavaca-9-300x200.jpg 300w, https:\/\/cuernavaca.gob.mx\/wp-content\/uploads\/2023\/03\/mural-Los-raspaditos-colonia-Amatitla\u0301n-Cuernavaca-9-768x512.jpg 768w, https:\/\/cuernavaca.gob.mx\/wp-content\/uploads\/2023\/03\/mural-Los-raspaditos-colonia-Amatitla\u0301n-Cuernavaca-9-1536x1023.jpg 1536w, https:\/\/cuernavaca.gob.mx\/wp-content\/uploads\/2023\/03\/mural-Los-raspaditos-colonia-Amatitla\u0301n-Cuernavaca-9-600x400.jpg 600w, https:\/\/cuernavaca.gob.mx\/wp-content\/uploads\/2023\/03\/mural-Los-raspaditos-colonia-Amatitla\u0301n-Cuernavaca-9-560x373.jpg 560w, https:\/\/cuernavaca.gob.mx\/wp-content\/uploads\/2023\/03\/mural-Los-raspaditos-colonia-Amatitla\u0301n-Cuernavaca-9.jpg 1600w\" sizes=\"(max-width: 1024px) 100vw, 1024px\" \/><\/figure>\n\n\n\n<figure class=\"wp-block-image size-large\"><img loading=\"lazy\" width=\"1024\" height=\"682\" data-id=\"26875\"  src=\"https:\/\/cuernavaca.gob.mx\/wp-content\/uploads\/2023\/03\/mural-Los-raspaditos-colonia-Amatitla\u0301n-Cuernavaca-10-1024x682.jpg\" alt=\"\" class=\"wp-image-26875\" srcset=\"https:\/\/cuernavaca.gob.mx\/wp-content\/uploads\/2023\/03\/mural-Los-raspaditos-colonia-Amatitla\u0301n-Cuernavaca-10-1024x682.jpg 1024w, https:\/\/cuernavaca.gob.mx\/wp-content\/uploads\/2023\/03\/mural-Los-raspaditos-colonia-Amatitla\u0301n-Cuernavaca-10-300x200.jpg 300w, https:\/\/cuernavaca.gob.mx\/wp-content\/uploads\/2023\/03\/mural-Los-raspaditos-colonia-Amatitla\u0301n-Cuernavaca-10-768x512.jpg 768w, https:\/\/cuernavaca.gob.mx\/wp-content\/uploads\/2023\/03\/mural-Los-raspaditos-colonia-Amatitla\u0301n-Cuernavaca-10-1536x1023.jpg 1536w, https:\/\/cuernavaca.gob.mx\/wp-content\/uploads\/2023\/03\/mural-Los-raspaditos-colonia-Amatitla\u0301n-Cuernavaca-10-600x400.jpg 600w, https:\/\/cuernavaca.gob.mx\/wp-content\/uploads\/2023\/03\/mural-Los-raspaditos-colonia-Amatitla\u0301n-Cuernavaca-10-560x373.jpg 560w, https:\/\/cuernavaca.gob.mx\/wp-content\/uploads\/2023\/03\/mural-Los-raspaditos-colonia-Amatitla\u0301n-Cuernavaca-10.jpg 1600w\" sizes=\"(max-width: 1024px) 100vw, 1024px\" \/><\/figure>\n<\/figure>\n","protected":false},"excerpt":{"rendered":"<p>La directora general del Instituto de la Mujer de Cuernavaca (IMC), Lorena Castillo Castillo, particip\u00f3 este jueves en la inauguraci\u00f3n del mural \u201cLos raspaditos\u201d en la colonia Amatitl\u00e1n, como parte del programa \u201cCartograf\u00eda de la suerte\u201d que impulsa la Loter\u00eda Nacional y creado por muralistas locales, con el objetivo de promover la creaci\u00f3n cultural y [&hellip;]<\/p>\n","protected":false},"author":1,"featured_media":26876,"comment_status":"closed","ping_status":"open","sticky":false,"template":"","format":"standard","meta":[],"categories":[2414],"tags":[1300,2775,121,190,120,3010,1646,206],"aioseo_notices":[],"_links":{"self":[{"href":"https:\/\/cuernavaca.gob.mx\/index.php?rest_route=\/wp\/v2\/posts\/26873"}],"collection":[{"href":"https:\/\/cuernavaca.gob.mx\/index.php?rest_route=\/wp\/v2\/posts"}],"about":[{"href":"https:\/\/cuernavaca.gob.mx\/index.php?rest_route=\/wp\/v2\/types\/post"}],"author":[{"embeddable":true,"href":"https:\/\/cuernavaca.gob.mx\/index.php?rest_route=\/wp\/v2\/users\/1"}],"replies":[{"embeddable":true,"href":"https:\/\/cuernavaca.gob.mx\/index.php?rest_route=%2Fwp%2Fv2%2Fcomments&post=26873"}],"version-history":[{"count":1,"href":"https:\/\/cuernavaca.gob.mx\/index.php?rest_route=\/wp\/v2\/posts\/26873\/revisions"}],"predecessor-version":[{"id":26884,"href":"https:\/\/cuernavaca.gob.mx\/index.php?rest_route=\/wp\/v2\/posts\/26873\/revisions\/26884"}],"wp:featuredmedia":[{"embeddable":true,"href":"https:\/\/cuernavaca.gob.mx\/index.php?rest_route=\/wp\/v2\/media\/26876"}],"wp:attachment":[{"href":"https:\/\/cuernavaca.gob.mx\/index.php?rest_route=%2Fwp%2Fv2%2Fmedia&parent=26873"}],"wp:term":[{"taxonomy":"category","embeddable":true,"href":"https:\/\/cuernavaca.gob.mx\/index.php?rest_route=%2Fwp%2Fv2%2Fcategories&post=26873"},{"taxonomy":"post_tag","embeddable":true,"href":"https:\/\/cuernavaca.gob.mx\/index.php?rest_route=%2Fwp%2Fv2%2Ftags&post=26873"}],"curies":[{"name":"wp","href":"https:\/\/api.w.org\/{rel}","templated":true}]}}