{"id":26885,"date":"2023-03-31T18:00:00","date_gmt":"2023-04-01T00:00:00","guid":{"rendered":"https:\/\/cuernavaca.gob.mx\/?p=26885"},"modified":"2025-05-06T12:35:09","modified_gmt":"2025-05-06T18:35:09","slug":"b882-31-03-23-aprueba-cabildo-de-cuernavaca-programa-anual-de-obras-publicas-2023","status":"publish","type":"post","link":"https:\/\/cuernavaca.gob.mx\/?p=26885","title":{"rendered":"B882 31\/03\/23 APRUEBA CABILDO DE CUERNAVACA PROGRAMA ANUAL DE OBRAS P\u00daBLICAS 2023"},"content":{"rendered":"\n<p><strong>\u2022\u00a0\u00a0\u00a0\u00a0\u00a0\u00a0\u00a0\u00a0\u00a0 Este a\u00f1o se tendr\u00e1 una inversi\u00f3n hist\u00f3rica de aproximadamente 300 millones de pesos en materia de obra p\u00fablica<\/strong><\/p>\n\n\n\n<p>\u2022\u00a0\u00a0\u00a0\u00a0\u00a0\u00a0\u00a0\u00a0\u00a0 <strong>A fin de atender las peticiones genuinas de la ciudadan\u00eda, se destinar\u00e1n cerca de 50 millones de pesos a la rehabilitaci\u00f3n de pozos y de la red de agua potable, as\u00ed como a la sustituci\u00f3n de tuber\u00eda<\/strong><\/p>\n\n\n\n<p>El Ayuntamiento de Cuernavaca aplicar\u00e1 este a\u00f1o un programa de desarrollo integral para fortalecer, no solo la comunicaci\u00f3n de la ciudad a trav\u00e9s de vialidades, sino tambi\u00e9n para mejorar el servicio de agua potable, ya que en el Programa Anual de Obras P\u00fablicas 2023 destinar\u00e1n cerca de 50 millones de pesos a la rehabilitaci\u00f3n de pozos y de la red de agua potable, as\u00ed como a la sustituci\u00f3n de tuber\u00eda.<\/p>\n\n\n\n<p>En el marco de la sesi\u00f3n extraordinaria de Cabildo y cumpliendo una vez m\u00e1s con la transparencia y rendici\u00f3n de cuentas, el secretario de Desarrollo Urbano y Obras P\u00fablicas, Demetrio Chavira de la Torre, dio a conocer el listado de obras que corresponden al Fondo de Infraestructura Regional Municipal creado por el Congreso de Morelos, de recursos provenientes del Fondo de Aportaciones para la Infraestructura Social (FAISMUN) y de recursos propios, que en conjunto dar\u00e1n una inversi\u00f3n para este a\u00f1o de aproximadamente 300 millones de pesos.<\/p>\n\n\n\n<p>Las obras contemplan distintos rubros, desde pavimentaci\u00f3n, reparaci\u00f3n de banquetas, reencarpetado, sustituci\u00f3n de luminarias, el rescate de glorietas, entre otros, mientras que para el tema de agua potable se considera en base a un diagn\u00f3stico hecho por el Sistema de Agua Potable y Alcantarillado de Cuernavaca (SAPAC), la rehabilitaci\u00f3n integral de 22 pozos y tres redes de agua potable secundarias que pasan por las zonas de atenci\u00f3n prioritarias establecidas por el Gobierno Federal.<\/p>\n\n\n\n<p>Ante vecinas y vecinos de distintas colonias, el presidente municipal, Jos\u00e9 Luis Uri\u00f3stegui Salgado, puntualiz\u00f3 que, si bien desde hace muchos a\u00f1os en Cuernavaca no se hac\u00eda una inversi\u00f3n de este alcance, todav\u00eda podr\u00eda incrementar, ya que est\u00e1n esperando una mezcla de recursos del SAPAC a trav\u00e9s de la aportaci\u00f3n del &#8220;Programa de Devoluci\u00f3n de Derechos&#8221; (PRODDER) de CONAGUA, con el que podr\u00edan obtener cerca de 20 millones adicionales para invertir directamente en obras de agua potable.&nbsp;<\/p>\n\n\n\n<p>&#8220;Hemos tenido mucho cuidado con las finanzas p\u00fablicas y el a\u00f1o pasado fue una inversi\u00f3n de alrededor de 140 millones de pesos y este a\u00f1o son cerca de 300 millones de pesos los que vamos a invertir en obra p\u00fablica en todo el municipio de Cuernavaca&#8221;, acot\u00f3.<\/p>\n\n\n\n<p>Ante posicionamientos de la s\u00edndica municipal, Ver\u00f3nica Atenco P\u00e9rez y de las y los regidores Wendi Salinas Ruiz, Mirna Delgado Romero, Jes\u00fas Rosales Puebla, Adri\u00e1n Mart\u00ednez Terrazas y Debendrenath Salazar Solorio, el alcalde aclar\u00f3 que este listado autorizado es solo un avance del Programa Anual de Obras 2023 que no es limitado y se puede enriquecer para continuar invirtiendo recursos en las zonas donde se requiere, aunque para ello se necesita saber a profundidad que tipo de obras se podr\u00edan efectuar.<\/p>\n\n\n\n<p>Las y los integrantes del cuerpo edilicio pidieron a la Secretar\u00eda de Desarrollo Urbano y Obras P\u00fablicas iniciar a la brevedad con estas obras que beneficiar\u00e1n de manera significativa a la capital morelense, generando un desarrollo que desde hace varios a\u00f1os no se ve\u00eda; al mismo tiempo aprobaron la utilizaci\u00f3n de los recursos del FAISMUN para este a\u00f1o.<\/p>\n\n\n\n<figure class=\"wp-container-2 wp-block-gallery-1 wp-block-gallery has-nested-images columns-default is-cropped\">\n<figure class=\"wp-block-image size-large\"><img loading=\"lazy\" width=\"1024\" height=\"683\" data-id=\"26887\"  src=\"https:\/\/cuernavaca.gob.mx\/wp-content\/uploads\/2023\/03\/programa-anual-de-obra-cuernavaca-2023-1-1024x683.jpg\" alt=\"\" class=\"wp-image-26887\" srcset=\"https:\/\/cuernavaca.gob.mx\/wp-content\/uploads\/2023\/03\/programa-anual-de-obra-cuernavaca-2023-1-1024x683.jpg 1024w, https:\/\/cuernavaca.gob.mx\/wp-content\/uploads\/2023\/03\/programa-anual-de-obra-cuernavaca-2023-1-300x200.jpg 300w, https:\/\/cuernavaca.gob.mx\/wp-content\/uploads\/2023\/03\/programa-anual-de-obra-cuernavaca-2023-1-768x512.jpg 768w, https:\/\/cuernavaca.gob.mx\/wp-content\/uploads\/2023\/03\/programa-anual-de-obra-cuernavaca-2023-1-1536x1024.jpg 1536w, https:\/\/cuernavaca.gob.mx\/wp-content\/uploads\/2023\/03\/programa-anual-de-obra-cuernavaca-2023-1-600x400.jpg 600w, https:\/\/cuernavaca.gob.mx\/wp-content\/uploads\/2023\/03\/programa-anual-de-obra-cuernavaca-2023-1-560x373.jpg 560w, https:\/\/cuernavaca.gob.mx\/wp-content\/uploads\/2023\/03\/programa-anual-de-obra-cuernavaca-2023-1.jpg 1599w\" sizes=\"(max-width: 1024px) 100vw, 1024px\" \/><\/figure>\n\n\n\n<figure class=\"wp-block-image size-large\"><img loading=\"lazy\" width=\"1024\" height=\"683\" data-id=\"26886\"  src=\"https:\/\/cuernavaca.gob.mx\/wp-content\/uploads\/2023\/03\/programa-anual-de-obra-cuernavaca-2023-2-1024x683.jpg\" alt=\"\" class=\"wp-image-26886\" srcset=\"https:\/\/cuernavaca.gob.mx\/wp-content\/uploads\/2023\/03\/programa-anual-de-obra-cuernavaca-2023-2-1024x683.jpg 1024w, https:\/\/cuernavaca.gob.mx\/wp-content\/uploads\/2023\/03\/programa-anual-de-obra-cuernavaca-2023-2-300x200.jpg 300w, https:\/\/cuernavaca.gob.mx\/wp-content\/uploads\/2023\/03\/programa-anual-de-obra-cuernavaca-2023-2-768x512.jpg 768w, https:\/\/cuernavaca.gob.mx\/wp-content\/uploads\/2023\/03\/programa-anual-de-obra-cuernavaca-2023-2-1536x1024.jpg 1536w, https:\/\/cuernavaca.gob.mx\/wp-content\/uploads\/2023\/03\/programa-anual-de-obra-cuernavaca-2023-2-600x400.jpg 600w, https:\/\/cuernavaca.gob.mx\/wp-content\/uploads\/2023\/03\/programa-anual-de-obra-cuernavaca-2023-2-560x373.jpg 560w, https:\/\/cuernavaca.gob.mx\/wp-content\/uploads\/2023\/03\/programa-anual-de-obra-cuernavaca-2023-2.jpg 1599w\" sizes=\"(max-width: 1024px) 100vw, 1024px\" \/><\/figure>\n\n\n\n<figure class=\"wp-block-image size-large\"><img loading=\"lazy\" width=\"1024\" height=\"683\" data-id=\"26889\"  src=\"https:\/\/cuernavaca.gob.mx\/wp-content\/uploads\/2023\/03\/programa-anual-de-obra-cuernavaca-2023-3-1024x683.jpg\" alt=\"\" class=\"wp-image-26889\" srcset=\"https:\/\/cuernavaca.gob.mx\/wp-content\/uploads\/2023\/03\/programa-anual-de-obra-cuernavaca-2023-3-1024x683.jpg 1024w, https:\/\/cuernavaca.gob.mx\/wp-content\/uploads\/2023\/03\/programa-anual-de-obra-cuernavaca-2023-3-300x200.jpg 300w, https:\/\/cuernavaca.gob.mx\/wp-content\/uploads\/2023\/03\/programa-anual-de-obra-cuernavaca-2023-3-768x512.jpg 768w, https:\/\/cuernavaca.gob.mx\/wp-content\/uploads\/2023\/03\/programa-anual-de-obra-cuernavaca-2023-3-1536x1024.jpg 1536w, https:\/\/cuernavaca.gob.mx\/wp-content\/uploads\/2023\/03\/programa-anual-de-obra-cuernavaca-2023-3-600x400.jpg 600w, https:\/\/cuernavaca.gob.mx\/wp-content\/uploads\/2023\/03\/programa-anual-de-obra-cuernavaca-2023-3-560x373.jpg 560w, https:\/\/cuernavaca.gob.mx\/wp-content\/uploads\/2023\/03\/programa-anual-de-obra-cuernavaca-2023-3.jpg 1599w\" sizes=\"(max-width: 1024px) 100vw, 1024px\" \/><\/figure>\n\n\n\n<figure class=\"wp-block-image size-large\"><img loading=\"lazy\" width=\"1024\" height=\"683\" data-id=\"26888\"  src=\"https:\/\/cuernavaca.gob.mx\/wp-content\/uploads\/2023\/03\/programa-anual-de-obra-cuernavaca-2023-4-1024x683.jpg\" alt=\"\" class=\"wp-image-26888\" srcset=\"https:\/\/cuernavaca.gob.mx\/wp-content\/uploads\/2023\/03\/programa-anual-de-obra-cuernavaca-2023-4-1024x683.jpg 1024w, https:\/\/cuernavaca.gob.mx\/wp-content\/uploads\/2023\/03\/programa-anual-de-obra-cuernavaca-2023-4-300x200.jpg 300w, https:\/\/cuernavaca.gob.mx\/wp-content\/uploads\/2023\/03\/programa-anual-de-obra-cuernavaca-2023-4-768x512.jpg 768w, https:\/\/cuernavaca.gob.mx\/wp-content\/uploads\/2023\/03\/programa-anual-de-obra-cuernavaca-2023-4-1536x1024.jpg 1536w, https:\/\/cuernavaca.gob.mx\/wp-content\/uploads\/2023\/03\/programa-anual-de-obra-cuernavaca-2023-4-600x400.jpg 600w, https:\/\/cuernavaca.gob.mx\/wp-content\/uploads\/2023\/03\/programa-anual-de-obra-cuernavaca-2023-4-560x373.jpg 560w, https:\/\/cuernavaca.gob.mx\/wp-content\/uploads\/2023\/03\/programa-anual-de-obra-cuernavaca-2023-4.jpg 1599w\" sizes=\"(max-width: 1024px) 100vw, 1024px\" \/><\/figure>\n\n\n\n<figure class=\"wp-block-image size-large\"><img loading=\"lazy\" width=\"1024\" height=\"683\" data-id=\"26890\"  src=\"https:\/\/cuernavaca.gob.mx\/wp-content\/uploads\/2023\/03\/programa-anual-de-obra-cuernavaca-2023-5-1024x683.jpg\" alt=\"\" class=\"wp-image-26890\" srcset=\"https:\/\/cuernavaca.gob.mx\/wp-content\/uploads\/2023\/03\/programa-anual-de-obra-cuernavaca-2023-5-1024x683.jpg 1024w, https:\/\/cuernavaca.gob.mx\/wp-content\/uploads\/2023\/03\/programa-anual-de-obra-cuernavaca-2023-5-300x200.jpg 300w, https:\/\/cuernavaca.gob.mx\/wp-content\/uploads\/2023\/03\/programa-anual-de-obra-cuernavaca-2023-5-768x512.jpg 768w, https:\/\/cuernavaca.gob.mx\/wp-content\/uploads\/2023\/03\/programa-anual-de-obra-cuernavaca-2023-5-1536x1024.jpg 1536w, https:\/\/cuernavaca.gob.mx\/wp-content\/uploads\/2023\/03\/programa-anual-de-obra-cuernavaca-2023-5-600x400.jpg 600w, https:\/\/cuernavaca.gob.mx\/wp-content\/uploads\/2023\/03\/programa-anual-de-obra-cuernavaca-2023-5-560x373.jpg 560w, https:\/\/cuernavaca.gob.mx\/wp-content\/uploads\/2023\/03\/programa-anual-de-obra-cuernavaca-2023-5.jpg 1599w\" sizes=\"(max-width: 1024px) 100vw, 1024px\" \/><\/figure>\n<\/figure>\n","protected":false},"excerpt":{"rendered":"<p>\u2022\u00a0\u00a0\u00a0\u00a0\u00a0\u00a0\u00a0\u00a0\u00a0 Este a\u00f1o se tendr\u00e1 una inversi\u00f3n hist\u00f3rica de aproximadamente 300 millones de pesos en materia de obra p\u00fablica \u2022\u00a0\u00a0\u00a0\u00a0\u00a0\u00a0\u00a0\u00a0\u00a0 A fin de atender las peticiones genuinas de la ciudadan\u00eda, se destinar\u00e1n cerca de 50 millones de pesos a la rehabilitaci\u00f3n de pozos y de la red de agua potable, as\u00ed como a la sustituci\u00f3n [&hellip;]<\/p>\n","protected":false},"author":1,"featured_media":26887,"comment_status":"closed","ping_status":"open","sticky":false,"template":"","format":"standard","meta":[],"categories":[18],"tags":[158,515,120,206,356,232],"aioseo_notices":[],"_links":{"self":[{"href":"https:\/\/cuernavaca.gob.mx\/index.php?rest_route=\/wp\/v2\/posts\/26885"}],"collection":[{"href":"https:\/\/cuernavaca.gob.mx\/index.php?rest_route=\/wp\/v2\/posts"}],"about":[{"href":"https:\/\/cuernavaca.gob.mx\/index.php?rest_route=\/wp\/v2\/types\/post"}],"author":[{"embeddable":true,"href":"https:\/\/cuernavaca.gob.mx\/index.php?rest_route=\/wp\/v2\/users\/1"}],"replies":[{"embeddable":true,"href":"https:\/\/cuernavaca.gob.mx\/index.php?rest_route=%2Fwp%2Fv2%2Fcomments&post=26885"}],"version-history":[{"count":1,"href":"https:\/\/cuernavaca.gob.mx\/index.php?rest_route=\/wp\/v2\/posts\/26885\/revisions"}],"predecessor-version":[{"id":26891,"href":"https:\/\/cuernavaca.gob.mx\/index.php?rest_route=\/wp\/v2\/posts\/26885\/revisions\/26891"}],"wp:featuredmedia":[{"embeddable":true,"href":"https:\/\/cuernavaca.gob.mx\/index.php?rest_route=\/wp\/v2\/media\/26887"}],"wp:attachment":[{"href":"https:\/\/cuernavaca.gob.mx\/index.php?rest_route=%2Fwp%2Fv2%2Fmedia&parent=26885"}],"wp:term":[{"taxonomy":"category","embeddable":true,"href":"https:\/\/cuernavaca.gob.mx\/index.php?rest_route=%2Fwp%2Fv2%2Fcategories&post=26885"},{"taxonomy":"post_tag","embeddable":true,"href":"https:\/\/cuernavaca.gob.mx\/index.php?rest_route=%2Fwp%2Fv2%2Ftags&post=26885"}],"curies":[{"name":"wp","href":"https:\/\/api.w.org\/{rel}","templated":true}]}}