{"id":26913,"date":"2023-04-01T13:40:00","date_gmt":"2023-04-01T19:40:00","guid":{"rendered":"https:\/\/cuernavaca.gob.mx\/?p=26913"},"modified":"2025-05-06T12:35:41","modified_gmt":"2025-05-06T18:35:41","slug":"b883-01-04-23-ayuntamiento-de-cuernavaca-mantiene-trabajo-coordinado-por-el-rescate-del-centro-historico","status":"publish","type":"post","link":"https:\/\/cuernavaca.gob.mx\/?p=26913","title":{"rendered":"B883 01\/04\/23 AYUNTAMIENTO DE CUERNAVACA MANTIENE TRABAJO COORDINADO POR EL RESCATE DEL CENTRO HIST\u00d3RICO"},"content":{"rendered":"\n<p><strong>\u2022 Distintas \u00e1reas de la administraci\u00f3n p\u00fablica se han reunido de manera peri\u00f3dica para avanzar en este proyecto que plantea su seguridad, orden, limpieza y embellecimiento<\/strong><\/p>\n\n\n\n<p>Por indicaci\u00f3n del presidente municipal de Cuernavaca, Jos\u00e9 Luis Uri\u00f3stegui Salgado, distintas \u00e1reas de la administraci\u00f3n p\u00fablica se han reunido de manera peri\u00f3dica para avanzar en el renacer del Centro Hist\u00f3rico en coadyuvancia con la sociedad civil organizada y comerciantes establecidos de esta zona tan importante para el desarrollo econ\u00f3mico, social y tur\u00edstico de la ciudad capital del estado de Morelos.<\/p>\n\n\n\n<p>A convocatoria de la secretaria de Protecci\u00f3n y Auxilio Ciudadano (SEPRAC), Alicia V\u00e1zquez Luna; titulares de la Secretar\u00eda del Ayuntamiento presidida por Carlos de la Rosa Segura, de la Secretar\u00eda de Desarrollo Econ\u00f3mico y Turismo encabezada por Humberto Paladino Valdovinos, as\u00ed como representantes del Sistema de Agua Potable y Alcantarillado de Cuernavaca y de la Secretar\u00eda de Desarrollo Sustentable y Servicios P\u00fablicos, dieron a conocer las estrategias a implementar en materia de seguridad, orden, limpieza y embellecimiento.<\/p>\n\n\n\n<p>En esta ocasi\u00f3n se cont\u00f3 con la asistencia de representantes de Tel\u00e9fonos de M\u00e9xico, quienes manifestaron su respaldo en las acciones de orden y seguridad del coraz\u00f3n de la ciudad, como ejemplo apoyando en la log\u00edstica para la colocaci\u00f3n de las c\u00e1maras de videovigilancia que se tienen planeadas en distintas calles y zonas espec\u00edficas, a fin de fortalecer la salvaguarda de esta importante zona.<\/p>\n\n\n\n<p>A trav\u00e9s de la Direcci\u00f3n de Centro Hist\u00f3rico y Pueblos Hist\u00f3ricos a cargo de Jos\u00e9 Acevedo Medina, el Ayuntamiento de Cuernavaca mantiene un di\u00e1logo abierto y permanente con comerciantes y vecinos de la zona para dise\u00f1ar acciones de mayor impacto a favor del rescate del primer cuadro de la ciudad donde hist\u00f3ricamente convergen ciudadanos y turistas.<\/p>\n\n\n\n<p>Dentro de este rescate del Centro Hist\u00f3rico, el Gobierno Municipal ha sostenido mesas de trabajo con la sociedad civil organizada y distintas instituciones p\u00fablicas a nivel federal y estatal, caminando en un mismo sentido para que Cuernavaca renazca desde su coraz\u00f3n que es el primer cuadro.<\/p>\n\n\n\n<figure class=\"wp-container-2 wp-block-gallery-1 wp-block-gallery has-nested-images columns-default is-cropped\">\n<figure class=\"wp-block-image size-large\"><img loading=\"lazy\" width=\"1024\" height=\"682\" data-id=\"26914\"  src=\"https:\/\/cuernavaca.gob.mx\/wp-content\/uploads\/2023\/04\/centro-historico-cuernavaca-1-1024x682.jpg\" alt=\"\" class=\"wp-image-26914\" srcset=\"https:\/\/cuernavaca.gob.mx\/wp-content\/uploads\/2023\/04\/centro-historico-cuernavaca-1-1024x682.jpg 1024w, https:\/\/cuernavaca.gob.mx\/wp-content\/uploads\/2023\/04\/centro-historico-cuernavaca-1-300x200.jpg 300w, https:\/\/cuernavaca.gob.mx\/wp-content\/uploads\/2023\/04\/centro-historico-cuernavaca-1-768x512.jpg 768w, https:\/\/cuernavaca.gob.mx\/wp-content\/uploads\/2023\/04\/centro-historico-cuernavaca-1-1536x1023.jpg 1536w, https:\/\/cuernavaca.gob.mx\/wp-content\/uploads\/2023\/04\/centro-historico-cuernavaca-1-600x400.jpg 600w, https:\/\/cuernavaca.gob.mx\/wp-content\/uploads\/2023\/04\/centro-historico-cuernavaca-1-560x373.jpg 560w, https:\/\/cuernavaca.gob.mx\/wp-content\/uploads\/2023\/04\/centro-historico-cuernavaca-1.jpg 1600w\" sizes=\"(max-width: 1024px) 100vw, 1024px\" \/><\/figure>\n\n\n\n<figure class=\"wp-block-image size-large\"><img loading=\"lazy\" width=\"1024\" height=\"683\" data-id=\"26915\"  src=\"https:\/\/cuernavaca.gob.mx\/wp-content\/uploads\/2023\/04\/centro-historico-cuernavaca-2-1024x683.jpg\" alt=\"\" class=\"wp-image-26915\" srcset=\"https:\/\/cuernavaca.gob.mx\/wp-content\/uploads\/2023\/04\/centro-historico-cuernavaca-2-1024x683.jpg 1024w, https:\/\/cuernavaca.gob.mx\/wp-content\/uploads\/2023\/04\/centro-historico-cuernavaca-2-300x200.jpg 300w, https:\/\/cuernavaca.gob.mx\/wp-content\/uploads\/2023\/04\/centro-historico-cuernavaca-2-768x512.jpg 768w, https:\/\/cuernavaca.gob.mx\/wp-content\/uploads\/2023\/04\/centro-historico-cuernavaca-2-1536x1024.jpg 1536w, https:\/\/cuernavaca.gob.mx\/wp-content\/uploads\/2023\/04\/centro-historico-cuernavaca-2-600x400.jpg 600w, https:\/\/cuernavaca.gob.mx\/wp-content\/uploads\/2023\/04\/centro-historico-cuernavaca-2-560x373.jpg 560w, https:\/\/cuernavaca.gob.mx\/wp-content\/uploads\/2023\/04\/centro-historico-cuernavaca-2.jpg 1600w\" sizes=\"(max-width: 1024px) 100vw, 1024px\" \/><\/figure>\n\n\n\n<figure class=\"wp-block-image size-large\"><img loading=\"lazy\" width=\"1024\" height=\"682\" data-id=\"26916\"  src=\"https:\/\/cuernavaca.gob.mx\/wp-content\/uploads\/2023\/04\/centro-historico-cuernavaca-3-1024x682.jpg\" alt=\"\" class=\"wp-image-26916\" srcset=\"https:\/\/cuernavaca.gob.mx\/wp-content\/uploads\/2023\/04\/centro-historico-cuernavaca-3-1024x682.jpg 1024w, https:\/\/cuernavaca.gob.mx\/wp-content\/uploads\/2023\/04\/centro-historico-cuernavaca-3-300x200.jpg 300w, https:\/\/cuernavaca.gob.mx\/wp-content\/uploads\/2023\/04\/centro-historico-cuernavaca-3-768x512.jpg 768w, https:\/\/cuernavaca.gob.mx\/wp-content\/uploads\/2023\/04\/centro-historico-cuernavaca-3-1536x1023.jpg 1536w, https:\/\/cuernavaca.gob.mx\/wp-content\/uploads\/2023\/04\/centro-historico-cuernavaca-3-600x400.jpg 600w, https:\/\/cuernavaca.gob.mx\/wp-content\/uploads\/2023\/04\/centro-historico-cuernavaca-3-560x373.jpg 560w, https:\/\/cuernavaca.gob.mx\/wp-content\/uploads\/2023\/04\/centro-historico-cuernavaca-3.jpg 1600w\" sizes=\"(max-width: 1024px) 100vw, 1024px\" \/><\/figure>\n\n\n\n<figure class=\"wp-block-image size-large\"><img loading=\"lazy\" width=\"1024\" height=\"682\" data-id=\"26919\"  src=\"https:\/\/cuernavaca.gob.mx\/wp-content\/uploads\/2023\/04\/centro-historico-cuernavaca-4-1024x682.jpg\" alt=\"\" class=\"wp-image-26919\" srcset=\"https:\/\/cuernavaca.gob.mx\/wp-content\/uploads\/2023\/04\/centro-historico-cuernavaca-4-1024x682.jpg 1024w, https:\/\/cuernavaca.gob.mx\/wp-content\/uploads\/2023\/04\/centro-historico-cuernavaca-4-300x200.jpg 300w, https:\/\/cuernavaca.gob.mx\/wp-content\/uploads\/2023\/04\/centro-historico-cuernavaca-4-768x512.jpg 768w, https:\/\/cuernavaca.gob.mx\/wp-content\/uploads\/2023\/04\/centro-historico-cuernavaca-4-1536x1023.jpg 1536w, https:\/\/cuernavaca.gob.mx\/wp-content\/uploads\/2023\/04\/centro-historico-cuernavaca-4-600x400.jpg 600w, https:\/\/cuernavaca.gob.mx\/wp-content\/uploads\/2023\/04\/centro-historico-cuernavaca-4-560x373.jpg 560w, https:\/\/cuernavaca.gob.mx\/wp-content\/uploads\/2023\/04\/centro-historico-cuernavaca-4.jpg 1600w\" sizes=\"(max-width: 1024px) 100vw, 1024px\" \/><\/figure>\n\n\n\n<figure class=\"wp-block-image size-large\"><img loading=\"lazy\" width=\"1024\" height=\"682\" data-id=\"26918\"  src=\"https:\/\/cuernavaca.gob.mx\/wp-content\/uploads\/2023\/04\/centro-historico-cuernavaca-5-1024x682.jpg\" alt=\"\" class=\"wp-image-26918\" srcset=\"https:\/\/cuernavaca.gob.mx\/wp-content\/uploads\/2023\/04\/centro-historico-cuernavaca-5-1024x682.jpg 1024w, https:\/\/cuernavaca.gob.mx\/wp-content\/uploads\/2023\/04\/centro-historico-cuernavaca-5-300x200.jpg 300w, https:\/\/cuernavaca.gob.mx\/wp-content\/uploads\/2023\/04\/centro-historico-cuernavaca-5-768x512.jpg 768w, https:\/\/cuernavaca.gob.mx\/wp-content\/uploads\/2023\/04\/centro-historico-cuernavaca-5-1536x1023.jpg 1536w, https:\/\/cuernavaca.gob.mx\/wp-content\/uploads\/2023\/04\/centro-historico-cuernavaca-5-600x400.jpg 600w, https:\/\/cuernavaca.gob.mx\/wp-content\/uploads\/2023\/04\/centro-historico-cuernavaca-5-560x373.jpg 560w, https:\/\/cuernavaca.gob.mx\/wp-content\/uploads\/2023\/04\/centro-historico-cuernavaca-5.jpg 1600w\" sizes=\"(max-width: 1024px) 100vw, 1024px\" \/><\/figure>\n\n\n\n<figure class=\"wp-block-image size-large\"><img loading=\"lazy\" width=\"1024\" height=\"682\" data-id=\"26917\"  src=\"https:\/\/cuernavaca.gob.mx\/wp-content\/uploads\/2023\/04\/centro-historico-cuernavaca-6-1024x682.jpg\" alt=\"\" class=\"wp-image-26917\" srcset=\"https:\/\/cuernavaca.gob.mx\/wp-content\/uploads\/2023\/04\/centro-historico-cuernavaca-6-1024x682.jpg 1024w, https:\/\/cuernavaca.gob.mx\/wp-content\/uploads\/2023\/04\/centro-historico-cuernavaca-6-300x200.jpg 300w, https:\/\/cuernavaca.gob.mx\/wp-content\/uploads\/2023\/04\/centro-historico-cuernavaca-6-768x512.jpg 768w, https:\/\/cuernavaca.gob.mx\/wp-content\/uploads\/2023\/04\/centro-historico-cuernavaca-6-1536x1023.jpg 1536w, https:\/\/cuernavaca.gob.mx\/wp-content\/uploads\/2023\/04\/centro-historico-cuernavaca-6-600x400.jpg 600w, https:\/\/cuernavaca.gob.mx\/wp-content\/uploads\/2023\/04\/centro-historico-cuernavaca-6-560x373.jpg 560w, https:\/\/cuernavaca.gob.mx\/wp-content\/uploads\/2023\/04\/centro-historico-cuernavaca-6.jpg 1600w\" sizes=\"(max-width: 1024px) 100vw, 1024px\" \/><\/figure>\n<\/figure>\n","protected":false},"excerpt":{"rendered":"<p>\u2022 Distintas \u00e1reas de la administraci\u00f3n p\u00fablica se han reunido de manera peri\u00f3dica para avanzar en este proyecto que plantea su seguridad, orden, limpieza y embellecimiento Por indicaci\u00f3n del presidente municipal de Cuernavaca, Jos\u00e9 Luis Uri\u00f3stegui Salgado, distintas \u00e1reas de la administraci\u00f3n p\u00fablica se han reunido de manera peri\u00f3dica para avanzar en el renacer del [&hellip;]<\/p>\n","protected":false},"author":1,"featured_media":26917,"comment_status":"closed","ping_status":"open","sticky":false,"template":"","format":"standard","meta":[],"categories":[20],"tags":[1145,121,120,206],"aioseo_notices":[],"_links":{"self":[{"href":"https:\/\/cuernavaca.gob.mx\/index.php?rest_route=\/wp\/v2\/posts\/26913"}],"collection":[{"href":"https:\/\/cuernavaca.gob.mx\/index.php?rest_route=\/wp\/v2\/posts"}],"about":[{"href":"https:\/\/cuernavaca.gob.mx\/index.php?rest_route=\/wp\/v2\/types\/post"}],"author":[{"embeddable":true,"href":"https:\/\/cuernavaca.gob.mx\/index.php?rest_route=\/wp\/v2\/users\/1"}],"replies":[{"embeddable":true,"href":"https:\/\/cuernavaca.gob.mx\/index.php?rest_route=%2Fwp%2Fv2%2Fcomments&post=26913"}],"version-history":[{"count":1,"href":"https:\/\/cuernavaca.gob.mx\/index.php?rest_route=\/wp\/v2\/posts\/26913\/revisions"}],"predecessor-version":[{"id":26920,"href":"https:\/\/cuernavaca.gob.mx\/index.php?rest_route=\/wp\/v2\/posts\/26913\/revisions\/26920"}],"wp:featuredmedia":[{"embeddable":true,"href":"https:\/\/cuernavaca.gob.mx\/index.php?rest_route=\/wp\/v2\/media\/26917"}],"wp:attachment":[{"href":"https:\/\/cuernavaca.gob.mx\/index.php?rest_route=%2Fwp%2Fv2%2Fmedia&parent=26913"}],"wp:term":[{"taxonomy":"category","embeddable":true,"href":"https:\/\/cuernavaca.gob.mx\/index.php?rest_route=%2Fwp%2Fv2%2Fcategories&post=26913"},{"taxonomy":"post_tag","embeddable":true,"href":"https:\/\/cuernavaca.gob.mx\/index.php?rest_route=%2Fwp%2Fv2%2Ftags&post=26913"}],"curies":[{"name":"wp","href":"https:\/\/api.w.org\/{rel}","templated":true}]}}