{"id":26922,"date":"2023-04-01T14:00:00","date_gmt":"2023-04-01T20:00:00","guid":{"rendered":"https:\/\/cuernavaca.gob.mx\/?p=26922"},"modified":"2025-05-06T12:35:40","modified_gmt":"2025-05-06T18:35:40","slug":"f396-01-04-23-gobierno-de-cuernavaca-y-morelos-rinde-cuentas-siguen-trabajando-para-que-cuernavaca-sea-una-ciudad-mas-democratica","status":"publish","type":"post","link":"https:\/\/cuernavaca.gob.mx\/?p=26922","title":{"rendered":"F396 01\/04\/23 GOBIERNO DE CUERNAVACA Y MORELOS RINDE CUENTAS SIGUEN TRABAJANDO PARA QUE CUERNAVACA SEA UNA CIUDAD M\u00c1S DEMOCR\u00c1TICA"},"content":{"rendered":"\n<p>Con el prop\u00f3sito de seguir avanzando en la construcci\u00f3n de una ciudad m\u00e1s democr\u00e1tica, el presidente municipal de Cuernavaca, Jos\u00e9 Luis Uri\u00f3stegui Salgado, encabez\u00f3 una nueva reuni\u00f3n de trabajo con el Centro de Investigaci\u00f3n Morelos Rinde de Cuentas, a fin de analizar la posibilidad de acceder a una plataforma digital donde la ciudadan\u00eda pueda albergar sus propuestas para la ejecuci\u00f3n del presupuesto participativo.<\/p>\n\n\n\n<p>En presencia del tesorero municipal, Javier Arozarena Salazar; el codirector del Centro de Investigaci\u00f3n Morelos Rinde Cuentas, Roberto Salinas Ram\u00edrez y Vera Sisniega Aspe, colaboradora del centro, informaron que esta plataforma naci\u00f3 desde la sociedad civil en Barcelona, Espa\u00f1a, aunque ha sido implementada en otras ciudades, entre ellas Monterrey, M\u00e9rida y el estado de Veracruz, con el prop\u00f3sito de generar una sociedad m\u00e1s abierta, transparente y colaborativa en la toma de decisiones, como ejemplo en materia de obra o servicios p\u00fablicos.<\/p>\n\n\n\n<p>Salinas Ram\u00edrez explic\u00f3 que esta plataforma gratuita en c\u00f3digo abierto, ayudar\u00e1 a que la poblaci\u00f3n est\u00e9 m\u00e1s cerca del gobierno, que conozcan los planes y programas de trabajo, pero al mismo tiempo las autoridades municipales escuchen y conozca las propuestas que emanan de la comunidad para mejorar a la capital del estado.<\/p>\n\n\n\n<p>Entre los acuerdos establecidos es que la propuesta ser\u00e1 desarrollada entre el Instituto Municipal de Planeaci\u00f3n (IMPLAN) y el centro de investigaci\u00f3n, con quien adem\u00e1s el municipio contin\u00faa transparentando el predial y el uso de los recursos p\u00fablicos en general.<\/p>\n\n\n\n<figure class=\"wp-container-2 wp-block-gallery-1 wp-block-gallery has-nested-images columns-default is-cropped\">\n<figure class=\"wp-block-image size-large\"><img loading=\"lazy\" width=\"1024\" height=\"683\" data-id=\"26924\"  src=\"https:\/\/cuernavaca.gob.mx\/wp-content\/uploads\/2023\/04\/cuernavaca-y-morelos-rinde-cuentas-1-1024x683.jpg\" alt=\"\" class=\"wp-image-26924\" srcset=\"https:\/\/cuernavaca.gob.mx\/wp-content\/uploads\/2023\/04\/cuernavaca-y-morelos-rinde-cuentas-1-1024x683.jpg 1024w, https:\/\/cuernavaca.gob.mx\/wp-content\/uploads\/2023\/04\/cuernavaca-y-morelos-rinde-cuentas-1-300x200.jpg 300w, https:\/\/cuernavaca.gob.mx\/wp-content\/uploads\/2023\/04\/cuernavaca-y-morelos-rinde-cuentas-1-768x512.jpg 768w, https:\/\/cuernavaca.gob.mx\/wp-content\/uploads\/2023\/04\/cuernavaca-y-morelos-rinde-cuentas-1-1536x1024.jpg 1536w, https:\/\/cuernavaca.gob.mx\/wp-content\/uploads\/2023\/04\/cuernavaca-y-morelos-rinde-cuentas-1-600x400.jpg 600w, https:\/\/cuernavaca.gob.mx\/wp-content\/uploads\/2023\/04\/cuernavaca-y-morelos-rinde-cuentas-1-560x373.jpg 560w, https:\/\/cuernavaca.gob.mx\/wp-content\/uploads\/2023\/04\/cuernavaca-y-morelos-rinde-cuentas-1.jpg 1599w\" sizes=\"(max-width: 1024px) 100vw, 1024px\" \/><\/figure>\n\n\n\n<figure class=\"wp-block-image size-large\"><img loading=\"lazy\" width=\"1024\" height=\"683\" data-id=\"26923\"  src=\"https:\/\/cuernavaca.gob.mx\/wp-content\/uploads\/2023\/04\/cuernavaca-y-morelos-rinde-cuentas-2-1024x683.jpg\" alt=\"\" class=\"wp-image-26923\" srcset=\"https:\/\/cuernavaca.gob.mx\/wp-content\/uploads\/2023\/04\/cuernavaca-y-morelos-rinde-cuentas-2-1024x683.jpg 1024w, https:\/\/cuernavaca.gob.mx\/wp-content\/uploads\/2023\/04\/cuernavaca-y-morelos-rinde-cuentas-2-300x200.jpg 300w, https:\/\/cuernavaca.gob.mx\/wp-content\/uploads\/2023\/04\/cuernavaca-y-morelos-rinde-cuentas-2-768x512.jpg 768w, https:\/\/cuernavaca.gob.mx\/wp-content\/uploads\/2023\/04\/cuernavaca-y-morelos-rinde-cuentas-2-1536x1024.jpg 1536w, https:\/\/cuernavaca.gob.mx\/wp-content\/uploads\/2023\/04\/cuernavaca-y-morelos-rinde-cuentas-2-600x400.jpg 600w, https:\/\/cuernavaca.gob.mx\/wp-content\/uploads\/2023\/04\/cuernavaca-y-morelos-rinde-cuentas-2-560x373.jpg 560w, https:\/\/cuernavaca.gob.mx\/wp-content\/uploads\/2023\/04\/cuernavaca-y-morelos-rinde-cuentas-2.jpg 1599w\" sizes=\"(max-width: 1024px) 100vw, 1024px\" \/><\/figure>\n\n\n\n<figure class=\"wp-block-image size-large\"><img loading=\"lazy\" width=\"1024\" height=\"683\" data-id=\"26925\"  src=\"https:\/\/cuernavaca.gob.mx\/wp-content\/uploads\/2023\/04\/cuernavaca-y-morelos-rinde-cuentas-3-1024x683.jpg\" alt=\"\" class=\"wp-image-26925\" srcset=\"https:\/\/cuernavaca.gob.mx\/wp-content\/uploads\/2023\/04\/cuernavaca-y-morelos-rinde-cuentas-3-1024x683.jpg 1024w, https:\/\/cuernavaca.gob.mx\/wp-content\/uploads\/2023\/04\/cuernavaca-y-morelos-rinde-cuentas-3-300x200.jpg 300w, https:\/\/cuernavaca.gob.mx\/wp-content\/uploads\/2023\/04\/cuernavaca-y-morelos-rinde-cuentas-3-768x512.jpg 768w, https:\/\/cuernavaca.gob.mx\/wp-content\/uploads\/2023\/04\/cuernavaca-y-morelos-rinde-cuentas-3-1536x1024.jpg 1536w, https:\/\/cuernavaca.gob.mx\/wp-content\/uploads\/2023\/04\/cuernavaca-y-morelos-rinde-cuentas-3-600x400.jpg 600w, https:\/\/cuernavaca.gob.mx\/wp-content\/uploads\/2023\/04\/cuernavaca-y-morelos-rinde-cuentas-3-560x373.jpg 560w, https:\/\/cuernavaca.gob.mx\/wp-content\/uploads\/2023\/04\/cuernavaca-y-morelos-rinde-cuentas-3.jpg 1599w\" sizes=\"(max-width: 1024px) 100vw, 1024px\" \/><\/figure>\n<\/figure>\n","protected":false},"excerpt":{"rendered":"<p>Con el prop\u00f3sito de seguir avanzando en la construcci\u00f3n de una ciudad m\u00e1s democr\u00e1tica, el presidente municipal de Cuernavaca, Jos\u00e9 Luis Uri\u00f3stegui Salgado, encabez\u00f3 una nueva reuni\u00f3n de trabajo con el Centro de Investigaci\u00f3n Morelos Rinde de Cuentas, a fin de analizar la posibilidad de acceder a una plataforma digital donde la ciudadan\u00eda pueda albergar [&hellip;]<\/p>\n","protected":false},"author":1,"featured_media":26923,"comment_status":"closed","ping_status":"open","sticky":false,"template":"","format":"standard","meta":[],"categories":[20],"tags":[1484,121,120,206,478,1727],"aioseo_notices":[],"_links":{"self":[{"href":"https:\/\/cuernavaca.gob.mx\/index.php?rest_route=\/wp\/v2\/posts\/26922"}],"collection":[{"href":"https:\/\/cuernavaca.gob.mx\/index.php?rest_route=\/wp\/v2\/posts"}],"about":[{"href":"https:\/\/cuernavaca.gob.mx\/index.php?rest_route=\/wp\/v2\/types\/post"}],"author":[{"embeddable":true,"href":"https:\/\/cuernavaca.gob.mx\/index.php?rest_route=\/wp\/v2\/users\/1"}],"replies":[{"embeddable":true,"href":"https:\/\/cuernavaca.gob.mx\/index.php?rest_route=%2Fwp%2Fv2%2Fcomments&post=26922"}],"version-history":[{"count":1,"href":"https:\/\/cuernavaca.gob.mx\/index.php?rest_route=\/wp\/v2\/posts\/26922\/revisions"}],"predecessor-version":[{"id":26926,"href":"https:\/\/cuernavaca.gob.mx\/index.php?rest_route=\/wp\/v2\/posts\/26922\/revisions\/26926"}],"wp:featuredmedia":[{"embeddable":true,"href":"https:\/\/cuernavaca.gob.mx\/index.php?rest_route=\/wp\/v2\/media\/26923"}],"wp:attachment":[{"href":"https:\/\/cuernavaca.gob.mx\/index.php?rest_route=%2Fwp%2Fv2%2Fmedia&parent=26922"}],"wp:term":[{"taxonomy":"category","embeddable":true,"href":"https:\/\/cuernavaca.gob.mx\/index.php?rest_route=%2Fwp%2Fv2%2Fcategories&post=26922"},{"taxonomy":"post_tag","embeddable":true,"href":"https:\/\/cuernavaca.gob.mx\/index.php?rest_route=%2Fwp%2Fv2%2Ftags&post=26922"}],"curies":[{"name":"wp","href":"https:\/\/api.w.org\/{rel}","templated":true}]}}