{"id":27082,"date":"2023-04-06T15:45:00","date_gmt":"2023-04-06T21:45:00","guid":{"rendered":"https:\/\/cuernavaca.gob.mx\/?p=27082"},"modified":"2025-05-06T12:35:37","modified_gmt":"2025-05-06T18:35:37","slug":"b894-06-04-23-dos-camiones-de-bomberos-se-suman-a-la-fuerza-de-rescate-y-emergencias-de-cuernavaca","status":"publish","type":"post","link":"https:\/\/cuernavaca.gob.mx\/?p=27082","title":{"rendered":"B894 06\/04\/23 DOS CAMIONES DE BOMBEROS SE SUMAN A LA FUERZA DE RESCATE Y EMERGENCIAS DE CUERNAVACA"},"content":{"rendered":"\n<p><strong>\u2022 Esto es resultado de una gesti\u00f3n a trav\u00e9s del programa de hermanamiento entre la capital morelense y la ciudad de Minneapolis<\/strong><\/p>\n\n\n\n<p><strong>\u2022 Jos\u00e9 Luis Uri\u00f3stegui resalt\u00f3 la visita oficial de Bill Deef, vicepresidente Senior de la Asociaci\u00f3n de Asuntos P\u00fablicos de Minneapolis para construir tambi\u00e9n una relaci\u00f3n econ\u00f3mica de gran valor que impulse la visi\u00f3n tur\u00edstica<\/strong><\/p>\n\n\n\n<p>Tras 15 a\u00f1os de gestiones, la ciudad de Cuernavaca renace a partir de este jueves con la donaci\u00f3n de dos nuevos camiones de bomberos y una ambulancia totalmente equipados para la salvaguarda de la poblaci\u00f3n y visitantes, lo cual se concret\u00f3 gracias a la voluntad del presidente municipal, Jos\u00e9 Luis Uri\u00f3stegui Salgado, como parte del programa de hermanamiento entre la capital morelense y la ciudad de Minneapolis, Minnesota.<\/p>\n\n\n\n<p>En el acto de entrega formal que tuvo como sede el reci\u00e9n inaugurado parque Dr. Fernando Rodr\u00edguez Vizcarra, a un costado de las pir\u00e1mides de Teopanzolco; el presidente municipal agradeci\u00f3 el apoyo permanente por parte del gobierno de Minneapolis con quienes desde el a\u00f1o 2008 la ciudad cuenta con un hermanamiento y que en esta ocasi\u00f3n estuvo representado por el vicepresidente Senior de la Asociaci\u00f3n de Asuntos P\u00fablicos y Convenciones de la ciudad de Minneapolis, Bill Deef y el vicepresidente de CAMINO, Organizaci\u00f3n de Ciudades Hermanas de Cuernavaca y Minneapolis, William Reyes.<\/p>\n\n\n\n<p>Acompa\u00f1ado de integrantes del Cabildo y Gabinete, as\u00ed como del Heroico Cuerpo de Bomberos, Rescate y Urgencias M\u00e9dicas, puntualiz\u00f3 que esta visita oficial no solo ha sido para formalizar la entrega de los camiones de bomberos, sino ha permitido un marco m\u00e1s amplio de conversaciones con el Consejo Consultivo de Turismo y el Consejo de la Cultura y las Artes del Municipio de Cuernavaca, as\u00ed como con presidentes de c\u00e1maras empresariales, a fin de construir una relaci\u00f3n econ\u00f3mica de gran valor, tanto para Minneapolis como para Cuernavaca.<\/p>\n\n\n\n<p>&#8220;Cuernavaca recibe estos camiones con la esperanza de salvar vidas, pero al mismo tiempo demuestran la fuerza de un v\u00ednculo entre dos ciudades tan distintas en territorio, pero tan cercanas en coraz\u00f3n&#8221;, expres\u00f3.<\/p>\n\n\n\n<p>En su mensaje, a nombre del alcalde de Minneapolis, Jacob Lawrence Frey, el vicepresidente Senior de la Asociaci\u00f3n de Asuntos P\u00fablicos y Convenciones, Bill Deef, manifest\u00f3 su confianza de que este equipo de bomberos que ha servido tan bien en su ciudad, har\u00e1 lo mismo en Cuernavaca salvando vidas, esperando que este pueda ser el inicio de futuros intercambios, donaciones y programas de entrenamiento para los bomberos en el combate a incendios y emergencias que se presenten, como ocurri\u00f3 en el a\u00f1o 2009 cuando recibieron a una delegaci\u00f3n de bomberos cuernavacenses y de Morelos, estableciendo la posibilidad de donarles estos camiones.<\/p>\n\n\n\n<p>Por su lado, el vicepresidente de CAMINO, Organizaci\u00f3n de Ciudades Hermanas de Cuernavaca y Minneapolis, William Reyes, agradeci\u00f3 el apoyo de distintas organizaciones, del Consulado de Minneapolis en San Paul y de su mam\u00e1, Columba Reyes, directora ejecutiva de CAMINO, quien desde hace 15 a\u00f1os impuls\u00f3 esta donaci\u00f3n que, si bien tomo mucho tiempo, hoy finalmente lo lograron, esperando que los camiones de bomberos puedan ser de mucha ayuda para la capital morelense.<\/p>\n\n\n\n<p>En representaci\u00f3n de su hermano que fue la persona peticionaria de los camiones, el profesor, Leonardo Gerardo Rodr\u00edguez Guerrero, reconoci\u00f3 que el respaldo de muchos connacionales que residen en Minneapolis donde habitan m\u00e1s de 50 mil morelenses, quienes tuvieron el inter\u00e9s de retribuir algo al lugar que los vio nacer, motiv\u00e1ndolos a trabajar de manera conjunta para que la capital del estado de Morelos cuente actualmente con dos nuevos camiones de bomberos.<\/p>\n\n\n\n<p>Finalmente, la exdirectora de Desarrollo Econ\u00f3mico y Turismo del municipio de Cuernavaca en la administraci\u00f3n 2006- 2009, Margarita Gonz\u00e1lez Saravia, actual directora de la Loter\u00eda Nacional, subray\u00f3 su benepl\u00e1cito de que una acci\u00f3n que hizo el presidente municipal Jes\u00fas Giles S\u00e1nchez, lo contin\u00fae otro gran presidente municipal como es Jos\u00e9 Luis Uri\u00f3stegui, para consolidar las mejores cosas a favor de la ciudad.<\/p>\n\n\n\n<p>En el evento se cont\u00f3 con la asistencia por parte del Gobierno Municipal de la s\u00edndica municipal, Ver\u00f3nica Atenco P\u00e9rez; los regidores Wendi Salinas Ruiz, Mirna Delgado Romero, Patricia Torres Rosales, Lucero Cuenca Noria, Fernando Carrillo Alvarado, Jes\u00fas Rosales Puebla, Christian P\u00e9rez Jaimes, Debendrenath Salazar Solorio y V\u00edctor Manzo God\u00ednez.<\/p>\n\n\n\n<p>Asimismo, el secretario del Ayuntamiento, Carlos de la Rosa Segura; la secretaria de Protecci\u00f3n y Auxilio Ciudadano, Alicia V\u00e1zquez Luna; el secretario de Desarrollo Sustentable y Servicios P\u00fablicos, Israel Albavera V\u00e1zquez; la consejera jur\u00eddica, Nadia Luz Lara Ch\u00e1vez; la coordinadora de Protecci\u00f3n Civil de Cuernavaca, Roc\u00edo Guadarrama Garc\u00eda; y el director del Heroico Cuerpo de Bomberos, Rescate y Urgencias M\u00e9dicas, Rub\u00e9n Casta\u00f1eda Hern\u00e1ndez.<\/p>\n\n\n\n<p>En tanto de la sociedad civil estuvieron presentes Erick Friend, presidente de la fundaci\u00f3n Comunidad; Isa\u00edas Manuel Manrique Zapata, nieto del general Emiliano Zapata; Fernando Serrano, quien llev\u00f3 la estatua del general Emiliano Zapata a Minneapolis; entre muchos m\u00e1s ciudadanos que atestiguaron este importante evento.<\/p>\n\n\n\n<figure class=\"wp-container-2 wp-block-gallery-1 wp-block-gallery has-nested-images columns-default is-cropped\">\n<figure class=\"wp-block-image size-large\"><img loading=\"lazy\" width=\"1024\" height=\"576\" data-id=\"27091\"  src=\"https:\/\/cuernavaca.gob.mx\/wp-content\/uploads\/2023\/04\/camiones-de-bombero-cuernavaca-1-1024x576.jpg\" alt=\"\" class=\"wp-image-27091\" srcset=\"https:\/\/cuernavaca.gob.mx\/wp-content\/uploads\/2023\/04\/camiones-de-bombero-cuernavaca-1-1024x576.jpg 1024w, https:\/\/cuernavaca.gob.mx\/wp-content\/uploads\/2023\/04\/camiones-de-bombero-cuernavaca-1-300x169.jpg 300w, https:\/\/cuernavaca.gob.mx\/wp-content\/uploads\/2023\/04\/camiones-de-bombero-cuernavaca-1-768x432.jpg 768w, https:\/\/cuernavaca.gob.mx\/wp-content\/uploads\/2023\/04\/camiones-de-bombero-cuernavaca-1-1536x864.jpg 1536w, https:\/\/cuernavaca.gob.mx\/wp-content\/uploads\/2023\/04\/camiones-de-bombero-cuernavaca-1-600x338.jpg 600w, https:\/\/cuernavaca.gob.mx\/wp-content\/uploads\/2023\/04\/camiones-de-bombero-cuernavaca-1-560x315.jpg 560w, https:\/\/cuernavaca.gob.mx\/wp-content\/uploads\/2023\/04\/camiones-de-bombero-cuernavaca-1.jpg 1600w\" sizes=\"(max-width: 1024px) 100vw, 1024px\" \/><\/figure>\n\n\n\n<figure class=\"wp-block-image size-large\"><img loading=\"lazy\" width=\"1024\" height=\"682\" data-id=\"27095\"  src=\"https:\/\/cuernavaca.gob.mx\/wp-content\/uploads\/2023\/04\/camiones-de-bombero-cuernavaca-2-1024x682.jpg\" alt=\"\" class=\"wp-image-27095\" srcset=\"https:\/\/cuernavaca.gob.mx\/wp-content\/uploads\/2023\/04\/camiones-de-bombero-cuernavaca-2-1024x682.jpg 1024w, https:\/\/cuernavaca.gob.mx\/wp-content\/uploads\/2023\/04\/camiones-de-bombero-cuernavaca-2-300x200.jpg 300w, https:\/\/cuernavaca.gob.mx\/wp-content\/uploads\/2023\/04\/camiones-de-bombero-cuernavaca-2-768x512.jpg 768w, https:\/\/cuernavaca.gob.mx\/wp-content\/uploads\/2023\/04\/camiones-de-bombero-cuernavaca-2-1536x1023.jpg 1536w, https:\/\/cuernavaca.gob.mx\/wp-content\/uploads\/2023\/04\/camiones-de-bombero-cuernavaca-2-600x400.jpg 600w, https:\/\/cuernavaca.gob.mx\/wp-content\/uploads\/2023\/04\/camiones-de-bombero-cuernavaca-2-560x373.jpg 560w, https:\/\/cuernavaca.gob.mx\/wp-content\/uploads\/2023\/04\/camiones-de-bombero-cuernavaca-2.jpg 1600w\" sizes=\"(max-width: 1024px) 100vw, 1024px\" \/><\/figure>\n\n\n\n<figure class=\"wp-block-image size-large\"><img loading=\"lazy\" width=\"1024\" height=\"682\" data-id=\"27097\"  src=\"https:\/\/cuernavaca.gob.mx\/wp-content\/uploads\/2023\/04\/camiones-de-bombero-cuernavaca-3-1024x682.jpg\" alt=\"\" class=\"wp-image-27097\" srcset=\"https:\/\/cuernavaca.gob.mx\/wp-content\/uploads\/2023\/04\/camiones-de-bombero-cuernavaca-3-1024x682.jpg 1024w, https:\/\/cuernavaca.gob.mx\/wp-content\/uploads\/2023\/04\/camiones-de-bombero-cuernavaca-3-300x200.jpg 300w, https:\/\/cuernavaca.gob.mx\/wp-content\/uploads\/2023\/04\/camiones-de-bombero-cuernavaca-3-768x512.jpg 768w, https:\/\/cuernavaca.gob.mx\/wp-content\/uploads\/2023\/04\/camiones-de-bombero-cuernavaca-3-1536x1023.jpg 1536w, https:\/\/cuernavaca.gob.mx\/wp-content\/uploads\/2023\/04\/camiones-de-bombero-cuernavaca-3-600x400.jpg 600w, https:\/\/cuernavaca.gob.mx\/wp-content\/uploads\/2023\/04\/camiones-de-bombero-cuernavaca-3-560x373.jpg 560w, https:\/\/cuernavaca.gob.mx\/wp-content\/uploads\/2023\/04\/camiones-de-bombero-cuernavaca-3.jpg 1600w\" sizes=\"(max-width: 1024px) 100vw, 1024px\" \/><\/figure>\n\n\n\n<figure class=\"wp-block-image size-large\"><img loading=\"lazy\" width=\"1024\" height=\"682\" data-id=\"27089\"  src=\"https:\/\/cuernavaca.gob.mx\/wp-content\/uploads\/2023\/04\/camiones-de-bombero-cuernavaca-4-1024x682.jpg\" alt=\"\" class=\"wp-image-27089\" srcset=\"https:\/\/cuernavaca.gob.mx\/wp-content\/uploads\/2023\/04\/camiones-de-bombero-cuernavaca-4-1024x682.jpg 1024w, https:\/\/cuernavaca.gob.mx\/wp-content\/uploads\/2023\/04\/camiones-de-bombero-cuernavaca-4-300x200.jpg 300w, https:\/\/cuernavaca.gob.mx\/wp-content\/uploads\/2023\/04\/camiones-de-bombero-cuernavaca-4-768x512.jpg 768w, https:\/\/cuernavaca.gob.mx\/wp-content\/uploads\/2023\/04\/camiones-de-bombero-cuernavaca-4-1536x1023.jpg 1536w, https:\/\/cuernavaca.gob.mx\/wp-content\/uploads\/2023\/04\/camiones-de-bombero-cuernavaca-4-600x400.jpg 600w, https:\/\/cuernavaca.gob.mx\/wp-content\/uploads\/2023\/04\/camiones-de-bombero-cuernavaca-4-560x373.jpg 560w, https:\/\/cuernavaca.gob.mx\/wp-content\/uploads\/2023\/04\/camiones-de-bombero-cuernavaca-4.jpg 1600w\" sizes=\"(max-width: 1024px) 100vw, 1024px\" \/><\/figure>\n\n\n\n<figure class=\"wp-block-image size-large\"><img loading=\"lazy\" width=\"1024\" height=\"682\" data-id=\"27099\"  src=\"https:\/\/cuernavaca.gob.mx\/wp-content\/uploads\/2023\/04\/camiones-de-bombero-cuernavaca-5-1024x682.jpg\" alt=\"\" class=\"wp-image-27099\" srcset=\"https:\/\/cuernavaca.gob.mx\/wp-content\/uploads\/2023\/04\/camiones-de-bombero-cuernavaca-5-1024x682.jpg 1024w, https:\/\/cuernavaca.gob.mx\/wp-content\/uploads\/2023\/04\/camiones-de-bombero-cuernavaca-5-300x200.jpg 300w, https:\/\/cuernavaca.gob.mx\/wp-content\/uploads\/2023\/04\/camiones-de-bombero-cuernavaca-5-768x512.jpg 768w, https:\/\/cuernavaca.gob.mx\/wp-content\/uploads\/2023\/04\/camiones-de-bombero-cuernavaca-5-1536x1023.jpg 1536w, https:\/\/cuernavaca.gob.mx\/wp-content\/uploads\/2023\/04\/camiones-de-bombero-cuernavaca-5-600x400.jpg 600w, https:\/\/cuernavaca.gob.mx\/wp-content\/uploads\/2023\/04\/camiones-de-bombero-cuernavaca-5-560x373.jpg 560w, https:\/\/cuernavaca.gob.mx\/wp-content\/uploads\/2023\/04\/camiones-de-bombero-cuernavaca-5.jpg 1600w\" sizes=\"(max-width: 1024px) 100vw, 1024px\" \/><\/figure>\n\n\n\n<figure class=\"wp-block-image size-large\"><img loading=\"lazy\" width=\"1024\" height=\"576\" data-id=\"27096\"  src=\"https:\/\/cuernavaca.gob.mx\/wp-content\/uploads\/2023\/04\/camiones-de-bombero-cuernavaca-6-1024x576.jpg\" alt=\"\" class=\"wp-image-27096\" srcset=\"https:\/\/cuernavaca.gob.mx\/wp-content\/uploads\/2023\/04\/camiones-de-bombero-cuernavaca-6-1024x576.jpg 1024w, https:\/\/cuernavaca.gob.mx\/wp-content\/uploads\/2023\/04\/camiones-de-bombero-cuernavaca-6-300x169.jpg 300w, https:\/\/cuernavaca.gob.mx\/wp-content\/uploads\/2023\/04\/camiones-de-bombero-cuernavaca-6-768x432.jpg 768w, https:\/\/cuernavaca.gob.mx\/wp-content\/uploads\/2023\/04\/camiones-de-bombero-cuernavaca-6-1536x864.jpg 1536w, https:\/\/cuernavaca.gob.mx\/wp-content\/uploads\/2023\/04\/camiones-de-bombero-cuernavaca-6-600x338.jpg 600w, https:\/\/cuernavaca.gob.mx\/wp-content\/uploads\/2023\/04\/camiones-de-bombero-cuernavaca-6-560x315.jpg 560w, https:\/\/cuernavaca.gob.mx\/wp-content\/uploads\/2023\/04\/camiones-de-bombero-cuernavaca-6.jpg 1600w\" sizes=\"(max-width: 1024px) 100vw, 1024px\" \/><\/figure>\n\n\n\n<figure class=\"wp-block-image size-large\"><img loading=\"lazy\" width=\"1024\" height=\"682\" data-id=\"27100\"  src=\"https:\/\/cuernavaca.gob.mx\/wp-content\/uploads\/2023\/04\/camiones-de-bombero-cuernavaca-7-1024x682.jpg\" alt=\"\" class=\"wp-image-27100\" srcset=\"https:\/\/cuernavaca.gob.mx\/wp-content\/uploads\/2023\/04\/camiones-de-bombero-cuernavaca-7-1024x682.jpg 1024w, https:\/\/cuernavaca.gob.mx\/wp-content\/uploads\/2023\/04\/camiones-de-bombero-cuernavaca-7-300x200.jpg 300w, https:\/\/cuernavaca.gob.mx\/wp-content\/uploads\/2023\/04\/camiones-de-bombero-cuernavaca-7-768x512.jpg 768w, https:\/\/cuernavaca.gob.mx\/wp-content\/uploads\/2023\/04\/camiones-de-bombero-cuernavaca-7-1536x1023.jpg 1536w, https:\/\/cuernavaca.gob.mx\/wp-content\/uploads\/2023\/04\/camiones-de-bombero-cuernavaca-7-600x400.jpg 600w, https:\/\/cuernavaca.gob.mx\/wp-content\/uploads\/2023\/04\/camiones-de-bombero-cuernavaca-7-560x373.jpg 560w, https:\/\/cuernavaca.gob.mx\/wp-content\/uploads\/2023\/04\/camiones-de-bombero-cuernavaca-7.jpg 1600w\" sizes=\"(max-width: 1024px) 100vw, 1024px\" \/><\/figure>\n\n\n\n<figure class=\"wp-block-image size-large\"><img loading=\"lazy\" width=\"1024\" height=\"682\" data-id=\"27088\"  src=\"https:\/\/cuernavaca.gob.mx\/wp-content\/uploads\/2023\/04\/camiones-de-bombero-cuernavaca-8-1024x682.jpg\" alt=\"\" class=\"wp-image-27088\" srcset=\"https:\/\/cuernavaca.gob.mx\/wp-content\/uploads\/2023\/04\/camiones-de-bombero-cuernavaca-8-1024x682.jpg 1024w, https:\/\/cuernavaca.gob.mx\/wp-content\/uploads\/2023\/04\/camiones-de-bombero-cuernavaca-8-300x200.jpg 300w, https:\/\/cuernavaca.gob.mx\/wp-content\/uploads\/2023\/04\/camiones-de-bombero-cuernavaca-8-768x512.jpg 768w, https:\/\/cuernavaca.gob.mx\/wp-content\/uploads\/2023\/04\/camiones-de-bombero-cuernavaca-8-1536x1023.jpg 1536w, https:\/\/cuernavaca.gob.mx\/wp-content\/uploads\/2023\/04\/camiones-de-bombero-cuernavaca-8-600x400.jpg 600w, https:\/\/cuernavaca.gob.mx\/wp-content\/uploads\/2023\/04\/camiones-de-bombero-cuernavaca-8-560x373.jpg 560w, https:\/\/cuernavaca.gob.mx\/wp-content\/uploads\/2023\/04\/camiones-de-bombero-cuernavaca-8.jpg 1600w\" sizes=\"(max-width: 1024px) 100vw, 1024px\" \/><\/figure>\n\n\n\n<figure class=\"wp-block-image size-large\"><img loading=\"lazy\" width=\"1024\" height=\"682\" data-id=\"27094\"  src=\"https:\/\/cuernavaca.gob.mx\/wp-content\/uploads\/2023\/04\/camiones-de-bombero-cuernavaca-9-1024x682.jpg\" alt=\"\" class=\"wp-image-27094\" srcset=\"https:\/\/cuernavaca.gob.mx\/wp-content\/uploads\/2023\/04\/camiones-de-bombero-cuernavaca-9-1024x682.jpg 1024w, https:\/\/cuernavaca.gob.mx\/wp-content\/uploads\/2023\/04\/camiones-de-bombero-cuernavaca-9-300x200.jpg 300w, https:\/\/cuernavaca.gob.mx\/wp-content\/uploads\/2023\/04\/camiones-de-bombero-cuernavaca-9-768x512.jpg 768w, https:\/\/cuernavaca.gob.mx\/wp-content\/uploads\/2023\/04\/camiones-de-bombero-cuernavaca-9-1536x1023.jpg 1536w, https:\/\/cuernavaca.gob.mx\/wp-content\/uploads\/2023\/04\/camiones-de-bombero-cuernavaca-9-600x400.jpg 600w, https:\/\/cuernavaca.gob.mx\/wp-content\/uploads\/2023\/04\/camiones-de-bombero-cuernavaca-9-560x373.jpg 560w, https:\/\/cuernavaca.gob.mx\/wp-content\/uploads\/2023\/04\/camiones-de-bombero-cuernavaca-9.jpg 1600w\" sizes=\"(max-width: 1024px) 100vw, 1024px\" \/><\/figure>\n\n\n\n<figure class=\"wp-block-image size-large\"><img loading=\"lazy\" width=\"1024\" height=\"682\" data-id=\"27092\"  src=\"https:\/\/cuernavaca.gob.mx\/wp-content\/uploads\/2023\/04\/camiones-de-bombero-cuernavaca-10-1024x682.jpg\" alt=\"\" class=\"wp-image-27092\" srcset=\"https:\/\/cuernavaca.gob.mx\/wp-content\/uploads\/2023\/04\/camiones-de-bombero-cuernavaca-10-1024x682.jpg 1024w, https:\/\/cuernavaca.gob.mx\/wp-content\/uploads\/2023\/04\/camiones-de-bombero-cuernavaca-10-300x200.jpg 300w, https:\/\/cuernavaca.gob.mx\/wp-content\/uploads\/2023\/04\/camiones-de-bombero-cuernavaca-10-768x512.jpg 768w, https:\/\/cuernavaca.gob.mx\/wp-content\/uploads\/2023\/04\/camiones-de-bombero-cuernavaca-10-1536x1023.jpg 1536w, https:\/\/cuernavaca.gob.mx\/wp-content\/uploads\/2023\/04\/camiones-de-bombero-cuernavaca-10-600x400.jpg 600w, https:\/\/cuernavaca.gob.mx\/wp-content\/uploads\/2023\/04\/camiones-de-bombero-cuernavaca-10-560x373.jpg 560w, https:\/\/cuernavaca.gob.mx\/wp-content\/uploads\/2023\/04\/camiones-de-bombero-cuernavaca-10.jpg 1600w\" sizes=\"(max-width: 1024px) 100vw, 1024px\" \/><\/figure>\n\n\n\n<figure class=\"wp-block-image size-large\"><img loading=\"lazy\" width=\"1024\" height=\"682\" data-id=\"27098\"  src=\"https:\/\/cuernavaca.gob.mx\/wp-content\/uploads\/2023\/04\/camiones-de-bombero-cuernavaca-11-1024x682.jpg\" alt=\"\" class=\"wp-image-27098\" srcset=\"https:\/\/cuernavaca.gob.mx\/wp-content\/uploads\/2023\/04\/camiones-de-bombero-cuernavaca-11-1024x682.jpg 1024w, https:\/\/cuernavaca.gob.mx\/wp-content\/uploads\/2023\/04\/camiones-de-bombero-cuernavaca-11-300x200.jpg 300w, https:\/\/cuernavaca.gob.mx\/wp-content\/uploads\/2023\/04\/camiones-de-bombero-cuernavaca-11-768x512.jpg 768w, https:\/\/cuernavaca.gob.mx\/wp-content\/uploads\/2023\/04\/camiones-de-bombero-cuernavaca-11-1536x1023.jpg 1536w, https:\/\/cuernavaca.gob.mx\/wp-content\/uploads\/2023\/04\/camiones-de-bombero-cuernavaca-11-600x400.jpg 600w, https:\/\/cuernavaca.gob.mx\/wp-content\/uploads\/2023\/04\/camiones-de-bombero-cuernavaca-11-560x373.jpg 560w, https:\/\/cuernavaca.gob.mx\/wp-content\/uploads\/2023\/04\/camiones-de-bombero-cuernavaca-11.jpg 1600w\" sizes=\"(max-width: 1024px) 100vw, 1024px\" \/><\/figure>\n\n\n\n<figure class=\"wp-block-image size-large\"><img loading=\"lazy\" width=\"1024\" height=\"682\" data-id=\"27087\"  src=\"https:\/\/cuernavaca.gob.mx\/wp-content\/uploads\/2023\/04\/camiones-de-bombero-cuernavaca-12-1024x682.jpg\" alt=\"\" class=\"wp-image-27087\" srcset=\"https:\/\/cuernavaca.gob.mx\/wp-content\/uploads\/2023\/04\/camiones-de-bombero-cuernavaca-12-1024x682.jpg 1024w, https:\/\/cuernavaca.gob.mx\/wp-content\/uploads\/2023\/04\/camiones-de-bombero-cuernavaca-12-300x200.jpg 300w, https:\/\/cuernavaca.gob.mx\/wp-content\/uploads\/2023\/04\/camiones-de-bombero-cuernavaca-12-768x512.jpg 768w, https:\/\/cuernavaca.gob.mx\/wp-content\/uploads\/2023\/04\/camiones-de-bombero-cuernavaca-12-1536x1023.jpg 1536w, https:\/\/cuernavaca.gob.mx\/wp-content\/uploads\/2023\/04\/camiones-de-bombero-cuernavaca-12-600x400.jpg 600w, https:\/\/cuernavaca.gob.mx\/wp-content\/uploads\/2023\/04\/camiones-de-bombero-cuernavaca-12-560x373.jpg 560w, https:\/\/cuernavaca.gob.mx\/wp-content\/uploads\/2023\/04\/camiones-de-bombero-cuernavaca-12.jpg 1600w\" sizes=\"(max-width: 1024px) 100vw, 1024px\" \/><\/figure>\n\n\n\n<figure class=\"wp-block-image size-large\"><img loading=\"lazy\" width=\"1024\" height=\"682\" data-id=\"27093\"  src=\"https:\/\/cuernavaca.gob.mx\/wp-content\/uploads\/2023\/04\/camiones-de-bombero-cuernavaca-13-1024x682.jpg\" alt=\"\" class=\"wp-image-27093\" srcset=\"https:\/\/cuernavaca.gob.mx\/wp-content\/uploads\/2023\/04\/camiones-de-bombero-cuernavaca-13-1024x682.jpg 1024w, https:\/\/cuernavaca.gob.mx\/wp-content\/uploads\/2023\/04\/camiones-de-bombero-cuernavaca-13-300x200.jpg 300w, https:\/\/cuernavaca.gob.mx\/wp-content\/uploads\/2023\/04\/camiones-de-bombero-cuernavaca-13-768x512.jpg 768w, https:\/\/cuernavaca.gob.mx\/wp-content\/uploads\/2023\/04\/camiones-de-bombero-cuernavaca-13-1536x1023.jpg 1536w, https:\/\/cuernavaca.gob.mx\/wp-content\/uploads\/2023\/04\/camiones-de-bombero-cuernavaca-13-600x400.jpg 600w, https:\/\/cuernavaca.gob.mx\/wp-content\/uploads\/2023\/04\/camiones-de-bombero-cuernavaca-13-560x373.jpg 560w, https:\/\/cuernavaca.gob.mx\/wp-content\/uploads\/2023\/04\/camiones-de-bombero-cuernavaca-13.jpg 1600w\" sizes=\"(max-width: 1024px) 100vw, 1024px\" \/><\/figure>\n\n\n\n<figure class=\"wp-block-image size-large\"><img loading=\"lazy\" width=\"1024\" height=\"682\" data-id=\"27101\"  src=\"https:\/\/cuernavaca.gob.mx\/wp-content\/uploads\/2023\/04\/camiones-de-bombero-cuernavaca-14-1024x682.jpg\" alt=\"\" class=\"wp-image-27101\" srcset=\"https:\/\/cuernavaca.gob.mx\/wp-content\/uploads\/2023\/04\/camiones-de-bombero-cuernavaca-14-1024x682.jpg 1024w, https:\/\/cuernavaca.gob.mx\/wp-content\/uploads\/2023\/04\/camiones-de-bombero-cuernavaca-14-300x200.jpg 300w, https:\/\/cuernavaca.gob.mx\/wp-content\/uploads\/2023\/04\/camiones-de-bombero-cuernavaca-14-768x512.jpg 768w, https:\/\/cuernavaca.gob.mx\/wp-content\/uploads\/2023\/04\/camiones-de-bombero-cuernavaca-14-1536x1023.jpg 1536w, https:\/\/cuernavaca.gob.mx\/wp-content\/uploads\/2023\/04\/camiones-de-bombero-cuernavaca-14-600x400.jpg 600w, https:\/\/cuernavaca.gob.mx\/wp-content\/uploads\/2023\/04\/camiones-de-bombero-cuernavaca-14-560x373.jpg 560w, https:\/\/cuernavaca.gob.mx\/wp-content\/uploads\/2023\/04\/camiones-de-bombero-cuernavaca-14.jpg 1600w\" sizes=\"(max-width: 1024px) 100vw, 1024px\" \/><\/figure>\n\n\n\n<figure class=\"wp-block-image size-large\"><img loading=\"lazy\" width=\"1024\" height=\"682\" data-id=\"27090\"  src=\"https:\/\/cuernavaca.gob.mx\/wp-content\/uploads\/2023\/04\/camiones-de-bombero-cuernavaca-15-1024x682.jpg\" alt=\"\" class=\"wp-image-27090\" srcset=\"https:\/\/cuernavaca.gob.mx\/wp-content\/uploads\/2023\/04\/camiones-de-bombero-cuernavaca-15-1024x682.jpg 1024w, https:\/\/cuernavaca.gob.mx\/wp-content\/uploads\/2023\/04\/camiones-de-bombero-cuernavaca-15-300x200.jpg 300w, https:\/\/cuernavaca.gob.mx\/wp-content\/uploads\/2023\/04\/camiones-de-bombero-cuernavaca-15-768x512.jpg 768w, https:\/\/cuernavaca.gob.mx\/wp-content\/uploads\/2023\/04\/camiones-de-bombero-cuernavaca-15-1536x1023.jpg 1536w, https:\/\/cuernavaca.gob.mx\/wp-content\/uploads\/2023\/04\/camiones-de-bombero-cuernavaca-15-600x400.jpg 600w, https:\/\/cuernavaca.gob.mx\/wp-content\/uploads\/2023\/04\/camiones-de-bombero-cuernavaca-15-560x373.jpg 560w, https:\/\/cuernavaca.gob.mx\/wp-content\/uploads\/2023\/04\/camiones-de-bombero-cuernavaca-15.jpg 1600w\" sizes=\"(max-width: 1024px) 100vw, 1024px\" \/><\/figure>\n\n\n\n<figure class=\"wp-block-image size-large\"><img loading=\"lazy\" width=\"1024\" height=\"682\" data-id=\"27084\"  src=\"https:\/\/cuernavaca.gob.mx\/wp-content\/uploads\/2023\/04\/camiones-de-bombero-cuernavaca-16-1024x682.jpg\" alt=\"\" class=\"wp-image-27084\" srcset=\"https:\/\/cuernavaca.gob.mx\/wp-content\/uploads\/2023\/04\/camiones-de-bombero-cuernavaca-16-1024x682.jpg 1024w, https:\/\/cuernavaca.gob.mx\/wp-content\/uploads\/2023\/04\/camiones-de-bombero-cuernavaca-16-300x200.jpg 300w, https:\/\/cuernavaca.gob.mx\/wp-content\/uploads\/2023\/04\/camiones-de-bombero-cuernavaca-16-768x512.jpg 768w, https:\/\/cuernavaca.gob.mx\/wp-content\/uploads\/2023\/04\/camiones-de-bombero-cuernavaca-16-600x400.jpg 600w, https:\/\/cuernavaca.gob.mx\/wp-content\/uploads\/2023\/04\/camiones-de-bombero-cuernavaca-16-560x373.jpg 560w, https:\/\/cuernavaca.gob.mx\/wp-content\/uploads\/2023\/04\/camiones-de-bombero-cuernavaca-16.jpg 1280w\" sizes=\"(max-width: 1024px) 100vw, 1024px\" \/><\/figure>\n\n\n\n<figure class=\"wp-block-image size-large\"><img loading=\"lazy\" width=\"1024\" height=\"682\" data-id=\"27086\"  src=\"https:\/\/cuernavaca.gob.mx\/wp-content\/uploads\/2023\/04\/camiones-de-bombero-cuernavaca-17-1024x682.jpg\" alt=\"\" class=\"wp-image-27086\" srcset=\"https:\/\/cuernavaca.gob.mx\/wp-content\/uploads\/2023\/04\/camiones-de-bombero-cuernavaca-17-1024x682.jpg 1024w, https:\/\/cuernavaca.gob.mx\/wp-content\/uploads\/2023\/04\/camiones-de-bombero-cuernavaca-17-300x200.jpg 300w, https:\/\/cuernavaca.gob.mx\/wp-content\/uploads\/2023\/04\/camiones-de-bombero-cuernavaca-17-768x512.jpg 768w, https:\/\/cuernavaca.gob.mx\/wp-content\/uploads\/2023\/04\/camiones-de-bombero-cuernavaca-17-600x400.jpg 600w, https:\/\/cuernavaca.gob.mx\/wp-content\/uploads\/2023\/04\/camiones-de-bombero-cuernavaca-17-560x373.jpg 560w, https:\/\/cuernavaca.gob.mx\/wp-content\/uploads\/2023\/04\/camiones-de-bombero-cuernavaca-17.jpg 1280w\" sizes=\"(max-width: 1024px) 100vw, 1024px\" \/><\/figure>\n\n\n\n<figure class=\"wp-block-image size-large\"><img loading=\"lazy\" width=\"1024\" height=\"682\" data-id=\"27085\"  src=\"https:\/\/cuernavaca.gob.mx\/wp-content\/uploads\/2023\/04\/camiones-de-bombero-cuernavaca-18-1024x682.jpg\" alt=\"\" class=\"wp-image-27085\" srcset=\"https:\/\/cuernavaca.gob.mx\/wp-content\/uploads\/2023\/04\/camiones-de-bombero-cuernavaca-18-1024x682.jpg 1024w, https:\/\/cuernavaca.gob.mx\/wp-content\/uploads\/2023\/04\/camiones-de-bombero-cuernavaca-18-300x200.jpg 300w, https:\/\/cuernavaca.gob.mx\/wp-content\/uploads\/2023\/04\/camiones-de-bombero-cuernavaca-18-768x512.jpg 768w, https:\/\/cuernavaca.gob.mx\/wp-content\/uploads\/2023\/04\/camiones-de-bombero-cuernavaca-18-600x400.jpg 600w, https:\/\/cuernavaca.gob.mx\/wp-content\/uploads\/2023\/04\/camiones-de-bombero-cuernavaca-18-560x373.jpg 560w, https:\/\/cuernavaca.gob.mx\/wp-content\/uploads\/2023\/04\/camiones-de-bombero-cuernavaca-18.jpg 1280w\" sizes=\"(max-width: 1024px) 100vw, 1024px\" \/><\/figure>\n\n\n\n<figure class=\"wp-block-image size-large\"><img loading=\"lazy\" width=\"1024\" height=\"682\" data-id=\"27083\"  src=\"https:\/\/cuernavaca.gob.mx\/wp-content\/uploads\/2023\/04\/camiones-de-bombero-cuernavaca-19-1024x682.jpg\" alt=\"\" class=\"wp-image-27083\" srcset=\"https:\/\/cuernavaca.gob.mx\/wp-content\/uploads\/2023\/04\/camiones-de-bombero-cuernavaca-19-1024x682.jpg 1024w, https:\/\/cuernavaca.gob.mx\/wp-content\/uploads\/2023\/04\/camiones-de-bombero-cuernavaca-19-300x200.jpg 300w, https:\/\/cuernavaca.gob.mx\/wp-content\/uploads\/2023\/04\/camiones-de-bombero-cuernavaca-19-768x512.jpg 768w, https:\/\/cuernavaca.gob.mx\/wp-content\/uploads\/2023\/04\/camiones-de-bombero-cuernavaca-19-600x400.jpg 600w, https:\/\/cuernavaca.gob.mx\/wp-content\/uploads\/2023\/04\/camiones-de-bombero-cuernavaca-19-560x373.jpg 560w, https:\/\/cuernavaca.gob.mx\/wp-content\/uploads\/2023\/04\/camiones-de-bombero-cuernavaca-19.jpg 1280w\" sizes=\"(max-width: 1024px) 100vw, 1024px\" \/><\/figure>\n<\/figure>\n","protected":false},"excerpt":{"rendered":"<p>\u2022 Esto es resultado de una gesti\u00f3n a trav\u00e9s del programa de hermanamiento entre la capital morelense y la ciudad de Minneapolis \u2022 Jos\u00e9 Luis Uri\u00f3stegui resalt\u00f3 la visita oficial de Bill Deef, vicepresidente Senior de la Asociaci\u00f3n de Asuntos P\u00fablicos de Minneapolis para construir tambi\u00e9n una relaci\u00f3n econ\u00f3mica de gran valor que impulse la [&hellip;]<\/p>\n","protected":false},"author":1,"featured_media":27084,"comment_status":"closed","ping_status":"open","sticky":false,"template":"","format":"standard","meta":[],"categories":[20],"tags":[2162,3019,1708,121,1089,120,206,125,252],"aioseo_notices":[],"_links":{"self":[{"href":"https:\/\/cuernavaca.gob.mx\/index.php?rest_route=\/wp\/v2\/posts\/27082"}],"collection":[{"href":"https:\/\/cuernavaca.gob.mx\/index.php?rest_route=\/wp\/v2\/posts"}],"about":[{"href":"https:\/\/cuernavaca.gob.mx\/index.php?rest_route=\/wp\/v2\/types\/post"}],"author":[{"embeddable":true,"href":"https:\/\/cuernavaca.gob.mx\/index.php?rest_route=\/wp\/v2\/users\/1"}],"replies":[{"embeddable":true,"href":"https:\/\/cuernavaca.gob.mx\/index.php?rest_route=%2Fwp%2Fv2%2Fcomments&post=27082"}],"version-history":[{"count":1,"href":"https:\/\/cuernavaca.gob.mx\/index.php?rest_route=\/wp\/v2\/posts\/27082\/revisions"}],"predecessor-version":[{"id":27102,"href":"https:\/\/cuernavaca.gob.mx\/index.php?rest_route=\/wp\/v2\/posts\/27082\/revisions\/27102"}],"wp:featuredmedia":[{"embeddable":true,"href":"https:\/\/cuernavaca.gob.mx\/index.php?rest_route=\/wp\/v2\/media\/27084"}],"wp:attachment":[{"href":"https:\/\/cuernavaca.gob.mx\/index.php?rest_route=%2Fwp%2Fv2%2Fmedia&parent=27082"}],"wp:term":[{"taxonomy":"category","embeddable":true,"href":"https:\/\/cuernavaca.gob.mx\/index.php?rest_route=%2Fwp%2Fv2%2Fcategories&post=27082"},{"taxonomy":"post_tag","embeddable":true,"href":"https:\/\/cuernavaca.gob.mx\/index.php?rest_route=%2Fwp%2Fv2%2Ftags&post=27082"}],"curies":[{"name":"wp","href":"https:\/\/api.w.org\/{rel}","templated":true}]}}