{"id":27215,"date":"2023-04-11T15:15:00","date_gmt":"2023-04-11T21:15:00","guid":{"rendered":"https:\/\/cuernavaca.gob.mx\/?p=27215"},"modified":"2025-05-06T12:36:19","modified_gmt":"2025-05-06T18:36:19","slug":"b903-11-04-23-seprac-en-cuernavaca-detienen-a-dos-personas-tras-haber-lesionado-con-arma-de-fuego-a-un-automovilista-en-la-avenida-plan-de-ayala","status":"publish","type":"post","link":"https:\/\/cuernavaca.gob.mx\/?p=27215","title":{"rendered":"B903 11\/04\/23 SEPRAC EN CUERNAVACA DETIENEN A DOS PERSONAS TRAS HABER LESIONADO CON ARMA DE FUEGO A UN AUTOMOVILISTA EN LA AVENIDA PLAN DE AYALA"},"content":{"rendered":"\n<p><strong>\u2022 Alicia V\u00e1zquez inform\u00f3 tambi\u00e9n que del 03 al 09 de abril pusieron a disposici\u00f3n del Ministerio P\u00fablico y del Juez C\u00edvico a 70 personas por diversos delitos<\/strong><\/p>\n\n\n\n<p><strong>\u2022 En el mismo periodo fueron asegurados autom\u00f3viles y motocicletas con irregularidades para circular<\/strong><\/p>\n\n\n\n<p>Tras recibir este martes el reporte de detonaciones de arma de fuego sobre la avenida Plan de Ayala, la titular de la Secretar\u00eda de Protecci\u00f3n y Auxilio Ciudadano (SEPRAC) de Cuernavaca, Alicia V\u00e1zquez Luna, inform\u00f3 que elementos de la Polic\u00eda Preventiva realizaron la detenci\u00f3n y puesta a disposici\u00f3n del Ministerio P\u00fablico de dos personas Emmanuel &#8220;N&#8221; y Jos\u00e9 &#8220;N&#8221; por el delito de portaci\u00f3n de arma de fuego y tentativa de robo, lesionando a una persona conductor del servicio p\u00fablico en avenida Plan de Ayala.<\/p>\n\n\n\n<p>En el marco de la conferencia de prensa semanal, indic\u00f3 que los presuntos responsables iban a bordo de un veh\u00edculo Volkswagen Jetta, color arena, a\u00f1o 2014, con placas B55AWH, quienes ten\u00edan en su posesi\u00f3n un arma de fuego tipo 38 COLT MK IV; la persona lesionada, afirm\u00f3, fue atendida de inmediato por el servicio de ambulancia, priorizando la salvaguarda de su vida.<\/p>\n\n\n\n<p>Subray\u00f3 que s\u00ed bien ser\u00e1 el Ministerio P\u00fablico quien lleve a cabo las investigaciones correspondientes, \u00e9sta no ha sido la \u00fanica detenci\u00f3n importante que ha registrado en la \u00faltima semana SEPRAC, ya que del 03 al 09 de abril pusieron a disposici\u00f3n del Ministerio P\u00fablico y del Juez C\u00edvico a 70 personas, entre ellas a William \u201cN\u201d, quien fue detenido en la colonia Centro por delitos contra la salud, asegur\u00e1ndole un envoltorio de pl\u00e1stico con vegetal verde con las caracter\u00edsticas propias de la mariguana, as\u00ed como dos bolsitas tipo ziploc con una sustancia granulada de color blanco con las caracter\u00edsticas propias del cristal.<\/p>\n\n\n\n<p>De igual forma, el 07 de abril en la colonia Acapantzingo detuvieron y pusieron a disposici\u00f3n del Ministerio P\u00fablico a Mario Alberto \u201cN\u201d por su probable participaci\u00f3n en el delito de robo, en tanto en la colonia Centro aseguraron y pusieron a disposici\u00f3n del Ministerio P\u00fablico a Gustavo \u201cN\u201d por delitos contra la salud, asegur\u00e1ndole tres bolsitas de pl\u00e1stico tipo ziploc con una sustancia de color blanco con las caracter\u00edsticas propias de la coca\u00edna.<\/p>\n\n\n\n<p>Este mismo d\u00eda en la colonia Las Granjas SEPRAC detuvo y puso a disposici\u00f3n del Ministerio P\u00fablico a Jos\u00e9 Antonio \u201cN\u201d por delitos contra la salud, al asegurarle dos bl\u00edsteres con 12 y tres pastillas de clonazepam, as\u00ed como un veh\u00edculo marca Nissan, submarca Tsuru, color blanco, con n\u00famero de serie 3N1BEAB13VL002319 y placas de circulaci\u00f3n HAM943B; mientras que en la colonia Adolfo L\u00f3pez Mateos Sur se detuvo y puso a disposici\u00f3n del Ministerio P\u00fablico a C\u00e9sar Daniel \u201cN\u201d por poseer un veh\u00edculo marca Nissan, submarca Versa, color gris, a\u00f1o 2017, serie 3N1CN7AD2HL869774, placas PEN4736 del estado de M\u00e9xico, con alteraci\u00f3n en sus medios de identificaci\u00f3n.<\/p>\n\n\n\n<p>El 08 de abril elementos de la SEPRAC detuvieron en la colonia La Pradera a Koyla Cristopher \u201cN\u201d por poseer una motocicleta con reporte de robo vigente, relacionado con la carpeta de investigaci\u00f3n FRV01\/751\/2023, la motocicleta asegurada es marca Vento, color negro, a\u00f1o 2021 y serie LB7VBGBD5M1002338; en la colonia Buena Vista se detuvo y puso a disposici\u00f3n del Ministerio P\u00fablico a Fernando \u201cN\u201d por poseer un veh\u00edculo marca Volkswagen, submarca Vento, color rojo, serie MEX5G2601GT052113 y placas S88AGS de la Ciudad de M\u00e9xico, con reporte de robo vigente.<\/p>\n\n\n\n<p>V\u00e1zquez Luna se\u00f1al\u00f3 que el 10 de abril en la colonia Buena Vista aseguraron y pusieron a disposici\u00f3n del Ministerio P\u00fablico a Aron \u201cN\u201d por violencia familiar y en la colonia La Paloma detuvieron y pusieron a disposici\u00f3n del Ministerio P\u00fablico a Jorge \u201cN\u201d por poseer un veh\u00edculo con marca Nissan, submarca Versa, color negro, serie 3N1CN7AD4KK453271 y sin placas de circulaci\u00f3n con reporte de robo vigente.<\/p>\n\n\n\n<p>Finalmente, precis\u00f3 que el 9 de abril en la colonia Tezontepec recuperaron una motocicleta marca Italika, color negro con verde y n\u00famero de serie 3SCPFTEE3J1056504 con reporte de robo vigente relacionada a la carpeta de investigaci\u00f3n FRV01\/924\/2023, misma que se suma al listado de veh\u00edculos recuperados por la Unidad de Prevenci\u00f3n al Robo de Veh\u00edculos (UPRV), la cual del 1 de enero al 10 de abril ha recuperado 51 veh\u00edculos, poniendo a disposici\u00f3n del Ministerio P\u00fablico a 20 personas.<\/p>\n\n\n\n<figure class=\"wp-container-2 wp-block-gallery-1 wp-block-gallery has-nested-images columns-default is-cropped\">\n<figure class=\"wp-block-image size-large\"><img loading=\"lazy\" width=\"1024\" height=\"745\" data-id=\"27221\"  src=\"https:\/\/cuernavaca.gob.mx\/wp-content\/uploads\/2023\/04\/seguridad-cuernavaca-1-1024x745.jpg\" alt=\"\" class=\"wp-image-27221\" srcset=\"https:\/\/cuernavaca.gob.mx\/wp-content\/uploads\/2023\/04\/seguridad-cuernavaca-1-1024x745.jpg 1024w, https:\/\/cuernavaca.gob.mx\/wp-content\/uploads\/2023\/04\/seguridad-cuernavaca-1-300x218.jpg 300w, https:\/\/cuernavaca.gob.mx\/wp-content\/uploads\/2023\/04\/seguridad-cuernavaca-1-768x559.jpg 768w, https:\/\/cuernavaca.gob.mx\/wp-content\/uploads\/2023\/04\/seguridad-cuernavaca-1-1536x1117.jpg 1536w, https:\/\/cuernavaca.gob.mx\/wp-content\/uploads\/2023\/04\/seguridad-cuernavaca-1-600x437.jpg 600w, https:\/\/cuernavaca.gob.mx\/wp-content\/uploads\/2023\/04\/seguridad-cuernavaca-1-560x407.jpg 560w, https:\/\/cuernavaca.gob.mx\/wp-content\/uploads\/2023\/04\/seguridad-cuernavaca-1.jpg 1600w\" sizes=\"(max-width: 1024px) 100vw, 1024px\" \/><\/figure>\n\n\n\n<figure class=\"wp-block-image size-large\"><img loading=\"lazy\" width=\"1024\" height=\"760\" data-id=\"27225\"  src=\"https:\/\/cuernavaca.gob.mx\/wp-content\/uploads\/2023\/04\/seguridad-cuernavaca-2-1024x760.jpg\" alt=\"\" class=\"wp-image-27225\" srcset=\"https:\/\/cuernavaca.gob.mx\/wp-content\/uploads\/2023\/04\/seguridad-cuernavaca-2-1024x760.jpg 1024w, https:\/\/cuernavaca.gob.mx\/wp-content\/uploads\/2023\/04\/seguridad-cuernavaca-2-300x223.jpg 300w, https:\/\/cuernavaca.gob.mx\/wp-content\/uploads\/2023\/04\/seguridad-cuernavaca-2-768x570.jpg 768w, https:\/\/cuernavaca.gob.mx\/wp-content\/uploads\/2023\/04\/seguridad-cuernavaca-2-1536x1140.jpg 1536w, https:\/\/cuernavaca.gob.mx\/wp-content\/uploads\/2023\/04\/seguridad-cuernavaca-2-600x445.jpg 600w, https:\/\/cuernavaca.gob.mx\/wp-content\/uploads\/2023\/04\/seguridad-cuernavaca-2-560x415.jpg 560w, https:\/\/cuernavaca.gob.mx\/wp-content\/uploads\/2023\/04\/seguridad-cuernavaca-2.jpg 1600w\" sizes=\"(max-width: 1024px) 100vw, 1024px\" \/><\/figure>\n\n\n\n<figure class=\"wp-block-image size-large\"><img loading=\"lazy\" width=\"1024\" height=\"703\" data-id=\"27216\"  src=\"https:\/\/cuernavaca.gob.mx\/wp-content\/uploads\/2023\/04\/seguridad-cuernavaca-3-1024x703.jpg\" alt=\"\" class=\"wp-image-27216\" srcset=\"https:\/\/cuernavaca.gob.mx\/wp-content\/uploads\/2023\/04\/seguridad-cuernavaca-3-1024x703.jpg 1024w, https:\/\/cuernavaca.gob.mx\/wp-content\/uploads\/2023\/04\/seguridad-cuernavaca-3-300x206.jpg 300w, https:\/\/cuernavaca.gob.mx\/wp-content\/uploads\/2023\/04\/seguridad-cuernavaca-3-768x527.jpg 768w, https:\/\/cuernavaca.gob.mx\/wp-content\/uploads\/2023\/04\/seguridad-cuernavaca-3-1536x1054.jpg 1536w, https:\/\/cuernavaca.gob.mx\/wp-content\/uploads\/2023\/04\/seguridad-cuernavaca-3-600x412.jpg 600w, https:\/\/cuernavaca.gob.mx\/wp-content\/uploads\/2023\/04\/seguridad-cuernavaca-3-560x384.jpg 560w, https:\/\/cuernavaca.gob.mx\/wp-content\/uploads\/2023\/04\/seguridad-cuernavaca-3.jpg 1600w\" sizes=\"(max-width: 1024px) 100vw, 1024px\" \/><\/figure>\n\n\n\n<figure class=\"wp-block-image size-large\"><img loading=\"lazy\" width=\"1024\" height=\"698\" data-id=\"27224\"  src=\"https:\/\/cuernavaca.gob.mx\/wp-content\/uploads\/2023\/04\/seguridad-cuernavaca-4-1024x698.jpg\" alt=\"\" class=\"wp-image-27224\" srcset=\"https:\/\/cuernavaca.gob.mx\/wp-content\/uploads\/2023\/04\/seguridad-cuernavaca-4-1024x698.jpg 1024w, https:\/\/cuernavaca.gob.mx\/wp-content\/uploads\/2023\/04\/seguridad-cuernavaca-4-300x204.jpg 300w, https:\/\/cuernavaca.gob.mx\/wp-content\/uploads\/2023\/04\/seguridad-cuernavaca-4-768x523.jpg 768w, https:\/\/cuernavaca.gob.mx\/wp-content\/uploads\/2023\/04\/seguridad-cuernavaca-4-1536x1046.jpg 1536w, https:\/\/cuernavaca.gob.mx\/wp-content\/uploads\/2023\/04\/seguridad-cuernavaca-4-600x409.jpg 600w, https:\/\/cuernavaca.gob.mx\/wp-content\/uploads\/2023\/04\/seguridad-cuernavaca-4-560x382.jpg 560w, https:\/\/cuernavaca.gob.mx\/wp-content\/uploads\/2023\/04\/seguridad-cuernavaca-4.jpg 1600w\" sizes=\"(max-width: 1024px) 100vw, 1024px\" \/><\/figure>\n\n\n\n<figure class=\"wp-block-image size-large\"><img loading=\"lazy\" width=\"1024\" height=\"748\" data-id=\"27223\"  src=\"https:\/\/cuernavaca.gob.mx\/wp-content\/uploads\/2023\/04\/seguridad-cuernavaca-5-1024x748.jpg\" alt=\"\" class=\"wp-image-27223\" srcset=\"https:\/\/cuernavaca.gob.mx\/wp-content\/uploads\/2023\/04\/seguridad-cuernavaca-5-1024x748.jpg 1024w, https:\/\/cuernavaca.gob.mx\/wp-content\/uploads\/2023\/04\/seguridad-cuernavaca-5-300x219.jpg 300w, https:\/\/cuernavaca.gob.mx\/wp-content\/uploads\/2023\/04\/seguridad-cuernavaca-5-768x561.jpg 768w, https:\/\/cuernavaca.gob.mx\/wp-content\/uploads\/2023\/04\/seguridad-cuernavaca-5-1536x1121.jpg 1536w, https:\/\/cuernavaca.gob.mx\/wp-content\/uploads\/2023\/04\/seguridad-cuernavaca-5-600x438.jpg 600w, https:\/\/cuernavaca.gob.mx\/wp-content\/uploads\/2023\/04\/seguridad-cuernavaca-5-560x409.jpg 560w, https:\/\/cuernavaca.gob.mx\/wp-content\/uploads\/2023\/04\/seguridad-cuernavaca-5.jpg 1600w\" sizes=\"(max-width: 1024px) 100vw, 1024px\" \/><\/figure>\n\n\n\n<figure class=\"wp-block-image size-large\"><img loading=\"lazy\" width=\"1024\" height=\"724\" data-id=\"27217\"  src=\"https:\/\/cuernavaca.gob.mx\/wp-content\/uploads\/2023\/04\/seguridad-cuernavaca-6-1024x724.jpg\" alt=\"\" class=\"wp-image-27217\" srcset=\"https:\/\/cuernavaca.gob.mx\/wp-content\/uploads\/2023\/04\/seguridad-cuernavaca-6-1024x724.jpg 1024w, https:\/\/cuernavaca.gob.mx\/wp-content\/uploads\/2023\/04\/seguridad-cuernavaca-6-300x212.jpg 300w, https:\/\/cuernavaca.gob.mx\/wp-content\/uploads\/2023\/04\/seguridad-cuernavaca-6-768x543.jpg 768w, https:\/\/cuernavaca.gob.mx\/wp-content\/uploads\/2023\/04\/seguridad-cuernavaca-6-1536x1087.jpg 1536w, https:\/\/cuernavaca.gob.mx\/wp-content\/uploads\/2023\/04\/seguridad-cuernavaca-6-600x425.jpg 600w, https:\/\/cuernavaca.gob.mx\/wp-content\/uploads\/2023\/04\/seguridad-cuernavaca-6-560x396.jpg 560w, https:\/\/cuernavaca.gob.mx\/wp-content\/uploads\/2023\/04\/seguridad-cuernavaca-6.jpg 1600w\" sizes=\"(max-width: 1024px) 100vw, 1024px\" \/><\/figure>\n\n\n\n<figure class=\"wp-block-image size-large\"><img loading=\"lazy\" width=\"1024\" height=\"761\" data-id=\"27222\"  src=\"https:\/\/cuernavaca.gob.mx\/wp-content\/uploads\/2023\/04\/seguridad-cuernavaca-7-1024x761.jpg\" alt=\"\" class=\"wp-image-27222\" srcset=\"https:\/\/cuernavaca.gob.mx\/wp-content\/uploads\/2023\/04\/seguridad-cuernavaca-7-1024x761.jpg 1024w, https:\/\/cuernavaca.gob.mx\/wp-content\/uploads\/2023\/04\/seguridad-cuernavaca-7-300x223.jpg 300w, https:\/\/cuernavaca.gob.mx\/wp-content\/uploads\/2023\/04\/seguridad-cuernavaca-7-768x571.jpg 768w, https:\/\/cuernavaca.gob.mx\/wp-content\/uploads\/2023\/04\/seguridad-cuernavaca-7-1536x1141.jpg 1536w, https:\/\/cuernavaca.gob.mx\/wp-content\/uploads\/2023\/04\/seguridad-cuernavaca-7-600x446.jpg 600w, https:\/\/cuernavaca.gob.mx\/wp-content\/uploads\/2023\/04\/seguridad-cuernavaca-7-560x416.jpg 560w, https:\/\/cuernavaca.gob.mx\/wp-content\/uploads\/2023\/04\/seguridad-cuernavaca-7.jpg 1600w\" sizes=\"(max-width: 1024px) 100vw, 1024px\" \/><\/figure>\n\n\n\n<figure class=\"wp-block-image size-large\"><img loading=\"lazy\" width=\"1024\" height=\"732\" data-id=\"27218\"  src=\"https:\/\/cuernavaca.gob.mx\/wp-content\/uploads\/2023\/04\/seguridad-cuernavaca-8-1024x732.jpg\" alt=\"\" class=\"wp-image-27218\" srcset=\"https:\/\/cuernavaca.gob.mx\/wp-content\/uploads\/2023\/04\/seguridad-cuernavaca-8-1024x732.jpg 1024w, https:\/\/cuernavaca.gob.mx\/wp-content\/uploads\/2023\/04\/seguridad-cuernavaca-8-300x214.jpg 300w, https:\/\/cuernavaca.gob.mx\/wp-content\/uploads\/2023\/04\/seguridad-cuernavaca-8-768x549.jpg 768w, https:\/\/cuernavaca.gob.mx\/wp-content\/uploads\/2023\/04\/seguridad-cuernavaca-8-1536x1097.jpg 1536w, https:\/\/cuernavaca.gob.mx\/wp-content\/uploads\/2023\/04\/seguridad-cuernavaca-8-600x429.jpg 600w, https:\/\/cuernavaca.gob.mx\/wp-content\/uploads\/2023\/04\/seguridad-cuernavaca-8-560x400.jpg 560w, https:\/\/cuernavaca.gob.mx\/wp-content\/uploads\/2023\/04\/seguridad-cuernavaca-8.jpg 1600w\" sizes=\"(max-width: 1024px) 100vw, 1024px\" \/><\/figure>\n\n\n\n<figure class=\"wp-block-image size-large\"><img loading=\"lazy\" width=\"1024\" height=\"737\" data-id=\"27220\"  src=\"https:\/\/cuernavaca.gob.mx\/wp-content\/uploads\/2023\/04\/seguridad-cuernavaca-9-1024x737.jpg\" alt=\"\" class=\"wp-image-27220\" srcset=\"https:\/\/cuernavaca.gob.mx\/wp-content\/uploads\/2023\/04\/seguridad-cuernavaca-9-1024x737.jpg 1024w, https:\/\/cuernavaca.gob.mx\/wp-content\/uploads\/2023\/04\/seguridad-cuernavaca-9-300x216.jpg 300w, https:\/\/cuernavaca.gob.mx\/wp-content\/uploads\/2023\/04\/seguridad-cuernavaca-9-768x552.jpg 768w, https:\/\/cuernavaca.gob.mx\/wp-content\/uploads\/2023\/04\/seguridad-cuernavaca-9-1536x1105.jpg 1536w, https:\/\/cuernavaca.gob.mx\/wp-content\/uploads\/2023\/04\/seguridad-cuernavaca-9-600x432.jpg 600w, https:\/\/cuernavaca.gob.mx\/wp-content\/uploads\/2023\/04\/seguridad-cuernavaca-9-560x403.jpg 560w, https:\/\/cuernavaca.gob.mx\/wp-content\/uploads\/2023\/04\/seguridad-cuernavaca-9.jpg 1600w\" sizes=\"(max-width: 1024px) 100vw, 1024px\" \/><\/figure>\n\n\n\n<figure class=\"wp-block-image size-large\"><img loading=\"lazy\" width=\"1024\" height=\"756\" data-id=\"27219\"  src=\"https:\/\/cuernavaca.gob.mx\/wp-content\/uploads\/2023\/04\/seguridad-cuernavaca-10-1024x756.jpg\" alt=\"\" class=\"wp-image-27219\" srcset=\"https:\/\/cuernavaca.gob.mx\/wp-content\/uploads\/2023\/04\/seguridad-cuernavaca-10-1024x756.jpg 1024w, https:\/\/cuernavaca.gob.mx\/wp-content\/uploads\/2023\/04\/seguridad-cuernavaca-10-300x222.jpg 300w, https:\/\/cuernavaca.gob.mx\/wp-content\/uploads\/2023\/04\/seguridad-cuernavaca-10-768x567.jpg 768w, https:\/\/cuernavaca.gob.mx\/wp-content\/uploads\/2023\/04\/seguridad-cuernavaca-10-1536x1135.jpg 1536w, https:\/\/cuernavaca.gob.mx\/wp-content\/uploads\/2023\/04\/seguridad-cuernavaca-10-600x443.jpg 600w, https:\/\/cuernavaca.gob.mx\/wp-content\/uploads\/2023\/04\/seguridad-cuernavaca-10-560x414.jpg 560w, https:\/\/cuernavaca.gob.mx\/wp-content\/uploads\/2023\/04\/seguridad-cuernavaca-10.jpg 1600w\" sizes=\"(max-width: 1024px) 100vw, 1024px\" \/><\/figure>\n<\/figure>\n","protected":false},"excerpt":{"rendered":"<p>\u2022 Alicia V\u00e1zquez inform\u00f3 tambi\u00e9n que del 03 al 09 de abril pusieron a disposici\u00f3n del Ministerio P\u00fablico y del Juez C\u00edvico a 70 personas por diversos delitos \u2022 En el mismo periodo fueron asegurados autom\u00f3viles y motocicletas con irregularidades para circular Tras recibir este martes el reporte de detonaciones de arma de fuego sobre [&hellip;]<\/p>\n","protected":false},"author":1,"featured_media":27219,"comment_status":"closed","ping_status":"open","sticky":false,"template":"","format":"standard","meta":[],"categories":[17],"tags":[121,1953,2894,120,206,414,125,252],"aioseo_notices":[],"_links":{"self":[{"href":"https:\/\/cuernavaca.gob.mx\/index.php?rest_route=\/wp\/v2\/posts\/27215"}],"collection":[{"href":"https:\/\/cuernavaca.gob.mx\/index.php?rest_route=\/wp\/v2\/posts"}],"about":[{"href":"https:\/\/cuernavaca.gob.mx\/index.php?rest_route=\/wp\/v2\/types\/post"}],"author":[{"embeddable":true,"href":"https:\/\/cuernavaca.gob.mx\/index.php?rest_route=\/wp\/v2\/users\/1"}],"replies":[{"embeddable":true,"href":"https:\/\/cuernavaca.gob.mx\/index.php?rest_route=%2Fwp%2Fv2%2Fcomments&post=27215"}],"version-history":[{"count":1,"href":"https:\/\/cuernavaca.gob.mx\/index.php?rest_route=\/wp\/v2\/posts\/27215\/revisions"}],"predecessor-version":[{"id":27226,"href":"https:\/\/cuernavaca.gob.mx\/index.php?rest_route=\/wp\/v2\/posts\/27215\/revisions\/27226"}],"wp:featuredmedia":[{"embeddable":true,"href":"https:\/\/cuernavaca.gob.mx\/index.php?rest_route=\/wp\/v2\/media\/27219"}],"wp:attachment":[{"href":"https:\/\/cuernavaca.gob.mx\/index.php?rest_route=%2Fwp%2Fv2%2Fmedia&parent=27215"}],"wp:term":[{"taxonomy":"category","embeddable":true,"href":"https:\/\/cuernavaca.gob.mx\/index.php?rest_route=%2Fwp%2Fv2%2Fcategories&post=27215"},{"taxonomy":"post_tag","embeddable":true,"href":"https:\/\/cuernavaca.gob.mx\/index.php?rest_route=%2Fwp%2Fv2%2Ftags&post=27215"}],"curies":[{"name":"wp","href":"https:\/\/api.w.org\/{rel}","templated":true}]}}