{"id":27227,"date":"2023-04-11T19:00:00","date_gmt":"2023-04-12T01:00:00","guid":{"rendered":"https:\/\/cuernavaca.gob.mx\/?p=27227"},"modified":"2025-05-06T12:36:18","modified_gmt":"2025-05-06T18:36:18","slug":"b904-11-04-23-gobierno-municipal-y-congreso-de-morelos-suman-esfuerzos-para-mejorar-la-seguridad-publica-en-cuernavaca","status":"publish","type":"post","link":"https:\/\/cuernavaca.gob.mx\/?p=27227","title":{"rendered":"B904 11\/04\/23 GOBIERNO MUNICIPAL Y CONGRESO DE MORELOS SUMAN ESFUERZOS PARA MEJORAR LA SEGURIDAD P\u00daBLICA EN CUERNAVACA"},"content":{"rendered":"\n<p><strong>\u2022 En sesi\u00f3n de la Comisi\u00f3n de Seguridad P\u00fablica y Tr\u00e1nsito municipal se cont\u00f3 con la participaci\u00f3n de la diputada presidenta de la Comisi\u00f3n de Seguridad P\u00fablica y Protecci\u00f3n Civil del Congreso de Morelos, Paola Cruz<\/strong><\/p>\n\n\n\n<p><strong>\u2022 El alcalde Jos\u00e9 Luis Uri\u00f3stegui dio la bienvenida a la legisladora al sumarse a los trabajos que en la materia realiza el Ayuntamiento capitalino<\/strong><\/p>\n\n\n\n<p>Para generar nuevas estrategias interinstitucionales que fortalezcan las acciones de prevenci\u00f3n y combate al delito en Cuernavaca, este martes la Comisi\u00f3n de Seguridad P\u00fablica y Tr\u00e1nsito municipal y la Comisi\u00f3n de Seguridad P\u00fablica y Protecci\u00f3n Civil del Congreso del Estado, acordaron construir mesas para la construcci\u00f3n de la paz que involucren la participaci\u00f3n de la Comisi\u00f3n de Seguridad P\u00fablica en la C\u00e1mara de Diputados y de la Secretar\u00eda de Protecci\u00f3n y Auxilio Ciudadano (SEPRAC).<\/p>\n\n\n\n<p>En el marco de la sesi\u00f3n de la Comisi\u00f3n de Seguridad P\u00fablica y Tr\u00e1nsito del Ayuntamiento de Cuernavaca, presidida por el regidor Jes\u00fas Rosales Puebla, el presidente municipal, Jos\u00e9 Luis Uri\u00f3stegui Salgado le dio la bienvenida a la diputada Paola Cruz Torres, titular de la Comisi\u00f3n de Seguridad P\u00fablica y Protecci\u00f3n Civil del Poder Legislativo, al sumarse a los trabajos que en la materia se realizan a favor de la ciudad capital a trav\u00e9s de sus propuestas.<\/p>\n\n\n\n<p>En presencia de la titular de SEPRAC, Alicia V\u00e1zquez Luna y el secretario ejecutivo del Consejo Municipal de Seguridad P\u00fablica, Marco Olvera Benedicto, los integrantes de la comisi\u00f3n argumentaron la decisi\u00f3n del Ayuntamiento de Cuernavaca de asumir el mando de la polic\u00eda municipal, plasmando las \u00e1reas de oportunidad que existen para recibir el respaldo del Congreso de Morelos en materia de seguridad p\u00fablica.<\/p>\n\n\n\n<p>El regidor Jes\u00fas Rosales puntualiz\u00f3 que al reconocer que la legisladora local tiene una amplia experiencia y trayectoria en el \u00e1mbito de la participaci\u00f3n y consolidaci\u00f3n de espacios seguros, as\u00ed como en la defensa de los derechos de las mujeres, era importante contar con este tipo de visiones dentro de las discusiones que est\u00e1n tomando en el seno de la Comisi\u00f3n, acordando establecer espacios similares a las mesas para la construcci\u00f3n de la paz, donde puedan ir definiendo las \u00e1reas necesarias para unir esfuerzos.<\/p>\n\n\n\n<p>De igual forma, en esta sesi\u00f3n en la que tambi\u00e9n participaron los regidores V\u00edctor Hugo Manzo God\u00ednez y Fernando Carrillo Alvarado integrantes de dicha Comisi\u00f3n, se plante\u00f3 la propuesta para regularizar las percepciones de 70 elementos policiacos adscritos a la SEPRAC, que se encuentran por debajo de la media nacional en busca de seguir dignificando la labor de los polic\u00edas.<\/p>\n\n\n\n<figure class=\"wp-container-2 wp-block-gallery-1 wp-block-gallery has-nested-images columns-default is-cropped\">\n<figure class=\"wp-block-image size-large\"><img loading=\"lazy\" width=\"1024\" height=\"682\" data-id=\"27228\"  src=\"https:\/\/cuernavaca.gob.mx\/wp-content\/uploads\/2023\/04\/seguridad-cuernavaca-3-1024x682.jpeg\" alt=\"\" class=\"wp-image-27228\" srcset=\"https:\/\/cuernavaca.gob.mx\/wp-content\/uploads\/2023\/04\/seguridad-cuernavaca-3-1024x682.jpeg 1024w, https:\/\/cuernavaca.gob.mx\/wp-content\/uploads\/2023\/04\/seguridad-cuernavaca-3-300x200.jpeg 300w, https:\/\/cuernavaca.gob.mx\/wp-content\/uploads\/2023\/04\/seguridad-cuernavaca-3-768x512.jpeg 768w, https:\/\/cuernavaca.gob.mx\/wp-content\/uploads\/2023\/04\/seguridad-cuernavaca-3-1536x1023.jpeg 1536w, https:\/\/cuernavaca.gob.mx\/wp-content\/uploads\/2023\/04\/seguridad-cuernavaca-3-600x400.jpeg 600w, https:\/\/cuernavaca.gob.mx\/wp-content\/uploads\/2023\/04\/seguridad-cuernavaca-3-560x373.jpeg 560w, https:\/\/cuernavaca.gob.mx\/wp-content\/uploads\/2023\/04\/seguridad-cuernavaca-3.jpeg 1600w\" sizes=\"(max-width: 1024px) 100vw, 1024px\" \/><\/figure>\n\n\n\n<figure class=\"wp-block-image size-large\"><img loading=\"lazy\" width=\"1024\" height=\"682\" data-id=\"27229\"  src=\"https:\/\/cuernavaca.gob.mx\/wp-content\/uploads\/2023\/04\/seguridad-cuernavaca-1-1024x682.jpeg\" alt=\"\" class=\"wp-image-27229\" srcset=\"https:\/\/cuernavaca.gob.mx\/wp-content\/uploads\/2023\/04\/seguridad-cuernavaca-1-1024x682.jpeg 1024w, https:\/\/cuernavaca.gob.mx\/wp-content\/uploads\/2023\/04\/seguridad-cuernavaca-1-300x200.jpeg 300w, https:\/\/cuernavaca.gob.mx\/wp-content\/uploads\/2023\/04\/seguridad-cuernavaca-1-768x512.jpeg 768w, https:\/\/cuernavaca.gob.mx\/wp-content\/uploads\/2023\/04\/seguridad-cuernavaca-1-1536x1023.jpeg 1536w, https:\/\/cuernavaca.gob.mx\/wp-content\/uploads\/2023\/04\/seguridad-cuernavaca-1-600x400.jpeg 600w, https:\/\/cuernavaca.gob.mx\/wp-content\/uploads\/2023\/04\/seguridad-cuernavaca-1-560x373.jpeg 560w, https:\/\/cuernavaca.gob.mx\/wp-content\/uploads\/2023\/04\/seguridad-cuernavaca-1.jpeg 1600w\" sizes=\"(max-width: 1024px) 100vw, 1024px\" \/><\/figure>\n\n\n\n<figure class=\"wp-block-image size-large\"><img loading=\"lazy\" width=\"1024\" height=\"682\" data-id=\"27231\"  src=\"https:\/\/cuernavaca.gob.mx\/wp-content\/uploads\/2023\/04\/seguridad-cuernavaca-2-1024x682.jpeg\" alt=\"\" class=\"wp-image-27231\" srcset=\"https:\/\/cuernavaca.gob.mx\/wp-content\/uploads\/2023\/04\/seguridad-cuernavaca-2-1024x682.jpeg 1024w, https:\/\/cuernavaca.gob.mx\/wp-content\/uploads\/2023\/04\/seguridad-cuernavaca-2-300x200.jpeg 300w, https:\/\/cuernavaca.gob.mx\/wp-content\/uploads\/2023\/04\/seguridad-cuernavaca-2-768x512.jpeg 768w, https:\/\/cuernavaca.gob.mx\/wp-content\/uploads\/2023\/04\/seguridad-cuernavaca-2-1536x1023.jpeg 1536w, https:\/\/cuernavaca.gob.mx\/wp-content\/uploads\/2023\/04\/seguridad-cuernavaca-2-600x400.jpeg 600w, https:\/\/cuernavaca.gob.mx\/wp-content\/uploads\/2023\/04\/seguridad-cuernavaca-2-560x373.jpeg 560w, https:\/\/cuernavaca.gob.mx\/wp-content\/uploads\/2023\/04\/seguridad-cuernavaca-2.jpeg 1600w\" sizes=\"(max-width: 1024px) 100vw, 1024px\" \/><\/figure>\n\n\n\n<figure class=\"wp-block-image size-large\"><img loading=\"lazy\" width=\"1024\" height=\"682\" data-id=\"27230\"  src=\"https:\/\/cuernavaca.gob.mx\/wp-content\/uploads\/2023\/04\/seguridad-cuernavaca-4-1024x682.jpeg\" alt=\"\" class=\"wp-image-27230\" srcset=\"https:\/\/cuernavaca.gob.mx\/wp-content\/uploads\/2023\/04\/seguridad-cuernavaca-4-1024x682.jpeg 1024w, https:\/\/cuernavaca.gob.mx\/wp-content\/uploads\/2023\/04\/seguridad-cuernavaca-4-300x200.jpeg 300w, https:\/\/cuernavaca.gob.mx\/wp-content\/uploads\/2023\/04\/seguridad-cuernavaca-4-768x512.jpeg 768w, https:\/\/cuernavaca.gob.mx\/wp-content\/uploads\/2023\/04\/seguridad-cuernavaca-4-1536x1023.jpeg 1536w, https:\/\/cuernavaca.gob.mx\/wp-content\/uploads\/2023\/04\/seguridad-cuernavaca-4-600x400.jpeg 600w, https:\/\/cuernavaca.gob.mx\/wp-content\/uploads\/2023\/04\/seguridad-cuernavaca-4-560x373.jpeg 560w, https:\/\/cuernavaca.gob.mx\/wp-content\/uploads\/2023\/04\/seguridad-cuernavaca-4.jpeg 1600w\" sizes=\"(max-width: 1024px) 100vw, 1024px\" \/><\/figure>\n<\/figure>\n","protected":false},"excerpt":{"rendered":"<p>\u2022 En sesi\u00f3n de la Comisi\u00f3n de Seguridad P\u00fablica y Tr\u00e1nsito municipal se cont\u00f3 con la participaci\u00f3n de la diputada presidenta de la Comisi\u00f3n de Seguridad P\u00fablica y Protecci\u00f3n Civil del Congreso de Morelos, Paola Cruz \u2022 El alcalde Jos\u00e9 Luis Uri\u00f3stegui dio la bienvenida a la legisladora al sumarse a los trabajos que en [&hellip;]<\/p>\n","protected":false},"author":1,"featured_media":27230,"comment_status":"closed","ping_status":"open","sticky":false,"template":"","format":"standard","meta":[],"categories":[17],"tags":[121,120,206,125,372],"aioseo_notices":[],"_links":{"self":[{"href":"https:\/\/cuernavaca.gob.mx\/index.php?rest_route=\/wp\/v2\/posts\/27227"}],"collection":[{"href":"https:\/\/cuernavaca.gob.mx\/index.php?rest_route=\/wp\/v2\/posts"}],"about":[{"href":"https:\/\/cuernavaca.gob.mx\/index.php?rest_route=\/wp\/v2\/types\/post"}],"author":[{"embeddable":true,"href":"https:\/\/cuernavaca.gob.mx\/index.php?rest_route=\/wp\/v2\/users\/1"}],"replies":[{"embeddable":true,"href":"https:\/\/cuernavaca.gob.mx\/index.php?rest_route=%2Fwp%2Fv2%2Fcomments&post=27227"}],"version-history":[{"count":1,"href":"https:\/\/cuernavaca.gob.mx\/index.php?rest_route=\/wp\/v2\/posts\/27227\/revisions"}],"predecessor-version":[{"id":27232,"href":"https:\/\/cuernavaca.gob.mx\/index.php?rest_route=\/wp\/v2\/posts\/27227\/revisions\/27232"}],"wp:featuredmedia":[{"embeddable":true,"href":"https:\/\/cuernavaca.gob.mx\/index.php?rest_route=\/wp\/v2\/media\/27230"}],"wp:attachment":[{"href":"https:\/\/cuernavaca.gob.mx\/index.php?rest_route=%2Fwp%2Fv2%2Fmedia&parent=27227"}],"wp:term":[{"taxonomy":"category","embeddable":true,"href":"https:\/\/cuernavaca.gob.mx\/index.php?rest_route=%2Fwp%2Fv2%2Fcategories&post=27227"},{"taxonomy":"post_tag","embeddable":true,"href":"https:\/\/cuernavaca.gob.mx\/index.php?rest_route=%2Fwp%2Fv2%2Ftags&post=27227"}],"curies":[{"name":"wp","href":"https:\/\/api.w.org\/{rel}","templated":true}]}}