{"id":27233,"date":"2023-04-12T14:00:00","date_gmt":"2023-04-12T20:00:00","guid":{"rendered":"https:\/\/cuernavaca.gob.mx\/?p=27233"},"modified":"2025-05-06T12:36:18","modified_gmt":"2025-05-06T18:36:18","slug":"f404-12-12-23-ayuntamiento-de-cuernavaca-recibe-en-deposito-ministerial-el-paseo-ribereno","status":"publish","type":"post","link":"https:\/\/cuernavaca.gob.mx\/?p=27233","title":{"rendered":"F404 12\/12\/23 AYUNTAMIENTO DE CUERNAVACA RECIBE EN DEP\u00d3SITO MINISTERIAL EL PASEO RIBERE\u00d1O"},"content":{"rendered":"\n<p><\/p>\n\n\n\n<p>AYUNTAMIENTO DE CUERNAVACA RECIBE EN DEP\u00d3SITO MINISTERIAL EL PASEO RIBERE\u00d1O<\/p>\n\n\n\n<p>La Fiscal\u00eda Especializada en Combate a la Corrupci\u00f3n entreg\u00f3 como dep\u00f3sito ministerial al Ayuntamiento de Cuernavaca, a trav\u00e9s de la Consejer\u00eda Jur\u00eddica, el Paseo Ribere\u00f1o para su rehabilitaci\u00f3n y mantenimiento a casi un a\u00f1o de permanecer totalmente cerrado, quedando en resguardo \u00fanicamente el puente colgante que aqu\u00ed se encuentra para posteriores investigaciones.<\/p>\n\n\n\n<p>En entrevista, la consejera jur\u00eddica del municipio, Nadia Luz Lara Ch\u00e1vez, explic\u00f3 que, tras varios meses de solicitar en conjunto con la Sindicatura la devoluci\u00f3n de este atractivo natural, el martes de la semana pasada la Fiscal\u00eda Anticorrupci\u00f3n les regres\u00f3 su guarda y custodia con la finalidad de preservarlo, por lo cual fue destinado directamente a la Secretar\u00eda de Desarrollo Sustentable y Servicios P\u00fablicos, quien se encargar\u00e1 de otorgarle el mantenimiento correspondiente.<\/p>\n\n\n\n<p>Nadia Luz Lara precis\u00f3 que hasta el momento no habr\u00e1 acceso al p\u00fablico, solo ser\u00e1 para labores de limpieza, ya que sufre un deterioro por el largo periodo que estuvo cerrado, buscando cumplir el objetivo de mantenerlo en \u00f3ptimas condiciones, al ser un espacio significativo en la historia de la ciudad, que refleja la belleza de la Eterna Primavera y que por largos a\u00f1os fue un atractivo tur\u00edstico.<\/p>\n\n\n\n<figure class=\"wp-block-image size-full\"><img loading=\"lazy\" width=\"1024\" height=\"682\" src=\"https:\/\/cuernavaca.gob.mx\/wp-content\/uploads\/2023\/04\/paseo-riveren\u0303o-cuernavaca.jpg\" alt=\"\" class=\"wp-image-27234\" srcset=\"https:\/\/cuernavaca.gob.mx\/wp-content\/uploads\/2023\/04\/paseo-riveren\u0303o-cuernavaca.jpg 1024w, https:\/\/cuernavaca.gob.mx\/wp-content\/uploads\/2023\/04\/paseo-riveren\u0303o-cuernavaca-300x200.jpg 300w, https:\/\/cuernavaca.gob.mx\/wp-content\/uploads\/2023\/04\/paseo-riveren\u0303o-cuernavaca-768x512.jpg 768w, https:\/\/cuernavaca.gob.mx\/wp-content\/uploads\/2023\/04\/paseo-riveren\u0303o-cuernavaca-600x400.jpg 600w, https:\/\/cuernavaca.gob.mx\/wp-content\/uploads\/2023\/04\/paseo-riveren\u0303o-cuernavaca-560x373.jpg 560w\" sizes=\"(max-width: 1024px) 100vw, 1024px\" \/><\/figure>\n","protected":false},"excerpt":{"rendered":"<p>AYUNTAMIENTO DE CUERNAVACA RECIBE EN DEP\u00d3SITO MINISTERIAL EL PASEO RIBERE\u00d1O La Fiscal\u00eda Especializada en Combate a la Corrupci\u00f3n entreg\u00f3 como dep\u00f3sito ministerial al Ayuntamiento de Cuernavaca, a trav\u00e9s de la Consejer\u00eda Jur\u00eddica, el Paseo Ribere\u00f1o para su rehabilitaci\u00f3n y mantenimiento a casi un a\u00f1o de permanecer totalmente cerrado, quedando en resguardo \u00fanicamente el puente colgante [&hellip;]<\/p>\n","protected":false},"author":1,"featured_media":27234,"comment_status":"closed","ping_status":"open","sticky":false,"template":"","format":"standard","meta":[],"categories":[20],"tags":[121,120,206,454,1499],"aioseo_notices":[],"_links":{"self":[{"href":"https:\/\/cuernavaca.gob.mx\/index.php?rest_route=\/wp\/v2\/posts\/27233"}],"collection":[{"href":"https:\/\/cuernavaca.gob.mx\/index.php?rest_route=\/wp\/v2\/posts"}],"about":[{"href":"https:\/\/cuernavaca.gob.mx\/index.php?rest_route=\/wp\/v2\/types\/post"}],"author":[{"embeddable":true,"href":"https:\/\/cuernavaca.gob.mx\/index.php?rest_route=\/wp\/v2\/users\/1"}],"replies":[{"embeddable":true,"href":"https:\/\/cuernavaca.gob.mx\/index.php?rest_route=%2Fwp%2Fv2%2Fcomments&post=27233"}],"version-history":[{"count":1,"href":"https:\/\/cuernavaca.gob.mx\/index.php?rest_route=\/wp\/v2\/posts\/27233\/revisions"}],"predecessor-version":[{"id":27235,"href":"https:\/\/cuernavaca.gob.mx\/index.php?rest_route=\/wp\/v2\/posts\/27233\/revisions\/27235"}],"wp:featuredmedia":[{"embeddable":true,"href":"https:\/\/cuernavaca.gob.mx\/index.php?rest_route=\/wp\/v2\/media\/27234"}],"wp:attachment":[{"href":"https:\/\/cuernavaca.gob.mx\/index.php?rest_route=%2Fwp%2Fv2%2Fmedia&parent=27233"}],"wp:term":[{"taxonomy":"category","embeddable":true,"href":"https:\/\/cuernavaca.gob.mx\/index.php?rest_route=%2Fwp%2Fv2%2Fcategories&post=27233"},{"taxonomy":"post_tag","embeddable":true,"href":"https:\/\/cuernavaca.gob.mx\/index.php?rest_route=%2Fwp%2Fv2%2Ftags&post=27233"}],"curies":[{"name":"wp","href":"https:\/\/api.w.org\/{rel}","templated":true}]}}