{"id":27236,"date":"2023-04-12T16:30:00","date_gmt":"2023-04-12T22:30:00","guid":{"rendered":"https:\/\/cuernavaca.gob.mx\/?p=27236"},"modified":"2025-05-06T12:36:18","modified_gmt":"2025-05-06T18:36:18","slug":"b905-12-04-23-programa-conduce-sin-alcohol-durante-semana-santa-influyo-en-la-disminucion-de-accidentes-en-calles-de-cuernavaca","status":"publish","type":"post","link":"https:\/\/cuernavaca.gob.mx\/?p=27236","title":{"rendered":"B905 12\/04\/23 PROGRAMA \u201cCONDUCE SIN ALCOHOL\u201d DURANTE SEMANA SANTA INFLUY\u00d3 EN LA DISMINUCI\u00d3N DE ACCIDENTES EN CALLES DE CUERNAVACA"},"content":{"rendered":"\n<p>\u2022 La SEPRAC identific\u00f3 a 60 personas con aliento et\u00edlico en el primer filtro de toma de muestra, tres fueron remitidas al juez c\u00edvico y 32 veh\u00edculos fueron asegurados<\/p>\n\n\n\n<p>Con el firme compromiso de que la ciudadan\u00eda y visitantes disfruten de estas semanas de asueto en paz y tranquilidad, la Secretar\u00eda de Protecci\u00f3n y Auxilio Ciudadano (SEPRAC) de Cuernavaca llev\u00f3 a cabo en el periodo de Semana Santa el programa \u201cConduce sin Alcohol\u201d, identificando a 60 personas con aliento et\u00edlico en el primer filtro de toma de muestra, lo que deriv\u00f3 en la remisi\u00f3n ante el juez c\u00edvico de tres personas y 28 recibieron una infracci\u00f3n por conducir bajo los efectos del alcohol.<\/p>\n\n\n\n<p>En conferencia de prensa, la titular de SEPRAC, Alicia V\u00e1zquez Luna, indic\u00f3 que fueron asegurados 32 veh\u00edculos luego de que sus conductores sobrepasaron el nivel de alcohol en sangre permitido para manejar que, de acuerdo con el Reglamento de Tr\u00e1nsito del Municipio, es de 0.40 o m\u00e1s; adem\u00e1s de que en ciertos casos fue por omisiones en la comprobaci\u00f3n de los requisitos de posesi\u00f3n.<\/p>\n\n\n\n<p>Seg\u00fan lo establecido en el reglamento todas las personas que, de acuerdo con la medici\u00f3n de la alcoholemia, den un positivo de 0.08 al 0.39 solo ameritan una infracci\u00f3n y si a juicio del m\u00e9dico evaluador la persona puede seguir conduciendo el veh\u00edculo, se retira del lugar, sino le es posible continuar conduciendo su unidad automotora pese a esta medici\u00f3n, cualquier tripulante que no est\u00e9 ebrio y que porte su licencia de conducir puede llevarse el veh\u00edculo o bien se permite que cualquier familiar o conocido pueda llevarse la unidad sin necesidad de retenerlos.<\/p>\n\n\n\n<p>La funcionaria municipal resalt\u00f3 que, como parte de las acciones preventivas para inhibir los delitos y salvaguardar la integridad de la poblaci\u00f3n, del 31 de marzo a la fecha se han mantenido distintos operativos en la ciudad, como Ruta Segura, Cortina Segura, Escuela Segura, Presencia M\u00e1xima y Plan Centinela, as\u00ed como se han efectuado operativos especiales relacionados a la Feria de la Flor, el Palenque, por el Viernes Santo y el Plan Circuito Ligero y Vial.<\/p>\n\n\n\n<p>Record\u00f3 que, ante cualquier emergencia, pueden comunicarse a la Central de Cuernavaca al 777 312 1274, donde recibir\u00e1n atenci\u00f3n directa por parte de elementos municipales.<\/p>\n\n\n\n<figure class=\"wp-container-2 wp-block-gallery-1 wp-block-gallery has-nested-images columns-default is-cropped\">\n<figure class=\"wp-block-image size-large\"><img loading=\"lazy\" width=\"1024\" height=\"682\" data-id=\"27240\"  src=\"https:\/\/cuernavaca.gob.mx\/wp-content\/uploads\/2023\/04\/conduce-sin-alcohol-cuernavaca-1-1-1024x682.jpg\" alt=\"\" class=\"wp-image-27240\" srcset=\"https:\/\/cuernavaca.gob.mx\/wp-content\/uploads\/2023\/04\/conduce-sin-alcohol-cuernavaca-1-1-1024x682.jpg 1024w, https:\/\/cuernavaca.gob.mx\/wp-content\/uploads\/2023\/04\/conduce-sin-alcohol-cuernavaca-1-1-300x200.jpg 300w, https:\/\/cuernavaca.gob.mx\/wp-content\/uploads\/2023\/04\/conduce-sin-alcohol-cuernavaca-1-1-768x512.jpg 768w, https:\/\/cuernavaca.gob.mx\/wp-content\/uploads\/2023\/04\/conduce-sin-alcohol-cuernavaca-1-1-1536x1023.jpg 1536w, https:\/\/cuernavaca.gob.mx\/wp-content\/uploads\/2023\/04\/conduce-sin-alcohol-cuernavaca-1-1-600x400.jpg 600w, https:\/\/cuernavaca.gob.mx\/wp-content\/uploads\/2023\/04\/conduce-sin-alcohol-cuernavaca-1-1-560x373.jpg 560w, https:\/\/cuernavaca.gob.mx\/wp-content\/uploads\/2023\/04\/conduce-sin-alcohol-cuernavaca-1-1.jpg 1600w\" sizes=\"(max-width: 1024px) 100vw, 1024px\" \/><\/figure>\n\n\n\n<figure class=\"wp-block-image size-large\"><img loading=\"lazy\" width=\"1024\" height=\"682\" data-id=\"27237\"  src=\"https:\/\/cuernavaca.gob.mx\/wp-content\/uploads\/2023\/04\/conduce-sin-alcohol-cuernavaca-2-1-1024x682.jpg\" alt=\"\" class=\"wp-image-27237\" srcset=\"https:\/\/cuernavaca.gob.mx\/wp-content\/uploads\/2023\/04\/conduce-sin-alcohol-cuernavaca-2-1-1024x682.jpg 1024w, https:\/\/cuernavaca.gob.mx\/wp-content\/uploads\/2023\/04\/conduce-sin-alcohol-cuernavaca-2-1-300x200.jpg 300w, https:\/\/cuernavaca.gob.mx\/wp-content\/uploads\/2023\/04\/conduce-sin-alcohol-cuernavaca-2-1-768x512.jpg 768w, https:\/\/cuernavaca.gob.mx\/wp-content\/uploads\/2023\/04\/conduce-sin-alcohol-cuernavaca-2-1-1536x1023.jpg 1536w, https:\/\/cuernavaca.gob.mx\/wp-content\/uploads\/2023\/04\/conduce-sin-alcohol-cuernavaca-2-1-600x400.jpg 600w, https:\/\/cuernavaca.gob.mx\/wp-content\/uploads\/2023\/04\/conduce-sin-alcohol-cuernavaca-2-1-560x373.jpg 560w, https:\/\/cuernavaca.gob.mx\/wp-content\/uploads\/2023\/04\/conduce-sin-alcohol-cuernavaca-2-1.jpg 1600w\" sizes=\"(max-width: 1024px) 100vw, 1024px\" \/><\/figure>\n\n\n\n<figure class=\"wp-block-image size-large\"><img loading=\"lazy\" width=\"1024\" height=\"682\" data-id=\"27238\"  src=\"https:\/\/cuernavaca.gob.mx\/wp-content\/uploads\/2023\/04\/conduce-sin-alcohol-cuernavaca-3-1-1024x682.jpg\" alt=\"\" class=\"wp-image-27238\" srcset=\"https:\/\/cuernavaca.gob.mx\/wp-content\/uploads\/2023\/04\/conduce-sin-alcohol-cuernavaca-3-1-1024x682.jpg 1024w, https:\/\/cuernavaca.gob.mx\/wp-content\/uploads\/2023\/04\/conduce-sin-alcohol-cuernavaca-3-1-300x200.jpg 300w, https:\/\/cuernavaca.gob.mx\/wp-content\/uploads\/2023\/04\/conduce-sin-alcohol-cuernavaca-3-1-768x512.jpg 768w, https:\/\/cuernavaca.gob.mx\/wp-content\/uploads\/2023\/04\/conduce-sin-alcohol-cuernavaca-3-1-1536x1023.jpg 1536w, https:\/\/cuernavaca.gob.mx\/wp-content\/uploads\/2023\/04\/conduce-sin-alcohol-cuernavaca-3-1-600x400.jpg 600w, https:\/\/cuernavaca.gob.mx\/wp-content\/uploads\/2023\/04\/conduce-sin-alcohol-cuernavaca-3-1-560x373.jpg 560w, https:\/\/cuernavaca.gob.mx\/wp-content\/uploads\/2023\/04\/conduce-sin-alcohol-cuernavaca-3-1.jpg 1600w\" sizes=\"(max-width: 1024px) 100vw, 1024px\" \/><\/figure>\n\n\n\n<figure class=\"wp-block-image size-large\"><img loading=\"lazy\" width=\"1024\" height=\"682\" data-id=\"27239\"  src=\"https:\/\/cuernavaca.gob.mx\/wp-content\/uploads\/2023\/04\/conduce-sin-alcohol-cuernavaca-4-1-1024x682.jpg\" alt=\"\" class=\"wp-image-27239\" srcset=\"https:\/\/cuernavaca.gob.mx\/wp-content\/uploads\/2023\/04\/conduce-sin-alcohol-cuernavaca-4-1-1024x682.jpg 1024w, https:\/\/cuernavaca.gob.mx\/wp-content\/uploads\/2023\/04\/conduce-sin-alcohol-cuernavaca-4-1-300x200.jpg 300w, https:\/\/cuernavaca.gob.mx\/wp-content\/uploads\/2023\/04\/conduce-sin-alcohol-cuernavaca-4-1-768x512.jpg 768w, https:\/\/cuernavaca.gob.mx\/wp-content\/uploads\/2023\/04\/conduce-sin-alcohol-cuernavaca-4-1-1536x1023.jpg 1536w, https:\/\/cuernavaca.gob.mx\/wp-content\/uploads\/2023\/04\/conduce-sin-alcohol-cuernavaca-4-1-600x400.jpg 600w, https:\/\/cuernavaca.gob.mx\/wp-content\/uploads\/2023\/04\/conduce-sin-alcohol-cuernavaca-4-1-560x373.jpg 560w, https:\/\/cuernavaca.gob.mx\/wp-content\/uploads\/2023\/04\/conduce-sin-alcohol-cuernavaca-4-1.jpg 1600w\" sizes=\"(max-width: 1024px) 100vw, 1024px\" \/><\/figure>\n<\/figure>\n","protected":false},"excerpt":{"rendered":"<p>\u2022 La SEPRAC identific\u00f3 a 60 personas con aliento et\u00edlico en el primer filtro de toma de muestra, tres fueron remitidas al juez c\u00edvico y 32 veh\u00edculos fueron asegurados Con el firme compromiso de que la ciudadan\u00eda y visitantes disfruten de estas semanas de asueto en paz y tranquilidad, la Secretar\u00eda de Protecci\u00f3n y Auxilio [&hellip;]<\/p>\n","protected":false},"author":1,"featured_media":27238,"comment_status":"closed","ping_status":"open","sticky":false,"template":"","format":"standard","meta":[],"categories":[17],"tags":[2011,2691,121,120,206,2758,125],"aioseo_notices":[],"_links":{"self":[{"href":"https:\/\/cuernavaca.gob.mx\/index.php?rest_route=\/wp\/v2\/posts\/27236"}],"collection":[{"href":"https:\/\/cuernavaca.gob.mx\/index.php?rest_route=\/wp\/v2\/posts"}],"about":[{"href":"https:\/\/cuernavaca.gob.mx\/index.php?rest_route=\/wp\/v2\/types\/post"}],"author":[{"embeddable":true,"href":"https:\/\/cuernavaca.gob.mx\/index.php?rest_route=\/wp\/v2\/users\/1"}],"replies":[{"embeddable":true,"href":"https:\/\/cuernavaca.gob.mx\/index.php?rest_route=%2Fwp%2Fv2%2Fcomments&post=27236"}],"version-history":[{"count":1,"href":"https:\/\/cuernavaca.gob.mx\/index.php?rest_route=\/wp\/v2\/posts\/27236\/revisions"}],"predecessor-version":[{"id":27241,"href":"https:\/\/cuernavaca.gob.mx\/index.php?rest_route=\/wp\/v2\/posts\/27236\/revisions\/27241"}],"wp:featuredmedia":[{"embeddable":true,"href":"https:\/\/cuernavaca.gob.mx\/index.php?rest_route=\/wp\/v2\/media\/27238"}],"wp:attachment":[{"href":"https:\/\/cuernavaca.gob.mx\/index.php?rest_route=%2Fwp%2Fv2%2Fmedia&parent=27236"}],"wp:term":[{"taxonomy":"category","embeddable":true,"href":"https:\/\/cuernavaca.gob.mx\/index.php?rest_route=%2Fwp%2Fv2%2Fcategories&post=27236"},{"taxonomy":"post_tag","embeddable":true,"href":"https:\/\/cuernavaca.gob.mx\/index.php?rest_route=%2Fwp%2Fv2%2Ftags&post=27236"}],"curies":[{"name":"wp","href":"https:\/\/api.w.org\/{rel}","templated":true}]}}