{"id":27242,"date":"2023-04-12T17:15:00","date_gmt":"2023-04-12T23:15:00","guid":{"rendered":"https:\/\/cuernavaca.gob.mx\/?p=27242"},"modified":"2025-05-06T12:36:18","modified_gmt":"2025-05-06T18:36:18","slug":"b906-12-04-23-inicia-ayuntamiento-de-cuernavaca-con-apoyo-del-inegi-trabajos-del-censo-de-gobierno-municipales-y-demarcaciones-territoriales","status":"publish","type":"post","link":"https:\/\/cuernavaca.gob.mx\/?p=27242","title":{"rendered":"B906 12\/04\/23 INICIA AYUNTAMIENTO DE CUERNAVACA CON APOYO DEL INEGI TRABAJOS DEL CENSO DE GOBIERNO MUNICIPALES Y DEMARCACIONES TERRITORIALES"},"content":{"rendered":"\n<p><strong>\u2022 El presidente municipal Jos\u00e9 Luis Uri\u00f3stegui e integrantes del Gabinete previamente recibieron una explicaci\u00f3n de parte del Coordinador Estatal del INEGI en Morelos Ricardo Torres Carreto<\/strong><\/p>\n\n\n\n<p><strong>\u2022 Este ejercicio permitir\u00e1 mejorar el funcionamiento de las \u00e1reas municipales y al mismo tiempo informar\u00e1 a la poblaci\u00f3n sobre la operaci\u00f3n del municipio<\/strong><\/p>\n\n\n\n<p>Para seguir cumpliendo con la rendici\u00f3n de cuentas y transparencia, el presidente municipal de Cuernavaca, Jos\u00e9 Luis Uri\u00f3stegui Salgado e integrantes del Gabinete iniciaron los trabajos de elaboraci\u00f3n del Censo Nacional de Gobiernos Municipales y Demarcaciones Territoriales de la Ciudad de M\u00e9xico 2023 (CNGMDT), que provee informaci\u00f3n estad\u00edstica y geogr\u00e1fica sobre la gesti\u00f3n y desempe\u00f1o de las instituciones que integran al Ayuntamiento, con la finalidad de que esta se vincule con el quehacer gubernamental dentro del proceso de dise\u00f1o, implementaci\u00f3n, monitoreo y evaluaci\u00f3n de las pol\u00edticas p\u00fablicas de alcance nacional.<\/p>\n\n\n\n<p>Al presentar el proyecto, el Coordinador Estatal del Instituto Nacional de Estad\u00edstica y Geograf\u00eda (INEGI) en Morelos, Ricardo Torres Carreto, explic\u00f3 que esta informaci\u00f3n constituye la \u00fanica fuente peri\u00f3dica y sistematizada sobre la gesti\u00f3n y desempe\u00f1o de todos los gobiernos municipales del pa\u00eds, permitiendo su realizaci\u00f3n conocer y visibilizar los recursos, ofertas y fortalezas institucionales que guardan los municipios en diversos temas, como funciones de gobierno, seguridad p\u00fablica, justicia c\u00edvica, agua potable, saneamiento, residuos s\u00f3lidos urbanos y medio ambiente.<\/p>\n\n\n\n<p>Su elaboraci\u00f3n, se\u00f1al\u00f3 Ricardo Torres, es a trav\u00e9s de una serie de cuestionarios que son llenados por los mismos funcionarios p\u00fablicos de acuerdo con su \u00e1mbito de competencia, mientras que los resultados contribuyen a monitorear el avance y pol\u00edticas p\u00fablicas de alcance nacional, por ejemplo, para el Sistema Nacional Anticorrupci\u00f3n, el Sistema Nacional de Transparencia, el Sistema Nacional de Archivo, el Sistema Nacional de Protecci\u00f3n Civil, el Sistema Nacional de B\u00fasqueda, entre otros.<\/p>\n\n\n\n<p>Al respecto, el alcalde Jos\u00e9 Luis Uri\u00f3stegui, puntualiz\u00f3 que todos los datos estad\u00edsticos que van a aportar servir\u00e1n para efectuar un an\u00e1lisis de lo que est\u00e1n haciendo, mismos que ser\u00e1n entregados al INEGI para que lo incorpore a otra serie de estudios que les ser\u00e1n devueltos en informaci\u00f3n que permitir\u00e1 mejorar el funcionamiento de las \u00e1reas municipales.<\/p>\n\n\n\n<p>Agradeci\u00f3 la disposici\u00f3n del coordinador del INEGI en Morelos, quien siempre les ha aportado informaci\u00f3n valiosa que les permite analizar la situaci\u00f3n en que se encuentran, como fue el antecedente y como debe ser el consecuente \u201cy hoy en una pl\u00e1tica amena y extensa a todo el Gabinete del Municipio de Cuernavaca nos han explicado en que consiste este censo, que se pretende obtener, como lo vamos a entregar y nos han brindado todo el apoyo para las dudas que existan y lograr un mejor resultado en poco tiempo\u201d.<\/p>\n\n\n\n<p>En esta primera reuni\u00f3n de trabajo estuvieron presentes la secretaria de Desarrollo Humano y Participaci\u00f3n Social, Laura Hern\u00e1ndez Cruz; la secretaria de Protecci\u00f3n y Auxilio Ciudadano (SEPRAC), Alicia V\u00e1zquez Luna; la consejera jur\u00eddica, Nadia Luz Lara Ch\u00e1vez; la contralora municipal, Dolores \u00c1lvarez D\u00edaz; la directora general de SAPAC, Evelia Flores Hern\u00e1ndez; el tesorero municipal, Javier Arozarena Salazar; el secretario del Ayuntamiento, Carlos de la Rosa Segura; el secretario de Desarrollo Sustentable y Servicios P\u00fablicos, Omar Albavera V\u00e1zquez.<\/p>\n\n\n\n<p>Asimismo, el secretario de Desarrollo Econ\u00f3mico y Turismo, Humberto Paladino Valdovinos; el director general de Desarrollo Urbano de la Secretar\u00eda de Desarrollo Urbano y Obras P\u00fablicas, Vincenzo Dimaggio Saavedra; el secretario de Administraci\u00f3n, Israel Y\u00fadico Herrera; el director general de Catastro e Impuesto Predial, Fernando Streber Montagne; y el director general del Instituto Municipal de Planeaci\u00f3n (IMPLAN), Carlos Hern\u00e1ndez Ad\u00e1n.<\/p>\n\n\n\n<figure class=\"wp-container-2 wp-block-gallery-1 wp-block-gallery has-nested-images columns-default is-cropped\">\n<figure class=\"wp-block-image size-large\"><img loading=\"lazy\" width=\"1024\" height=\"683\" data-id=\"27243\"  src=\"https:\/\/cuernavaca.gob.mx\/wp-content\/uploads\/2023\/04\/inegi-cuernavaca-demarcacion-territorial-1-1024x683.jpg\" alt=\"\" class=\"wp-image-27243\" srcset=\"https:\/\/cuernavaca.gob.mx\/wp-content\/uploads\/2023\/04\/inegi-cuernavaca-demarcacion-territorial-1-1024x683.jpg 1024w, https:\/\/cuernavaca.gob.mx\/wp-content\/uploads\/2023\/04\/inegi-cuernavaca-demarcacion-territorial-1-300x200.jpg 300w, https:\/\/cuernavaca.gob.mx\/wp-content\/uploads\/2023\/04\/inegi-cuernavaca-demarcacion-territorial-1-768x512.jpg 768w, https:\/\/cuernavaca.gob.mx\/wp-content\/uploads\/2023\/04\/inegi-cuernavaca-demarcacion-territorial-1-1536x1024.jpg 1536w, https:\/\/cuernavaca.gob.mx\/wp-content\/uploads\/2023\/04\/inegi-cuernavaca-demarcacion-territorial-1-600x400.jpg 600w, https:\/\/cuernavaca.gob.mx\/wp-content\/uploads\/2023\/04\/inegi-cuernavaca-demarcacion-territorial-1-560x373.jpg 560w, https:\/\/cuernavaca.gob.mx\/wp-content\/uploads\/2023\/04\/inegi-cuernavaca-demarcacion-territorial-1.jpg 1599w\" sizes=\"(max-width: 1024px) 100vw, 1024px\" \/><\/figure>\n\n\n\n<figure class=\"wp-block-image size-large\"><img loading=\"lazy\" width=\"1024\" height=\"683\" data-id=\"27245\"  src=\"https:\/\/cuernavaca.gob.mx\/wp-content\/uploads\/2023\/04\/inegi-cuernavaca-demarcacion-territorial-2-1024x683.jpg\" alt=\"\" class=\"wp-image-27245\" srcset=\"https:\/\/cuernavaca.gob.mx\/wp-content\/uploads\/2023\/04\/inegi-cuernavaca-demarcacion-territorial-2-1024x683.jpg 1024w, https:\/\/cuernavaca.gob.mx\/wp-content\/uploads\/2023\/04\/inegi-cuernavaca-demarcacion-territorial-2-300x200.jpg 300w, https:\/\/cuernavaca.gob.mx\/wp-content\/uploads\/2023\/04\/inegi-cuernavaca-demarcacion-territorial-2-768x512.jpg 768w, https:\/\/cuernavaca.gob.mx\/wp-content\/uploads\/2023\/04\/inegi-cuernavaca-demarcacion-territorial-2-1536x1024.jpg 1536w, https:\/\/cuernavaca.gob.mx\/wp-content\/uploads\/2023\/04\/inegi-cuernavaca-demarcacion-territorial-2-600x400.jpg 600w, https:\/\/cuernavaca.gob.mx\/wp-content\/uploads\/2023\/04\/inegi-cuernavaca-demarcacion-territorial-2-560x373.jpg 560w, https:\/\/cuernavaca.gob.mx\/wp-content\/uploads\/2023\/04\/inegi-cuernavaca-demarcacion-territorial-2.jpg 1599w\" sizes=\"(max-width: 1024px) 100vw, 1024px\" \/><\/figure>\n\n\n\n<figure class=\"wp-block-image size-large\"><img loading=\"lazy\" width=\"1024\" height=\"683\" data-id=\"27247\"  src=\"https:\/\/cuernavaca.gob.mx\/wp-content\/uploads\/2023\/04\/inegi-cuernavaca-demarcacion-territorial-3-1024x683.jpg\" alt=\"\" class=\"wp-image-27247\" srcset=\"https:\/\/cuernavaca.gob.mx\/wp-content\/uploads\/2023\/04\/inegi-cuernavaca-demarcacion-territorial-3-1024x683.jpg 1024w, https:\/\/cuernavaca.gob.mx\/wp-content\/uploads\/2023\/04\/inegi-cuernavaca-demarcacion-territorial-3-300x200.jpg 300w, https:\/\/cuernavaca.gob.mx\/wp-content\/uploads\/2023\/04\/inegi-cuernavaca-demarcacion-territorial-3-768x512.jpg 768w, https:\/\/cuernavaca.gob.mx\/wp-content\/uploads\/2023\/04\/inegi-cuernavaca-demarcacion-territorial-3-1536x1024.jpg 1536w, https:\/\/cuernavaca.gob.mx\/wp-content\/uploads\/2023\/04\/inegi-cuernavaca-demarcacion-territorial-3-600x400.jpg 600w, https:\/\/cuernavaca.gob.mx\/wp-content\/uploads\/2023\/04\/inegi-cuernavaca-demarcacion-territorial-3-560x373.jpg 560w, https:\/\/cuernavaca.gob.mx\/wp-content\/uploads\/2023\/04\/inegi-cuernavaca-demarcacion-territorial-3.jpg 1599w\" sizes=\"(max-width: 1024px) 100vw, 1024px\" \/><\/figure>\n\n\n\n<figure class=\"wp-block-image size-large\"><img loading=\"lazy\" width=\"1024\" height=\"683\" data-id=\"27251\"  src=\"https:\/\/cuernavaca.gob.mx\/wp-content\/uploads\/2023\/04\/inegi-cuernavaca-demarcacion-territorial-4-1024x683.jpg\" alt=\"\" class=\"wp-image-27251\" srcset=\"https:\/\/cuernavaca.gob.mx\/wp-content\/uploads\/2023\/04\/inegi-cuernavaca-demarcacion-territorial-4-1024x683.jpg 1024w, https:\/\/cuernavaca.gob.mx\/wp-content\/uploads\/2023\/04\/inegi-cuernavaca-demarcacion-territorial-4-300x200.jpg 300w, https:\/\/cuernavaca.gob.mx\/wp-content\/uploads\/2023\/04\/inegi-cuernavaca-demarcacion-territorial-4-768x512.jpg 768w, https:\/\/cuernavaca.gob.mx\/wp-content\/uploads\/2023\/04\/inegi-cuernavaca-demarcacion-territorial-4-1536x1024.jpg 1536w, https:\/\/cuernavaca.gob.mx\/wp-content\/uploads\/2023\/04\/inegi-cuernavaca-demarcacion-territorial-4-600x400.jpg 600w, https:\/\/cuernavaca.gob.mx\/wp-content\/uploads\/2023\/04\/inegi-cuernavaca-demarcacion-territorial-4-560x373.jpg 560w, https:\/\/cuernavaca.gob.mx\/wp-content\/uploads\/2023\/04\/inegi-cuernavaca-demarcacion-territorial-4.jpg 1599w\" sizes=\"(max-width: 1024px) 100vw, 1024px\" \/><\/figure>\n\n\n\n<figure class=\"wp-block-image size-large\"><img loading=\"lazy\" width=\"1024\" height=\"683\" data-id=\"27246\"  src=\"https:\/\/cuernavaca.gob.mx\/wp-content\/uploads\/2023\/04\/inegi-cuernavaca-demarcacion-territorial-5-1024x683.jpg\" alt=\"\" class=\"wp-image-27246\" srcset=\"https:\/\/cuernavaca.gob.mx\/wp-content\/uploads\/2023\/04\/inegi-cuernavaca-demarcacion-territorial-5-1024x683.jpg 1024w, https:\/\/cuernavaca.gob.mx\/wp-content\/uploads\/2023\/04\/inegi-cuernavaca-demarcacion-territorial-5-300x200.jpg 300w, https:\/\/cuernavaca.gob.mx\/wp-content\/uploads\/2023\/04\/inegi-cuernavaca-demarcacion-territorial-5-768x512.jpg 768w, https:\/\/cuernavaca.gob.mx\/wp-content\/uploads\/2023\/04\/inegi-cuernavaca-demarcacion-territorial-5-1536x1024.jpg 1536w, https:\/\/cuernavaca.gob.mx\/wp-content\/uploads\/2023\/04\/inegi-cuernavaca-demarcacion-territorial-5-600x400.jpg 600w, https:\/\/cuernavaca.gob.mx\/wp-content\/uploads\/2023\/04\/inegi-cuernavaca-demarcacion-territorial-5-560x373.jpg 560w, https:\/\/cuernavaca.gob.mx\/wp-content\/uploads\/2023\/04\/inegi-cuernavaca-demarcacion-territorial-5.jpg 1599w\" sizes=\"(max-width: 1024px) 100vw, 1024px\" \/><\/figure>\n\n\n\n<figure class=\"wp-block-image size-large\"><img loading=\"lazy\" width=\"1024\" height=\"683\" data-id=\"27244\"  src=\"https:\/\/cuernavaca.gob.mx\/wp-content\/uploads\/2023\/04\/inegi-cuernavaca-demarcacion-territorial-6-1024x683.jpg\" alt=\"\" class=\"wp-image-27244\" srcset=\"https:\/\/cuernavaca.gob.mx\/wp-content\/uploads\/2023\/04\/inegi-cuernavaca-demarcacion-territorial-6-1024x683.jpg 1024w, https:\/\/cuernavaca.gob.mx\/wp-content\/uploads\/2023\/04\/inegi-cuernavaca-demarcacion-territorial-6-300x200.jpg 300w, https:\/\/cuernavaca.gob.mx\/wp-content\/uploads\/2023\/04\/inegi-cuernavaca-demarcacion-territorial-6-768x512.jpg 768w, https:\/\/cuernavaca.gob.mx\/wp-content\/uploads\/2023\/04\/inegi-cuernavaca-demarcacion-territorial-6-1536x1024.jpg 1536w, https:\/\/cuernavaca.gob.mx\/wp-content\/uploads\/2023\/04\/inegi-cuernavaca-demarcacion-territorial-6-600x400.jpg 600w, https:\/\/cuernavaca.gob.mx\/wp-content\/uploads\/2023\/04\/inegi-cuernavaca-demarcacion-territorial-6-560x373.jpg 560w, https:\/\/cuernavaca.gob.mx\/wp-content\/uploads\/2023\/04\/inegi-cuernavaca-demarcacion-territorial-6.jpg 1599w\" sizes=\"(max-width: 1024px) 100vw, 1024px\" \/><\/figure>\n\n\n\n<figure class=\"wp-block-image size-large\"><img loading=\"lazy\" width=\"1024\" height=\"683\" data-id=\"27248\"  src=\"https:\/\/cuernavaca.gob.mx\/wp-content\/uploads\/2023\/04\/inegi-cuernavaca-demarcacion-territorial-7-1024x683.jpg\" alt=\"\" class=\"wp-image-27248\" srcset=\"https:\/\/cuernavaca.gob.mx\/wp-content\/uploads\/2023\/04\/inegi-cuernavaca-demarcacion-territorial-7-1024x683.jpg 1024w, https:\/\/cuernavaca.gob.mx\/wp-content\/uploads\/2023\/04\/inegi-cuernavaca-demarcacion-territorial-7-300x200.jpg 300w, https:\/\/cuernavaca.gob.mx\/wp-content\/uploads\/2023\/04\/inegi-cuernavaca-demarcacion-territorial-7-768x512.jpg 768w, https:\/\/cuernavaca.gob.mx\/wp-content\/uploads\/2023\/04\/inegi-cuernavaca-demarcacion-territorial-7-1536x1024.jpg 1536w, https:\/\/cuernavaca.gob.mx\/wp-content\/uploads\/2023\/04\/inegi-cuernavaca-demarcacion-territorial-7-600x400.jpg 600w, https:\/\/cuernavaca.gob.mx\/wp-content\/uploads\/2023\/04\/inegi-cuernavaca-demarcacion-territorial-7-560x373.jpg 560w, https:\/\/cuernavaca.gob.mx\/wp-content\/uploads\/2023\/04\/inegi-cuernavaca-demarcacion-territorial-7.jpg 1599w\" sizes=\"(max-width: 1024px) 100vw, 1024px\" \/><\/figure>\n\n\n\n<figure class=\"wp-block-image size-large\"><img loading=\"lazy\" width=\"1024\" height=\"683\" data-id=\"27250\"  src=\"https:\/\/cuernavaca.gob.mx\/wp-content\/uploads\/2023\/04\/inegi-cuernavaca-demarcacion-territorial-8-1024x683.jpg\" alt=\"\" class=\"wp-image-27250\" srcset=\"https:\/\/cuernavaca.gob.mx\/wp-content\/uploads\/2023\/04\/inegi-cuernavaca-demarcacion-territorial-8-1024x683.jpg 1024w, https:\/\/cuernavaca.gob.mx\/wp-content\/uploads\/2023\/04\/inegi-cuernavaca-demarcacion-territorial-8-300x200.jpg 300w, https:\/\/cuernavaca.gob.mx\/wp-content\/uploads\/2023\/04\/inegi-cuernavaca-demarcacion-territorial-8-768x512.jpg 768w, https:\/\/cuernavaca.gob.mx\/wp-content\/uploads\/2023\/04\/inegi-cuernavaca-demarcacion-territorial-8-1536x1024.jpg 1536w, https:\/\/cuernavaca.gob.mx\/wp-content\/uploads\/2023\/04\/inegi-cuernavaca-demarcacion-territorial-8-600x400.jpg 600w, https:\/\/cuernavaca.gob.mx\/wp-content\/uploads\/2023\/04\/inegi-cuernavaca-demarcacion-territorial-8-560x373.jpg 560w, https:\/\/cuernavaca.gob.mx\/wp-content\/uploads\/2023\/04\/inegi-cuernavaca-demarcacion-territorial-8.jpg 1599w\" sizes=\"(max-width: 1024px) 100vw, 1024px\" \/><\/figure>\n\n\n\n<figure class=\"wp-block-image size-large\"><img loading=\"lazy\" width=\"1024\" height=\"683\" data-id=\"27249\"  src=\"https:\/\/cuernavaca.gob.mx\/wp-content\/uploads\/2023\/04\/inegi-cuernavaca-demarcacion-territorial-9-1024x683.jpg\" alt=\"\" class=\"wp-image-27249\" srcset=\"https:\/\/cuernavaca.gob.mx\/wp-content\/uploads\/2023\/04\/inegi-cuernavaca-demarcacion-territorial-9-1024x683.jpg 1024w, https:\/\/cuernavaca.gob.mx\/wp-content\/uploads\/2023\/04\/inegi-cuernavaca-demarcacion-territorial-9-300x200.jpg 300w, https:\/\/cuernavaca.gob.mx\/wp-content\/uploads\/2023\/04\/inegi-cuernavaca-demarcacion-territorial-9-768x512.jpg 768w, https:\/\/cuernavaca.gob.mx\/wp-content\/uploads\/2023\/04\/inegi-cuernavaca-demarcacion-territorial-9-1536x1024.jpg 1536w, https:\/\/cuernavaca.gob.mx\/wp-content\/uploads\/2023\/04\/inegi-cuernavaca-demarcacion-territorial-9-600x400.jpg 600w, https:\/\/cuernavaca.gob.mx\/wp-content\/uploads\/2023\/04\/inegi-cuernavaca-demarcacion-territorial-9-560x373.jpg 560w, https:\/\/cuernavaca.gob.mx\/wp-content\/uploads\/2023\/04\/inegi-cuernavaca-demarcacion-territorial-9.jpg 1599w\" sizes=\"(max-width: 1024px) 100vw, 1024px\" \/><\/figure>\n<\/figure>\n","protected":false},"excerpt":{"rendered":"<p>\u2022 El presidente municipal Jos\u00e9 Luis Uri\u00f3stegui e integrantes del Gabinete previamente recibieron una explicaci\u00f3n de parte del Coordinador Estatal del INEGI en Morelos Ricardo Torres Carreto \u2022 Este ejercicio permitir\u00e1 mejorar el funcionamiento de las \u00e1reas municipales y al mismo tiempo informar\u00e1 a la poblaci\u00f3n sobre la operaci\u00f3n del municipio Para seguir cumpliendo con [&hellip;]<\/p>\n","protected":false},"author":1,"featured_media":27243,"comment_status":"closed","ping_status":"open","sticky":false,"template":"","format":"standard","meta":[],"categories":[20],"tags":[121,3022,249,120,206,2243,2831],"aioseo_notices":[],"_links":{"self":[{"href":"https:\/\/cuernavaca.gob.mx\/index.php?rest_route=\/wp\/v2\/posts\/27242"}],"collection":[{"href":"https:\/\/cuernavaca.gob.mx\/index.php?rest_route=\/wp\/v2\/posts"}],"about":[{"href":"https:\/\/cuernavaca.gob.mx\/index.php?rest_route=\/wp\/v2\/types\/post"}],"author":[{"embeddable":true,"href":"https:\/\/cuernavaca.gob.mx\/index.php?rest_route=\/wp\/v2\/users\/1"}],"replies":[{"embeddable":true,"href":"https:\/\/cuernavaca.gob.mx\/index.php?rest_route=%2Fwp%2Fv2%2Fcomments&post=27242"}],"version-history":[{"count":1,"href":"https:\/\/cuernavaca.gob.mx\/index.php?rest_route=\/wp\/v2\/posts\/27242\/revisions"}],"predecessor-version":[{"id":27252,"href":"https:\/\/cuernavaca.gob.mx\/index.php?rest_route=\/wp\/v2\/posts\/27242\/revisions\/27252"}],"wp:featuredmedia":[{"embeddable":true,"href":"https:\/\/cuernavaca.gob.mx\/index.php?rest_route=\/wp\/v2\/media\/27243"}],"wp:attachment":[{"href":"https:\/\/cuernavaca.gob.mx\/index.php?rest_route=%2Fwp%2Fv2%2Fmedia&parent=27242"}],"wp:term":[{"taxonomy":"category","embeddable":true,"href":"https:\/\/cuernavaca.gob.mx\/index.php?rest_route=%2Fwp%2Fv2%2Fcategories&post=27242"},{"taxonomy":"post_tag","embeddable":true,"href":"https:\/\/cuernavaca.gob.mx\/index.php?rest_route=%2Fwp%2Fv2%2Ftags&post=27242"}],"curies":[{"name":"wp","href":"https:\/\/api.w.org\/{rel}","templated":true}]}}