{"id":27274,"date":"2023-04-13T15:30:00","date_gmt":"2023-04-13T21:30:00","guid":{"rendered":"https:\/\/cuernavaca.gob.mx\/?p=27274"},"modified":"2025-05-06T12:36:18","modified_gmt":"2025-05-06T18:36:18","slug":"b907-13-04-23-inah-fest-regresa-a-cuernavaca-con-mas-actividades-y-el-renovado-museo-regional-de-los-pueblos-de-morelos-palacio-de-cortes","status":"publish","type":"post","link":"https:\/\/cuernavaca.gob.mx\/?p=27274","title":{"rendered":"B907 13\/04\/23 INAH FEST REGRESA A CUERNAVACA CON M\u00c1S ACTIVIDADES Y EL RENOVADO MUSEO REGIONAL DE LOS PUEBLOS DE MORELOS, PALACIO DE CORT\u00c9S"},"content":{"rendered":"\n<p><strong>\u2022 Como anfitri\u00f3n el presidente municipal, Jos\u00e9 Luis Uri\u00f3stegui, manifest\u00f3 que para quienes viven en Morelos y en Cuernavaca, el INAH Fest representa la oportunidad de acercarse a sus ra\u00edces, historia y cultura<\/strong><\/p>\n\n\n\n<p><strong>\u2022 Destac\u00f3 que el Ayuntamiento de Cuernavaca trabaja con mucho entusiasmo para lograr que la historia de la ciudad no quede solo con una visi\u00f3n superficial<\/strong><\/p>\n\n\n\n<p>Por segundo a\u00f1o consecutivo la ciudad de Cuernavaca es sede oficial del INAH Fest, proyecto de difusi\u00f3n cultural que naci\u00f3 en la capital morelense, convocado por el Instituto Nacional de Antropolog\u00eda e Historia (INAH) en conjunto este a\u00f1o con la Secretar\u00eda de Turismo y Cultura estatal, que ofrece distintas actividades gratuitas para toda la familia en el reci\u00e9n reaperturado Museo Regional de los Pueblos de Morelos (MRPM), Palacio de Cort\u00e9s.<\/p>\n\n\n\n<p>Como anfitri\u00f3n del evento, el presidente municipal, Jos\u00e9 Luis Uri\u00f3stegui Salgado, manifest\u00f3 que para quienes viven en el estado de Morelos, particularmente en Cuernavaca, el INAH Fest que se desarrolla del 13 al 15 de abril, representa la oportunidad de acercarse a sus ra\u00edces, historia y cultura para conocer un poco m\u00e1s de lo que tienen a la vista, como ejemplo el propio Palacio de Cort\u00e9s, edificio con ciertas caracter\u00edsticas que al interior representa cada etapa de la entidad y de sus pueblos originarios.<\/p>\n\n\n\n<p>El Ayuntamiento de Cuernavaca precis\u00f3 que la presente administraci\u00f3n est\u00e1 trabajando con mucho entusiasmo para lograr que la historia de la ciudad no quede solo con una visi\u00f3n superficial, por lo cual, sumando al objetivo del INAH Fest, desde hace casi un a\u00f1o, en coordinaci\u00f3n con el director del Centro INAH Morelos, V\u00edctor Hugo Valencia Valera y la Universidad Aut\u00f3noma del Estado de Morelos (UAEM), retomaron formalmente los trabajos para obtener la declaratoria de Centro Hist\u00f3rico de Cuernavaca, encontr\u00e1ndose a la fecha con un avance importante en el censo de 134 inmuebles con m\u00e1s de cien a\u00f1os que se ubican en la poligonal de zona de monumentos.<\/p>\n\n\n\n<p>Adem\u00e1s, indic\u00f3 que el Consejo de Cronistas del Municipio est\u00e1 trabajando en el rescate de parte de la historia y cr\u00f3nica de los or\u00edgenes del municipio, siendo una aportaci\u00f3n de quienes se han dedicado a esta narrativa, que ahora organizados y a trav\u00e9s de un trabajo sistematizado est\u00e1n coadyuvando para que la poblaci\u00f3n de Cuernavaca, del pa\u00eds y el planeta puedan tener una idea m\u00e1s cercana sobre los or\u00edgenes de los primeros asentamientos existentes o descubiertos en la ciudad hasta la actualidad.<\/p>\n\n\n\n<p>Ante representantes de la sociedad civil organizada y autoridades de los distintos niveles de gobierno, el director del Centro INAH Morelos, el antrop\u00f3logo V\u00edctor Hugo Valencia Valera, se\u00f1al\u00f3 que, en estos tres d\u00edas de fiesta, los visitantes podr\u00e1n acceder a presentaciones editoriales, proyecciones de documentales, conversatorios en distintas tem\u00e1ticas, talleres y venta de libros del INAH y de la Secretar\u00eda de Turismo y Cultura, los cuales tendr\u00e1n descuentos; aunado a que toda la poblaci\u00f3n podr\u00e1 acceder de manera gratuita al renovado Museo Regional de los Pueblos de Morelos (MRPM), Palacio de Cort\u00e9s.<\/p>\n\n\n\n<p>Al uso de la palabra, la coordinadora nacional de Difusi\u00f3n del INAH, la antrop\u00f3loga Beatriz Quintanar Hinojosa, record\u00f3 que hace un a\u00f1o se encontraron en este mismo emblem\u00e1tico recinto para dar el banderazo de arranque al primer INAH Fest, proyecto de difusi\u00f3n que naci\u00f3 para celebrar el patrimonio y visibilizar la riqueza cultural de los estados, crear sinergia entre instituciones relacionadas con el arte y la cultura y acercar a la gente la labor incansable del INAH, logrando en solo un a\u00f1o replicarlo en los estados de Tlaxcala, Zacatecas y Ciudad de M\u00e9xico, regresando para su segunda edici\u00f3n a su cuna, Cuernavaca.<\/p>\n\n\n\n<p>En el acto inaugural se cont\u00f3 con la presencia de la secretaria de Turismo y Cultura estatal, Julieta Goldzweig Cornejo y el titular del MRPM, Rodolfo Candelas Casta\u00f1eda, as\u00ed como estuvieron presentes integrantes del Consejo Municipal de Cultura y las Artes y del Consejo de Cronistas del Municipio de Cuernavaca, quienes participar\u00e1n en una ponencia.<\/p>\n\n\n\n<p>Bajo el t\u00edtulo \u201cCelebremos nuestro patrimonio\u201d, el INAH Fest se estar\u00e1 llevando a cabo hasta el s\u00e1bado 15 de abril en el Museo Regional de los Pueblos de Morelos (MRPM), Palacio de Cort\u00e9s, a partir de las 10:00 horas. El programa completo est\u00e1 disponible en la liga https:\/\/inah.gob.mx\/inahfest\/<\/p>\n\n\n\n<figure class=\"wp-container-2 wp-block-gallery-1 wp-block-gallery has-nested-images columns-default is-cropped\">\n<figure class=\"wp-block-image size-large\"><img loading=\"lazy\" width=\"1024\" height=\"682\" data-id=\"27275\"  src=\"https:\/\/cuernavaca.gob.mx\/wp-content\/uploads\/2023\/04\/INAHFest-cuernavaca-1-1024x682.jpg\" alt=\"\" class=\"wp-image-27275\" srcset=\"https:\/\/cuernavaca.gob.mx\/wp-content\/uploads\/2023\/04\/INAHFest-cuernavaca-1-1024x682.jpg 1024w, https:\/\/cuernavaca.gob.mx\/wp-content\/uploads\/2023\/04\/INAHFest-cuernavaca-1-300x200.jpg 300w, https:\/\/cuernavaca.gob.mx\/wp-content\/uploads\/2023\/04\/INAHFest-cuernavaca-1-768x512.jpg 768w, https:\/\/cuernavaca.gob.mx\/wp-content\/uploads\/2023\/04\/INAHFest-cuernavaca-1-1536x1023.jpg 1536w, https:\/\/cuernavaca.gob.mx\/wp-content\/uploads\/2023\/04\/INAHFest-cuernavaca-1-600x400.jpg 600w, https:\/\/cuernavaca.gob.mx\/wp-content\/uploads\/2023\/04\/INAHFest-cuernavaca-1-560x373.jpg 560w, https:\/\/cuernavaca.gob.mx\/wp-content\/uploads\/2023\/04\/INAHFest-cuernavaca-1.jpg 1600w\" sizes=\"(max-width: 1024px) 100vw, 1024px\" \/><\/figure>\n\n\n\n<figure class=\"wp-block-image size-large\"><img loading=\"lazy\" width=\"1024\" height=\"682\" data-id=\"27277\"  src=\"https:\/\/cuernavaca.gob.mx\/wp-content\/uploads\/2023\/04\/INAHFest-cuernavaca-2-1024x682.jpg\" alt=\"\" class=\"wp-image-27277\" srcset=\"https:\/\/cuernavaca.gob.mx\/wp-content\/uploads\/2023\/04\/INAHFest-cuernavaca-2-1024x682.jpg 1024w, https:\/\/cuernavaca.gob.mx\/wp-content\/uploads\/2023\/04\/INAHFest-cuernavaca-2-300x200.jpg 300w, https:\/\/cuernavaca.gob.mx\/wp-content\/uploads\/2023\/04\/INAHFest-cuernavaca-2-768x512.jpg 768w, https:\/\/cuernavaca.gob.mx\/wp-content\/uploads\/2023\/04\/INAHFest-cuernavaca-2-1536x1023.jpg 1536w, https:\/\/cuernavaca.gob.mx\/wp-content\/uploads\/2023\/04\/INAHFest-cuernavaca-2-600x400.jpg 600w, https:\/\/cuernavaca.gob.mx\/wp-content\/uploads\/2023\/04\/INAHFest-cuernavaca-2-560x373.jpg 560w, https:\/\/cuernavaca.gob.mx\/wp-content\/uploads\/2023\/04\/INAHFest-cuernavaca-2.jpg 1600w\" sizes=\"(max-width: 1024px) 100vw, 1024px\" \/><\/figure>\n\n\n\n<figure class=\"wp-block-image size-large\"><img loading=\"lazy\" width=\"1024\" height=\"682\" data-id=\"27286\"  src=\"https:\/\/cuernavaca.gob.mx\/wp-content\/uploads\/2023\/04\/INAHFest-cuernavaca-3-1024x682.jpg\" alt=\"\" class=\"wp-image-27286\" srcset=\"https:\/\/cuernavaca.gob.mx\/wp-content\/uploads\/2023\/04\/INAHFest-cuernavaca-3-1024x682.jpg 1024w, https:\/\/cuernavaca.gob.mx\/wp-content\/uploads\/2023\/04\/INAHFest-cuernavaca-3-300x200.jpg 300w, https:\/\/cuernavaca.gob.mx\/wp-content\/uploads\/2023\/04\/INAHFest-cuernavaca-3-768x512.jpg 768w, https:\/\/cuernavaca.gob.mx\/wp-content\/uploads\/2023\/04\/INAHFest-cuernavaca-3-1536x1023.jpg 1536w, https:\/\/cuernavaca.gob.mx\/wp-content\/uploads\/2023\/04\/INAHFest-cuernavaca-3-600x400.jpg 600w, https:\/\/cuernavaca.gob.mx\/wp-content\/uploads\/2023\/04\/INAHFest-cuernavaca-3-560x373.jpg 560w, https:\/\/cuernavaca.gob.mx\/wp-content\/uploads\/2023\/04\/INAHFest-cuernavaca-3.jpg 1600w\" sizes=\"(max-width: 1024px) 100vw, 1024px\" \/><\/figure>\n\n\n\n<figure class=\"wp-block-image size-large\"><img loading=\"lazy\" width=\"1024\" height=\"682\" data-id=\"27278\"  src=\"https:\/\/cuernavaca.gob.mx\/wp-content\/uploads\/2023\/04\/INAHFest-cuernavaca-4-1024x682.jpg\" alt=\"\" class=\"wp-image-27278\" srcset=\"https:\/\/cuernavaca.gob.mx\/wp-content\/uploads\/2023\/04\/INAHFest-cuernavaca-4-1024x682.jpg 1024w, https:\/\/cuernavaca.gob.mx\/wp-content\/uploads\/2023\/04\/INAHFest-cuernavaca-4-300x200.jpg 300w, https:\/\/cuernavaca.gob.mx\/wp-content\/uploads\/2023\/04\/INAHFest-cuernavaca-4-768x512.jpg 768w, https:\/\/cuernavaca.gob.mx\/wp-content\/uploads\/2023\/04\/INAHFest-cuernavaca-4-1536x1023.jpg 1536w, https:\/\/cuernavaca.gob.mx\/wp-content\/uploads\/2023\/04\/INAHFest-cuernavaca-4-600x400.jpg 600w, https:\/\/cuernavaca.gob.mx\/wp-content\/uploads\/2023\/04\/INAHFest-cuernavaca-4-560x373.jpg 560w, https:\/\/cuernavaca.gob.mx\/wp-content\/uploads\/2023\/04\/INAHFest-cuernavaca-4.jpg 1600w\" sizes=\"(max-width: 1024px) 100vw, 1024px\" \/><\/figure>\n\n\n\n<figure class=\"wp-block-image size-large\"><img loading=\"lazy\" width=\"1024\" height=\"682\" data-id=\"27285\"  src=\"https:\/\/cuernavaca.gob.mx\/wp-content\/uploads\/2023\/04\/INAHFest-cuernavaca-5-1024x682.jpg\" alt=\"\" class=\"wp-image-27285\" srcset=\"https:\/\/cuernavaca.gob.mx\/wp-content\/uploads\/2023\/04\/INAHFest-cuernavaca-5-1024x682.jpg 1024w, https:\/\/cuernavaca.gob.mx\/wp-content\/uploads\/2023\/04\/INAHFest-cuernavaca-5-300x200.jpg 300w, https:\/\/cuernavaca.gob.mx\/wp-content\/uploads\/2023\/04\/INAHFest-cuernavaca-5-768x512.jpg 768w, https:\/\/cuernavaca.gob.mx\/wp-content\/uploads\/2023\/04\/INAHFest-cuernavaca-5-1536x1023.jpg 1536w, https:\/\/cuernavaca.gob.mx\/wp-content\/uploads\/2023\/04\/INAHFest-cuernavaca-5-600x400.jpg 600w, https:\/\/cuernavaca.gob.mx\/wp-content\/uploads\/2023\/04\/INAHFest-cuernavaca-5-560x373.jpg 560w, https:\/\/cuernavaca.gob.mx\/wp-content\/uploads\/2023\/04\/INAHFest-cuernavaca-5.jpg 1600w\" sizes=\"(max-width: 1024px) 100vw, 1024px\" \/><\/figure>\n\n\n\n<figure class=\"wp-block-image size-large\"><img loading=\"lazy\" width=\"1024\" height=\"682\" data-id=\"27281\"  src=\"https:\/\/cuernavaca.gob.mx\/wp-content\/uploads\/2023\/04\/INAHFest-cuernavaca-6-1024x682.jpg\" alt=\"\" class=\"wp-image-27281\" srcset=\"https:\/\/cuernavaca.gob.mx\/wp-content\/uploads\/2023\/04\/INAHFest-cuernavaca-6-1024x682.jpg 1024w, https:\/\/cuernavaca.gob.mx\/wp-content\/uploads\/2023\/04\/INAHFest-cuernavaca-6-300x200.jpg 300w, https:\/\/cuernavaca.gob.mx\/wp-content\/uploads\/2023\/04\/INAHFest-cuernavaca-6-768x512.jpg 768w, https:\/\/cuernavaca.gob.mx\/wp-content\/uploads\/2023\/04\/INAHFest-cuernavaca-6-1536x1023.jpg 1536w, https:\/\/cuernavaca.gob.mx\/wp-content\/uploads\/2023\/04\/INAHFest-cuernavaca-6-600x400.jpg 600w, https:\/\/cuernavaca.gob.mx\/wp-content\/uploads\/2023\/04\/INAHFest-cuernavaca-6-560x373.jpg 560w, https:\/\/cuernavaca.gob.mx\/wp-content\/uploads\/2023\/04\/INAHFest-cuernavaca-6.jpg 1600w\" sizes=\"(max-width: 1024px) 100vw, 1024px\" \/><\/figure>\n\n\n\n<figure class=\"wp-block-image size-large\"><img loading=\"lazy\" width=\"1024\" height=\"682\" data-id=\"27287\"  src=\"https:\/\/cuernavaca.gob.mx\/wp-content\/uploads\/2023\/04\/INAHFest-cuernavaca-7-1024x682.jpg\" alt=\"\" class=\"wp-image-27287\" srcset=\"https:\/\/cuernavaca.gob.mx\/wp-content\/uploads\/2023\/04\/INAHFest-cuernavaca-7-1024x682.jpg 1024w, https:\/\/cuernavaca.gob.mx\/wp-content\/uploads\/2023\/04\/INAHFest-cuernavaca-7-300x200.jpg 300w, https:\/\/cuernavaca.gob.mx\/wp-content\/uploads\/2023\/04\/INAHFest-cuernavaca-7-768x512.jpg 768w, https:\/\/cuernavaca.gob.mx\/wp-content\/uploads\/2023\/04\/INAHFest-cuernavaca-7-1536x1023.jpg 1536w, https:\/\/cuernavaca.gob.mx\/wp-content\/uploads\/2023\/04\/INAHFest-cuernavaca-7-600x400.jpg 600w, https:\/\/cuernavaca.gob.mx\/wp-content\/uploads\/2023\/04\/INAHFest-cuernavaca-7-560x373.jpg 560w, https:\/\/cuernavaca.gob.mx\/wp-content\/uploads\/2023\/04\/INAHFest-cuernavaca-7.jpg 1600w\" sizes=\"(max-width: 1024px) 100vw, 1024px\" \/><\/figure>\n\n\n\n<figure class=\"wp-block-image size-large\"><img loading=\"lazy\" width=\"1024\" height=\"682\" data-id=\"27279\"  src=\"https:\/\/cuernavaca.gob.mx\/wp-content\/uploads\/2023\/04\/INAHFest-cuernavaca-8-1024x682.jpg\" alt=\"\" class=\"wp-image-27279\" srcset=\"https:\/\/cuernavaca.gob.mx\/wp-content\/uploads\/2023\/04\/INAHFest-cuernavaca-8-1024x682.jpg 1024w, https:\/\/cuernavaca.gob.mx\/wp-content\/uploads\/2023\/04\/INAHFest-cuernavaca-8-300x200.jpg 300w, https:\/\/cuernavaca.gob.mx\/wp-content\/uploads\/2023\/04\/INAHFest-cuernavaca-8-768x512.jpg 768w, https:\/\/cuernavaca.gob.mx\/wp-content\/uploads\/2023\/04\/INAHFest-cuernavaca-8-1536x1023.jpg 1536w, https:\/\/cuernavaca.gob.mx\/wp-content\/uploads\/2023\/04\/INAHFest-cuernavaca-8-600x400.jpg 600w, https:\/\/cuernavaca.gob.mx\/wp-content\/uploads\/2023\/04\/INAHFest-cuernavaca-8-560x373.jpg 560w, https:\/\/cuernavaca.gob.mx\/wp-content\/uploads\/2023\/04\/INAHFest-cuernavaca-8.jpg 1600w\" sizes=\"(max-width: 1024px) 100vw, 1024px\" \/><\/figure>\n\n\n\n<figure class=\"wp-block-image size-large\"><img loading=\"lazy\" width=\"1024\" height=\"682\" data-id=\"27280\"  src=\"https:\/\/cuernavaca.gob.mx\/wp-content\/uploads\/2023\/04\/INAHFest-cuernavaca-9-1024x682.jpg\" alt=\"\" class=\"wp-image-27280\" srcset=\"https:\/\/cuernavaca.gob.mx\/wp-content\/uploads\/2023\/04\/INAHFest-cuernavaca-9-1024x682.jpg 1024w, https:\/\/cuernavaca.gob.mx\/wp-content\/uploads\/2023\/04\/INAHFest-cuernavaca-9-300x200.jpg 300w, https:\/\/cuernavaca.gob.mx\/wp-content\/uploads\/2023\/04\/INAHFest-cuernavaca-9-768x512.jpg 768w, https:\/\/cuernavaca.gob.mx\/wp-content\/uploads\/2023\/04\/INAHFest-cuernavaca-9-1536x1023.jpg 1536w, https:\/\/cuernavaca.gob.mx\/wp-content\/uploads\/2023\/04\/INAHFest-cuernavaca-9-600x400.jpg 600w, https:\/\/cuernavaca.gob.mx\/wp-content\/uploads\/2023\/04\/INAHFest-cuernavaca-9-560x373.jpg 560w, https:\/\/cuernavaca.gob.mx\/wp-content\/uploads\/2023\/04\/INAHFest-cuernavaca-9.jpg 1600w\" sizes=\"(max-width: 1024px) 100vw, 1024px\" \/><\/figure>\n\n\n\n<figure class=\"wp-block-image size-large\"><img loading=\"lazy\" width=\"1024\" height=\"682\" data-id=\"27282\"  src=\"https:\/\/cuernavaca.gob.mx\/wp-content\/uploads\/2023\/04\/INAHFest-cuernavaca-10-1024x682.jpg\" alt=\"\" class=\"wp-image-27282\" srcset=\"https:\/\/cuernavaca.gob.mx\/wp-content\/uploads\/2023\/04\/INAHFest-cuernavaca-10-1024x682.jpg 1024w, https:\/\/cuernavaca.gob.mx\/wp-content\/uploads\/2023\/04\/INAHFest-cuernavaca-10-300x200.jpg 300w, https:\/\/cuernavaca.gob.mx\/wp-content\/uploads\/2023\/04\/INAHFest-cuernavaca-10-768x512.jpg 768w, https:\/\/cuernavaca.gob.mx\/wp-content\/uploads\/2023\/04\/INAHFest-cuernavaca-10-1536x1023.jpg 1536w, https:\/\/cuernavaca.gob.mx\/wp-content\/uploads\/2023\/04\/INAHFest-cuernavaca-10-600x400.jpg 600w, https:\/\/cuernavaca.gob.mx\/wp-content\/uploads\/2023\/04\/INAHFest-cuernavaca-10-560x373.jpg 560w, https:\/\/cuernavaca.gob.mx\/wp-content\/uploads\/2023\/04\/INAHFest-cuernavaca-10.jpg 1600w\" sizes=\"(max-width: 1024px) 100vw, 1024px\" \/><\/figure>\n\n\n\n<figure class=\"wp-block-image size-large\"><img loading=\"lazy\" width=\"1024\" height=\"682\" data-id=\"27276\"  src=\"https:\/\/cuernavaca.gob.mx\/wp-content\/uploads\/2023\/04\/INAHFest-cuernavaca-11-1024x682.jpg\" alt=\"\" class=\"wp-image-27276\" srcset=\"https:\/\/cuernavaca.gob.mx\/wp-content\/uploads\/2023\/04\/INAHFest-cuernavaca-11-1024x682.jpg 1024w, https:\/\/cuernavaca.gob.mx\/wp-content\/uploads\/2023\/04\/INAHFest-cuernavaca-11-300x200.jpg 300w, https:\/\/cuernavaca.gob.mx\/wp-content\/uploads\/2023\/04\/INAHFest-cuernavaca-11-768x512.jpg 768w, https:\/\/cuernavaca.gob.mx\/wp-content\/uploads\/2023\/04\/INAHFest-cuernavaca-11-1536x1023.jpg 1536w, https:\/\/cuernavaca.gob.mx\/wp-content\/uploads\/2023\/04\/INAHFest-cuernavaca-11-600x400.jpg 600w, https:\/\/cuernavaca.gob.mx\/wp-content\/uploads\/2023\/04\/INAHFest-cuernavaca-11-560x373.jpg 560w, https:\/\/cuernavaca.gob.mx\/wp-content\/uploads\/2023\/04\/INAHFest-cuernavaca-11.jpg 1600w\" sizes=\"(max-width: 1024px) 100vw, 1024px\" \/><\/figure>\n\n\n\n<figure class=\"wp-block-image size-large\"><img loading=\"lazy\" width=\"1024\" height=\"682\" data-id=\"27283\"  src=\"https:\/\/cuernavaca.gob.mx\/wp-content\/uploads\/2023\/04\/INAHFest-cuernavaca-12-1024x682.jpg\" alt=\"\" class=\"wp-image-27283\" srcset=\"https:\/\/cuernavaca.gob.mx\/wp-content\/uploads\/2023\/04\/INAHFest-cuernavaca-12-1024x682.jpg 1024w, https:\/\/cuernavaca.gob.mx\/wp-content\/uploads\/2023\/04\/INAHFest-cuernavaca-12-300x200.jpg 300w, https:\/\/cuernavaca.gob.mx\/wp-content\/uploads\/2023\/04\/INAHFest-cuernavaca-12-768x512.jpg 768w, https:\/\/cuernavaca.gob.mx\/wp-content\/uploads\/2023\/04\/INAHFest-cuernavaca-12-1536x1023.jpg 1536w, https:\/\/cuernavaca.gob.mx\/wp-content\/uploads\/2023\/04\/INAHFest-cuernavaca-12-600x400.jpg 600w, https:\/\/cuernavaca.gob.mx\/wp-content\/uploads\/2023\/04\/INAHFest-cuernavaca-12-560x373.jpg 560w, https:\/\/cuernavaca.gob.mx\/wp-content\/uploads\/2023\/04\/INAHFest-cuernavaca-12.jpg 1600w\" sizes=\"(max-width: 1024px) 100vw, 1024px\" \/><\/figure>\n\n\n\n<figure class=\"wp-block-image size-large\"><img loading=\"lazy\" width=\"1024\" height=\"682\" data-id=\"27284\"  src=\"https:\/\/cuernavaca.gob.mx\/wp-content\/uploads\/2023\/04\/INAHFest-cuernavaca-13-1024x682.jpg\" alt=\"\" class=\"wp-image-27284\" srcset=\"https:\/\/cuernavaca.gob.mx\/wp-content\/uploads\/2023\/04\/INAHFest-cuernavaca-13-1024x682.jpg 1024w, https:\/\/cuernavaca.gob.mx\/wp-content\/uploads\/2023\/04\/INAHFest-cuernavaca-13-300x200.jpg 300w, https:\/\/cuernavaca.gob.mx\/wp-content\/uploads\/2023\/04\/INAHFest-cuernavaca-13-768x512.jpg 768w, https:\/\/cuernavaca.gob.mx\/wp-content\/uploads\/2023\/04\/INAHFest-cuernavaca-13-1536x1023.jpg 1536w, https:\/\/cuernavaca.gob.mx\/wp-content\/uploads\/2023\/04\/INAHFest-cuernavaca-13-600x400.jpg 600w, https:\/\/cuernavaca.gob.mx\/wp-content\/uploads\/2023\/04\/INAHFest-cuernavaca-13-560x373.jpg 560w, https:\/\/cuernavaca.gob.mx\/wp-content\/uploads\/2023\/04\/INAHFest-cuernavaca-13.jpg 1600w\" sizes=\"(max-width: 1024px) 100vw, 1024px\" \/><\/figure>\n<\/figure>\n","protected":false},"excerpt":{"rendered":"<p>\u2022 Como anfitri\u00f3n el presidente municipal, Jos\u00e9 Luis Uri\u00f3stegui, manifest\u00f3 que para quienes viven en Morelos y en Cuernavaca, el INAH Fest representa la oportunidad de acercarse a sus ra\u00edces, historia y cultura \u2022 Destac\u00f3 que el Ayuntamiento de Cuernavaca trabaja con mucho entusiasmo para lograr que la historia de la ciudad no quede solo [&hellip;]<\/p>\n","protected":false},"author":1,"featured_media":27286,"comment_status":"closed","ping_status":"open","sticky":false,"template":"","format":"standard","meta":[],"categories":[21],"tags":[121,190,1882,120,206,1274,194],"aioseo_notices":[],"_links":{"self":[{"href":"https:\/\/cuernavaca.gob.mx\/index.php?rest_route=\/wp\/v2\/posts\/27274"}],"collection":[{"href":"https:\/\/cuernavaca.gob.mx\/index.php?rest_route=\/wp\/v2\/posts"}],"about":[{"href":"https:\/\/cuernavaca.gob.mx\/index.php?rest_route=\/wp\/v2\/types\/post"}],"author":[{"embeddable":true,"href":"https:\/\/cuernavaca.gob.mx\/index.php?rest_route=\/wp\/v2\/users\/1"}],"replies":[{"embeddable":true,"href":"https:\/\/cuernavaca.gob.mx\/index.php?rest_route=%2Fwp%2Fv2%2Fcomments&post=27274"}],"version-history":[{"count":1,"href":"https:\/\/cuernavaca.gob.mx\/index.php?rest_route=\/wp\/v2\/posts\/27274\/revisions"}],"predecessor-version":[{"id":27288,"href":"https:\/\/cuernavaca.gob.mx\/index.php?rest_route=\/wp\/v2\/posts\/27274\/revisions\/27288"}],"wp:featuredmedia":[{"embeddable":true,"href":"https:\/\/cuernavaca.gob.mx\/index.php?rest_route=\/wp\/v2\/media\/27286"}],"wp:attachment":[{"href":"https:\/\/cuernavaca.gob.mx\/index.php?rest_route=%2Fwp%2Fv2%2Fmedia&parent=27274"}],"wp:term":[{"taxonomy":"category","embeddable":true,"href":"https:\/\/cuernavaca.gob.mx\/index.php?rest_route=%2Fwp%2Fv2%2Fcategories&post=27274"},{"taxonomy":"post_tag","embeddable":true,"href":"https:\/\/cuernavaca.gob.mx\/index.php?rest_route=%2Fwp%2Fv2%2Ftags&post=27274"}],"curies":[{"name":"wp","href":"https:\/\/api.w.org\/{rel}","templated":true}]}}