{"id":27290,"date":"2023-04-13T17:11:00","date_gmt":"2023-04-13T23:11:00","guid":{"rendered":"https:\/\/cuernavaca.gob.mx\/?p=27290"},"modified":"2025-05-06T12:36:17","modified_gmt":"2025-05-06T18:36:17","slug":"b908-13-04-23-reordenamiento-del-comercio-ambulante-en-cuernavaca-registra-avances-presentan-informe-ante-el-consejo-municipal-de-seguridad-publica","status":"publish","type":"post","link":"https:\/\/cuernavaca.gob.mx\/?p=27290","title":{"rendered":"B908 13\/04\/23 REORDENAMIENTO DEL COMERCIO AMBULANTE EN CUERNAVACA REGISTRA AVANCES; PRESENTAN INFORME ANTE EL CONSEJO MUNICIPAL DE SEGURIDAD P\u00daBLICA"},"content":{"rendered":"\n<p><strong>\u2022 En el marco de la VII sesi\u00f3n ordinaria del Consejo el secretario del Ayuntamiento, Carlos de la Rosa explic\u00f3 el proceso que han llevado a cabo para avanzar en el reordenamiento del ambulantaje<\/strong><\/p>\n\n\n\n<p><strong>\u2022 En las recientes revisiones se detect\u00f3 que comercios tolerados, obtuvieron licencias ap\u00f3crifas de la anterior administraci\u00f3n<\/strong><\/p>\n\n\n\n<p>\u201cEl Gobierno Municipal sigue firme y avanzando en el ordenamiento del comercio informal en Cuernavaca, resolviendo conflictos que dejo la pasada administraci\u00f3n y d\u00e1ndoles facilidades a los comerciantes que tengan como m\u00ednimo cinco a\u00f1os de antig\u00fcedad para regularizarse\u201d, asegur\u00f3 el secretario del Ayuntamiento, Carlos de la Rosa Segura, quien destac\u00f3 que pese a las dificultades y resistencias que han encontrado, han logrado reducir significativamente a este sector en ciertos espacios p\u00fablicos.<\/p>\n\n\n\n<p>En el marco de la VII sesi\u00f3n ordinaria del Consejo Municipal de Seguridad P\u00fablica y ante cuestionamientos de empresarios, indic\u00f3 que al inicio de la presente administraci\u00f3n no contaban con datos puntuales respecto al padr\u00f3n de comerciantes ambulantes, al no existir una entrega- recepci\u00f3n, por lo que se dieron a la tarea de recabar su propia informaci\u00f3n, encontrando un padr\u00f3n de mil 600 expedientes, m\u00e1s los denominados tolerados, que no cuentan con una licencia para operar el comercio en la v\u00eda p\u00fablica.<\/p>\n\n\n\n<p>En este sentido, Carlos de la Rosa refiri\u00f3 que al ubicar que las leyes de ingresos establecen par\u00e1metros muy altos en materia de costos y evitar afectaciones a los ingresos de los comerciantes, a mediados del a\u00f1o pasado, el Cabildo de Cuernavaca aprob\u00f3 un acuerdo, mediante el cual se les proporcion\u00f3 un 90 por ciento de descuento sobre el pago que estaban haciendo a efecto de regularizarse y si bien hubo pl\u00e1ticas con la mayor\u00eda de los representantes del comercio ambulante, no hubo ni un solo pago.<\/p>\n\n\n\n<p>Por ello, la Secretar\u00eda del Ayuntamiento se dio a la tarea nuevamente de hacer un recorrido para ubicar las \u00e1reas que ocupaban, que comercios contaban con licencia y cuantos eran tolerados, identificando que muchos de los que obtuvieron sus licencias de operaci\u00f3n del comercio ambulante en la anterior administraci\u00f3n, son ap\u00f3crifas, lo que ya fue notificado a la Consejer\u00eda Jur\u00eddica y la Contralor\u00eda Municipal para que realicen los procedimientos correspondientes.<\/p>\n\n\n\n<p>Sin embargo, al ser una prioridad del actual Gobierno Municipal que los comerciantes ambulantes puedan transitar en la regularidad, De la Rosa Segura inform\u00f3 que estar\u00e1 proponiendo nuevamente al cuerpo edilicio la reactivaci\u00f3n del programa de regularizaci\u00f3n, pero que sea \u00fanica y exclusivamente para los que ejercen el comercio ambulante, otorgando un descuento del 95 por ciento en su refrendo, lo que han comenzado a socializar con los l\u00edderes gremiales.<\/p>\n\n\n\n<p>\u201cEsto implica un reordenamiento y un alineamiento de las personas. Hoy tenemos una reducci\u00f3n significativa, siguen estando en la calle, pero hay espacios donde han sido removidos, liberados y reducidos sus espacios a efecto de ejercer el comercio, estando en la tesitura de poder reubicarlos\u201d, asegur\u00f3.<\/p>\n\n\n\n<p>Ante miembros del Consejo Municipal de Seguridad P\u00fablica, puntualiz\u00f3 que, si en esta ocasi\u00f3n no cumplen con el requisito, los comerciantes ambulantes tendr\u00e1n que ser retirados definitivamente de las calles, toda vez que adem\u00e1s no dejar\u00e1n que el padr\u00f3n registrado se incremente, avalando que la v\u00eda p\u00fablica ser\u00e1 liberada, evitando hechos delictivos y mejorando as\u00ed la imagen urbana de la capital morelense.<\/p>\n\n\n\n<figure class=\"wp-container-2 wp-block-gallery-1 wp-block-gallery has-nested-images columns-default is-cropped\">\n<figure class=\"wp-block-image size-large\"><img loading=\"lazy\" width=\"1024\" height=\"682\" data-id=\"27295\"  src=\"https:\/\/cuernavaca.gob.mx\/wp-content\/uploads\/2023\/04\/consejo-municipal-de-seguridad-publica-cuernavaca-1-1024x682.jpg\" alt=\"\" class=\"wp-image-27295\" srcset=\"https:\/\/cuernavaca.gob.mx\/wp-content\/uploads\/2023\/04\/consejo-municipal-de-seguridad-publica-cuernavaca-1-1024x682.jpg 1024w, https:\/\/cuernavaca.gob.mx\/wp-content\/uploads\/2023\/04\/consejo-municipal-de-seguridad-publica-cuernavaca-1-300x200.jpg 300w, https:\/\/cuernavaca.gob.mx\/wp-content\/uploads\/2023\/04\/consejo-municipal-de-seguridad-publica-cuernavaca-1-768x512.jpg 768w, https:\/\/cuernavaca.gob.mx\/wp-content\/uploads\/2023\/04\/consejo-municipal-de-seguridad-publica-cuernavaca-1-600x400.jpg 600w, https:\/\/cuernavaca.gob.mx\/wp-content\/uploads\/2023\/04\/consejo-municipal-de-seguridad-publica-cuernavaca-1-560x373.jpg 560w, https:\/\/cuernavaca.gob.mx\/wp-content\/uploads\/2023\/04\/consejo-municipal-de-seguridad-publica-cuernavaca-1.jpg 1280w\" sizes=\"(max-width: 1024px) 100vw, 1024px\" \/><\/figure>\n\n\n\n<figure class=\"wp-block-image size-large\"><img loading=\"lazy\" width=\"1024\" height=\"682\" data-id=\"27291\"  src=\"https:\/\/cuernavaca.gob.mx\/wp-content\/uploads\/2023\/04\/consejo-municipal-de-seguridad-publica-cuernavaca-2-1024x682.jpg\" alt=\"\" class=\"wp-image-27291\" srcset=\"https:\/\/cuernavaca.gob.mx\/wp-content\/uploads\/2023\/04\/consejo-municipal-de-seguridad-publica-cuernavaca-2-1024x682.jpg 1024w, https:\/\/cuernavaca.gob.mx\/wp-content\/uploads\/2023\/04\/consejo-municipal-de-seguridad-publica-cuernavaca-2-300x200.jpg 300w, https:\/\/cuernavaca.gob.mx\/wp-content\/uploads\/2023\/04\/consejo-municipal-de-seguridad-publica-cuernavaca-2-768x512.jpg 768w, https:\/\/cuernavaca.gob.mx\/wp-content\/uploads\/2023\/04\/consejo-municipal-de-seguridad-publica-cuernavaca-2-1536x1023.jpg 1536w, https:\/\/cuernavaca.gob.mx\/wp-content\/uploads\/2023\/04\/consejo-municipal-de-seguridad-publica-cuernavaca-2-600x400.jpg 600w, https:\/\/cuernavaca.gob.mx\/wp-content\/uploads\/2023\/04\/consejo-municipal-de-seguridad-publica-cuernavaca-2-560x373.jpg 560w, https:\/\/cuernavaca.gob.mx\/wp-content\/uploads\/2023\/04\/consejo-municipal-de-seguridad-publica-cuernavaca-2.jpg 1600w\" sizes=\"(max-width: 1024px) 100vw, 1024px\" \/><\/figure>\n\n\n\n<figure class=\"wp-block-image size-large\"><img loading=\"lazy\" width=\"1024\" height=\"682\" data-id=\"27294\"  src=\"https:\/\/cuernavaca.gob.mx\/wp-content\/uploads\/2023\/04\/consejo-municipal-de-seguridad-publica-cuernavaca-3-1024x682.jpg\" alt=\"\" class=\"wp-image-27294\" srcset=\"https:\/\/cuernavaca.gob.mx\/wp-content\/uploads\/2023\/04\/consejo-municipal-de-seguridad-publica-cuernavaca-3-1024x682.jpg 1024w, https:\/\/cuernavaca.gob.mx\/wp-content\/uploads\/2023\/04\/consejo-municipal-de-seguridad-publica-cuernavaca-3-300x200.jpg 300w, https:\/\/cuernavaca.gob.mx\/wp-content\/uploads\/2023\/04\/consejo-municipal-de-seguridad-publica-cuernavaca-3-768x512.jpg 768w, https:\/\/cuernavaca.gob.mx\/wp-content\/uploads\/2023\/04\/consejo-municipal-de-seguridad-publica-cuernavaca-3-600x400.jpg 600w, https:\/\/cuernavaca.gob.mx\/wp-content\/uploads\/2023\/04\/consejo-municipal-de-seguridad-publica-cuernavaca-3-560x373.jpg 560w, https:\/\/cuernavaca.gob.mx\/wp-content\/uploads\/2023\/04\/consejo-municipal-de-seguridad-publica-cuernavaca-3.jpg 1280w\" sizes=\"(max-width: 1024px) 100vw, 1024px\" \/><\/figure>\n\n\n\n<figure class=\"wp-block-image size-large\"><img loading=\"lazy\" width=\"1024\" height=\"682\" data-id=\"27293\"  src=\"https:\/\/cuernavaca.gob.mx\/wp-content\/uploads\/2023\/04\/consejo-municipal-de-seguridad-publica-cuernavaca-4-1024x682.jpg\" alt=\"\" class=\"wp-image-27293\" srcset=\"https:\/\/cuernavaca.gob.mx\/wp-content\/uploads\/2023\/04\/consejo-municipal-de-seguridad-publica-cuernavaca-4-1024x682.jpg 1024w, https:\/\/cuernavaca.gob.mx\/wp-content\/uploads\/2023\/04\/consejo-municipal-de-seguridad-publica-cuernavaca-4-300x200.jpg 300w, https:\/\/cuernavaca.gob.mx\/wp-content\/uploads\/2023\/04\/consejo-municipal-de-seguridad-publica-cuernavaca-4-768x512.jpg 768w, https:\/\/cuernavaca.gob.mx\/wp-content\/uploads\/2023\/04\/consejo-municipal-de-seguridad-publica-cuernavaca-4-1536x1023.jpg 1536w, https:\/\/cuernavaca.gob.mx\/wp-content\/uploads\/2023\/04\/consejo-municipal-de-seguridad-publica-cuernavaca-4-600x400.jpg 600w, https:\/\/cuernavaca.gob.mx\/wp-content\/uploads\/2023\/04\/consejo-municipal-de-seguridad-publica-cuernavaca-4-560x373.jpg 560w, https:\/\/cuernavaca.gob.mx\/wp-content\/uploads\/2023\/04\/consejo-municipal-de-seguridad-publica-cuernavaca-4.jpg 1600w\" sizes=\"(max-width: 1024px) 100vw, 1024px\" \/><\/figure>\n\n\n\n<figure class=\"wp-block-image size-large\"><img loading=\"lazy\" width=\"1024\" height=\"682\" data-id=\"27292\"  src=\"https:\/\/cuernavaca.gob.mx\/wp-content\/uploads\/2023\/04\/consejo-municipal-de-seguridad-publica-cuernavaca-5-1024x682.jpg\" alt=\"\" class=\"wp-image-27292\" srcset=\"https:\/\/cuernavaca.gob.mx\/wp-content\/uploads\/2023\/04\/consejo-municipal-de-seguridad-publica-cuernavaca-5-1024x682.jpg 1024w, https:\/\/cuernavaca.gob.mx\/wp-content\/uploads\/2023\/04\/consejo-municipal-de-seguridad-publica-cuernavaca-5-300x200.jpg 300w, https:\/\/cuernavaca.gob.mx\/wp-content\/uploads\/2023\/04\/consejo-municipal-de-seguridad-publica-cuernavaca-5-768x512.jpg 768w, https:\/\/cuernavaca.gob.mx\/wp-content\/uploads\/2023\/04\/consejo-municipal-de-seguridad-publica-cuernavaca-5-600x400.jpg 600w, https:\/\/cuernavaca.gob.mx\/wp-content\/uploads\/2023\/04\/consejo-municipal-de-seguridad-publica-cuernavaca-5-560x373.jpg 560w, https:\/\/cuernavaca.gob.mx\/wp-content\/uploads\/2023\/04\/consejo-municipal-de-seguridad-publica-cuernavaca-5.jpg 1280w\" sizes=\"(max-width: 1024px) 100vw, 1024px\" \/><\/figure>\n<\/figure>\n","protected":false},"excerpt":{"rendered":"<p>\u2022 En el marco de la VII sesi\u00f3n ordinaria del Consejo el secretario del Ayuntamiento, Carlos de la Rosa explic\u00f3 el proceso que han llevado a cabo para avanzar en el reordenamiento del ambulantaje \u2022 En las recientes revisiones se detect\u00f3 que comercios tolerados, obtuvieron licencias ap\u00f3crifas de la anterior administraci\u00f3n \u201cEl Gobierno Municipal sigue [&hellip;]<\/p>\n","protected":false},"author":1,"featured_media":27295,"comment_status":"closed","ping_status":"open","sticky":false,"template":"","format":"standard","meta":[],"categories":[17],"tags":[808,121,120,206,414,125],"aioseo_notices":[],"_links":{"self":[{"href":"https:\/\/cuernavaca.gob.mx\/index.php?rest_route=\/wp\/v2\/posts\/27290"}],"collection":[{"href":"https:\/\/cuernavaca.gob.mx\/index.php?rest_route=\/wp\/v2\/posts"}],"about":[{"href":"https:\/\/cuernavaca.gob.mx\/index.php?rest_route=\/wp\/v2\/types\/post"}],"author":[{"embeddable":true,"href":"https:\/\/cuernavaca.gob.mx\/index.php?rest_route=\/wp\/v2\/users\/1"}],"replies":[{"embeddable":true,"href":"https:\/\/cuernavaca.gob.mx\/index.php?rest_route=%2Fwp%2Fv2%2Fcomments&post=27290"}],"version-history":[{"count":1,"href":"https:\/\/cuernavaca.gob.mx\/index.php?rest_route=\/wp\/v2\/posts\/27290\/revisions"}],"predecessor-version":[{"id":27296,"href":"https:\/\/cuernavaca.gob.mx\/index.php?rest_route=\/wp\/v2\/posts\/27290\/revisions\/27296"}],"wp:featuredmedia":[{"embeddable":true,"href":"https:\/\/cuernavaca.gob.mx\/index.php?rest_route=\/wp\/v2\/media\/27295"}],"wp:attachment":[{"href":"https:\/\/cuernavaca.gob.mx\/index.php?rest_route=%2Fwp%2Fv2%2Fmedia&parent=27290"}],"wp:term":[{"taxonomy":"category","embeddable":true,"href":"https:\/\/cuernavaca.gob.mx\/index.php?rest_route=%2Fwp%2Fv2%2Fcategories&post=27290"},{"taxonomy":"post_tag","embeddable":true,"href":"https:\/\/cuernavaca.gob.mx\/index.php?rest_route=%2Fwp%2Fv2%2Ftags&post=27290"}],"curies":[{"name":"wp","href":"https:\/\/api.w.org\/{rel}","templated":true}]}}