{"id":27309,"date":"2023-04-14T15:50:00","date_gmt":"2023-04-14T21:50:00","guid":{"rendered":"https:\/\/cuernavaca.gob.mx\/?p=27309"},"modified":"2025-05-06T12:36:17","modified_gmt":"2025-05-06T18:36:17","slug":"f406-14-04-23-detiene-la-policia-de-cuernavaca-a-chofer-de-taxi-y-al-vehiculo-de-servicio-denunciados-en-redes-sociales-por-un-probable-delito-cometido-en-el-polvorin","status":"publish","type":"post","link":"https:\/\/cuernavaca.gob.mx\/?p=27309","title":{"rendered":"F406 14\/04\/23 DETIENE LA POLIC\u00cdA DE CUERNAVACA A CHOFER DE TAXI Y AL VEH\u00cdCULO DE SERVICIO, DENUNCIADOS EN REDES SOCIALES POR UN PROBABLE DELITO COMETIDO EN EL POLVOR\u00cdN"},"content":{"rendered":"\n<p>Elementos de la polic\u00eda preventiva de la Secretar\u00eda de Protecci\u00f3n y Auxilio Ciudadano (SEPRAC), lograron el aseguramiento del veh\u00edculo del servicio p\u00fablico de pasajeros sin itinerario fijo (taxi) de Cuernavaca y a su conductor, al tener coincidencias con la denuncia p\u00fablica de un hecho delictivo registrado hace unos d\u00edas en la lateral del Distribuidor Vial Palmira en el Polvor\u00edn.<\/p>\n\n\n\n<p>De acuerdo al reporte, elementos de la polic\u00eda preventiva de Cuernavaca en un recorrido por la Avenida Emiliano Zapata de la colonia Tlatenango, se tuvo a la vista al autom\u00f3vil taxi Nissan modelo March con placas A208LTZ denunciado en redes sociales, por lo que se solicit\u00f3 a su conductor se detuviera para la inspecci\u00f3n correspondiente, verificando las caracter\u00edsticas del auto con las del video.<\/p>\n\n\n\n<p>En cuanto al chofer, en la revisi\u00f3n a su persona se le encontraron en su pantal\u00f3n, dos bolsas tipo ziploc con sustancia granulada de color blanco con caracter\u00edsticas similares al cristal, as\u00ed como dos envoltorios en bolsas transparentes con las mismas sustancias granuladas, por lo que se procedi\u00f3 a su detenci\u00f3n.<\/p>\n\n\n\n<p>La persona asegurada responde al nombre de Valent\u00edn \u201cN\u201d de 50 a\u00f1os de edad, quien despu\u00e9s de la certificaci\u00f3n m\u00e9dica fue puesto a disposici\u00f3n del ministerio p\u00fablico para determinar su situaci\u00f3n jur\u00eddica, en tanto que el autom\u00f3vil del servicio p\u00fablico de taxi, fue remitido al dep\u00f3sito vehicular ubicado en el Polvor\u00edn, sujeto a la investigaci\u00f3n que corresponda.<\/p>\n\n\n\n<p>Se solicita a los afectados de probables hechos delictivos cometidos por esta persona utilizando este vehicul\u00f3, hacer la denuncia formal a la Central de Emergencias al tel\u00e9fono 777 31212 74.<\/p>\n\n\n\n<figure class=\"wp-container-2 wp-block-gallery-1 wp-block-gallery has-nested-images columns-default is-cropped\">\n<figure class=\"wp-block-image size-large\"><img loading=\"lazy\" width=\"769\" height=\"1024\" data-id=\"27311\"  src=\"https:\/\/cuernavaca.gob.mx\/wp-content\/uploads\/2023\/04\/seguridad-cuernavaca-1-1-769x1024.jpeg\" alt=\"\" class=\"wp-image-27311\" srcset=\"https:\/\/cuernavaca.gob.mx\/wp-content\/uploads\/2023\/04\/seguridad-cuernavaca-1-1-769x1024.jpeg 769w, https:\/\/cuernavaca.gob.mx\/wp-content\/uploads\/2023\/04\/seguridad-cuernavaca-1-1-225x300.jpeg 225w, https:\/\/cuernavaca.gob.mx\/wp-content\/uploads\/2023\/04\/seguridad-cuernavaca-1-1-768x1023.jpeg 768w, https:\/\/cuernavaca.gob.mx\/wp-content\/uploads\/2023\/04\/seguridad-cuernavaca-1-1-1153x1536.jpeg 1153w, https:\/\/cuernavaca.gob.mx\/wp-content\/uploads\/2023\/04\/seguridad-cuernavaca-1-1-450x600.jpeg 450w, https:\/\/cuernavaca.gob.mx\/wp-content\/uploads\/2023\/04\/seguridad-cuernavaca-1-1-420x560.jpeg 420w, https:\/\/cuernavaca.gob.mx\/wp-content\/uploads\/2023\/04\/seguridad-cuernavaca-1-1.jpeg 1201w\" sizes=\"(max-width: 769px) 100vw, 769px\" \/><\/figure>\n\n\n\n<figure class=\"wp-block-image size-large\"><img loading=\"lazy\" width=\"576\" height=\"1024\" data-id=\"27314\"  src=\"https:\/\/cuernavaca.gob.mx\/wp-content\/uploads\/2023\/04\/seguridad-cuernavaca-2-1-576x1024.jpeg\" alt=\"\" class=\"wp-image-27314\" srcset=\"https:\/\/cuernavaca.gob.mx\/wp-content\/uploads\/2023\/04\/seguridad-cuernavaca-2-1-576x1024.jpeg 576w, https:\/\/cuernavaca.gob.mx\/wp-content\/uploads\/2023\/04\/seguridad-cuernavaca-2-1-169x300.jpeg 169w, https:\/\/cuernavaca.gob.mx\/wp-content\/uploads\/2023\/04\/seguridad-cuernavaca-2-1-338x600.jpeg 338w, https:\/\/cuernavaca.gob.mx\/wp-content\/uploads\/2023\/04\/seguridad-cuernavaca-2-1-315x560.jpeg 315w, https:\/\/cuernavaca.gob.mx\/wp-content\/uploads\/2023\/04\/seguridad-cuernavaca-2-1.jpeg 720w\" sizes=\"(max-width: 576px) 100vw, 576px\" \/><\/figure>\n\n\n\n<figure class=\"wp-block-image size-large\"><img loading=\"lazy\" width=\"576\" height=\"1024\" data-id=\"27313\"  src=\"https:\/\/cuernavaca.gob.mx\/wp-content\/uploads\/2023\/04\/seguridad-cuernavaca-3-1-576x1024.jpeg\" alt=\"\" class=\"wp-image-27313\" srcset=\"https:\/\/cuernavaca.gob.mx\/wp-content\/uploads\/2023\/04\/seguridad-cuernavaca-3-1-576x1024.jpeg 576w, https:\/\/cuernavaca.gob.mx\/wp-content\/uploads\/2023\/04\/seguridad-cuernavaca-3-1-169x300.jpeg 169w, https:\/\/cuernavaca.gob.mx\/wp-content\/uploads\/2023\/04\/seguridad-cuernavaca-3-1-768x1365.jpeg 768w, https:\/\/cuernavaca.gob.mx\/wp-content\/uploads\/2023\/04\/seguridad-cuernavaca-3-1-338x600.jpeg 338w, https:\/\/cuernavaca.gob.mx\/wp-content\/uploads\/2023\/04\/seguridad-cuernavaca-3-1-315x560.jpeg 315w, https:\/\/cuernavaca.gob.mx\/wp-content\/uploads\/2023\/04\/seguridad-cuernavaca-3-1.jpeg 792w\" sizes=\"(max-width: 576px) 100vw, 576px\" \/><\/figure>\n\n\n\n<figure class=\"wp-block-image size-large\"><img loading=\"lazy\" width=\"576\" height=\"1024\" data-id=\"27310\"  src=\"https:\/\/cuernavaca.gob.mx\/wp-content\/uploads\/2023\/04\/seguridad-cuernavaca-4-1-576x1024.jpeg\" alt=\"\" class=\"wp-image-27310\" srcset=\"https:\/\/cuernavaca.gob.mx\/wp-content\/uploads\/2023\/04\/seguridad-cuernavaca-4-1-576x1024.jpeg 576w, https:\/\/cuernavaca.gob.mx\/wp-content\/uploads\/2023\/04\/seguridad-cuernavaca-4-1-169x300.jpeg 169w, https:\/\/cuernavaca.gob.mx\/wp-content\/uploads\/2023\/04\/seguridad-cuernavaca-4-1-768x1365.jpeg 768w, https:\/\/cuernavaca.gob.mx\/wp-content\/uploads\/2023\/04\/seguridad-cuernavaca-4-1-338x600.jpeg 338w, https:\/\/cuernavaca.gob.mx\/wp-content\/uploads\/2023\/04\/seguridad-cuernavaca-4-1-315x560.jpeg 315w, https:\/\/cuernavaca.gob.mx\/wp-content\/uploads\/2023\/04\/seguridad-cuernavaca-4-1.jpeg 792w\" sizes=\"(max-width: 576px) 100vw, 576px\" \/><\/figure>\n\n\n\n<figure class=\"wp-block-image size-large\"><img loading=\"lazy\" width=\"748\" height=\"673\" data-id=\"27312\"  src=\"https:\/\/cuernavaca.gob.mx\/wp-content\/uploads\/2023\/04\/seguridad-cuernavaca-5.jpeg\" alt=\"\" class=\"wp-image-27312\" srcset=\"https:\/\/cuernavaca.gob.mx\/wp-content\/uploads\/2023\/04\/seguridad-cuernavaca-5.jpeg 748w, https:\/\/cuernavaca.gob.mx\/wp-content\/uploads\/2023\/04\/seguridad-cuernavaca-5-300x270.jpeg 300w, https:\/\/cuernavaca.gob.mx\/wp-content\/uploads\/2023\/04\/seguridad-cuernavaca-5-600x540.jpeg 600w, https:\/\/cuernavaca.gob.mx\/wp-content\/uploads\/2023\/04\/seguridad-cuernavaca-5-560x504.jpeg 560w\" sizes=\"(max-width: 748px) 100vw, 748px\" \/><\/figure>\n<\/figure>\n","protected":false},"excerpt":{"rendered":"<p>Elementos de la polic\u00eda preventiva de la Secretar\u00eda de Protecci\u00f3n y Auxilio Ciudadano (SEPRAC), lograron el aseguramiento del veh\u00edculo del servicio p\u00fablico de pasajeros sin itinerario fijo (taxi) de Cuernavaca y a su conductor, al tener coincidencias con la denuncia p\u00fablica de un hecho delictivo registrado hace unos d\u00edas en la lateral del Distribuidor Vial [&hellip;]<\/p>\n","protected":false},"author":1,"featured_media":27314,"comment_status":"closed","ping_status":"open","sticky":false,"template":"","format":"standard","meta":[],"categories":[17],"tags":[120,206,414,125],"aioseo_notices":[],"_links":{"self":[{"href":"https:\/\/cuernavaca.gob.mx\/index.php?rest_route=\/wp\/v2\/posts\/27309"}],"collection":[{"href":"https:\/\/cuernavaca.gob.mx\/index.php?rest_route=\/wp\/v2\/posts"}],"about":[{"href":"https:\/\/cuernavaca.gob.mx\/index.php?rest_route=\/wp\/v2\/types\/post"}],"author":[{"embeddable":true,"href":"https:\/\/cuernavaca.gob.mx\/index.php?rest_route=\/wp\/v2\/users\/1"}],"replies":[{"embeddable":true,"href":"https:\/\/cuernavaca.gob.mx\/index.php?rest_route=%2Fwp%2Fv2%2Fcomments&post=27309"}],"version-history":[{"count":1,"href":"https:\/\/cuernavaca.gob.mx\/index.php?rest_route=\/wp\/v2\/posts\/27309\/revisions"}],"predecessor-version":[{"id":27315,"href":"https:\/\/cuernavaca.gob.mx\/index.php?rest_route=\/wp\/v2\/posts\/27309\/revisions\/27315"}],"wp:featuredmedia":[{"embeddable":true,"href":"https:\/\/cuernavaca.gob.mx\/index.php?rest_route=\/wp\/v2\/media\/27314"}],"wp:attachment":[{"href":"https:\/\/cuernavaca.gob.mx\/index.php?rest_route=%2Fwp%2Fv2%2Fmedia&parent=27309"}],"wp:term":[{"taxonomy":"category","embeddable":true,"href":"https:\/\/cuernavaca.gob.mx\/index.php?rest_route=%2Fwp%2Fv2%2Fcategories&post=27309"},{"taxonomy":"post_tag","embeddable":true,"href":"https:\/\/cuernavaca.gob.mx\/index.php?rest_route=%2Fwp%2Fv2%2Ftags&post=27309"}],"curies":[{"name":"wp","href":"https:\/\/api.w.org\/{rel}","templated":true}]}}