{"id":27316,"date":"2023-04-14T13:30:00","date_gmt":"2023-04-14T19:30:00","guid":{"rendered":"https:\/\/cuernavaca.gob.mx\/?p=27316"},"modified":"2025-05-06T12:36:17","modified_gmt":"2025-05-06T18:36:17","slug":"f405-14-04-23-refrenda-la-seprac-trabajo-institucional-con-la-guardia-nacional-destacamentada-en-morelos","status":"publish","type":"post","link":"https:\/\/cuernavaca.gob.mx\/?p=27316","title":{"rendered":"F405 14\/04\/23 REFRENDA LA SEPRAC TRABAJO INSTITUCIONAL CON LA GUARDIA NACIONAL DESTACAMENTADA EN MORELOS"},"content":{"rendered":"\n<p>Como parte de las acciones de colaboraci\u00f3n institucional, la Secretar\u00eda de Protecci\u00f3n y Auxilio Ciudadano (SEPRAC) la noche del jueves brind\u00f3 apoyo a la Guardia Nacional a fin de llevar a cabo el proceso de certificaci\u00f3n m\u00e9dica de dos elementos de polic\u00eda del municipio de Huitzilac, detenidos en la carretera federal Cuernavaca-M\u00e9xico entre los poblados de Tres Mar\u00edas y Cuajomulco.<\/p>\n\n\n\n<p>Los dos polic\u00edas del municipio de Hutzilac asegurados, fueron trasladados por elementos de la Guardia Nacional a bordo de unidades de esa instituci\u00f3n de seguridad p\u00fablica federal, para el proceso de certificaci\u00f3n m\u00e9dica en la SEPRAC, al ser se\u00f1alados de haber incurrido presuntamente en una agresi\u00f3n contra integrantes de la Guardia Nacional en uno de sus patrullajes.<\/p>\n\n\n\n<p><\/p>\n\n\n\n<p><\/p>\n\n\n\n<p><\/p>\n\n\n\n<p><\/p>\n\n\n\n<figure class=\"wp-container-2 wp-block-gallery-1 wp-block-gallery has-nested-images columns-default is-cropped\">\n<figure class=\"wp-block-image size-large\"><img loading=\"lazy\" width=\"771\" height=\"1024\" data-id=\"27318\"  src=\"https:\/\/cuernavaca.gob.mx\/wp-content\/uploads\/2023\/04\/cuernavaca-y-guardia-nacional-1-771x1024.jpeg\" alt=\"\" class=\"wp-image-27318\" srcset=\"https:\/\/cuernavaca.gob.mx\/wp-content\/uploads\/2023\/04\/cuernavaca-y-guardia-nacional-1-771x1024.jpeg 771w, https:\/\/cuernavaca.gob.mx\/wp-content\/uploads\/2023\/04\/cuernavaca-y-guardia-nacional-1-226x300.jpeg 226w, https:\/\/cuernavaca.gob.mx\/wp-content\/uploads\/2023\/04\/cuernavaca-y-guardia-nacional-1-768x1021.jpeg 768w, https:\/\/cuernavaca.gob.mx\/wp-content\/uploads\/2023\/04\/cuernavaca-y-guardia-nacional-1-1156x1536.jpeg 1156w, https:\/\/cuernavaca.gob.mx\/wp-content\/uploads\/2023\/04\/cuernavaca-y-guardia-nacional-1-452x600.jpeg 452w, https:\/\/cuernavaca.gob.mx\/wp-content\/uploads\/2023\/04\/cuernavaca-y-guardia-nacional-1-421x560.jpeg 421w, https:\/\/cuernavaca.gob.mx\/wp-content\/uploads\/2023\/04\/cuernavaca-y-guardia-nacional-1.jpeg 1204w\" sizes=\"(max-width: 771px) 100vw, 771px\" \/><\/figure>\n\n\n\n<figure class=\"wp-block-image size-large\"><img loading=\"lazy\" width=\"461\" height=\"1024\" data-id=\"27317\"  src=\"https:\/\/cuernavaca.gob.mx\/wp-content\/uploads\/2023\/04\/cuernavaca-y-guardia-nacional-2-461x1024.jpeg\" alt=\"\" class=\"wp-image-27317\" srcset=\"https:\/\/cuernavaca.gob.mx\/wp-content\/uploads\/2023\/04\/cuernavaca-y-guardia-nacional-2-461x1024.jpeg 461w, https:\/\/cuernavaca.gob.mx\/wp-content\/uploads\/2023\/04\/cuernavaca-y-guardia-nacional-2-135x300.jpeg 135w, https:\/\/cuernavaca.gob.mx\/wp-content\/uploads\/2023\/04\/cuernavaca-y-guardia-nacional-2-270x600.jpeg 270w, https:\/\/cuernavaca.gob.mx\/wp-content\/uploads\/2023\/04\/cuernavaca-y-guardia-nacional-2-252x560.jpeg 252w, https:\/\/cuernavaca.gob.mx\/wp-content\/uploads\/2023\/04\/cuernavaca-y-guardia-nacional-2.jpeg 468w\" sizes=\"(max-width: 461px) 100vw, 461px\" \/><\/figure>\n\n\n\n<figure class=\"wp-block-image size-large\"><img loading=\"lazy\" width=\"771\" height=\"1024\" data-id=\"27319\"  src=\"https:\/\/cuernavaca.gob.mx\/wp-content\/uploads\/2023\/04\/cuernavaca-y-guardia-nacional-3-771x1024.jpeg\" alt=\"\" class=\"wp-image-27319\" srcset=\"https:\/\/cuernavaca.gob.mx\/wp-content\/uploads\/2023\/04\/cuernavaca-y-guardia-nacional-3-771x1024.jpeg 771w, https:\/\/cuernavaca.gob.mx\/wp-content\/uploads\/2023\/04\/cuernavaca-y-guardia-nacional-3-226x300.jpeg 226w, https:\/\/cuernavaca.gob.mx\/wp-content\/uploads\/2023\/04\/cuernavaca-y-guardia-nacional-3-768x1021.jpeg 768w, https:\/\/cuernavaca.gob.mx\/wp-content\/uploads\/2023\/04\/cuernavaca-y-guardia-nacional-3-1156x1536.jpeg 1156w, https:\/\/cuernavaca.gob.mx\/wp-content\/uploads\/2023\/04\/cuernavaca-y-guardia-nacional-3-452x600.jpeg 452w, https:\/\/cuernavaca.gob.mx\/wp-content\/uploads\/2023\/04\/cuernavaca-y-guardia-nacional-3-421x560.jpeg 421w, https:\/\/cuernavaca.gob.mx\/wp-content\/uploads\/2023\/04\/cuernavaca-y-guardia-nacional-3.jpeg 1204w\" sizes=\"(max-width: 771px) 100vw, 771px\" \/><\/figure>\n<\/figure>\n","protected":false},"excerpt":{"rendered":"<p>Como parte de las acciones de colaboraci\u00f3n institucional, la Secretar\u00eda de Protecci\u00f3n y Auxilio Ciudadano (SEPRAC) la noche del jueves brind\u00f3 apoyo a la Guardia Nacional a fin de llevar a cabo el proceso de certificaci\u00f3n m\u00e9dica de dos elementos de polic\u00eda del municipio de Huitzilac, detenidos en la carretera federal Cuernavaca-M\u00e9xico entre los poblados [&hellip;]<\/p>\n","protected":false},"author":1,"featured_media":27319,"comment_status":"closed","ping_status":"open","sticky":false,"template":"","format":"standard","meta":[],"categories":[17],"tags":[121,196,120,125,252],"aioseo_notices":[],"_links":{"self":[{"href":"https:\/\/cuernavaca.gob.mx\/index.php?rest_route=\/wp\/v2\/posts\/27316"}],"collection":[{"href":"https:\/\/cuernavaca.gob.mx\/index.php?rest_route=\/wp\/v2\/posts"}],"about":[{"href":"https:\/\/cuernavaca.gob.mx\/index.php?rest_route=\/wp\/v2\/types\/post"}],"author":[{"embeddable":true,"href":"https:\/\/cuernavaca.gob.mx\/index.php?rest_route=\/wp\/v2\/users\/1"}],"replies":[{"embeddable":true,"href":"https:\/\/cuernavaca.gob.mx\/index.php?rest_route=%2Fwp%2Fv2%2Fcomments&post=27316"}],"version-history":[{"count":2,"href":"https:\/\/cuernavaca.gob.mx\/index.php?rest_route=\/wp\/v2\/posts\/27316\/revisions"}],"predecessor-version":[{"id":27321,"href":"https:\/\/cuernavaca.gob.mx\/index.php?rest_route=\/wp\/v2\/posts\/27316\/revisions\/27321"}],"wp:featuredmedia":[{"embeddable":true,"href":"https:\/\/cuernavaca.gob.mx\/index.php?rest_route=\/wp\/v2\/media\/27319"}],"wp:attachment":[{"href":"https:\/\/cuernavaca.gob.mx\/index.php?rest_route=%2Fwp%2Fv2%2Fmedia&parent=27316"}],"wp:term":[{"taxonomy":"category","embeddable":true,"href":"https:\/\/cuernavaca.gob.mx\/index.php?rest_route=%2Fwp%2Fv2%2Fcategories&post=27316"},{"taxonomy":"post_tag","embeddable":true,"href":"https:\/\/cuernavaca.gob.mx\/index.php?rest_route=%2Fwp%2Fv2%2Ftags&post=27316"}],"curies":[{"name":"wp","href":"https:\/\/api.w.org\/{rel}","templated":true}]}}