{"id":27322,"date":"2023-04-14T15:30:00","date_gmt":"2023-04-14T21:30:00","guid":{"rendered":"https:\/\/cuernavaca.gob.mx\/?p=27322"},"modified":"2025-05-06T12:36:17","modified_gmt":"2025-05-06T18:36:17","slug":"b909-14-04-23-rescata-fiscalia-ambiental-de-cuernavaca-a-28-perros-que-se-encontraban-en-estado-de-abandono-en-la-colonia-la-pradera","status":"publish","type":"post","link":"https:\/\/cuernavaca.gob.mx\/?p=27322","title":{"rendered":"B909 14\/04\/23 RESCATA FISCAL\u00cdA AMBIENTAL DE CUERNAVACA A 28 PERROS QUE SE ENCONTRABAN EN ESTADO DE ABANDONO EN LA COLONIA LA PRADERA"},"content":{"rendered":"\n<p><strong>\u2022 Fue en una acci\u00f3n coordinada con la PROPAEM y representantes de la sociedad civil la ma\u00f1ana de este viernes<\/strong><\/p>\n\n\n\n<p><strong>\u2022 Los perros rescatados ser\u00e1n sujetos a un proceso de adopci\u00f3n previa revisi\u00f3n m\u00e9dica, vacunaci\u00f3n y esterilizaci\u00f3n<\/strong><\/p>\n\n\n\n<p>En atenci\u00f3n a denuncias de vecinos que aseguraron ser afectados, personal de la Fiscal\u00eda Ambiental de la Secretar\u00eda de Desarrollo Sustentable y Servicios P\u00fablicos del Ayuntamiento de Cuernavaca rescat\u00f3 este viernes a 28 perros que se encontraban en condici\u00f3n de maltrato en una vivienda de la colonia La Pradera, mam\u00edferos que fueron trasladados a instalaciones de la Jefatura de Bienestar Animal para su revisi\u00f3n m\u00e9dica, esterilizaci\u00f3n, vacunaci\u00f3n, desparasitaci\u00f3n y en condiciones para ser adoptados en un hogar digno.<\/p>\n\n\n\n<p>Durante la diligencia donde se cont\u00f3 con el apoyo institucional de la Procuradur\u00eda de Protecci\u00f3n al Ambiente del Estado de Morelos (PROPAEM), de organizaciones de la sociedad civil y del ayudante municipal de Tlaltenango, Alberto Michel Quecho Z\u00e1rate; la fiscal ambiental, Laura Elizabeth Garc\u00eda M\u00e9ndez, explic\u00f3 que los caninos se encontraban en condici\u00f3n de maltrato, toda vez que sus due\u00f1os no los atend\u00edan desde la parte m\u00e9dica hasta en alimentaci\u00f3n y estaban en riesgo, ya que al salir a la calle sin ning\u00fan cuidado ni protecci\u00f3n los expon\u00edan, tanto a las agresiones de las personas como a cualquier accidente.<\/p>\n\n\n\n<p>Los caninos fueron trasladados, en coordinaci\u00f3n con PROPAEM y las asociaciones civiles, como Pet Love, en jaulas de viaje especiales y de gran tama\u00f1o a las instalaciones de la Jefatura de Bienestar Animal, donde est\u00e1n siendo atendidos por una m\u00e9dica veterinaria, quien los revis\u00f3 y vacun\u00f3 para identificar si cuentan con alguna zoonosis y poder continuar con el procedimiento de rescate en materia de salud y bienestar, ofreci\u00e9ndoles un espacio y trato digno en tanto encuentran un hogar permanente.<br>Cabe recordar que desde el a\u00f1o 2022 la Fiscal\u00eda Ambiental atendi\u00f3 este tema, logrando rescatar a un canino el 29 de agosto del 2022 y ante la denuncia de vecinos de la colonia Pradera, que se\u00f1alaron que en dicho domicilio exist\u00edan aproximadamente 40 perros al resguardo de dos personas en calidad de indigentes, quienes al momento de salir a la calle han mordido a varias personas.<\/p>\n\n\n\n<p>Ante los hechos se present\u00f3 una denuncia ante la Fiscal\u00eda General del Estado de Morelos, la cual fue radicada en la carpeta de investigaci\u00f3n SC\/12395\/2023 con fecha 24 de febrero de 2023, por el delito contra la seguridad de las personas en su modalidad de omisi\u00f3n de cuidado y delitos cometidos por actos de crueldad en contra de los animales dom\u00e9sticos, contra quien resulte responsable.<\/p>\n\n\n\n<p>Garc\u00eda M\u00e9ndez confirm\u00f3 que, aunado al rescate de los perros, se inici\u00f3 un procedimiento administrativo y habr\u00e1 denuncias jur\u00eddicas contra aquellas personas que tengan este n\u00famero de animales y, sobre todo, que no les den el cuidado y la atenci\u00f3n.<\/p>\n\n\n\n<p>Finalmente, la fiscal ambiental Laura Garc\u00eda, hizo un llamado a toda la sociedad para que se involucren en las adopciones de estos perritos, pidiendo que est\u00e9n pendientes de las p\u00e1ginas oficiales de la Secretar\u00eda de Desarrollo Sustentable y Servicios P\u00fablicos de Cuernavaca y del Municipio de Cuernavaca, donde estar\u00e1n publicando la campa\u00f1a de difusi\u00f3n masiva para que los caninos encuentren un hogar donde les den el cuidado que necesitan, \u201ctenemos que llevarlos a un hogar que tengan un trato digno y garantizar as\u00ed su bienestar\u201d.<\/p>\n\n\n\n<p>La Fiscal\u00eda Ambiental atiende de manera permanente este tipo de denuncias, buscando concientizar a la poblaci\u00f3n sobre la importancia de cuidar y ser responsables con sus mascotas. Para cualquier denuncia pueden comunicarse al 777 310 0000 en un horario de 08:00 a 17:00 horas.<\/p>\n\n\n\n<figure class=\"wp-container-2 wp-block-gallery-1 wp-block-gallery has-nested-images columns-default is-cropped\">\n<figure class=\"wp-block-image size-large\"><img loading=\"lazy\" width=\"1024\" height=\"769\" data-id=\"27332\"  src=\"https:\/\/cuernavaca.gob.mx\/wp-content\/uploads\/2023\/04\/rescate-canino-cuernavaca-1-1024x769.jpeg\" alt=\"\" class=\"wp-image-27332\" srcset=\"https:\/\/cuernavaca.gob.mx\/wp-content\/uploads\/2023\/04\/rescate-canino-cuernavaca-1-1024x769.jpeg 1024w, https:\/\/cuernavaca.gob.mx\/wp-content\/uploads\/2023\/04\/rescate-canino-cuernavaca-1-300x225.jpeg 300w, https:\/\/cuernavaca.gob.mx\/wp-content\/uploads\/2023\/04\/rescate-canino-cuernavaca-1-768x576.jpeg 768w, https:\/\/cuernavaca.gob.mx\/wp-content\/uploads\/2023\/04\/rescate-canino-cuernavaca-1-1536x1153.jpeg 1536w, https:\/\/cuernavaca.gob.mx\/wp-content\/uploads\/2023\/04\/rescate-canino-cuernavaca-1-600x450.jpeg 600w, https:\/\/cuernavaca.gob.mx\/wp-content\/uploads\/2023\/04\/rescate-canino-cuernavaca-1-560x420.jpeg 560w, https:\/\/cuernavaca.gob.mx\/wp-content\/uploads\/2023\/04\/rescate-canino-cuernavaca-1.jpeg 1600w\" sizes=\"(max-width: 1024px) 100vw, 1024px\" \/><\/figure>\n\n\n\n<figure class=\"wp-block-image size-large\"><img loading=\"lazy\" width=\"1024\" height=\"769\" data-id=\"27334\"  src=\"https:\/\/cuernavaca.gob.mx\/wp-content\/uploads\/2023\/04\/rescate-canino-cuernavaca-2-1024x769.jpeg\" alt=\"\" class=\"wp-image-27334\" srcset=\"https:\/\/cuernavaca.gob.mx\/wp-content\/uploads\/2023\/04\/rescate-canino-cuernavaca-2-1024x769.jpeg 1024w, https:\/\/cuernavaca.gob.mx\/wp-content\/uploads\/2023\/04\/rescate-canino-cuernavaca-2-300x225.jpeg 300w, https:\/\/cuernavaca.gob.mx\/wp-content\/uploads\/2023\/04\/rescate-canino-cuernavaca-2-768x576.jpeg 768w, https:\/\/cuernavaca.gob.mx\/wp-content\/uploads\/2023\/04\/rescate-canino-cuernavaca-2-1536x1153.jpeg 1536w, https:\/\/cuernavaca.gob.mx\/wp-content\/uploads\/2023\/04\/rescate-canino-cuernavaca-2-600x450.jpeg 600w, https:\/\/cuernavaca.gob.mx\/wp-content\/uploads\/2023\/04\/rescate-canino-cuernavaca-2-560x420.jpeg 560w, https:\/\/cuernavaca.gob.mx\/wp-content\/uploads\/2023\/04\/rescate-canino-cuernavaca-2.jpeg 1600w\" sizes=\"(max-width: 1024px) 100vw, 1024px\" \/><\/figure>\n\n\n\n<figure class=\"wp-block-image size-large\"><img loading=\"lazy\" width=\"768\" height=\"1024\" data-id=\"27327\"  src=\"https:\/\/cuernavaca.gob.mx\/wp-content\/uploads\/2023\/04\/rescate-canino-cuernavaca-3-768x1024.jpeg\" alt=\"\" class=\"wp-image-27327\" srcset=\"https:\/\/cuernavaca.gob.mx\/wp-content\/uploads\/2023\/04\/rescate-canino-cuernavaca-3-768x1024.jpeg 768w, https:\/\/cuernavaca.gob.mx\/wp-content\/uploads\/2023\/04\/rescate-canino-cuernavaca-3-225x300.jpeg 225w, https:\/\/cuernavaca.gob.mx\/wp-content\/uploads\/2023\/04\/rescate-canino-cuernavaca-3-450x600.jpeg 450w, https:\/\/cuernavaca.gob.mx\/wp-content\/uploads\/2023\/04\/rescate-canino-cuernavaca-3-420x560.jpeg 420w, https:\/\/cuernavaca.gob.mx\/wp-content\/uploads\/2023\/04\/rescate-canino-cuernavaca-3.jpeg 960w\" sizes=\"(max-width: 768px) 100vw, 768px\" \/><\/figure>\n\n\n\n<figure class=\"wp-block-image size-large\"><img loading=\"lazy\" width=\"1024\" height=\"769\" data-id=\"27326\"  src=\"https:\/\/cuernavaca.gob.mx\/wp-content\/uploads\/2023\/04\/rescate-canino-cuernavaca-4-1024x769.jpeg\" alt=\"\" class=\"wp-image-27326\" srcset=\"https:\/\/cuernavaca.gob.mx\/wp-content\/uploads\/2023\/04\/rescate-canino-cuernavaca-4-1024x769.jpeg 1024w, https:\/\/cuernavaca.gob.mx\/wp-content\/uploads\/2023\/04\/rescate-canino-cuernavaca-4-300x225.jpeg 300w, https:\/\/cuernavaca.gob.mx\/wp-content\/uploads\/2023\/04\/rescate-canino-cuernavaca-4-768x576.jpeg 768w, https:\/\/cuernavaca.gob.mx\/wp-content\/uploads\/2023\/04\/rescate-canino-cuernavaca-4-1536x1153.jpeg 1536w, https:\/\/cuernavaca.gob.mx\/wp-content\/uploads\/2023\/04\/rescate-canino-cuernavaca-4-600x450.jpeg 600w, https:\/\/cuernavaca.gob.mx\/wp-content\/uploads\/2023\/04\/rescate-canino-cuernavaca-4-560x420.jpeg 560w, https:\/\/cuernavaca.gob.mx\/wp-content\/uploads\/2023\/04\/rescate-canino-cuernavaca-4.jpeg 1600w\" sizes=\"(max-width: 1024px) 100vw, 1024px\" \/><\/figure>\n\n\n\n<figure class=\"wp-block-image size-large\"><img loading=\"lazy\" width=\"1024\" height=\"769\" data-id=\"27335\"  src=\"https:\/\/cuernavaca.gob.mx\/wp-content\/uploads\/2023\/04\/rescate-canino-cuernavaca-5-1024x769.jpeg\" alt=\"\" class=\"wp-image-27335\" srcset=\"https:\/\/cuernavaca.gob.mx\/wp-content\/uploads\/2023\/04\/rescate-canino-cuernavaca-5-1024x769.jpeg 1024w, https:\/\/cuernavaca.gob.mx\/wp-content\/uploads\/2023\/04\/rescate-canino-cuernavaca-5-300x225.jpeg 300w, https:\/\/cuernavaca.gob.mx\/wp-content\/uploads\/2023\/04\/rescate-canino-cuernavaca-5-768x576.jpeg 768w, https:\/\/cuernavaca.gob.mx\/wp-content\/uploads\/2023\/04\/rescate-canino-cuernavaca-5-1536x1153.jpeg 1536w, https:\/\/cuernavaca.gob.mx\/wp-content\/uploads\/2023\/04\/rescate-canino-cuernavaca-5-600x450.jpeg 600w, https:\/\/cuernavaca.gob.mx\/wp-content\/uploads\/2023\/04\/rescate-canino-cuernavaca-5-560x420.jpeg 560w, https:\/\/cuernavaca.gob.mx\/wp-content\/uploads\/2023\/04\/rescate-canino-cuernavaca-5.jpeg 1600w\" sizes=\"(max-width: 1024px) 100vw, 1024px\" \/><\/figure>\n\n\n\n<figure class=\"wp-block-image size-large\"><img loading=\"lazy\" width=\"1024\" height=\"769\" data-id=\"27328\"  src=\"https:\/\/cuernavaca.gob.mx\/wp-content\/uploads\/2023\/04\/rescate-canino-cuernavaca-6-1024x769.jpeg\" alt=\"\" class=\"wp-image-27328\" srcset=\"https:\/\/cuernavaca.gob.mx\/wp-content\/uploads\/2023\/04\/rescate-canino-cuernavaca-6-1024x769.jpeg 1024w, https:\/\/cuernavaca.gob.mx\/wp-content\/uploads\/2023\/04\/rescate-canino-cuernavaca-6-300x225.jpeg 300w, https:\/\/cuernavaca.gob.mx\/wp-content\/uploads\/2023\/04\/rescate-canino-cuernavaca-6-768x576.jpeg 768w, https:\/\/cuernavaca.gob.mx\/wp-content\/uploads\/2023\/04\/rescate-canino-cuernavaca-6-1536x1153.jpeg 1536w, https:\/\/cuernavaca.gob.mx\/wp-content\/uploads\/2023\/04\/rescate-canino-cuernavaca-6-600x450.jpeg 600w, https:\/\/cuernavaca.gob.mx\/wp-content\/uploads\/2023\/04\/rescate-canino-cuernavaca-6-560x420.jpeg 560w, https:\/\/cuernavaca.gob.mx\/wp-content\/uploads\/2023\/04\/rescate-canino-cuernavaca-6.jpeg 1600w\" sizes=\"(max-width: 1024px) 100vw, 1024px\" \/><\/figure>\n\n\n\n<figure class=\"wp-block-image size-large\"><img loading=\"lazy\" width=\"1024\" height=\"769\" data-id=\"27337\"  src=\"https:\/\/cuernavaca.gob.mx\/wp-content\/uploads\/2023\/04\/rescate-canino-cuernavaca-7-1024x769.jpeg\" alt=\"\" class=\"wp-image-27337\" srcset=\"https:\/\/cuernavaca.gob.mx\/wp-content\/uploads\/2023\/04\/rescate-canino-cuernavaca-7-1024x769.jpeg 1024w, https:\/\/cuernavaca.gob.mx\/wp-content\/uploads\/2023\/04\/rescate-canino-cuernavaca-7-300x225.jpeg 300w, https:\/\/cuernavaca.gob.mx\/wp-content\/uploads\/2023\/04\/rescate-canino-cuernavaca-7-768x576.jpeg 768w, https:\/\/cuernavaca.gob.mx\/wp-content\/uploads\/2023\/04\/rescate-canino-cuernavaca-7-1536x1153.jpeg 1536w, https:\/\/cuernavaca.gob.mx\/wp-content\/uploads\/2023\/04\/rescate-canino-cuernavaca-7-600x450.jpeg 600w, https:\/\/cuernavaca.gob.mx\/wp-content\/uploads\/2023\/04\/rescate-canino-cuernavaca-7-560x420.jpeg 560w, https:\/\/cuernavaca.gob.mx\/wp-content\/uploads\/2023\/04\/rescate-canino-cuernavaca-7.jpeg 1600w\" sizes=\"(max-width: 1024px) 100vw, 1024px\" \/><\/figure>\n\n\n\n<figure class=\"wp-block-image size-large\"><img loading=\"lazy\" width=\"1024\" height=\"769\" data-id=\"27338\"  src=\"https:\/\/cuernavaca.gob.mx\/wp-content\/uploads\/2023\/04\/rescate-canino-cuernavaca-8-1024x769.jpeg\" alt=\"\" class=\"wp-image-27338\" srcset=\"https:\/\/cuernavaca.gob.mx\/wp-content\/uploads\/2023\/04\/rescate-canino-cuernavaca-8-1024x769.jpeg 1024w, https:\/\/cuernavaca.gob.mx\/wp-content\/uploads\/2023\/04\/rescate-canino-cuernavaca-8-300x225.jpeg 300w, https:\/\/cuernavaca.gob.mx\/wp-content\/uploads\/2023\/04\/rescate-canino-cuernavaca-8-768x576.jpeg 768w, https:\/\/cuernavaca.gob.mx\/wp-content\/uploads\/2023\/04\/rescate-canino-cuernavaca-8-1536x1153.jpeg 1536w, https:\/\/cuernavaca.gob.mx\/wp-content\/uploads\/2023\/04\/rescate-canino-cuernavaca-8-600x450.jpeg 600w, https:\/\/cuernavaca.gob.mx\/wp-content\/uploads\/2023\/04\/rescate-canino-cuernavaca-8-560x420.jpeg 560w, https:\/\/cuernavaca.gob.mx\/wp-content\/uploads\/2023\/04\/rescate-canino-cuernavaca-8.jpeg 1600w\" sizes=\"(max-width: 1024px) 100vw, 1024px\" \/><\/figure>\n\n\n\n<figure class=\"wp-block-image size-large\"><img loading=\"lazy\" width=\"1024\" height=\"769\" data-id=\"27330\"  src=\"https:\/\/cuernavaca.gob.mx\/wp-content\/uploads\/2023\/04\/rescate-canino-cuernavaca-9-1024x769.jpeg\" alt=\"\" class=\"wp-image-27330\" srcset=\"https:\/\/cuernavaca.gob.mx\/wp-content\/uploads\/2023\/04\/rescate-canino-cuernavaca-9-1024x769.jpeg 1024w, https:\/\/cuernavaca.gob.mx\/wp-content\/uploads\/2023\/04\/rescate-canino-cuernavaca-9-300x225.jpeg 300w, https:\/\/cuernavaca.gob.mx\/wp-content\/uploads\/2023\/04\/rescate-canino-cuernavaca-9-768x576.jpeg 768w, https:\/\/cuernavaca.gob.mx\/wp-content\/uploads\/2023\/04\/rescate-canino-cuernavaca-9-1536x1153.jpeg 1536w, https:\/\/cuernavaca.gob.mx\/wp-content\/uploads\/2023\/04\/rescate-canino-cuernavaca-9-600x450.jpeg 600w, https:\/\/cuernavaca.gob.mx\/wp-content\/uploads\/2023\/04\/rescate-canino-cuernavaca-9-560x420.jpeg 560w, https:\/\/cuernavaca.gob.mx\/wp-content\/uploads\/2023\/04\/rescate-canino-cuernavaca-9.jpeg 1600w\" sizes=\"(max-width: 1024px) 100vw, 1024px\" \/><\/figure>\n\n\n\n<figure class=\"wp-block-image size-large\"><img loading=\"lazy\" width=\"768\" height=\"1024\" data-id=\"27329\"  src=\"https:\/\/cuernavaca.gob.mx\/wp-content\/uploads\/2023\/04\/rescate-canino-cuernavaca-10-768x1024.jpeg\" alt=\"\" class=\"wp-image-27329\" srcset=\"https:\/\/cuernavaca.gob.mx\/wp-content\/uploads\/2023\/04\/rescate-canino-cuernavaca-10-768x1024.jpeg 768w, https:\/\/cuernavaca.gob.mx\/wp-content\/uploads\/2023\/04\/rescate-canino-cuernavaca-10-225x300.jpeg 225w, https:\/\/cuernavaca.gob.mx\/wp-content\/uploads\/2023\/04\/rescate-canino-cuernavaca-10-450x600.jpeg 450w, https:\/\/cuernavaca.gob.mx\/wp-content\/uploads\/2023\/04\/rescate-canino-cuernavaca-10-420x560.jpeg 420w, https:\/\/cuernavaca.gob.mx\/wp-content\/uploads\/2023\/04\/rescate-canino-cuernavaca-10.jpeg 960w\" sizes=\"(max-width: 768px) 100vw, 768px\" \/><\/figure>\n\n\n\n<figure class=\"wp-block-image size-large\"><img loading=\"lazy\" width=\"1024\" height=\"769\" data-id=\"27333\"  src=\"https:\/\/cuernavaca.gob.mx\/wp-content\/uploads\/2023\/04\/rescate-canino-cuernavaca-11-1024x769.jpeg\" alt=\"\" class=\"wp-image-27333\" srcset=\"https:\/\/cuernavaca.gob.mx\/wp-content\/uploads\/2023\/04\/rescate-canino-cuernavaca-11-1024x769.jpeg 1024w, https:\/\/cuernavaca.gob.mx\/wp-content\/uploads\/2023\/04\/rescate-canino-cuernavaca-11-300x225.jpeg 300w, https:\/\/cuernavaca.gob.mx\/wp-content\/uploads\/2023\/04\/rescate-canino-cuernavaca-11-768x576.jpeg 768w, https:\/\/cuernavaca.gob.mx\/wp-content\/uploads\/2023\/04\/rescate-canino-cuernavaca-11-1536x1153.jpeg 1536w, https:\/\/cuernavaca.gob.mx\/wp-content\/uploads\/2023\/04\/rescate-canino-cuernavaca-11-600x450.jpeg 600w, https:\/\/cuernavaca.gob.mx\/wp-content\/uploads\/2023\/04\/rescate-canino-cuernavaca-11-560x420.jpeg 560w, https:\/\/cuernavaca.gob.mx\/wp-content\/uploads\/2023\/04\/rescate-canino-cuernavaca-11.jpeg 1600w\" sizes=\"(max-width: 1024px) 100vw, 1024px\" \/><\/figure>\n\n\n\n<figure class=\"wp-block-image size-large\"><img loading=\"lazy\" width=\"1024\" height=\"769\" data-id=\"27336\"  src=\"https:\/\/cuernavaca.gob.mx\/wp-content\/uploads\/2023\/04\/rescate-canino-cuernavaca-12-1024x769.jpeg\" alt=\"\" class=\"wp-image-27336\" srcset=\"https:\/\/cuernavaca.gob.mx\/wp-content\/uploads\/2023\/04\/rescate-canino-cuernavaca-12-1024x769.jpeg 1024w, https:\/\/cuernavaca.gob.mx\/wp-content\/uploads\/2023\/04\/rescate-canino-cuernavaca-12-300x225.jpeg 300w, https:\/\/cuernavaca.gob.mx\/wp-content\/uploads\/2023\/04\/rescate-canino-cuernavaca-12-768x576.jpeg 768w, https:\/\/cuernavaca.gob.mx\/wp-content\/uploads\/2023\/04\/rescate-canino-cuernavaca-12-1536x1153.jpeg 1536w, https:\/\/cuernavaca.gob.mx\/wp-content\/uploads\/2023\/04\/rescate-canino-cuernavaca-12-600x450.jpeg 600w, https:\/\/cuernavaca.gob.mx\/wp-content\/uploads\/2023\/04\/rescate-canino-cuernavaca-12-560x420.jpeg 560w, https:\/\/cuernavaca.gob.mx\/wp-content\/uploads\/2023\/04\/rescate-canino-cuernavaca-12.jpeg 1600w\" sizes=\"(max-width: 1024px) 100vw, 1024px\" \/><\/figure>\n\n\n\n<figure class=\"wp-block-image size-large\"><img loading=\"lazy\" width=\"1024\" height=\"769\" data-id=\"27331\"  src=\"https:\/\/cuernavaca.gob.mx\/wp-content\/uploads\/2023\/04\/rescate-canino-cuernavaca-13-1024x769.jpeg\" alt=\"\" class=\"wp-image-27331\" srcset=\"https:\/\/cuernavaca.gob.mx\/wp-content\/uploads\/2023\/04\/rescate-canino-cuernavaca-13-1024x769.jpeg 1024w, https:\/\/cuernavaca.gob.mx\/wp-content\/uploads\/2023\/04\/rescate-canino-cuernavaca-13-300x225.jpeg 300w, https:\/\/cuernavaca.gob.mx\/wp-content\/uploads\/2023\/04\/rescate-canino-cuernavaca-13-768x576.jpeg 768w, https:\/\/cuernavaca.gob.mx\/wp-content\/uploads\/2023\/04\/rescate-canino-cuernavaca-13-1536x1153.jpeg 1536w, https:\/\/cuernavaca.gob.mx\/wp-content\/uploads\/2023\/04\/rescate-canino-cuernavaca-13-600x450.jpeg 600w, https:\/\/cuernavaca.gob.mx\/wp-content\/uploads\/2023\/04\/rescate-canino-cuernavaca-13-560x420.jpeg 560w, https:\/\/cuernavaca.gob.mx\/wp-content\/uploads\/2023\/04\/rescate-canino-cuernavaca-13.jpeg 1600w\" sizes=\"(max-width: 1024px) 100vw, 1024px\" \/><\/figure>\n\n\n\n<figure class=\"wp-block-image size-large\"><img loading=\"lazy\" width=\"1024\" height=\"768\" data-id=\"27324\"  src=\"https:\/\/cuernavaca.gob.mx\/wp-content\/uploads\/2023\/04\/rescate-canino-cuernavaca-14-1024x768.jpeg\" alt=\"\" class=\"wp-image-27324\" srcset=\"https:\/\/cuernavaca.gob.mx\/wp-content\/uploads\/2023\/04\/rescate-canino-cuernavaca-14-1024x768.jpeg 1024w, https:\/\/cuernavaca.gob.mx\/wp-content\/uploads\/2023\/04\/rescate-canino-cuernavaca-14-300x225.jpeg 300w, https:\/\/cuernavaca.gob.mx\/wp-content\/uploads\/2023\/04\/rescate-canino-cuernavaca-14-768x576.jpeg 768w, https:\/\/cuernavaca.gob.mx\/wp-content\/uploads\/2023\/04\/rescate-canino-cuernavaca-14-600x450.jpeg 600w, https:\/\/cuernavaca.gob.mx\/wp-content\/uploads\/2023\/04\/rescate-canino-cuernavaca-14-560x420.jpeg 560w, https:\/\/cuernavaca.gob.mx\/wp-content\/uploads\/2023\/04\/rescate-canino-cuernavaca-14.jpeg 1280w\" sizes=\"(max-width: 1024px) 100vw, 1024px\" \/><\/figure>\n\n\n\n<figure class=\"wp-block-image size-large\"><img loading=\"lazy\" width=\"1024\" height=\"768\" data-id=\"27325\"  src=\"https:\/\/cuernavaca.gob.mx\/wp-content\/uploads\/2023\/04\/rescate-canino-cuernavaca-15-1024x768.jpeg\" alt=\"\" class=\"wp-image-27325\" srcset=\"https:\/\/cuernavaca.gob.mx\/wp-content\/uploads\/2023\/04\/rescate-canino-cuernavaca-15-1024x768.jpeg 1024w, https:\/\/cuernavaca.gob.mx\/wp-content\/uploads\/2023\/04\/rescate-canino-cuernavaca-15-300x225.jpeg 300w, https:\/\/cuernavaca.gob.mx\/wp-content\/uploads\/2023\/04\/rescate-canino-cuernavaca-15-768x576.jpeg 768w, https:\/\/cuernavaca.gob.mx\/wp-content\/uploads\/2023\/04\/rescate-canino-cuernavaca-15-600x450.jpeg 600w, https:\/\/cuernavaca.gob.mx\/wp-content\/uploads\/2023\/04\/rescate-canino-cuernavaca-15-560x420.jpeg 560w, https:\/\/cuernavaca.gob.mx\/wp-content\/uploads\/2023\/04\/rescate-canino-cuernavaca-15.jpeg 1280w\" sizes=\"(max-width: 1024px) 100vw, 1024px\" \/><\/figure>\n\n\n\n<figure class=\"wp-block-image size-large\"><img loading=\"lazy\" width=\"1024\" height=\"768\" data-id=\"27323\"  src=\"https:\/\/cuernavaca.gob.mx\/wp-content\/uploads\/2023\/04\/rescate-canino-cuernavaca-16-1024x768.jpeg\" alt=\"\" class=\"wp-image-27323\" srcset=\"https:\/\/cuernavaca.gob.mx\/wp-content\/uploads\/2023\/04\/rescate-canino-cuernavaca-16-1024x768.jpeg 1024w, https:\/\/cuernavaca.gob.mx\/wp-content\/uploads\/2023\/04\/rescate-canino-cuernavaca-16-300x225.jpeg 300w, https:\/\/cuernavaca.gob.mx\/wp-content\/uploads\/2023\/04\/rescate-canino-cuernavaca-16-768x576.jpeg 768w, https:\/\/cuernavaca.gob.mx\/wp-content\/uploads\/2023\/04\/rescate-canino-cuernavaca-16-600x450.jpeg 600w, https:\/\/cuernavaca.gob.mx\/wp-content\/uploads\/2023\/04\/rescate-canino-cuernavaca-16-560x420.jpeg 560w, https:\/\/cuernavaca.gob.mx\/wp-content\/uploads\/2023\/04\/rescate-canino-cuernavaca-16.jpeg 1280w\" sizes=\"(max-width: 1024px) 100vw, 1024px\" \/><\/figure>\n<\/figure>\n","protected":false},"excerpt":{"rendered":"<p>\u2022 Fue en una acci\u00f3n coordinada con la PROPAEM y representantes de la sociedad civil la ma\u00f1ana de este viernes \u2022 Los perros rescatados ser\u00e1n sujetos a un proceso de adopci\u00f3n previa revisi\u00f3n m\u00e9dica, vacunaci\u00f3n y esterilizaci\u00f3n En atenci\u00f3n a denuncias de vecinos que aseguraron ser afectados, personal de la Fiscal\u00eda Ambiental de la Secretar\u00eda [&hellip;]<\/p>\n","protected":false},"author":1,"featured_media":27328,"comment_status":"closed","ping_status":"open","sticky":false,"template":"","format":"standard","meta":[],"categories":[2271],"tags":[2330,121,120,422,206,1534,3024,3023],"aioseo_notices":[],"_links":{"self":[{"href":"https:\/\/cuernavaca.gob.mx\/index.php?rest_route=\/wp\/v2\/posts\/27322"}],"collection":[{"href":"https:\/\/cuernavaca.gob.mx\/index.php?rest_route=\/wp\/v2\/posts"}],"about":[{"href":"https:\/\/cuernavaca.gob.mx\/index.php?rest_route=\/wp\/v2\/types\/post"}],"author":[{"embeddable":true,"href":"https:\/\/cuernavaca.gob.mx\/index.php?rest_route=\/wp\/v2\/users\/1"}],"replies":[{"embeddable":true,"href":"https:\/\/cuernavaca.gob.mx\/index.php?rest_route=%2Fwp%2Fv2%2Fcomments&post=27322"}],"version-history":[{"count":1,"href":"https:\/\/cuernavaca.gob.mx\/index.php?rest_route=\/wp\/v2\/posts\/27322\/revisions"}],"predecessor-version":[{"id":27339,"href":"https:\/\/cuernavaca.gob.mx\/index.php?rest_route=\/wp\/v2\/posts\/27322\/revisions\/27339"}],"wp:featuredmedia":[{"embeddable":true,"href":"https:\/\/cuernavaca.gob.mx\/index.php?rest_route=\/wp\/v2\/media\/27328"}],"wp:attachment":[{"href":"https:\/\/cuernavaca.gob.mx\/index.php?rest_route=%2Fwp%2Fv2%2Fmedia&parent=27322"}],"wp:term":[{"taxonomy":"category","embeddable":true,"href":"https:\/\/cuernavaca.gob.mx\/index.php?rest_route=%2Fwp%2Fv2%2Fcategories&post=27322"},{"taxonomy":"post_tag","embeddable":true,"href":"https:\/\/cuernavaca.gob.mx\/index.php?rest_route=%2Fwp%2Fv2%2Ftags&post=27322"}],"curies":[{"name":"wp","href":"https:\/\/api.w.org\/{rel}","templated":true}]}}