{"id":27340,"date":"2023-04-14T16:30:00","date_gmt":"2023-04-14T22:30:00","guid":{"rendered":"https:\/\/cuernavaca.gob.mx\/?p=27340"},"modified":"2025-05-06T12:36:17","modified_gmt":"2025-05-06T18:36:17","slug":"b910-14-04-23-ayuntamiento-de-cuernavaca-y-sociedad-civil-trabajan-por-y-para-las-juventudes-de-la-ciudad-capital-de-morelos","status":"publish","type":"post","link":"https:\/\/cuernavaca.gob.mx\/?p=27340","title":{"rendered":"B910 14\/04\/23 AYUNTAMIENTO DE CUERNAVACA Y SOCIEDAD CIVIL TRABAJAN POR Y PARA LAS JUVENTUDES DE LA CIUDAD CAPITAL DE MORELOS"},"content":{"rendered":"\n<p><strong>\u2022 En el marco de la primera sesi\u00f3n del Consejo T\u00e9cnico de la Juventud del Ayuntamiento de Cuernavaca, el director general del Instituto Arturo S\u00e1nchez rindi\u00f3 un informe del primer trimestre del 2023<\/strong><\/p>\n\n\n\n<p><strong>\u2022 La secretaria de Desarrollo Humano, Laura Hern\u00e1ndez confirm\u00f3 que se trabaja para que sean las personas quienes puedan cumplir con su plan de vida, sobre todo las juventudes<\/strong><\/p>\n\n\n\n<p>En el marco de la primera sesi\u00f3n del Consejo T\u00e9cnico de la Juventud del Ayuntamiento de Cuernavaca correspondiente al 2023, la secretaria de Desarrollo Humano y Participaci\u00f3n Social, Laura Hern\u00e1ndez Cruz, refrend\u00f3 el compromiso y apuesta del presidente municipal, Jos\u00e9 Luis Uri\u00f3stegui Salgado, de generar un frente com\u00fan con la sociedad civil y la iniciativa privada para que sean las personas quienes puedan cumplir con su plan de vida, sobre todo las juventudes, ya que son quienes van a sacar a la ciudad adelante, ayudando a llegar al futuro.<\/p>\n\n\n\n<p>Ante la presencia de j\u00f3venes representantes de distintas organizaciones civiles, puntualiz\u00f3 que la labor de la presente administraci\u00f3n desde el primer d\u00eda ha sido generar oportunidades y opciones de vida para todas y todos, lo cual han logrado establecer en conjunto con las juventudes, poniendo su granito de arena para que sea la sociedad quien tome las decisiones y no se aplique una pol\u00edtica asistencialista, de d\u00e1divas y que adem\u00e1s condena a las personas a estar sujetas a las decisiones gubernamentales cuando esto es lo que pretende evitar la ciudadan\u00eda.<\/p>\n\n\n\n<p>Celebr\u00f3 que en raz\u00f3n a ello el Instituto de la Juventud de Cuernavaca ha efectuado de manera permanente distintas actividades que con perspectiva de familia han desarrollado conocimientos, aptitudes y habilidades, pero, sobre todo, que han abierto las puertas a las voces de la juventud, para que sea a partir de ellas y ellos donde se planteen las pol\u00edticas p\u00fablicas como agentes principales del cambio y de empoderamiento hacia este sector tan importante para la capital morelense.<\/p>\n\n\n\n<p>En tanto, el director general del Instituto de la Juventud de Cuernavaca, Arturo S\u00e1nchez Mart\u00ednez, rindi\u00f3 un informe de actividades correspondiente al primer trimestre del a\u00f1o, as\u00ed como los programas a desarrollar en el siguiente periodo, destacando la implementaci\u00f3n del programa \u201cIngl\u00e9s para Todos\u201d, que en coordinaci\u00f3n con la escuela de idiomas Internacional House ha sido todo un \u00e9xito en su primera edici\u00f3n con el objetivo de fortalecer los conocimientos entre los adolescentes y j\u00f3venes para tener acceso a un mercado laboral en condiciones de igualdad y contar con ciudadanas y ciudadanos m\u00e1s preparados.<\/p>\n\n\n\n<p>En este sentido, resalt\u00f3 el 1er Torneo de Trompos, organizado con la empresa Trompos Cometa y Toys Collection, que busco fomentar entre la sociedad la apropiaci\u00f3n de los espacios p\u00fablicos y la convivencia familiar; el desarrollo de campa\u00f1as de est\u00edmulos para estudiantes, grupo taller y focal de ansiedad, su participaci\u00f3n en las Ferias del Empleo y Expo Emprendedores; adem\u00e1s de que llevaron a cabo sesiones de desarrollo de negocios en el CETIS 44 y Conalep Cuernavaca, entre muchas m\u00e1s acciones.<\/p>\n\n\n\n<p>S\u00e1nchez Mart\u00ednez se\u00f1al\u00f3 que entre las actividades que tienen planeadas para el segundo trimestre del 2023, se encuentran el Premio Municipal de la Juventud, la presentaci\u00f3n de los embajadores de la juventud, la implementaci\u00f3n de talleres de autoestima, Cuernavaca Suena y Cuerna Baila, el primer torneo de Tennis, programas intensivos en salud mental, violencia, adicciones y relaciones sanas en educaci\u00f3n b\u00e1sica, media superior y superior para atender las \u00e1reas oportunidades en distintos cuestiones que requieran las escuelas.<\/p>\n\n\n\n<p>Todas las actividades han sido publicadas en la p\u00e1gina oficial del Municipio de Cuernavaca, del Instituto de la Juventud de Cuernavaca y de la Secretar\u00eda de Desarrollo Humano y Participaci\u00f3n Social.<\/p>\n\n\n\n<p>Finalmente, la regidora Mirna Delgado Romero, subray\u00f3 que el Consejo T\u00e9cnico de la Juventud es el ejemplo claro de que cuando la comunidad trabaja en conjunto con la autoridad se obtienen buenos resultados como los que present\u00f3 el Instituto de la Juventud, dando una atenci\u00f3n integral a las y los j\u00f3venes, al organizar actividades que se integran por distintos rubros educativos, desde salud, hasta recreaci\u00f3n, cultura, salud f\u00edsica, emocional y educativa, temas importantes para que la juventud tenga opciones y se transforme su misi\u00f3n de vida.<\/p>\n\n\n\n<p>A la sesi\u00f3n del Consejo T\u00e9cnico de la Juventud asistieron tambi\u00e9n las regidoras Paz Hern\u00e1ndez Pardo y Lucero Cuenca Noria, as\u00ed como el regidor Jes\u00fas Rosales Puebla.<\/p>\n\n\n\n<figure class=\"wp-container-2 wp-block-gallery-1 wp-block-gallery has-nested-images columns-default is-cropped\">\n<figure class=\"wp-block-image size-large\"><img loading=\"lazy\" width=\"1024\" height=\"682\" data-id=\"27349\"  src=\"https:\/\/cuernavaca.gob.mx\/wp-content\/uploads\/2023\/04\/informe-instituto-juventud-cuernavaca-1-1024x682.jpeg\" alt=\"\" class=\"wp-image-27349\" srcset=\"https:\/\/cuernavaca.gob.mx\/wp-content\/uploads\/2023\/04\/informe-instituto-juventud-cuernavaca-1-1024x682.jpeg 1024w, https:\/\/cuernavaca.gob.mx\/wp-content\/uploads\/2023\/04\/informe-instituto-juventud-cuernavaca-1-300x200.jpeg 300w, https:\/\/cuernavaca.gob.mx\/wp-content\/uploads\/2023\/04\/informe-instituto-juventud-cuernavaca-1-768x512.jpeg 768w, https:\/\/cuernavaca.gob.mx\/wp-content\/uploads\/2023\/04\/informe-instituto-juventud-cuernavaca-1-600x400.jpeg 600w, https:\/\/cuernavaca.gob.mx\/wp-content\/uploads\/2023\/04\/informe-instituto-juventud-cuernavaca-1-560x373.jpeg 560w, https:\/\/cuernavaca.gob.mx\/wp-content\/uploads\/2023\/04\/informe-instituto-juventud-cuernavaca-1.jpeg 1280w\" sizes=\"(max-width: 1024px) 100vw, 1024px\" \/><\/figure>\n\n\n\n<figure class=\"wp-block-image size-large\"><img loading=\"lazy\" width=\"1024\" height=\"682\" data-id=\"27347\"  src=\"https:\/\/cuernavaca.gob.mx\/wp-content\/uploads\/2023\/04\/informe-instituto-juventud-cuernavaca-2-1024x682.jpeg\" alt=\"\" class=\"wp-image-27347\" srcset=\"https:\/\/cuernavaca.gob.mx\/wp-content\/uploads\/2023\/04\/informe-instituto-juventud-cuernavaca-2-1024x682.jpeg 1024w, https:\/\/cuernavaca.gob.mx\/wp-content\/uploads\/2023\/04\/informe-instituto-juventud-cuernavaca-2-300x200.jpeg 300w, https:\/\/cuernavaca.gob.mx\/wp-content\/uploads\/2023\/04\/informe-instituto-juventud-cuernavaca-2-768x512.jpeg 768w, https:\/\/cuernavaca.gob.mx\/wp-content\/uploads\/2023\/04\/informe-instituto-juventud-cuernavaca-2-600x400.jpeg 600w, https:\/\/cuernavaca.gob.mx\/wp-content\/uploads\/2023\/04\/informe-instituto-juventud-cuernavaca-2-560x373.jpeg 560w, https:\/\/cuernavaca.gob.mx\/wp-content\/uploads\/2023\/04\/informe-instituto-juventud-cuernavaca-2.jpeg 1280w\" sizes=\"(max-width: 1024px) 100vw, 1024px\" \/><\/figure>\n\n\n\n<figure class=\"wp-block-image size-large\"><img loading=\"lazy\" width=\"1024\" height=\"682\" data-id=\"27346\"  src=\"https:\/\/cuernavaca.gob.mx\/wp-content\/uploads\/2023\/04\/informe-instituto-juventud-cuernavaca-3-1024x682.jpeg\" alt=\"\" class=\"wp-image-27346\" srcset=\"https:\/\/cuernavaca.gob.mx\/wp-content\/uploads\/2023\/04\/informe-instituto-juventud-cuernavaca-3-1024x682.jpeg 1024w, https:\/\/cuernavaca.gob.mx\/wp-content\/uploads\/2023\/04\/informe-instituto-juventud-cuernavaca-3-300x200.jpeg 300w, https:\/\/cuernavaca.gob.mx\/wp-content\/uploads\/2023\/04\/informe-instituto-juventud-cuernavaca-3-768x512.jpeg 768w, https:\/\/cuernavaca.gob.mx\/wp-content\/uploads\/2023\/04\/informe-instituto-juventud-cuernavaca-3-600x400.jpeg 600w, https:\/\/cuernavaca.gob.mx\/wp-content\/uploads\/2023\/04\/informe-instituto-juventud-cuernavaca-3-560x373.jpeg 560w, https:\/\/cuernavaca.gob.mx\/wp-content\/uploads\/2023\/04\/informe-instituto-juventud-cuernavaca-3.jpeg 1280w\" sizes=\"(max-width: 1024px) 100vw, 1024px\" \/><\/figure>\n\n\n\n<figure class=\"wp-block-image size-large\"><img loading=\"lazy\" width=\"1024\" height=\"682\" data-id=\"27342\"  src=\"https:\/\/cuernavaca.gob.mx\/wp-content\/uploads\/2023\/04\/informe-instituto-juventud-cuernavaca-4-1024x682.jpeg\" alt=\"\" class=\"wp-image-27342\" srcset=\"https:\/\/cuernavaca.gob.mx\/wp-content\/uploads\/2023\/04\/informe-instituto-juventud-cuernavaca-4-1024x682.jpeg 1024w, https:\/\/cuernavaca.gob.mx\/wp-content\/uploads\/2023\/04\/informe-instituto-juventud-cuernavaca-4-300x200.jpeg 300w, https:\/\/cuernavaca.gob.mx\/wp-content\/uploads\/2023\/04\/informe-instituto-juventud-cuernavaca-4-768x512.jpeg 768w, https:\/\/cuernavaca.gob.mx\/wp-content\/uploads\/2023\/04\/informe-instituto-juventud-cuernavaca-4-600x400.jpeg 600w, https:\/\/cuernavaca.gob.mx\/wp-content\/uploads\/2023\/04\/informe-instituto-juventud-cuernavaca-4-560x373.jpeg 560w, https:\/\/cuernavaca.gob.mx\/wp-content\/uploads\/2023\/04\/informe-instituto-juventud-cuernavaca-4.jpeg 1280w\" sizes=\"(max-width: 1024px) 100vw, 1024px\" \/><\/figure>\n\n\n\n<figure class=\"wp-block-image size-large\"><img loading=\"lazy\" width=\"1024\" height=\"682\" data-id=\"27350\"  src=\"https:\/\/cuernavaca.gob.mx\/wp-content\/uploads\/2023\/04\/informe-instituto-juventud-cuernavaca-5-1024x682.jpeg\" alt=\"\" class=\"wp-image-27350\" srcset=\"https:\/\/cuernavaca.gob.mx\/wp-content\/uploads\/2023\/04\/informe-instituto-juventud-cuernavaca-5-1024x682.jpeg 1024w, https:\/\/cuernavaca.gob.mx\/wp-content\/uploads\/2023\/04\/informe-instituto-juventud-cuernavaca-5-300x200.jpeg 300w, https:\/\/cuernavaca.gob.mx\/wp-content\/uploads\/2023\/04\/informe-instituto-juventud-cuernavaca-5-768x512.jpeg 768w, https:\/\/cuernavaca.gob.mx\/wp-content\/uploads\/2023\/04\/informe-instituto-juventud-cuernavaca-5-600x400.jpeg 600w, https:\/\/cuernavaca.gob.mx\/wp-content\/uploads\/2023\/04\/informe-instituto-juventud-cuernavaca-5-560x373.jpeg 560w, https:\/\/cuernavaca.gob.mx\/wp-content\/uploads\/2023\/04\/informe-instituto-juventud-cuernavaca-5.jpeg 1280w\" sizes=\"(max-width: 1024px) 100vw, 1024px\" \/><\/figure>\n\n\n\n<figure class=\"wp-block-image size-large\"><img loading=\"lazy\" width=\"1024\" height=\"682\" data-id=\"27343\"  src=\"https:\/\/cuernavaca.gob.mx\/wp-content\/uploads\/2023\/04\/informe-instituto-juventud-cuernavaca-6-1024x682.jpeg\" alt=\"\" class=\"wp-image-27343\" srcset=\"https:\/\/cuernavaca.gob.mx\/wp-content\/uploads\/2023\/04\/informe-instituto-juventud-cuernavaca-6-1024x682.jpeg 1024w, https:\/\/cuernavaca.gob.mx\/wp-content\/uploads\/2023\/04\/informe-instituto-juventud-cuernavaca-6-300x200.jpeg 300w, https:\/\/cuernavaca.gob.mx\/wp-content\/uploads\/2023\/04\/informe-instituto-juventud-cuernavaca-6-768x512.jpeg 768w, https:\/\/cuernavaca.gob.mx\/wp-content\/uploads\/2023\/04\/informe-instituto-juventud-cuernavaca-6-600x400.jpeg 600w, https:\/\/cuernavaca.gob.mx\/wp-content\/uploads\/2023\/04\/informe-instituto-juventud-cuernavaca-6-560x373.jpeg 560w, https:\/\/cuernavaca.gob.mx\/wp-content\/uploads\/2023\/04\/informe-instituto-juventud-cuernavaca-6.jpeg 1280w\" sizes=\"(max-width: 1024px) 100vw, 1024px\" \/><\/figure>\n\n\n\n<figure class=\"wp-block-image size-large\"><img loading=\"lazy\" width=\"1024\" height=\"682\" data-id=\"27348\"  src=\"https:\/\/cuernavaca.gob.mx\/wp-content\/uploads\/2023\/04\/informe-instituto-juventud-cuernavaca-7-1024x682.jpeg\" alt=\"\" class=\"wp-image-27348\" srcset=\"https:\/\/cuernavaca.gob.mx\/wp-content\/uploads\/2023\/04\/informe-instituto-juventud-cuernavaca-7-1024x682.jpeg 1024w, https:\/\/cuernavaca.gob.mx\/wp-content\/uploads\/2023\/04\/informe-instituto-juventud-cuernavaca-7-300x200.jpeg 300w, https:\/\/cuernavaca.gob.mx\/wp-content\/uploads\/2023\/04\/informe-instituto-juventud-cuernavaca-7-768x512.jpeg 768w, https:\/\/cuernavaca.gob.mx\/wp-content\/uploads\/2023\/04\/informe-instituto-juventud-cuernavaca-7-600x400.jpeg 600w, https:\/\/cuernavaca.gob.mx\/wp-content\/uploads\/2023\/04\/informe-instituto-juventud-cuernavaca-7-560x373.jpeg 560w, https:\/\/cuernavaca.gob.mx\/wp-content\/uploads\/2023\/04\/informe-instituto-juventud-cuernavaca-7.jpeg 1280w\" sizes=\"(max-width: 1024px) 100vw, 1024px\" \/><\/figure>\n\n\n\n<figure class=\"wp-block-image size-large\"><img loading=\"lazy\" width=\"1024\" height=\"682\" data-id=\"27345\"  src=\"https:\/\/cuernavaca.gob.mx\/wp-content\/uploads\/2023\/04\/informe-instituto-juventud-cuernavaca-8-1024x682.jpeg\" alt=\"\" class=\"wp-image-27345\" srcset=\"https:\/\/cuernavaca.gob.mx\/wp-content\/uploads\/2023\/04\/informe-instituto-juventud-cuernavaca-8-1024x682.jpeg 1024w, https:\/\/cuernavaca.gob.mx\/wp-content\/uploads\/2023\/04\/informe-instituto-juventud-cuernavaca-8-300x200.jpeg 300w, https:\/\/cuernavaca.gob.mx\/wp-content\/uploads\/2023\/04\/informe-instituto-juventud-cuernavaca-8-768x512.jpeg 768w, https:\/\/cuernavaca.gob.mx\/wp-content\/uploads\/2023\/04\/informe-instituto-juventud-cuernavaca-8-600x400.jpeg 600w, https:\/\/cuernavaca.gob.mx\/wp-content\/uploads\/2023\/04\/informe-instituto-juventud-cuernavaca-8-560x373.jpeg 560w, https:\/\/cuernavaca.gob.mx\/wp-content\/uploads\/2023\/04\/informe-instituto-juventud-cuernavaca-8.jpeg 1280w\" sizes=\"(max-width: 1024px) 100vw, 1024px\" \/><\/figure>\n\n\n\n<figure class=\"wp-block-image size-large\"><img loading=\"lazy\" width=\"1024\" height=\"682\" data-id=\"27344\"  src=\"https:\/\/cuernavaca.gob.mx\/wp-content\/uploads\/2023\/04\/informe-instituto-juventud-cuernavaca-9-1024x682.jpeg\" alt=\"\" class=\"wp-image-27344\" srcset=\"https:\/\/cuernavaca.gob.mx\/wp-content\/uploads\/2023\/04\/informe-instituto-juventud-cuernavaca-9-1024x682.jpeg 1024w, https:\/\/cuernavaca.gob.mx\/wp-content\/uploads\/2023\/04\/informe-instituto-juventud-cuernavaca-9-300x200.jpeg 300w, https:\/\/cuernavaca.gob.mx\/wp-content\/uploads\/2023\/04\/informe-instituto-juventud-cuernavaca-9-768x512.jpeg 768w, https:\/\/cuernavaca.gob.mx\/wp-content\/uploads\/2023\/04\/informe-instituto-juventud-cuernavaca-9-600x400.jpeg 600w, https:\/\/cuernavaca.gob.mx\/wp-content\/uploads\/2023\/04\/informe-instituto-juventud-cuernavaca-9-560x373.jpeg 560w, https:\/\/cuernavaca.gob.mx\/wp-content\/uploads\/2023\/04\/informe-instituto-juventud-cuernavaca-9.jpeg 1280w\" sizes=\"(max-width: 1024px) 100vw, 1024px\" \/><\/figure>\n\n\n\n<figure class=\"wp-block-image size-large\"><img loading=\"lazy\" width=\"1024\" height=\"682\" data-id=\"27341\"  src=\"https:\/\/cuernavaca.gob.mx\/wp-content\/uploads\/2023\/04\/informe-instituto-juventud-cuernavaca-10-1024x682.jpeg\" alt=\"\" class=\"wp-image-27341\" srcset=\"https:\/\/cuernavaca.gob.mx\/wp-content\/uploads\/2023\/04\/informe-instituto-juventud-cuernavaca-10-1024x682.jpeg 1024w, https:\/\/cuernavaca.gob.mx\/wp-content\/uploads\/2023\/04\/informe-instituto-juventud-cuernavaca-10-300x200.jpeg 300w, https:\/\/cuernavaca.gob.mx\/wp-content\/uploads\/2023\/04\/informe-instituto-juventud-cuernavaca-10-768x512.jpeg 768w, https:\/\/cuernavaca.gob.mx\/wp-content\/uploads\/2023\/04\/informe-instituto-juventud-cuernavaca-10-600x400.jpeg 600w, https:\/\/cuernavaca.gob.mx\/wp-content\/uploads\/2023\/04\/informe-instituto-juventud-cuernavaca-10-560x373.jpeg 560w, https:\/\/cuernavaca.gob.mx\/wp-content\/uploads\/2023\/04\/informe-instituto-juventud-cuernavaca-10.jpeg 1280w\" sizes=\"(max-width: 1024px) 100vw, 1024px\" \/><\/figure>\n<\/figure>\n","protected":false},"excerpt":{"rendered":"<p>\u2022 En el marco de la primera sesi\u00f3n del Consejo T\u00e9cnico de la Juventud del Ayuntamiento de Cuernavaca, el director general del Instituto Arturo S\u00e1nchez rindi\u00f3 un informe del primer trimestre del 2023 \u2022 La secretaria de Desarrollo Humano, Laura Hern\u00e1ndez confirm\u00f3 que se trabaja para que sean las personas quienes puedan cumplir con su [&hellip;]<\/p>\n","protected":false},"author":1,"featured_media":27349,"comment_status":"closed","ping_status":"open","sticky":false,"template":"","format":"standard","meta":[],"categories":[862],"tags":[121,120,166,693,206],"aioseo_notices":[],"_links":{"self":[{"href":"https:\/\/cuernavaca.gob.mx\/index.php?rest_route=\/wp\/v2\/posts\/27340"}],"collection":[{"href":"https:\/\/cuernavaca.gob.mx\/index.php?rest_route=\/wp\/v2\/posts"}],"about":[{"href":"https:\/\/cuernavaca.gob.mx\/index.php?rest_route=\/wp\/v2\/types\/post"}],"author":[{"embeddable":true,"href":"https:\/\/cuernavaca.gob.mx\/index.php?rest_route=\/wp\/v2\/users\/1"}],"replies":[{"embeddable":true,"href":"https:\/\/cuernavaca.gob.mx\/index.php?rest_route=%2Fwp%2Fv2%2Fcomments&post=27340"}],"version-history":[{"count":1,"href":"https:\/\/cuernavaca.gob.mx\/index.php?rest_route=\/wp\/v2\/posts\/27340\/revisions"}],"predecessor-version":[{"id":27351,"href":"https:\/\/cuernavaca.gob.mx\/index.php?rest_route=\/wp\/v2\/posts\/27340\/revisions\/27351"}],"wp:featuredmedia":[{"embeddable":true,"href":"https:\/\/cuernavaca.gob.mx\/index.php?rest_route=\/wp\/v2\/media\/27349"}],"wp:attachment":[{"href":"https:\/\/cuernavaca.gob.mx\/index.php?rest_route=%2Fwp%2Fv2%2Fmedia&parent=27340"}],"wp:term":[{"taxonomy":"category","embeddable":true,"href":"https:\/\/cuernavaca.gob.mx\/index.php?rest_route=%2Fwp%2Fv2%2Fcategories&post=27340"},{"taxonomy":"post_tag","embeddable":true,"href":"https:\/\/cuernavaca.gob.mx\/index.php?rest_route=%2Fwp%2Fv2%2Ftags&post=27340"}],"curies":[{"name":"wp","href":"https:\/\/api.w.org\/{rel}","templated":true}]}}