{"id":27358,"date":"2023-04-15T15:25:00","date_gmt":"2023-04-15T21:25:00","guid":{"rendered":"https:\/\/cuernavaca.gob.mx\/?p=27358"},"modified":"2025-05-06T12:36:16","modified_gmt":"2025-05-06T18:36:16","slug":"b913-15-04-23-mantiene-ayuntamiento-de-cuernavaca-programa-de-descacharrizacion-en-mercados-perifericos","status":"publish","type":"post","link":"https:\/\/cuernavaca.gob.mx\/?p=27358","title":{"rendered":"B913 15\/04\/23 MANTIENE AYUNTAMIENTO DE CUERNAVACA PROGRAMA DE DESCACHARRIZACI\u00d3N EN MERCADOS PERIF\u00c9RICOS"},"content":{"rendered":"\n<p><strong>\u2022 La Direcci\u00f3n de Mercados, en coordinaci\u00f3n con la Direcci\u00f3n General de Salud y Educaci\u00f3n y la Secretar\u00eda de Desarrollo Sustentable mantienen de forma programa operativo en los ocho mercados perif\u00e9ricos<\/strong><\/p>\n\n\n\n<p><strong>\u2022 Uno de los principales objetivos es prevenir criaderos de mosquitos causantes de enfermedades como Dengue, Zika y Chikungunya<\/strong><\/p>\n\n\n\n<p>Con la finalidad de fomentar una cultura de limpieza y evitar focos de infecci\u00f3n en espacios p\u00fablicos de la ciudad, el Ayuntamiento de Cuernavaca, en coordinaci\u00f3n con comerciantes y locatarios, mantiene de forma permanente un programa operativo de descacharrizaci\u00f3n en los ocho mercados perif\u00e9ricos como parte de las acciones que buscan prevenir enfermedades causadas por vectores.<\/p>\n\n\n\n<p>El director de Mercados, Nah\u00fam Carrillo Alvarado, explic\u00f3 que desde el a\u00f1o pasado han efectuado de manera peri\u00f3dica estas jornadas de limpieza para eliminar objetos que representan un foco de infecci\u00f3n al convertirse en criaderos de mosquitos causantes de enfermedades como Dengue, Zika y Chikungunya, las cuales adem\u00e1s han replicado en Plaza Lido y Degollado.<\/p>\n\n\n\n<p>Se\u00f1al\u00f3 que estas actividades se han reforzado a trav\u00e9s de la coordinaci\u00f3n con la Direcci\u00f3n General de Salud y Educaci\u00f3n de la Secretar\u00eda de Desarrollo Humano y Participaci\u00f3n Social, as\u00ed como con la Secretar\u00eda de Desarrollo Sustentable y Servicios P\u00fablicos, con la cual han estado realizando campa\u00f1as de sensibilizaci\u00f3n para evitar el almacenaje al interior de los mercados perif\u00e9ricos de productos inflamables, dando cumplimiento a lo que establece la Ley de Protecci\u00f3n Civil y de Mercados, salvaguardando la integridad y patrimonio de los comerciantes y consumidores.<\/p>\n\n\n\n<p>En este sentido, el director general de Salud y Educaci\u00f3n, Josu\u00e9 Larios Morales, indic\u00f3 que, bajo la instrucci\u00f3n de la secretaria de Desarrollo Humano y Participaci\u00f3n Social, Laura Hern\u00e1ndez Cruz, han optimizado los recursos para prevenir, detectar y atender las enfermedades transmitidas por vectores, particularmente el dengue, por lo cual mediante esfuerzos estrat\u00e9gicos han logrado recolectar un aproximado de 150 toneladas de basura y cacharros.<\/p>\n\n\n\n<p>En el caso de los mercados perif\u00e9ricos, sostuvo, est\u00e1n impulsando tambi\u00e9n la adquisici\u00f3n de las tarjetas sanitarias para manejadores de alimentos, con la finalidad de proteger a la poblaci\u00f3n de posibles riesgos por una manipulaci\u00f3n indebida de los alimentos y bebidas.<\/p>\n\n\n\n<p><\/p>\n\n\n\n<p><\/p>\n\n\n\n<figure class=\"wp-container-2 wp-block-gallery-1 wp-block-gallery has-nested-images columns-default is-cropped\">\n<figure class=\"wp-block-image size-large\"><img loading=\"lazy\" width=\"1024\" height=\"682\" data-id=\"27359\"  src=\"https:\/\/cuernavaca.gob.mx\/wp-content\/uploads\/2023\/04\/mercados-cuernavaca-1-1024x682.jpg\" alt=\"\" class=\"wp-image-27359\" srcset=\"https:\/\/cuernavaca.gob.mx\/wp-content\/uploads\/2023\/04\/mercados-cuernavaca-1-1024x682.jpg 1024w, https:\/\/cuernavaca.gob.mx\/wp-content\/uploads\/2023\/04\/mercados-cuernavaca-1-300x200.jpg 300w, https:\/\/cuernavaca.gob.mx\/wp-content\/uploads\/2023\/04\/mercados-cuernavaca-1-768x512.jpg 768w, https:\/\/cuernavaca.gob.mx\/wp-content\/uploads\/2023\/04\/mercados-cuernavaca-1-600x400.jpg 600w, https:\/\/cuernavaca.gob.mx\/wp-content\/uploads\/2023\/04\/mercados-cuernavaca-1-560x373.jpg 560w, https:\/\/cuernavaca.gob.mx\/wp-content\/uploads\/2023\/04\/mercados-cuernavaca-1.jpg 1280w\" sizes=\"(max-width: 1024px) 100vw, 1024px\" \/><\/figure>\n\n\n\n<figure class=\"wp-block-image size-large\"><img loading=\"lazy\" width=\"1024\" height=\"682\" data-id=\"27360\"  src=\"https:\/\/cuernavaca.gob.mx\/wp-content\/uploads\/2023\/04\/mercados-cuernavaca-2-1024x682.jpg\" alt=\"\" class=\"wp-image-27360\" srcset=\"https:\/\/cuernavaca.gob.mx\/wp-content\/uploads\/2023\/04\/mercados-cuernavaca-2-1024x682.jpg 1024w, https:\/\/cuernavaca.gob.mx\/wp-content\/uploads\/2023\/04\/mercados-cuernavaca-2-300x200.jpg 300w, https:\/\/cuernavaca.gob.mx\/wp-content\/uploads\/2023\/04\/mercados-cuernavaca-2-768x512.jpg 768w, https:\/\/cuernavaca.gob.mx\/wp-content\/uploads\/2023\/04\/mercados-cuernavaca-2-600x400.jpg 600w, https:\/\/cuernavaca.gob.mx\/wp-content\/uploads\/2023\/04\/mercados-cuernavaca-2-560x373.jpg 560w, https:\/\/cuernavaca.gob.mx\/wp-content\/uploads\/2023\/04\/mercados-cuernavaca-2.jpg 1280w\" sizes=\"(max-width: 1024px) 100vw, 1024px\" \/><\/figure>\n\n\n\n<figure class=\"wp-block-image size-large\"><img loading=\"lazy\" width=\"1024\" height=\"682\" data-id=\"27361\"  src=\"https:\/\/cuernavaca.gob.mx\/wp-content\/uploads\/2023\/04\/mercados-cuernavaca-3-1024x682.jpg\" alt=\"\" class=\"wp-image-27361\" srcset=\"https:\/\/cuernavaca.gob.mx\/wp-content\/uploads\/2023\/04\/mercados-cuernavaca-3-1024x682.jpg 1024w, https:\/\/cuernavaca.gob.mx\/wp-content\/uploads\/2023\/04\/mercados-cuernavaca-3-300x200.jpg 300w, https:\/\/cuernavaca.gob.mx\/wp-content\/uploads\/2023\/04\/mercados-cuernavaca-3-768x512.jpg 768w, https:\/\/cuernavaca.gob.mx\/wp-content\/uploads\/2023\/04\/mercados-cuernavaca-3-600x400.jpg 600w, https:\/\/cuernavaca.gob.mx\/wp-content\/uploads\/2023\/04\/mercados-cuernavaca-3-560x373.jpg 560w, https:\/\/cuernavaca.gob.mx\/wp-content\/uploads\/2023\/04\/mercados-cuernavaca-3.jpg 1280w\" sizes=\"(max-width: 1024px) 100vw, 1024px\" \/><\/figure>\n<\/figure>\n","protected":false},"excerpt":{"rendered":"<p>\u2022 La Direcci\u00f3n de Mercados, en coordinaci\u00f3n con la Direcci\u00f3n General de Salud y Educaci\u00f3n y la Secretar\u00eda de Desarrollo Sustentable mantienen de forma programa operativo en los ocho mercados perif\u00e9ricos \u2022 Uno de los principales objetivos es prevenir criaderos de mosquitos causantes de enfermedades como Dengue, Zika y Chikungunya Con la finalidad de fomentar [&hellip;]<\/p>\n","protected":false},"author":1,"featured_media":27360,"comment_status":"closed","ping_status":"open","sticky":false,"template":"","format":"standard","meta":[],"categories":[2294],"tags":[121,120,2818,206,154],"aioseo_notices":[],"_links":{"self":[{"href":"https:\/\/cuernavaca.gob.mx\/index.php?rest_route=\/wp\/v2\/posts\/27358"}],"collection":[{"href":"https:\/\/cuernavaca.gob.mx\/index.php?rest_route=\/wp\/v2\/posts"}],"about":[{"href":"https:\/\/cuernavaca.gob.mx\/index.php?rest_route=\/wp\/v2\/types\/post"}],"author":[{"embeddable":true,"href":"https:\/\/cuernavaca.gob.mx\/index.php?rest_route=\/wp\/v2\/users\/1"}],"replies":[{"embeddable":true,"href":"https:\/\/cuernavaca.gob.mx\/index.php?rest_route=%2Fwp%2Fv2%2Fcomments&post=27358"}],"version-history":[{"count":1,"href":"https:\/\/cuernavaca.gob.mx\/index.php?rest_route=\/wp\/v2\/posts\/27358\/revisions"}],"predecessor-version":[{"id":27362,"href":"https:\/\/cuernavaca.gob.mx\/index.php?rest_route=\/wp\/v2\/posts\/27358\/revisions\/27362"}],"wp:featuredmedia":[{"embeddable":true,"href":"https:\/\/cuernavaca.gob.mx\/index.php?rest_route=\/wp\/v2\/media\/27360"}],"wp:attachment":[{"href":"https:\/\/cuernavaca.gob.mx\/index.php?rest_route=%2Fwp%2Fv2%2Fmedia&parent=27358"}],"wp:term":[{"taxonomy":"category","embeddable":true,"href":"https:\/\/cuernavaca.gob.mx\/index.php?rest_route=%2Fwp%2Fv2%2Fcategories&post=27358"},{"taxonomy":"post_tag","embeddable":true,"href":"https:\/\/cuernavaca.gob.mx\/index.php?rest_route=%2Fwp%2Fv2%2Ftags&post=27358"}],"curies":[{"name":"wp","href":"https:\/\/api.w.org\/{rel}","templated":true}]}}