{"id":27363,"date":"2023-04-15T15:15:00","date_gmt":"2023-04-15T21:15:00","guid":{"rendered":"https:\/\/cuernavaca.gob.mx\/?p=27363"},"modified":"2025-05-06T12:36:16","modified_gmt":"2025-05-06T18:36:16","slug":"b912-15-04-23-atiende-gobierno-municipal-descargas-residuales-y-aguas-grises-que-contaminan-el-rio-apatlaco","status":"publish","type":"post","link":"https:\/\/cuernavaca.gob.mx\/?p=27363","title":{"rendered":"B912 15\/04\/23 ATIENDE GOBIERNO MUNICIPAL DESCARGAS RESIDUALES Y AGUAS GRISES QUE CONTAMINAN EL R\u00cdO APATLACO"},"content":{"rendered":"\n<p><strong>\u2022 Las Comisiones de Coordinaci\u00f3n de Organismos Descentralizados y Protecci\u00f3n Ambiental y Desarrollo de Cuernavaca revisan propuestas para dar soluci\u00f3n a las 126 descargas residuales y aguas grises que da\u00f1an al r\u00edo<\/strong><\/p>\n\n\n\n<p><strong>\u2022 Se genera un frente com\u00fan con SAPAC y la Direcci\u00f3n General de Desarrollo Sustentable<\/strong><\/p>\n\n\n\n<p>En el marco de la cuarta Sesi\u00f3n Ordinaria de las Comisiones unidas de Coordinaci\u00f3n de Organismos Descentralizados y Protecci\u00f3n Ambiental y Desarrollo Sustentable del Ayuntamiento de Cuernavaca est\u00e1n atendiendo y buscando soluciones para las 126 descargas residuales y aguas grises que da\u00f1an al r\u00edo Apatlaco.<\/p>\n\n\n\n<p>La presentaci\u00f3n del tema fue expuesta por el secretario t\u00e9cnico del Sistema de Agua Potable y Alcantarillado de Cuernavaca (SAPAC), Huber Rom\u00e1n Cuevas, quien present\u00f3 un mapeo sobre dichas descargas, destacando el trabajo permanente que mantiene el organismo para sanear las aguas residuales, logrando que la capital morelense haya quedado exenta de las multas que se han iniciado a otros municipios del estado que pertenecen a la Cuenca del R\u00edo Apatlaco en relaci\u00f3n a la protecci\u00f3n de las descargas.<\/p>\n\n\n\n<p>En este sentido, el director general de Desarrollo Sustentable, Jos\u00e9 Alfredo Rodr\u00edguez San Ciprian, indic\u00f3 que la Direcci\u00f3n de Bosques y Barrancas de la Secretar\u00eda de Desarrollo Sustentable y Servicios P\u00fablicos est\u00e1 sum\u00e1ndose al trabajo que efect\u00faa SAPAC a trav\u00e9s de la limpieza constante de las barrancas y si bien para concretar este proyecto se requiere una inversi\u00f3n millonaria, est\u00e1n avanzando con los recursos que tienen a la mano.<\/p>\n\n\n\n<p>Aunado a ello, precis\u00f3 que la presente administraci\u00f3n le ha dado especial atenci\u00f3n a no entregar ninguna autorizaci\u00f3n para construir desde una casa, hasta fraccionamientos y unidades si no cuentan con sistemas de tratamiento que tengan el visto bueno de SAPAC, lo cual dar\u00e1 como resultado que al menos las pr\u00f3ximas viviendas que se construyan deban contar con este sistema, verificando a la hora de libertar la licencia ambiental ante la constancia de no afectaci\u00f3n arb\u00f3rea, que realmente est\u00e9 funcionando.<\/p>\n\n\n\n<p>A su vez, la regidora presidenta de las comisiones, Wendi Salinas Ruiz, se\u00f1al\u00f3 que s\u00ed bien saben que no van a resolver el problema de manera inmediata porque los recursos son insuficientes para poder enfrentar esa tremenda contaminaci\u00f3n, le estar\u00e1n dando seguimiento y buscar\u00e1n los apoyos que sean necesarios, impulsando en primer lugar el fortalecimiento de la educaci\u00f3n ambiental, lo cual se est\u00e1 trabajando con la Fiscal\u00eda Ambiental.<\/p>\n\n\n\n<p>En la sesi\u00f3n ordinaria, se analiz\u00f3 tambi\u00e9n el cat\u00e1logo de \u00e1rboles notables y patrimoniales para su cuidado y protecci\u00f3n, proyecto que est\u00e1n elaborando de la mano con la sociedad civil organizada en busca de preservar el patrimonio cultural y el entorno ambiental de la ciudad de la Eterna Primavera.<\/p>\n\n\n\n<p><\/p>\n\n\n\n<figure class=\"wp-container-2 wp-block-gallery-1 wp-block-gallery has-nested-images columns-default is-cropped\">\n<figure class=\"wp-block-image size-large\"><img loading=\"lazy\" width=\"1024\" height=\"682\" data-id=\"27364\"  src=\"https:\/\/cuernavaca.gob.mx\/wp-content\/uploads\/2023\/04\/rio-apatlaco-cuernavaca-1-1024x682.jpg\" alt=\"\" class=\"wp-image-27364\" srcset=\"https:\/\/cuernavaca.gob.mx\/wp-content\/uploads\/2023\/04\/rio-apatlaco-cuernavaca-1-1024x682.jpg 1024w, https:\/\/cuernavaca.gob.mx\/wp-content\/uploads\/2023\/04\/rio-apatlaco-cuernavaca-1-300x200.jpg 300w, https:\/\/cuernavaca.gob.mx\/wp-content\/uploads\/2023\/04\/rio-apatlaco-cuernavaca-1-768x512.jpg 768w, https:\/\/cuernavaca.gob.mx\/wp-content\/uploads\/2023\/04\/rio-apatlaco-cuernavaca-1-600x400.jpg 600w, https:\/\/cuernavaca.gob.mx\/wp-content\/uploads\/2023\/04\/rio-apatlaco-cuernavaca-1-560x373.jpg 560w, https:\/\/cuernavaca.gob.mx\/wp-content\/uploads\/2023\/04\/rio-apatlaco-cuernavaca-1.jpg 1280w\" sizes=\"(max-width: 1024px) 100vw, 1024px\" \/><\/figure>\n\n\n\n<figure class=\"wp-block-image size-large\"><img loading=\"lazy\" width=\"1024\" height=\"682\" data-id=\"27365\"  src=\"https:\/\/cuernavaca.gob.mx\/wp-content\/uploads\/2023\/04\/rio-apatlaco-cuernavaca-2-1024x682.jpg\" alt=\"\" class=\"wp-image-27365\" srcset=\"https:\/\/cuernavaca.gob.mx\/wp-content\/uploads\/2023\/04\/rio-apatlaco-cuernavaca-2-1024x682.jpg 1024w, https:\/\/cuernavaca.gob.mx\/wp-content\/uploads\/2023\/04\/rio-apatlaco-cuernavaca-2-300x200.jpg 300w, https:\/\/cuernavaca.gob.mx\/wp-content\/uploads\/2023\/04\/rio-apatlaco-cuernavaca-2-768x512.jpg 768w, https:\/\/cuernavaca.gob.mx\/wp-content\/uploads\/2023\/04\/rio-apatlaco-cuernavaca-2-600x400.jpg 600w, https:\/\/cuernavaca.gob.mx\/wp-content\/uploads\/2023\/04\/rio-apatlaco-cuernavaca-2-560x373.jpg 560w, https:\/\/cuernavaca.gob.mx\/wp-content\/uploads\/2023\/04\/rio-apatlaco-cuernavaca-2.jpg 1280w\" sizes=\"(max-width: 1024px) 100vw, 1024px\" \/><\/figure>\n\n\n\n<figure class=\"wp-block-image size-large\"><img loading=\"lazy\" width=\"1024\" height=\"682\" data-id=\"27368\"  src=\"https:\/\/cuernavaca.gob.mx\/wp-content\/uploads\/2023\/04\/rio-apatlaco-cuernavaca-3-1024x682.jpg\" alt=\"\" class=\"wp-image-27368\" srcset=\"https:\/\/cuernavaca.gob.mx\/wp-content\/uploads\/2023\/04\/rio-apatlaco-cuernavaca-3-1024x682.jpg 1024w, https:\/\/cuernavaca.gob.mx\/wp-content\/uploads\/2023\/04\/rio-apatlaco-cuernavaca-3-300x200.jpg 300w, https:\/\/cuernavaca.gob.mx\/wp-content\/uploads\/2023\/04\/rio-apatlaco-cuernavaca-3-768x512.jpg 768w, https:\/\/cuernavaca.gob.mx\/wp-content\/uploads\/2023\/04\/rio-apatlaco-cuernavaca-3-600x400.jpg 600w, https:\/\/cuernavaca.gob.mx\/wp-content\/uploads\/2023\/04\/rio-apatlaco-cuernavaca-3-560x373.jpg 560w, https:\/\/cuernavaca.gob.mx\/wp-content\/uploads\/2023\/04\/rio-apatlaco-cuernavaca-3.jpg 1280w\" sizes=\"(max-width: 1024px) 100vw, 1024px\" \/><\/figure>\n\n\n\n<figure class=\"wp-block-image size-large\"><img loading=\"lazy\" width=\"1024\" height=\"682\" data-id=\"27369\"  src=\"https:\/\/cuernavaca.gob.mx\/wp-content\/uploads\/2023\/04\/rio-apatlaco-cuernavaca-4-1024x682.jpg\" alt=\"\" class=\"wp-image-27369\" srcset=\"https:\/\/cuernavaca.gob.mx\/wp-content\/uploads\/2023\/04\/rio-apatlaco-cuernavaca-4-1024x682.jpg 1024w, https:\/\/cuernavaca.gob.mx\/wp-content\/uploads\/2023\/04\/rio-apatlaco-cuernavaca-4-300x200.jpg 300w, https:\/\/cuernavaca.gob.mx\/wp-content\/uploads\/2023\/04\/rio-apatlaco-cuernavaca-4-768x512.jpg 768w, https:\/\/cuernavaca.gob.mx\/wp-content\/uploads\/2023\/04\/rio-apatlaco-cuernavaca-4-600x400.jpg 600w, https:\/\/cuernavaca.gob.mx\/wp-content\/uploads\/2023\/04\/rio-apatlaco-cuernavaca-4-560x373.jpg 560w, https:\/\/cuernavaca.gob.mx\/wp-content\/uploads\/2023\/04\/rio-apatlaco-cuernavaca-4.jpg 1280w\" sizes=\"(max-width: 1024px) 100vw, 1024px\" \/><\/figure>\n\n\n\n<figure class=\"wp-block-image size-large\"><img loading=\"lazy\" width=\"1024\" height=\"682\" data-id=\"27367\"  src=\"https:\/\/cuernavaca.gob.mx\/wp-content\/uploads\/2023\/04\/rio-apatlaco-cuernavaca-5-1024x682.jpg\" alt=\"\" class=\"wp-image-27367\" srcset=\"https:\/\/cuernavaca.gob.mx\/wp-content\/uploads\/2023\/04\/rio-apatlaco-cuernavaca-5-1024x682.jpg 1024w, https:\/\/cuernavaca.gob.mx\/wp-content\/uploads\/2023\/04\/rio-apatlaco-cuernavaca-5-300x200.jpg 300w, https:\/\/cuernavaca.gob.mx\/wp-content\/uploads\/2023\/04\/rio-apatlaco-cuernavaca-5-768x512.jpg 768w, https:\/\/cuernavaca.gob.mx\/wp-content\/uploads\/2023\/04\/rio-apatlaco-cuernavaca-5-600x400.jpg 600w, https:\/\/cuernavaca.gob.mx\/wp-content\/uploads\/2023\/04\/rio-apatlaco-cuernavaca-5-560x373.jpg 560w, https:\/\/cuernavaca.gob.mx\/wp-content\/uploads\/2023\/04\/rio-apatlaco-cuernavaca-5.jpg 1280w\" sizes=\"(max-width: 1024px) 100vw, 1024px\" \/><\/figure>\n\n\n\n<figure class=\"wp-block-image size-large\"><img loading=\"lazy\" width=\"1024\" height=\"682\" data-id=\"27366\"  src=\"https:\/\/cuernavaca.gob.mx\/wp-content\/uploads\/2023\/04\/rio-apatlaco-cuernavaca-6-1024x682.jpg\" alt=\"\" class=\"wp-image-27366\" srcset=\"https:\/\/cuernavaca.gob.mx\/wp-content\/uploads\/2023\/04\/rio-apatlaco-cuernavaca-6-1024x682.jpg 1024w, https:\/\/cuernavaca.gob.mx\/wp-content\/uploads\/2023\/04\/rio-apatlaco-cuernavaca-6-300x200.jpg 300w, https:\/\/cuernavaca.gob.mx\/wp-content\/uploads\/2023\/04\/rio-apatlaco-cuernavaca-6-768x512.jpg 768w, https:\/\/cuernavaca.gob.mx\/wp-content\/uploads\/2023\/04\/rio-apatlaco-cuernavaca-6-600x400.jpg 600w, https:\/\/cuernavaca.gob.mx\/wp-content\/uploads\/2023\/04\/rio-apatlaco-cuernavaca-6-560x373.jpg 560w, https:\/\/cuernavaca.gob.mx\/wp-content\/uploads\/2023\/04\/rio-apatlaco-cuernavaca-6.jpg 1280w\" sizes=\"(max-width: 1024px) 100vw, 1024px\" \/><\/figure>\n<\/figure>\n","protected":false},"excerpt":{"rendered":"<p>\u2022 Las Comisiones de Coordinaci\u00f3n de Organismos Descentralizados y Protecci\u00f3n Ambiental y Desarrollo de Cuernavaca revisan propuestas para dar soluci\u00f3n a las 126 descargas residuales y aguas grises que da\u00f1an al r\u00edo \u2022 Se genera un frente com\u00fan con SAPAC y la Direcci\u00f3n General de Desarrollo Sustentable En el marco de la cuarta Sesi\u00f3n Ordinaria [&hellip;]<\/p>\n","protected":false},"author":1,"featured_media":27364,"comment_status":"closed","ping_status":"open","sticky":false,"template":"","format":"standard","meta":[],"categories":[2271],"tags":[501,121,652,120,422,206],"aioseo_notices":[],"_links":{"self":[{"href":"https:\/\/cuernavaca.gob.mx\/index.php?rest_route=\/wp\/v2\/posts\/27363"}],"collection":[{"href":"https:\/\/cuernavaca.gob.mx\/index.php?rest_route=\/wp\/v2\/posts"}],"about":[{"href":"https:\/\/cuernavaca.gob.mx\/index.php?rest_route=\/wp\/v2\/types\/post"}],"author":[{"embeddable":true,"href":"https:\/\/cuernavaca.gob.mx\/index.php?rest_route=\/wp\/v2\/users\/1"}],"replies":[{"embeddable":true,"href":"https:\/\/cuernavaca.gob.mx\/index.php?rest_route=%2Fwp%2Fv2%2Fcomments&post=27363"}],"version-history":[{"count":1,"href":"https:\/\/cuernavaca.gob.mx\/index.php?rest_route=\/wp\/v2\/posts\/27363\/revisions"}],"predecessor-version":[{"id":27370,"href":"https:\/\/cuernavaca.gob.mx\/index.php?rest_route=\/wp\/v2\/posts\/27363\/revisions\/27370"}],"wp:featuredmedia":[{"embeddable":true,"href":"https:\/\/cuernavaca.gob.mx\/index.php?rest_route=\/wp\/v2\/media\/27364"}],"wp:attachment":[{"href":"https:\/\/cuernavaca.gob.mx\/index.php?rest_route=%2Fwp%2Fv2%2Fmedia&parent=27363"}],"wp:term":[{"taxonomy":"category","embeddable":true,"href":"https:\/\/cuernavaca.gob.mx\/index.php?rest_route=%2Fwp%2Fv2%2Fcategories&post=27363"},{"taxonomy":"post_tag","embeddable":true,"href":"https:\/\/cuernavaca.gob.mx\/index.php?rest_route=%2Fwp%2Fv2%2Ftags&post=27363"}],"curies":[{"name":"wp","href":"https:\/\/api.w.org\/{rel}","templated":true}]}}