{"id":27371,"date":"2023-04-16T11:15:00","date_gmt":"2023-04-16T17:15:00","guid":{"rendered":"https:\/\/cuernavaca.gob.mx\/?p=27371"},"modified":"2025-05-06T12:36:16","modified_gmt":"2025-05-06T18:36:16","slug":"b915-16-04-23-reitera-jose-luis-uriostegui-compromiso-con-los-consejos-de-participacion-social-de-trabajar-a-favor-de-colonias-y-poblados-de-cuernavaca","status":"publish","type":"post","link":"https:\/\/cuernavaca.gob.mx\/?p=27371","title":{"rendered":"B915 16\/04\/23 REITERA JOS\u00c9 LUIS URI\u00d3STEGUI COMPROMISO CON LOS CONSEJOS DE PARTICIPACI\u00d3N SOCIAL DE TRABAJAR A FAVOR DE COLONIAS Y POBLADOS DE CUERNAVACA"},"content":{"rendered":"\n<p><strong>\u2022 El presidente municipal sostuvo encuentro con presidentes y representantes de Consejos de m\u00e1s de 15 colonias y poblados<\/strong><\/p>\n\n\n\n<p><strong>\u2022 La comunicaci\u00f3n se mantendr\u00e1 de manera directa para la atenci\u00f3n de problem\u00e1ticas comunes<\/strong><\/p>\n\n\n\n<p>El presidente municipal de Cuernavaca, Jos\u00e9 Luis Uri\u00f3stegui Salgado, sostuvo una reuni\u00f3n con presidentes y representantes de Consejos de Participaci\u00f3n Social, quienes de manera directa expusieron problem\u00e1ticas y peticiones que, en sus colonias y poblados, por diferentes causas no han sido atendidas con la prontitud que quisieran los habitantes.<\/p>\n\n\n\n<p>Reunidos en el sal\u00f3n de usos m\u00faltiples del parque \u201cEl Farolito\u201d del poblado de Amatitl\u00e1n, con la anfitrion\u00eda del Ayudante Municipal, Rodrigo Quintana \u00c1valos, los representantes de Consejos de Participaci\u00f3n de las colonias Adolfo L\u00f3pez Mateos de El Polvor\u00edn, de Ampliaci\u00f3n Sat\u00e9lite, Sat\u00e9lite, de Tezontepec, del Consejo de Amatitl\u00e1n, Ampliaci\u00f3n Chapultepec, Margarita Maza de Ju\u00e1rez, Ciudad Chapultepec, Antonio Barona, Patios de la Estaci\u00f3n, Palmira, del Consejo de Flores Mag\u00f3n y Enrique Tapia del poblado de Acapantzingo, expresaron al Alcalde capitalino varios temas que en su mayor\u00eda coincid\u00edan.<\/p>\n\n\n\n<p>La instalaci\u00f3n de luminarias, bacheo, pavimentaci\u00f3n, drenaje pluvial, desabasto de agua potable, poda y mantenimiento de rescate de espacios p\u00fablicos, seguridad p\u00fablica, entre otras solicitudes a las que Jos\u00e9 Luis Uri\u00f3stegui tom\u00f3 nota, explicando que para estas acciones se tienen que cumplir con procedimientos administrativos, dado que para la adquisici\u00f3n de varios de los materiales que se requieren, es necesario cumplir con licitaciones que la ley establece y dar transparencia en la aplicaci\u00f3n de recursos.<\/p>\n\n\n\n<p>Precis\u00f3 no tener preferencias para llevar a cabo obras o servicios que demandan las colonias y poblados, lo que se demuestra al atender de manera personal los reclamos y solicitudes ciudadanas que en reuniones como esta, permiten tener un registro puntual y a partir de las condiciones presupuestales y materiales del Ayuntamiento, se haga frente al rezago que por 20 a\u00f1os ha venido arrastrando la ciudad.<\/p>\n\n\n\n<p>El presidente municipal de Cuernavaca record\u00f3 que aun y cuando fue un inicio complejo para la administraci\u00f3n que encabeza por las deudas y otras problem\u00e1ticas heredadas, en el 2022 se aplicaron 60 millones de pesos de recursos propios para bacheo y pavimentaci\u00f3n de varias vialidades, lo que marc\u00f3 un precedente y sent\u00f3 las bases para la proyecci\u00f3n del 2023.<\/p>\n\n\n\n<p>Para este a\u00f1o, Jos\u00e9 Luis Uri\u00f3stegui inform\u00f3 a los presidentes y representantes de los Consejos de Participaci\u00f3n Social, se contar\u00e1 con recursos del orden de 300 millones de pesos en inversi\u00f3n p\u00fablica, incluyendo obras que fueron etiquetados por el Congreso del Estado para determinados proyectos que est\u00e1n pr\u00f3ximos a iniciar.<\/p>\n\n\n\n<p>En materia de seguridad, refiri\u00f3 que se ha concluido con la licitaci\u00f3n para la colocaci\u00f3n de c\u00e1maras de videovigilancia y la conformaci\u00f3n paulatina de un Centro de Comando, Control, Comunicaci\u00f3n y Computo, que permitir\u00e1 a la Secretar\u00eda de Protecci\u00f3n y Auxilio Ciudadano (SEPRAC) contar con mejores herramientas para proteger a la ciudadan\u00eda a trav\u00e9s de la prevenci\u00f3n y combate del delito.<\/p>\n\n\n\n<p>En este sentido, invit\u00f3 a los representantes de los Consejos de Participaci\u00f3n Ciudadana a sumarse a la red de c\u00e1maras de videovigilancia permitiendo su instalaci\u00f3n en comercios o domicilios a trav\u00e9s de un acuerdo de adquisici\u00f3n de equipos que les permitir\u00e1 tener mayor protecci\u00f3n en sus propiedades.<\/p>\n\n\n\n<p>Lo anterior estar\u00e1 vinculado con la instalaci\u00f3n de cinco mil nuevas luminarias, que para este a\u00f1o les inform\u00f3 se tiene proyectado iniciar en mayo tras cumplir con el proceso de licitaci\u00f3n, en tanto se avanzar\u00e1 con los trabajos de poda de \u00e1rboles que, de manera calendarizada, se acordar\u00e1 con las autoridades auxiliares para llevarlos a cabo.<\/p>\n\n\n\n<p>Por lo que se refiere a la problem\u00e1tica de abasto de agua, coment\u00f3 que se contemplan este a\u00f1o obras para mejorar las condiciones de pozos y la red de distribuci\u00f3n, incluyendo trabajos de desazolve y mantenimiento que representaran en su momento la suspensi\u00f3n del servicio en tanto concluyen estas acciones que realice el Sistema de Agua Potable y Alcantarillado de Cuernavaca (SAPAC).<\/p>\n\n\n\n<p>De este encuentro, Jos\u00e9 Luis Uri\u00f3stegui acord\u00f3 con los representantes de los Consejos de Participaci\u00f3n Social, mejorar la comunicaci\u00f3n entre ambas partes y de manera directa para darle seguimiento a las peticiones y con la suma de esfuerzos lograr que la ciudad de Cuernavaca logre mejores escenarios de convivencia y desarrollo.<\/p>\n\n\n\n<figure class=\"wp-container-2 wp-block-gallery-1 wp-block-gallery has-nested-images columns-default is-cropped\">\n<figure class=\"wp-block-image size-large\"><img loading=\"lazy\" width=\"1024\" height=\"683\" data-id=\"27373\"  src=\"https:\/\/cuernavaca.gob.mx\/wp-content\/uploads\/2023\/04\/trabajo-con-ayudantes-cuernavaca-1-1024x683.jpeg\" alt=\"\" class=\"wp-image-27373\" srcset=\"https:\/\/cuernavaca.gob.mx\/wp-content\/uploads\/2023\/04\/trabajo-con-ayudantes-cuernavaca-1-1024x683.jpeg 1024w, https:\/\/cuernavaca.gob.mx\/wp-content\/uploads\/2023\/04\/trabajo-con-ayudantes-cuernavaca-1-300x200.jpeg 300w, https:\/\/cuernavaca.gob.mx\/wp-content\/uploads\/2023\/04\/trabajo-con-ayudantes-cuernavaca-1-768x512.jpeg 768w, https:\/\/cuernavaca.gob.mx\/wp-content\/uploads\/2023\/04\/trabajo-con-ayudantes-cuernavaca-1-1536x1024.jpeg 1536w, https:\/\/cuernavaca.gob.mx\/wp-content\/uploads\/2023\/04\/trabajo-con-ayudantes-cuernavaca-1-600x400.jpeg 600w, https:\/\/cuernavaca.gob.mx\/wp-content\/uploads\/2023\/04\/trabajo-con-ayudantes-cuernavaca-1-560x373.jpeg 560w, https:\/\/cuernavaca.gob.mx\/wp-content\/uploads\/2023\/04\/trabajo-con-ayudantes-cuernavaca-1.jpeg 1599w\" sizes=\"(max-width: 1024px) 100vw, 1024px\" \/><\/figure>\n\n\n\n<figure class=\"wp-block-image size-large\"><img loading=\"lazy\" width=\"1024\" height=\"683\" data-id=\"27372\"  src=\"https:\/\/cuernavaca.gob.mx\/wp-content\/uploads\/2023\/04\/trabajo-con-ayudantes-cuernavaca-2-1024x683.jpeg\" alt=\"\" class=\"wp-image-27372\" srcset=\"https:\/\/cuernavaca.gob.mx\/wp-content\/uploads\/2023\/04\/trabajo-con-ayudantes-cuernavaca-2-1024x683.jpeg 1024w, https:\/\/cuernavaca.gob.mx\/wp-content\/uploads\/2023\/04\/trabajo-con-ayudantes-cuernavaca-2-300x200.jpeg 300w, https:\/\/cuernavaca.gob.mx\/wp-content\/uploads\/2023\/04\/trabajo-con-ayudantes-cuernavaca-2-768x512.jpeg 768w, https:\/\/cuernavaca.gob.mx\/wp-content\/uploads\/2023\/04\/trabajo-con-ayudantes-cuernavaca-2-1536x1024.jpeg 1536w, https:\/\/cuernavaca.gob.mx\/wp-content\/uploads\/2023\/04\/trabajo-con-ayudantes-cuernavaca-2-600x400.jpeg 600w, https:\/\/cuernavaca.gob.mx\/wp-content\/uploads\/2023\/04\/trabajo-con-ayudantes-cuernavaca-2-560x373.jpeg 560w, https:\/\/cuernavaca.gob.mx\/wp-content\/uploads\/2023\/04\/trabajo-con-ayudantes-cuernavaca-2.jpeg 1599w\" sizes=\"(max-width: 1024px) 100vw, 1024px\" \/><\/figure>\n\n\n\n<figure class=\"wp-block-image size-large\"><img loading=\"lazy\" width=\"1024\" height=\"683\" data-id=\"27378\"  src=\"https:\/\/cuernavaca.gob.mx\/wp-content\/uploads\/2023\/04\/trabajo-con-ayudantes-cuernavaca-3-1024x683.jpeg\" alt=\"\" class=\"wp-image-27378\" srcset=\"https:\/\/cuernavaca.gob.mx\/wp-content\/uploads\/2023\/04\/trabajo-con-ayudantes-cuernavaca-3-1024x683.jpeg 1024w, https:\/\/cuernavaca.gob.mx\/wp-content\/uploads\/2023\/04\/trabajo-con-ayudantes-cuernavaca-3-300x200.jpeg 300w, https:\/\/cuernavaca.gob.mx\/wp-content\/uploads\/2023\/04\/trabajo-con-ayudantes-cuernavaca-3-768x512.jpeg 768w, https:\/\/cuernavaca.gob.mx\/wp-content\/uploads\/2023\/04\/trabajo-con-ayudantes-cuernavaca-3-1536x1024.jpeg 1536w, https:\/\/cuernavaca.gob.mx\/wp-content\/uploads\/2023\/04\/trabajo-con-ayudantes-cuernavaca-3-600x400.jpeg 600w, https:\/\/cuernavaca.gob.mx\/wp-content\/uploads\/2023\/04\/trabajo-con-ayudantes-cuernavaca-3-560x373.jpeg 560w, https:\/\/cuernavaca.gob.mx\/wp-content\/uploads\/2023\/04\/trabajo-con-ayudantes-cuernavaca-3.jpeg 1599w\" sizes=\"(max-width: 1024px) 100vw, 1024px\" \/><\/figure>\n\n\n\n<figure class=\"wp-block-image size-large\"><img loading=\"lazy\" width=\"1024\" height=\"683\" data-id=\"27375\"  src=\"https:\/\/cuernavaca.gob.mx\/wp-content\/uploads\/2023\/04\/trabajo-con-ayudantes-cuernavaca-4-1024x683.jpeg\" alt=\"\" class=\"wp-image-27375\" srcset=\"https:\/\/cuernavaca.gob.mx\/wp-content\/uploads\/2023\/04\/trabajo-con-ayudantes-cuernavaca-4-1024x683.jpeg 1024w, https:\/\/cuernavaca.gob.mx\/wp-content\/uploads\/2023\/04\/trabajo-con-ayudantes-cuernavaca-4-300x200.jpeg 300w, https:\/\/cuernavaca.gob.mx\/wp-content\/uploads\/2023\/04\/trabajo-con-ayudantes-cuernavaca-4-768x512.jpeg 768w, https:\/\/cuernavaca.gob.mx\/wp-content\/uploads\/2023\/04\/trabajo-con-ayudantes-cuernavaca-4-1536x1024.jpeg 1536w, https:\/\/cuernavaca.gob.mx\/wp-content\/uploads\/2023\/04\/trabajo-con-ayudantes-cuernavaca-4-600x400.jpeg 600w, https:\/\/cuernavaca.gob.mx\/wp-content\/uploads\/2023\/04\/trabajo-con-ayudantes-cuernavaca-4-560x373.jpeg 560w, https:\/\/cuernavaca.gob.mx\/wp-content\/uploads\/2023\/04\/trabajo-con-ayudantes-cuernavaca-4.jpeg 1599w\" sizes=\"(max-width: 1024px) 100vw, 1024px\" \/><\/figure>\n\n\n\n<figure class=\"wp-block-image size-large\"><img loading=\"lazy\" width=\"1024\" height=\"683\" data-id=\"27374\"  src=\"https:\/\/cuernavaca.gob.mx\/wp-content\/uploads\/2023\/04\/trabajo-con-ayudantes-cuernavaca-5-1024x683.jpeg\" alt=\"\" class=\"wp-image-27374\" srcset=\"https:\/\/cuernavaca.gob.mx\/wp-content\/uploads\/2023\/04\/trabajo-con-ayudantes-cuernavaca-5-1024x683.jpeg 1024w, https:\/\/cuernavaca.gob.mx\/wp-content\/uploads\/2023\/04\/trabajo-con-ayudantes-cuernavaca-5-300x200.jpeg 300w, https:\/\/cuernavaca.gob.mx\/wp-content\/uploads\/2023\/04\/trabajo-con-ayudantes-cuernavaca-5-768x512.jpeg 768w, https:\/\/cuernavaca.gob.mx\/wp-content\/uploads\/2023\/04\/trabajo-con-ayudantes-cuernavaca-5-1536x1024.jpeg 1536w, https:\/\/cuernavaca.gob.mx\/wp-content\/uploads\/2023\/04\/trabajo-con-ayudantes-cuernavaca-5-600x400.jpeg 600w, https:\/\/cuernavaca.gob.mx\/wp-content\/uploads\/2023\/04\/trabajo-con-ayudantes-cuernavaca-5-560x373.jpeg 560w, https:\/\/cuernavaca.gob.mx\/wp-content\/uploads\/2023\/04\/trabajo-con-ayudantes-cuernavaca-5.jpeg 1599w\" sizes=\"(max-width: 1024px) 100vw, 1024px\" \/><\/figure>\n\n\n\n<figure class=\"wp-block-image size-large\"><img loading=\"lazy\" width=\"1024\" height=\"683\" data-id=\"27379\"  src=\"https:\/\/cuernavaca.gob.mx\/wp-content\/uploads\/2023\/04\/trabajo-con-ayudantes-cuernavaca-6-1024x683.jpeg\" alt=\"\" class=\"wp-image-27379\" srcset=\"https:\/\/cuernavaca.gob.mx\/wp-content\/uploads\/2023\/04\/trabajo-con-ayudantes-cuernavaca-6-1024x683.jpeg 1024w, https:\/\/cuernavaca.gob.mx\/wp-content\/uploads\/2023\/04\/trabajo-con-ayudantes-cuernavaca-6-300x200.jpeg 300w, https:\/\/cuernavaca.gob.mx\/wp-content\/uploads\/2023\/04\/trabajo-con-ayudantes-cuernavaca-6-768x512.jpeg 768w, https:\/\/cuernavaca.gob.mx\/wp-content\/uploads\/2023\/04\/trabajo-con-ayudantes-cuernavaca-6-1536x1024.jpeg 1536w, https:\/\/cuernavaca.gob.mx\/wp-content\/uploads\/2023\/04\/trabajo-con-ayudantes-cuernavaca-6-600x400.jpeg 600w, https:\/\/cuernavaca.gob.mx\/wp-content\/uploads\/2023\/04\/trabajo-con-ayudantes-cuernavaca-6-560x373.jpeg 560w, https:\/\/cuernavaca.gob.mx\/wp-content\/uploads\/2023\/04\/trabajo-con-ayudantes-cuernavaca-6.jpeg 1599w\" sizes=\"(max-width: 1024px) 100vw, 1024px\" \/><\/figure>\n\n\n\n<figure class=\"wp-block-image size-large\"><img loading=\"lazy\" width=\"1024\" height=\"683\" data-id=\"27377\"  src=\"https:\/\/cuernavaca.gob.mx\/wp-content\/uploads\/2023\/04\/trabajo-con-ayudantes-cuernavaca-7-1024x683.jpeg\" alt=\"\" class=\"wp-image-27377\" srcset=\"https:\/\/cuernavaca.gob.mx\/wp-content\/uploads\/2023\/04\/trabajo-con-ayudantes-cuernavaca-7-1024x683.jpeg 1024w, https:\/\/cuernavaca.gob.mx\/wp-content\/uploads\/2023\/04\/trabajo-con-ayudantes-cuernavaca-7-300x200.jpeg 300w, https:\/\/cuernavaca.gob.mx\/wp-content\/uploads\/2023\/04\/trabajo-con-ayudantes-cuernavaca-7-768x512.jpeg 768w, https:\/\/cuernavaca.gob.mx\/wp-content\/uploads\/2023\/04\/trabajo-con-ayudantes-cuernavaca-7-1536x1024.jpeg 1536w, https:\/\/cuernavaca.gob.mx\/wp-content\/uploads\/2023\/04\/trabajo-con-ayudantes-cuernavaca-7-600x400.jpeg 600w, https:\/\/cuernavaca.gob.mx\/wp-content\/uploads\/2023\/04\/trabajo-con-ayudantes-cuernavaca-7-560x373.jpeg 560w, https:\/\/cuernavaca.gob.mx\/wp-content\/uploads\/2023\/04\/trabajo-con-ayudantes-cuernavaca-7.jpeg 1599w\" sizes=\"(max-width: 1024px) 100vw, 1024px\" \/><\/figure>\n\n\n\n<figure class=\"wp-block-image size-large\"><img loading=\"lazy\" width=\"1024\" height=\"683\" data-id=\"27376\"  src=\"https:\/\/cuernavaca.gob.mx\/wp-content\/uploads\/2023\/04\/trabajo-con-ayudantes-cuernavaca-8-1024x683.jpeg\" alt=\"\" class=\"wp-image-27376\" srcset=\"https:\/\/cuernavaca.gob.mx\/wp-content\/uploads\/2023\/04\/trabajo-con-ayudantes-cuernavaca-8-1024x683.jpeg 1024w, https:\/\/cuernavaca.gob.mx\/wp-content\/uploads\/2023\/04\/trabajo-con-ayudantes-cuernavaca-8-300x200.jpeg 300w, https:\/\/cuernavaca.gob.mx\/wp-content\/uploads\/2023\/04\/trabajo-con-ayudantes-cuernavaca-8-768x512.jpeg 768w, https:\/\/cuernavaca.gob.mx\/wp-content\/uploads\/2023\/04\/trabajo-con-ayudantes-cuernavaca-8-1536x1024.jpeg 1536w, https:\/\/cuernavaca.gob.mx\/wp-content\/uploads\/2023\/04\/trabajo-con-ayudantes-cuernavaca-8-600x400.jpeg 600w, https:\/\/cuernavaca.gob.mx\/wp-content\/uploads\/2023\/04\/trabajo-con-ayudantes-cuernavaca-8-560x373.jpeg 560w, https:\/\/cuernavaca.gob.mx\/wp-content\/uploads\/2023\/04\/trabajo-con-ayudantes-cuernavaca-8.jpeg 1599w\" sizes=\"(max-width: 1024px) 100vw, 1024px\" \/><\/figure>\n\n\n\n<figure class=\"wp-block-image size-large\"><img loading=\"lazy\" width=\"1024\" height=\"683\" data-id=\"27381\"  src=\"https:\/\/cuernavaca.gob.mx\/wp-content\/uploads\/2023\/04\/trabajo-con-ayudantes-cuernavaca-9-1024x683.jpeg\" alt=\"\" class=\"wp-image-27381\" srcset=\"https:\/\/cuernavaca.gob.mx\/wp-content\/uploads\/2023\/04\/trabajo-con-ayudantes-cuernavaca-9-1024x683.jpeg 1024w, https:\/\/cuernavaca.gob.mx\/wp-content\/uploads\/2023\/04\/trabajo-con-ayudantes-cuernavaca-9-300x200.jpeg 300w, https:\/\/cuernavaca.gob.mx\/wp-content\/uploads\/2023\/04\/trabajo-con-ayudantes-cuernavaca-9-768x512.jpeg 768w, https:\/\/cuernavaca.gob.mx\/wp-content\/uploads\/2023\/04\/trabajo-con-ayudantes-cuernavaca-9-1536x1024.jpeg 1536w, https:\/\/cuernavaca.gob.mx\/wp-content\/uploads\/2023\/04\/trabajo-con-ayudantes-cuernavaca-9-600x400.jpeg 600w, https:\/\/cuernavaca.gob.mx\/wp-content\/uploads\/2023\/04\/trabajo-con-ayudantes-cuernavaca-9-560x373.jpeg 560w, https:\/\/cuernavaca.gob.mx\/wp-content\/uploads\/2023\/04\/trabajo-con-ayudantes-cuernavaca-9.jpeg 1599w\" sizes=\"(max-width: 1024px) 100vw, 1024px\" \/><\/figure>\n\n\n\n<figure class=\"wp-block-image size-large\"><img loading=\"lazy\" width=\"1024\" height=\"683\" data-id=\"27380\"  src=\"https:\/\/cuernavaca.gob.mx\/wp-content\/uploads\/2023\/04\/trabajo-con-ayudantes-cuernavaca-10-1024x683.jpeg\" alt=\"\" class=\"wp-image-27380\" srcset=\"https:\/\/cuernavaca.gob.mx\/wp-content\/uploads\/2023\/04\/trabajo-con-ayudantes-cuernavaca-10-1024x683.jpeg 1024w, https:\/\/cuernavaca.gob.mx\/wp-content\/uploads\/2023\/04\/trabajo-con-ayudantes-cuernavaca-10-300x200.jpeg 300w, https:\/\/cuernavaca.gob.mx\/wp-content\/uploads\/2023\/04\/trabajo-con-ayudantes-cuernavaca-10-768x512.jpeg 768w, https:\/\/cuernavaca.gob.mx\/wp-content\/uploads\/2023\/04\/trabajo-con-ayudantes-cuernavaca-10-1536x1024.jpeg 1536w, https:\/\/cuernavaca.gob.mx\/wp-content\/uploads\/2023\/04\/trabajo-con-ayudantes-cuernavaca-10-600x400.jpeg 600w, https:\/\/cuernavaca.gob.mx\/wp-content\/uploads\/2023\/04\/trabajo-con-ayudantes-cuernavaca-10-560x373.jpeg 560w, https:\/\/cuernavaca.gob.mx\/wp-content\/uploads\/2023\/04\/trabajo-con-ayudantes-cuernavaca-10.jpeg 1599w\" sizes=\"(max-width: 1024px) 100vw, 1024px\" \/><\/figure>\n\n\n\n<figure class=\"wp-block-image size-large\"><img loading=\"lazy\" width=\"1024\" height=\"683\" data-id=\"27382\"  src=\"https:\/\/cuernavaca.gob.mx\/wp-content\/uploads\/2023\/04\/trabajo-con-ayudantes-cuernavaca-11-1024x683.jpeg\" alt=\"\" class=\"wp-image-27382\" srcset=\"https:\/\/cuernavaca.gob.mx\/wp-content\/uploads\/2023\/04\/trabajo-con-ayudantes-cuernavaca-11-1024x683.jpeg 1024w, https:\/\/cuernavaca.gob.mx\/wp-content\/uploads\/2023\/04\/trabajo-con-ayudantes-cuernavaca-11-300x200.jpeg 300w, https:\/\/cuernavaca.gob.mx\/wp-content\/uploads\/2023\/04\/trabajo-con-ayudantes-cuernavaca-11-768x512.jpeg 768w, https:\/\/cuernavaca.gob.mx\/wp-content\/uploads\/2023\/04\/trabajo-con-ayudantes-cuernavaca-11-1536x1024.jpeg 1536w, https:\/\/cuernavaca.gob.mx\/wp-content\/uploads\/2023\/04\/trabajo-con-ayudantes-cuernavaca-11-600x400.jpeg 600w, https:\/\/cuernavaca.gob.mx\/wp-content\/uploads\/2023\/04\/trabajo-con-ayudantes-cuernavaca-11-560x373.jpeg 560w, https:\/\/cuernavaca.gob.mx\/wp-content\/uploads\/2023\/04\/trabajo-con-ayudantes-cuernavaca-11.jpeg 1599w\" sizes=\"(max-width: 1024px) 100vw, 1024px\" \/><\/figure>\n\n\n\n<figure class=\"wp-block-image size-large\"><img loading=\"lazy\" width=\"1024\" height=\"683\" data-id=\"27383\"  src=\"https:\/\/cuernavaca.gob.mx\/wp-content\/uploads\/2023\/04\/trabajo-con-ayudantes-cuernavaca-12-1024x683.jpeg\" alt=\"\" class=\"wp-image-27383\" srcset=\"https:\/\/cuernavaca.gob.mx\/wp-content\/uploads\/2023\/04\/trabajo-con-ayudantes-cuernavaca-12-1024x683.jpeg 1024w, https:\/\/cuernavaca.gob.mx\/wp-content\/uploads\/2023\/04\/trabajo-con-ayudantes-cuernavaca-12-300x200.jpeg 300w, https:\/\/cuernavaca.gob.mx\/wp-content\/uploads\/2023\/04\/trabajo-con-ayudantes-cuernavaca-12-768x512.jpeg 768w, https:\/\/cuernavaca.gob.mx\/wp-content\/uploads\/2023\/04\/trabajo-con-ayudantes-cuernavaca-12-1536x1024.jpeg 1536w, https:\/\/cuernavaca.gob.mx\/wp-content\/uploads\/2023\/04\/trabajo-con-ayudantes-cuernavaca-12-600x400.jpeg 600w, https:\/\/cuernavaca.gob.mx\/wp-content\/uploads\/2023\/04\/trabajo-con-ayudantes-cuernavaca-12-560x373.jpeg 560w, https:\/\/cuernavaca.gob.mx\/wp-content\/uploads\/2023\/04\/trabajo-con-ayudantes-cuernavaca-12.jpeg 1599w\" sizes=\"(max-width: 1024px) 100vw, 1024px\" \/><\/figure>\n<\/figure>\n","protected":false},"excerpt":{"rendered":"<p>\u2022 El presidente municipal sostuvo encuentro con presidentes y representantes de Consejos de m\u00e1s de 15 colonias y poblados \u2022 La comunicaci\u00f3n se mantendr\u00e1 de manera directa para la atenci\u00f3n de problem\u00e1ticas comunes El presidente municipal de Cuernavaca, Jos\u00e9 Luis Uri\u00f3stegui Salgado, sostuvo una reuni\u00f3n con presidentes y representantes de Consejos de Participaci\u00f3n Social, quienes [&hellip;]<\/p>\n","protected":false},"author":1,"featured_media":27382,"comment_status":"closed","ping_status":"open","sticky":false,"template":"","format":"standard","meta":[],"categories":[20],"tags":[436,121,120,206,372,2396],"aioseo_notices":[],"_links":{"self":[{"href":"https:\/\/cuernavaca.gob.mx\/index.php?rest_route=\/wp\/v2\/posts\/27371"}],"collection":[{"href":"https:\/\/cuernavaca.gob.mx\/index.php?rest_route=\/wp\/v2\/posts"}],"about":[{"href":"https:\/\/cuernavaca.gob.mx\/index.php?rest_route=\/wp\/v2\/types\/post"}],"author":[{"embeddable":true,"href":"https:\/\/cuernavaca.gob.mx\/index.php?rest_route=\/wp\/v2\/users\/1"}],"replies":[{"embeddable":true,"href":"https:\/\/cuernavaca.gob.mx\/index.php?rest_route=%2Fwp%2Fv2%2Fcomments&post=27371"}],"version-history":[{"count":1,"href":"https:\/\/cuernavaca.gob.mx\/index.php?rest_route=\/wp\/v2\/posts\/27371\/revisions"}],"predecessor-version":[{"id":27384,"href":"https:\/\/cuernavaca.gob.mx\/index.php?rest_route=\/wp\/v2\/posts\/27371\/revisions\/27384"}],"wp:featuredmedia":[{"embeddable":true,"href":"https:\/\/cuernavaca.gob.mx\/index.php?rest_route=\/wp\/v2\/media\/27382"}],"wp:attachment":[{"href":"https:\/\/cuernavaca.gob.mx\/index.php?rest_route=%2Fwp%2Fv2%2Fmedia&parent=27371"}],"wp:term":[{"taxonomy":"category","embeddable":true,"href":"https:\/\/cuernavaca.gob.mx\/index.php?rest_route=%2Fwp%2Fv2%2Fcategories&post=27371"},{"taxonomy":"post_tag","embeddable":true,"href":"https:\/\/cuernavaca.gob.mx\/index.php?rest_route=%2Fwp%2Fv2%2Ftags&post=27371"}],"curies":[{"name":"wp","href":"https:\/\/api.w.org\/{rel}","templated":true}]}}