{"id":27385,"date":"2023-04-16T11:00:00","date_gmt":"2023-04-16T17:00:00","guid":{"rendered":"https:\/\/cuernavaca.gob.mx\/?p=27385"},"modified":"2025-05-06T12:36:16","modified_gmt":"2025-05-06T18:36:16","slug":"b914-16-04-23-aprueba-cabildo-de-cuernavaca-ampliacion-del-presupuesto-de-egresos-2023-en-beneficio-de-la-poblacion","status":"publish","type":"post","link":"https:\/\/cuernavaca.gob.mx\/?p=27385","title":{"rendered":"B914 16\/04\/23 APRUEBA CABILDO DE CUERNAVACA AMPLIACI\u00d3N DEL PRESUPUESTO DE EGRESOS 2023 EN BENEFICIO DE LA POBLACI\u00d3N\u00a0"},"content":{"rendered":"\n<p><strong>* Integrantes del Cabildo de Cuernavaca aprobaron la modificaci\u00f3n al Presupuesto de Egresos por un monto de 357 millones 452 mil 930 pesos, quedando en un total de mil 987 millones 132 mil 741 peso<\/strong>s<\/p>\n\n\n\n<p><strong>* El tesorero municipal, Javier Arozarena, indic\u00f3 que la propuesta tiene su origen en las ampliaciones presupuestales publicadas en el peri\u00f3dico oficial &#8220;Tierra y Libertad&#8221; en diferentes fuentes de financiamiento&nbsp;<\/strong><\/p>\n\n\n\n<p>Con apego al Plan Municipal de Desarrollo 2022- 2024 y en busca de generar mayores beneficios este a\u00f1o a la poblaci\u00f3n, integrantes del Cabildo de Cuernavaca aprobaron la modificaci\u00f3n al Presupuesto de Egresos por un monto de 357 millones 452 mil 930 pesos, quedando en un total de mil 987 millones 132 mil 741 pesos, de acuerdo con ampliaciones de diferentes fuentes de financiamiento, sin considerar el presupuesto del Sistema de Agua Potable y Alcantarillado de Cuernavaca (SAPAC).&nbsp;<\/p>\n\n\n\n<p>En el marco de la reciente sesi\u00f3n extraordinaria de Cabildo, el tesorero municipal, Javier Arozarena Salazar, indic\u00f3 que esta propuesta tiene su origen en las ampliaciones presupuestales publicadas en el peri\u00f3dico oficial &#8220;Tierra y Libertad&#8221; en diciembre del 2022 relativas al FAIS, FORTAMUN, participaciones federales, FAEDE y estatales, a trav\u00e9s del reci\u00e9n creado Fondo de Infraestructura Regional Municipal creado por el Congreso del Estado.&nbsp;<\/p>\n\n\n\n<p>La ampliaci\u00f3n contempla 162 millones 137 mil pesos provenientes de participaciones federales, 138 millones 600 mil pesos del Fondo de Infraestructura Regional Municipal, ocho millones y medio de Acciones de Fomento Municipal, 32 millones 393 mil 619 pesos del FORTAMUN, 14 millones 624 mil 297 pesos del FAIS y un mill\u00f3n 197 mil 934 pesos del FAEDE.&nbsp;<\/p>\n\n\n\n<p>Respecto a sus fuentes de financiamiento, Javier Arozarena explic\u00f3 que los recursos propios ascender\u00edan a 804 millones 399 mil pesos, las participaciones federales a 597 millones 075 mil pesos, los recursos estatales que provienen de rifas y sorteos, por cinco millones 443 mil 800 pesos; el Fondo de Infraestructura Regional Municipal por 138 millones 600 mil pesos, las Acciones para el Fomento Municipal por ocho millones y medio.&nbsp;<\/p>\n\n\n\n<p>En tanto, el FORTAMUN quedar\u00eda en 334 millones 300 mil pesos, el FAIS en 92 millones 609 mil pesos y el FAEDE en seis millones 203 mil pesos, que en su conjunto ascienden a la cantidad de mil 987 millones 132 mil 741 pesos a invertir este a\u00f1o.&nbsp;<\/p>\n\n\n\n<p>Esta ampliaci\u00f3n de acuerdo con el objeto del gasto se aplicar\u00eda para servicios personales por 34 millones 554 mil pesos, para materiales y suministros siete millones 100 mil, para servicios generales 49 millones y mil pesos, para transferencias, asignaciones a subsidios y otras ayudas, 50 millones 380 mil pesos; para inmuebles, muebles e intangibles, 13 millones 900 mil pesos; para inversi\u00f3n p\u00fablica, 195 millones 024 mil pesos y finalmente para deuda p\u00fablica, siete millones 393 mil pesos.&nbsp;<\/p>\n\n\n\n<p>Los regidores Mirna Delgado Romero, Wendi Salinas Ruiz, Adri\u00e1n Mart\u00ednez Terrazas, Jes\u00fas Rosales Puebla y Debendrenath Salazar Solorio, tomaron el uso de la palabra para expresar que ser\u00e1n vigilantes de cada uno de los movimientos que se analizaron al presupuesto, buscando fortalecer distintos rubros que beneficien a toda la poblaci\u00f3n, como son las becas escolares y el Sistema Municipal DIF Cuernavaca.&nbsp;<\/p>\n\n\n\n<p>Tras un an\u00e1lisis objetivo y responsable, este presupuesto hist\u00f3rico fue aprobado por unanimidad, el cual ser\u00e1 administrado con transparencia y responsabilidad.<\/p>\n\n\n\n<figure class=\"wp-container-2 wp-block-gallery-1 wp-block-gallery has-nested-images columns-default is-cropped\">\n<figure class=\"wp-block-image size-large\"><img loading=\"lazy\" width=\"1024\" height=\"683\" data-id=\"27386\"  src=\"https:\/\/cuernavaca.gob.mx\/wp-content\/uploads\/2023\/04\/presupuesto-cuernavaca-2023-1-1024x683.jpeg\" alt=\"\" class=\"wp-image-27386\" srcset=\"https:\/\/cuernavaca.gob.mx\/wp-content\/uploads\/2023\/04\/presupuesto-cuernavaca-2023-1-1024x683.jpeg 1024w, https:\/\/cuernavaca.gob.mx\/wp-content\/uploads\/2023\/04\/presupuesto-cuernavaca-2023-1-300x200.jpeg 300w, https:\/\/cuernavaca.gob.mx\/wp-content\/uploads\/2023\/04\/presupuesto-cuernavaca-2023-1-768x512.jpeg 768w, https:\/\/cuernavaca.gob.mx\/wp-content\/uploads\/2023\/04\/presupuesto-cuernavaca-2023-1-1536x1024.jpeg 1536w, https:\/\/cuernavaca.gob.mx\/wp-content\/uploads\/2023\/04\/presupuesto-cuernavaca-2023-1-600x400.jpeg 600w, https:\/\/cuernavaca.gob.mx\/wp-content\/uploads\/2023\/04\/presupuesto-cuernavaca-2023-1-560x373.jpeg 560w, https:\/\/cuernavaca.gob.mx\/wp-content\/uploads\/2023\/04\/presupuesto-cuernavaca-2023-1.jpeg 1599w\" sizes=\"(max-width: 1024px) 100vw, 1024px\" \/><\/figure>\n\n\n\n<figure class=\"wp-block-image size-large\"><img loading=\"lazy\" width=\"1024\" height=\"683\" data-id=\"27389\"  src=\"https:\/\/cuernavaca.gob.mx\/wp-content\/uploads\/2023\/04\/presupuesto-cuernavaca-2023-2-1024x683.jpeg\" alt=\"\" class=\"wp-image-27389\" srcset=\"https:\/\/cuernavaca.gob.mx\/wp-content\/uploads\/2023\/04\/presupuesto-cuernavaca-2023-2-1024x683.jpeg 1024w, https:\/\/cuernavaca.gob.mx\/wp-content\/uploads\/2023\/04\/presupuesto-cuernavaca-2023-2-300x200.jpeg 300w, https:\/\/cuernavaca.gob.mx\/wp-content\/uploads\/2023\/04\/presupuesto-cuernavaca-2023-2-768x512.jpeg 768w, https:\/\/cuernavaca.gob.mx\/wp-content\/uploads\/2023\/04\/presupuesto-cuernavaca-2023-2-1536x1024.jpeg 1536w, https:\/\/cuernavaca.gob.mx\/wp-content\/uploads\/2023\/04\/presupuesto-cuernavaca-2023-2-600x400.jpeg 600w, https:\/\/cuernavaca.gob.mx\/wp-content\/uploads\/2023\/04\/presupuesto-cuernavaca-2023-2-560x373.jpeg 560w, https:\/\/cuernavaca.gob.mx\/wp-content\/uploads\/2023\/04\/presupuesto-cuernavaca-2023-2.jpeg 1599w\" sizes=\"(max-width: 1024px) 100vw, 1024px\" \/><\/figure>\n\n\n\n<figure class=\"wp-block-image size-large\"><img loading=\"lazy\" width=\"1024\" height=\"683\" data-id=\"27388\"  src=\"https:\/\/cuernavaca.gob.mx\/wp-content\/uploads\/2023\/04\/presupuesto-cuernavaca-2023-3-1024x683.jpeg\" alt=\"\" class=\"wp-image-27388\" srcset=\"https:\/\/cuernavaca.gob.mx\/wp-content\/uploads\/2023\/04\/presupuesto-cuernavaca-2023-3-1024x683.jpeg 1024w, https:\/\/cuernavaca.gob.mx\/wp-content\/uploads\/2023\/04\/presupuesto-cuernavaca-2023-3-300x200.jpeg 300w, https:\/\/cuernavaca.gob.mx\/wp-content\/uploads\/2023\/04\/presupuesto-cuernavaca-2023-3-768x512.jpeg 768w, https:\/\/cuernavaca.gob.mx\/wp-content\/uploads\/2023\/04\/presupuesto-cuernavaca-2023-3-1536x1024.jpeg 1536w, https:\/\/cuernavaca.gob.mx\/wp-content\/uploads\/2023\/04\/presupuesto-cuernavaca-2023-3-600x400.jpeg 600w, https:\/\/cuernavaca.gob.mx\/wp-content\/uploads\/2023\/04\/presupuesto-cuernavaca-2023-3-560x373.jpeg 560w, https:\/\/cuernavaca.gob.mx\/wp-content\/uploads\/2023\/04\/presupuesto-cuernavaca-2023-3.jpeg 1599w\" sizes=\"(max-width: 1024px) 100vw, 1024px\" \/><\/figure>\n\n\n\n<figure class=\"wp-block-image size-large\"><img loading=\"lazy\" width=\"1024\" height=\"683\" data-id=\"27387\"  src=\"https:\/\/cuernavaca.gob.mx\/wp-content\/uploads\/2023\/04\/presupuesto-cuernavaca-2023-4-1024x683.jpeg\" alt=\"\" class=\"wp-image-27387\" srcset=\"https:\/\/cuernavaca.gob.mx\/wp-content\/uploads\/2023\/04\/presupuesto-cuernavaca-2023-4-1024x683.jpeg 1024w, https:\/\/cuernavaca.gob.mx\/wp-content\/uploads\/2023\/04\/presupuesto-cuernavaca-2023-4-300x200.jpeg 300w, https:\/\/cuernavaca.gob.mx\/wp-content\/uploads\/2023\/04\/presupuesto-cuernavaca-2023-4-768x512.jpeg 768w, https:\/\/cuernavaca.gob.mx\/wp-content\/uploads\/2023\/04\/presupuesto-cuernavaca-2023-4-1536x1024.jpeg 1536w, https:\/\/cuernavaca.gob.mx\/wp-content\/uploads\/2023\/04\/presupuesto-cuernavaca-2023-4-600x400.jpeg 600w, https:\/\/cuernavaca.gob.mx\/wp-content\/uploads\/2023\/04\/presupuesto-cuernavaca-2023-4-560x373.jpeg 560w, https:\/\/cuernavaca.gob.mx\/wp-content\/uploads\/2023\/04\/presupuesto-cuernavaca-2023-4.jpeg 1599w\" sizes=\"(max-width: 1024px) 100vw, 1024px\" \/><\/figure>\n<\/figure>\n","protected":false},"excerpt":{"rendered":"<p>* Integrantes del Cabildo de Cuernavaca aprobaron la modificaci\u00f3n al Presupuesto de Egresos por un monto de 357 millones 452 mil 930 pesos, quedando en un total de mil 987 millones 132 mil 741 pesos * El tesorero municipal, Javier Arozarena, indic\u00f3 que la propuesta tiene su origen en las ampliaciones presupuestales publicadas en el [&hellip;]<\/p>\n","protected":false},"author":1,"featured_media":27386,"comment_status":"closed","ping_status":"open","sticky":false,"template":"","format":"standard","meta":[],"categories":[20],"tags":[158,121,120,206,2096,2883],"aioseo_notices":[],"_links":{"self":[{"href":"https:\/\/cuernavaca.gob.mx\/index.php?rest_route=\/wp\/v2\/posts\/27385"}],"collection":[{"href":"https:\/\/cuernavaca.gob.mx\/index.php?rest_route=\/wp\/v2\/posts"}],"about":[{"href":"https:\/\/cuernavaca.gob.mx\/index.php?rest_route=\/wp\/v2\/types\/post"}],"author":[{"embeddable":true,"href":"https:\/\/cuernavaca.gob.mx\/index.php?rest_route=\/wp\/v2\/users\/1"}],"replies":[{"embeddable":true,"href":"https:\/\/cuernavaca.gob.mx\/index.php?rest_route=%2Fwp%2Fv2%2Fcomments&post=27385"}],"version-history":[{"count":2,"href":"https:\/\/cuernavaca.gob.mx\/index.php?rest_route=\/wp\/v2\/posts\/27385\/revisions"}],"predecessor-version":[{"id":27399,"href":"https:\/\/cuernavaca.gob.mx\/index.php?rest_route=\/wp\/v2\/posts\/27385\/revisions\/27399"}],"wp:featuredmedia":[{"embeddable":true,"href":"https:\/\/cuernavaca.gob.mx\/index.php?rest_route=\/wp\/v2\/media\/27386"}],"wp:attachment":[{"href":"https:\/\/cuernavaca.gob.mx\/index.php?rest_route=%2Fwp%2Fv2%2Fmedia&parent=27385"}],"wp:term":[{"taxonomy":"category","embeddable":true,"href":"https:\/\/cuernavaca.gob.mx\/index.php?rest_route=%2Fwp%2Fv2%2Fcategories&post=27385"},{"taxonomy":"post_tag","embeddable":true,"href":"https:\/\/cuernavaca.gob.mx\/index.php?rest_route=%2Fwp%2Fv2%2Ftags&post=27385"}],"curies":[{"name":"wp","href":"https:\/\/api.w.org\/{rel}","templated":true}]}}