{"id":27426,"date":"2023-04-17T17:15:00","date_gmt":"2023-04-17T23:15:00","guid":{"rendered":"https:\/\/cuernavaca.gob.mx\/?p=27426"},"modified":"2025-05-06T12:36:15","modified_gmt":"2025-05-06T18:36:15","slug":"f407-17-04-23-asiste-jose-luis-uriostegui-a-la-sesion-solemne-para-conmemorar-el-154-aniversario-de-la-creacion-del-estado-de-morelos","status":"publish","type":"post","link":"https:\/\/cuernavaca.gob.mx\/?p=27426","title":{"rendered":"F407 17\/04\/23 ASISTE JOS\u00c9 LUIS URI\u00d3STEGUI A LA SESI\u00d3N SOLEMNE PARA CONMEMORAR EL 154 ANIVERSARIO DE LA CREACI\u00d3N DEL ESTADO DE MORELOS"},"content":{"rendered":"\n<p>Con motivo de la celebraci\u00f3n del 154 Aniversario de la Creaci\u00f3n del Estado Libre y Soberano de Morelos, el presidente municipal de Cuernavaca, Jos\u00e9 Luis Uri\u00f3stegui Salgado, acudi\u00f3 a la Sesi\u00f3n Solemne convocada por el Congreso del Estado, en la que se hizo entrega de la Medalla de Honor a destacados morelenses que en diferentes disciplinas y actividades han aportado al desarrollo y a la construcci\u00f3n de una mejor sociedad.<\/p>\n\n\n\n<p>El alcalde de Cuernavaca agradeci\u00f3 la invitaci\u00f3n del presidente de la Mesa Directiva Francisco Erik S\u00e1nchez Zavala y los integrantes de la LV Legislatura para ser parte de esta celebraci\u00f3n para el Estado de Morelos y ser testigo de la entrega de un reconocimiento y medalla de plata para la Dra. Esperanza Mart\u00ednez Romero, en la categor\u00eda de Ciencia; a Israel Mendoza Morales, en la categor\u00eda del Deporte; en cultura a la Fundaci\u00f3n Instituci\u00f3n Palmira, galard\u00f3n que recibi\u00f3 su directora Rosa Elena Hern\u00e1ndez Meraz y al Doctor Jos\u00e9 Mario Ordo\u00f1ez Palacios, en la categor\u00eda de Tecnolog\u00eda.<\/p>\n\n\n\n<p>Jos\u00e9 Luis Uri\u00f3stegui, record\u00f3 que el Estado de Morelos se crea a partir del decreto firmado por el Presidente de la Rep\u00fablica, Benito Ju\u00e1rez Garc\u00eda, el 17 de abril de 1869, integrado en ese entonces por los distritos de Cuernavaca, Cuautla, Jonacatepec, Tetecala y Yautepec, siendo el primer gobernador provisional el General Pedro Baranda.<\/p>\n\n\n\n<figure class=\"wp-container-2 wp-block-gallery-1 wp-block-gallery has-nested-images columns-default is-cropped\">\n<figure class=\"wp-block-image size-large\"><img loading=\"lazy\" width=\"1024\" height=\"682\" data-id=\"27427\"  src=\"https:\/\/cuernavaca.gob.mx\/wp-content\/uploads\/2023\/04\/aniversario-creacion-morelos-1-1024x682.jpg\" alt=\"\" class=\"wp-image-27427\" srcset=\"https:\/\/cuernavaca.gob.mx\/wp-content\/uploads\/2023\/04\/aniversario-creacion-morelos-1-1024x682.jpg 1024w, https:\/\/cuernavaca.gob.mx\/wp-content\/uploads\/2023\/04\/aniversario-creacion-morelos-1-300x200.jpg 300w, https:\/\/cuernavaca.gob.mx\/wp-content\/uploads\/2023\/04\/aniversario-creacion-morelos-1-768x512.jpg 768w, https:\/\/cuernavaca.gob.mx\/wp-content\/uploads\/2023\/04\/aniversario-creacion-morelos-1-1536x1023.jpg 1536w, https:\/\/cuernavaca.gob.mx\/wp-content\/uploads\/2023\/04\/aniversario-creacion-morelos-1-600x400.jpg 600w, https:\/\/cuernavaca.gob.mx\/wp-content\/uploads\/2023\/04\/aniversario-creacion-morelos-1-560x373.jpg 560w, https:\/\/cuernavaca.gob.mx\/wp-content\/uploads\/2023\/04\/aniversario-creacion-morelos-1.jpg 1600w\" sizes=\"(max-width: 1024px) 100vw, 1024px\" \/><\/figure>\n\n\n\n<figure class=\"wp-block-image size-large\"><img loading=\"lazy\" width=\"1024\" height=\"682\" data-id=\"27431\"  src=\"https:\/\/cuernavaca.gob.mx\/wp-content\/uploads\/2023\/04\/aniversario-creacion-morelos-2-1024x682.jpg\" alt=\"\" class=\"wp-image-27431\" srcset=\"https:\/\/cuernavaca.gob.mx\/wp-content\/uploads\/2023\/04\/aniversario-creacion-morelos-2-1024x682.jpg 1024w, https:\/\/cuernavaca.gob.mx\/wp-content\/uploads\/2023\/04\/aniversario-creacion-morelos-2-300x200.jpg 300w, https:\/\/cuernavaca.gob.mx\/wp-content\/uploads\/2023\/04\/aniversario-creacion-morelos-2-768x512.jpg 768w, https:\/\/cuernavaca.gob.mx\/wp-content\/uploads\/2023\/04\/aniversario-creacion-morelos-2-1536x1023.jpg 1536w, https:\/\/cuernavaca.gob.mx\/wp-content\/uploads\/2023\/04\/aniversario-creacion-morelos-2-600x400.jpg 600w, https:\/\/cuernavaca.gob.mx\/wp-content\/uploads\/2023\/04\/aniversario-creacion-morelos-2-560x373.jpg 560w, https:\/\/cuernavaca.gob.mx\/wp-content\/uploads\/2023\/04\/aniversario-creacion-morelos-2.jpg 1600w\" sizes=\"(max-width: 1024px) 100vw, 1024px\" \/><\/figure>\n\n\n\n<figure class=\"wp-block-image size-large\"><img loading=\"lazy\" width=\"1024\" height=\"682\" data-id=\"27428\"  src=\"https:\/\/cuernavaca.gob.mx\/wp-content\/uploads\/2023\/04\/aniversario-creacion-morelos-3-1024x682.jpg\" alt=\"\" class=\"wp-image-27428\" srcset=\"https:\/\/cuernavaca.gob.mx\/wp-content\/uploads\/2023\/04\/aniversario-creacion-morelos-3-1024x682.jpg 1024w, https:\/\/cuernavaca.gob.mx\/wp-content\/uploads\/2023\/04\/aniversario-creacion-morelos-3-300x200.jpg 300w, https:\/\/cuernavaca.gob.mx\/wp-content\/uploads\/2023\/04\/aniversario-creacion-morelos-3-768x512.jpg 768w, https:\/\/cuernavaca.gob.mx\/wp-content\/uploads\/2023\/04\/aniversario-creacion-morelos-3-1536x1023.jpg 1536w, https:\/\/cuernavaca.gob.mx\/wp-content\/uploads\/2023\/04\/aniversario-creacion-morelos-3-600x400.jpg 600w, https:\/\/cuernavaca.gob.mx\/wp-content\/uploads\/2023\/04\/aniversario-creacion-morelos-3-560x373.jpg 560w, https:\/\/cuernavaca.gob.mx\/wp-content\/uploads\/2023\/04\/aniversario-creacion-morelos-3.jpg 1600w\" sizes=\"(max-width: 1024px) 100vw, 1024px\" \/><\/figure>\n\n\n\n<figure class=\"wp-block-image size-large\"><img loading=\"lazy\" width=\"1024\" height=\"682\" data-id=\"27430\"  src=\"https:\/\/cuernavaca.gob.mx\/wp-content\/uploads\/2023\/04\/aniversario-creacion-morelos-4-1024x682.jpg\" alt=\"\" class=\"wp-image-27430\" srcset=\"https:\/\/cuernavaca.gob.mx\/wp-content\/uploads\/2023\/04\/aniversario-creacion-morelos-4-1024x682.jpg 1024w, https:\/\/cuernavaca.gob.mx\/wp-content\/uploads\/2023\/04\/aniversario-creacion-morelos-4-300x200.jpg 300w, https:\/\/cuernavaca.gob.mx\/wp-content\/uploads\/2023\/04\/aniversario-creacion-morelos-4-768x512.jpg 768w, https:\/\/cuernavaca.gob.mx\/wp-content\/uploads\/2023\/04\/aniversario-creacion-morelos-4-1536x1023.jpg 1536w, https:\/\/cuernavaca.gob.mx\/wp-content\/uploads\/2023\/04\/aniversario-creacion-morelos-4-600x400.jpg 600w, https:\/\/cuernavaca.gob.mx\/wp-content\/uploads\/2023\/04\/aniversario-creacion-morelos-4-560x373.jpg 560w, https:\/\/cuernavaca.gob.mx\/wp-content\/uploads\/2023\/04\/aniversario-creacion-morelos-4.jpg 1600w\" sizes=\"(max-width: 1024px) 100vw, 1024px\" \/><\/figure>\n\n\n\n<figure class=\"wp-block-image size-large\"><img loading=\"lazy\" width=\"1024\" height=\"682\" data-id=\"27429\"  src=\"https:\/\/cuernavaca.gob.mx\/wp-content\/uploads\/2023\/04\/aniversario-creacion-morelos-5-1024x682.jpg\" alt=\"\" class=\"wp-image-27429\" srcset=\"https:\/\/cuernavaca.gob.mx\/wp-content\/uploads\/2023\/04\/aniversario-creacion-morelos-5-1024x682.jpg 1024w, https:\/\/cuernavaca.gob.mx\/wp-content\/uploads\/2023\/04\/aniversario-creacion-morelos-5-300x200.jpg 300w, https:\/\/cuernavaca.gob.mx\/wp-content\/uploads\/2023\/04\/aniversario-creacion-morelos-5-768x512.jpg 768w, https:\/\/cuernavaca.gob.mx\/wp-content\/uploads\/2023\/04\/aniversario-creacion-morelos-5-1536x1023.jpg 1536w, https:\/\/cuernavaca.gob.mx\/wp-content\/uploads\/2023\/04\/aniversario-creacion-morelos-5-600x400.jpg 600w, https:\/\/cuernavaca.gob.mx\/wp-content\/uploads\/2023\/04\/aniversario-creacion-morelos-5-560x373.jpg 560w, https:\/\/cuernavaca.gob.mx\/wp-content\/uploads\/2023\/04\/aniversario-creacion-morelos-5.jpg 1600w\" sizes=\"(max-width: 1024px) 100vw, 1024px\" \/><\/figure>\n<\/figure>\n","protected":false},"excerpt":{"rendered":"<p>Con motivo de la celebraci\u00f3n del 154 Aniversario de la Creaci\u00f3n del Estado Libre y Soberano de Morelos, el presidente municipal de Cuernavaca, Jos\u00e9 Luis Uri\u00f3stegui Salgado, acudi\u00f3 a la Sesi\u00f3n Solemne convocada por el Congreso del Estado, en la que se hizo entrega de la Medalla de Honor a destacados morelenses que en diferentes [&hellip;]<\/p>\n","protected":false},"author":1,"featured_media":27428,"comment_status":"closed","ping_status":"open","sticky":false,"template":"","format":"standard","meta":[],"categories":[20],"tags":[1568,878,121,120,206],"aioseo_notices":[],"_links":{"self":[{"href":"https:\/\/cuernavaca.gob.mx\/index.php?rest_route=\/wp\/v2\/posts\/27426"}],"collection":[{"href":"https:\/\/cuernavaca.gob.mx\/index.php?rest_route=\/wp\/v2\/posts"}],"about":[{"href":"https:\/\/cuernavaca.gob.mx\/index.php?rest_route=\/wp\/v2\/types\/post"}],"author":[{"embeddable":true,"href":"https:\/\/cuernavaca.gob.mx\/index.php?rest_route=\/wp\/v2\/users\/1"}],"replies":[{"embeddable":true,"href":"https:\/\/cuernavaca.gob.mx\/index.php?rest_route=%2Fwp%2Fv2%2Fcomments&post=27426"}],"version-history":[{"count":1,"href":"https:\/\/cuernavaca.gob.mx\/index.php?rest_route=\/wp\/v2\/posts\/27426\/revisions"}],"predecessor-version":[{"id":27432,"href":"https:\/\/cuernavaca.gob.mx\/index.php?rest_route=\/wp\/v2\/posts\/27426\/revisions\/27432"}],"wp:featuredmedia":[{"embeddable":true,"href":"https:\/\/cuernavaca.gob.mx\/index.php?rest_route=\/wp\/v2\/media\/27428"}],"wp:attachment":[{"href":"https:\/\/cuernavaca.gob.mx\/index.php?rest_route=%2Fwp%2Fv2%2Fmedia&parent=27426"}],"wp:term":[{"taxonomy":"category","embeddable":true,"href":"https:\/\/cuernavaca.gob.mx\/index.php?rest_route=%2Fwp%2Fv2%2Fcategories&post=27426"},{"taxonomy":"post_tag","embeddable":true,"href":"https:\/\/cuernavaca.gob.mx\/index.php?rest_route=%2Fwp%2Fv2%2Ftags&post=27426"}],"curies":[{"name":"wp","href":"https:\/\/api.w.org\/{rel}","templated":true}]}}