{"id":27434,"date":"2023-04-17T18:15:00","date_gmt":"2023-04-18T00:15:00","guid":{"rendered":"https:\/\/cuernavaca.gob.mx\/?p=27434"},"modified":"2025-05-06T12:36:15","modified_gmt":"2025-05-06T18:36:15","slug":"b919-17-04-23-recibe-cuernavaca-mas-de-90-mdp-del-fais-que-este-2023-seran-destinados-para-obras-en-zonas-de-atencion-prioritaria","status":"publish","type":"post","link":"https:\/\/cuernavaca.gob.mx\/?p=27434","title":{"rendered":"B919 17\/04\/23 RECIBE CUERNAVACA M\u00c1S DE 90 MDP DEL FAIS QUE ESTE 2023 SER\u00c1N DESTINADOS PARA OBRAS EN ZONAS DE ATENCI\u00d3N PRIORITARIA"},"content":{"rendered":"\n<p><strong>\u2022 Jos\u00e9 Luis Uri\u00f3stegui asisti\u00f3 a la entrega de estos fondos federales que encabez\u00f3 la secretaria de Bienestar del Gobierno de M\u00e9xico, Ariadna Montiel y el gobernador Cuauht\u00e9moc Blanco<\/strong><\/p>\n\n\n\n<p><strong>\u2022 En la ciudad capital de aplicaran estos recursos en obras de la red de alcantarillado, rehabilitaci\u00f3n de drenajes y alumbrado p\u00fablico entre otras<\/strong><\/p>\n\n\n\n<p>Este lunes la ciudad de Cuernavaca al igual que los otros 35 municipios que conforman el estado de Morelos, recibi\u00f3 de manera simb\u00f3lica los recursos provenientes del Fondo de Aportaciones para la Infraestructura Social (FAIS), que la Secretar\u00eda del Bienestar del Gobierno Federal destina para que se lleven a cabo obras de agua potable, drenaje, alcantarillado, urbanizaci\u00f3n y en algunos casos para electrificaci\u00f3n, a fin de seguir avanzando en las acciones enfocadas a la erradicaci\u00f3n de la pobreza en zonas denominadas de atenci\u00f3n prioritaria.<\/p>\n\n\n\n<p>El presidente municipal Jos\u00e9 Luis Uri\u00f3stegui Salgado, destac\u00f3 la importancia de estos recursos que para el ejercicio fiscal 2023, representan para Cuernavaca m\u00e1s de 90 millones de pesos (mdp) para obras y proyectos que a trav\u00e9s del Comit\u00e9 de Planeaci\u00f3n para el Desarrollo Municipal (COPLADEMUN) se registraron, revisaron y validaron por el Cabildo para su ejecuci\u00f3n en los meses pr\u00f3ximos.<\/p>\n\n\n\n<p>Coincidi\u00f3 con la Secretaria de Bienestar del Gobierno de M\u00e9xico, Ariadna Montiel Reyes, de que estos fondos fortalecen los presupuestos de los municipios para responder a las necesidades elementales de sectores marginados, tal y como tambi\u00e9n lo refiri\u00f3 en su exposici\u00f3n la Directora General de Desarrollo Regional de la Secretar\u00eda de Bienestar, Cecilia Fern\u00e1ndez Garelli, al explicar que el FAIS es uno de los ocho fondos del Ramo 33 para la atenci\u00f3n de carencias sociales.<\/p>\n\n\n\n<p>Jos\u00e9 Luis Uri\u00f3stegui dijo que, en este trabajo de coordinaci\u00f3n institucional es importante destacar las gestiones que el gobernador Cuauht\u00e9moc Blanco Bravo que en conjunto con los Ayuntamientos se realizan, obteniendo resultados positivos en beneficio de los habitantes en este caso de la capital del estado de Morelos, reiterando su compromiso de ejercer los recursos recibidos en total transparencia y rendici\u00f3n de cuentas, como se establece en sus lineamientos el Fondo de Aportaciones para la Infraestructura Social.<\/p>\n\n\n\n<p>Resalt\u00f3 que los m\u00e1s de 90 millones de pesos que se recibir\u00e1n del FAIS, en Cuernavaca significan un fortalecimiento a los recursos considerados en espec\u00edfico para concretar obras contempladas en el Programa Anual 2023 que aprob\u00f3 el Cabildo, y que est\u00e1n relacionadas a la red de alcantarillado, rehabilitaci\u00f3n de drenajes y alumbrado p\u00fablico para diferentes colonias y poblados del municipio.<\/p>\n\n\n\n<figure class=\"wp-container-2 wp-block-gallery-1 wp-block-gallery has-nested-images columns-default is-cropped\">\n<figure class=\"wp-block-image size-large\"><img loading=\"lazy\" width=\"1024\" height=\"682\" data-id=\"27435\"  src=\"https:\/\/cuernavaca.gob.mx\/wp-content\/uploads\/2023\/04\/Recursos-FAIS-Cuernavaca-2023-1-1024x682.jpg\" alt=\"\" class=\"wp-image-27435\" srcset=\"https:\/\/cuernavaca.gob.mx\/wp-content\/uploads\/2023\/04\/Recursos-FAIS-Cuernavaca-2023-1-1024x682.jpg 1024w, https:\/\/cuernavaca.gob.mx\/wp-content\/uploads\/2023\/04\/Recursos-FAIS-Cuernavaca-2023-1-300x200.jpg 300w, https:\/\/cuernavaca.gob.mx\/wp-content\/uploads\/2023\/04\/Recursos-FAIS-Cuernavaca-2023-1-768x512.jpg 768w, https:\/\/cuernavaca.gob.mx\/wp-content\/uploads\/2023\/04\/Recursos-FAIS-Cuernavaca-2023-1-1536x1023.jpg 1536w, https:\/\/cuernavaca.gob.mx\/wp-content\/uploads\/2023\/04\/Recursos-FAIS-Cuernavaca-2023-1-600x400.jpg 600w, https:\/\/cuernavaca.gob.mx\/wp-content\/uploads\/2023\/04\/Recursos-FAIS-Cuernavaca-2023-1-560x373.jpg 560w, https:\/\/cuernavaca.gob.mx\/wp-content\/uploads\/2023\/04\/Recursos-FAIS-Cuernavaca-2023-1.jpg 1600w\" sizes=\"(max-width: 1024px) 100vw, 1024px\" \/><\/figure>\n\n\n\n<figure class=\"wp-block-image size-large\"><img loading=\"lazy\" width=\"1024\" height=\"682\" data-id=\"27440\"  src=\"https:\/\/cuernavaca.gob.mx\/wp-content\/uploads\/2023\/04\/Recursos-FAIS-Cuernavaca-2023-2-1024x682.jpg\" alt=\"\" class=\"wp-image-27440\" srcset=\"https:\/\/cuernavaca.gob.mx\/wp-content\/uploads\/2023\/04\/Recursos-FAIS-Cuernavaca-2023-2-1024x682.jpg 1024w, https:\/\/cuernavaca.gob.mx\/wp-content\/uploads\/2023\/04\/Recursos-FAIS-Cuernavaca-2023-2-300x200.jpg 300w, https:\/\/cuernavaca.gob.mx\/wp-content\/uploads\/2023\/04\/Recursos-FAIS-Cuernavaca-2023-2-768x512.jpg 768w, https:\/\/cuernavaca.gob.mx\/wp-content\/uploads\/2023\/04\/Recursos-FAIS-Cuernavaca-2023-2-1536x1023.jpg 1536w, https:\/\/cuernavaca.gob.mx\/wp-content\/uploads\/2023\/04\/Recursos-FAIS-Cuernavaca-2023-2-600x400.jpg 600w, https:\/\/cuernavaca.gob.mx\/wp-content\/uploads\/2023\/04\/Recursos-FAIS-Cuernavaca-2023-2-560x373.jpg 560w, https:\/\/cuernavaca.gob.mx\/wp-content\/uploads\/2023\/04\/Recursos-FAIS-Cuernavaca-2023-2.jpg 1600w\" sizes=\"(max-width: 1024px) 100vw, 1024px\" \/><\/figure>\n\n\n\n<figure class=\"wp-block-image size-large\"><img loading=\"lazy\" width=\"1024\" height=\"682\" data-id=\"27436\"  src=\"https:\/\/cuernavaca.gob.mx\/wp-content\/uploads\/2023\/04\/Recursos-FAIS-Cuernavaca-2023-3-1024x682.jpg\" alt=\"\" class=\"wp-image-27436\" srcset=\"https:\/\/cuernavaca.gob.mx\/wp-content\/uploads\/2023\/04\/Recursos-FAIS-Cuernavaca-2023-3-1024x682.jpg 1024w, https:\/\/cuernavaca.gob.mx\/wp-content\/uploads\/2023\/04\/Recursos-FAIS-Cuernavaca-2023-3-300x200.jpg 300w, https:\/\/cuernavaca.gob.mx\/wp-content\/uploads\/2023\/04\/Recursos-FAIS-Cuernavaca-2023-3-768x512.jpg 768w, https:\/\/cuernavaca.gob.mx\/wp-content\/uploads\/2023\/04\/Recursos-FAIS-Cuernavaca-2023-3-1536x1023.jpg 1536w, https:\/\/cuernavaca.gob.mx\/wp-content\/uploads\/2023\/04\/Recursos-FAIS-Cuernavaca-2023-3-600x400.jpg 600w, https:\/\/cuernavaca.gob.mx\/wp-content\/uploads\/2023\/04\/Recursos-FAIS-Cuernavaca-2023-3-560x373.jpg 560w, https:\/\/cuernavaca.gob.mx\/wp-content\/uploads\/2023\/04\/Recursos-FAIS-Cuernavaca-2023-3.jpg 1600w\" sizes=\"(max-width: 1024px) 100vw, 1024px\" \/><\/figure>\n\n\n\n<figure class=\"wp-block-image size-large\"><img loading=\"lazy\" width=\"1024\" height=\"682\" data-id=\"27437\"  src=\"https:\/\/cuernavaca.gob.mx\/wp-content\/uploads\/2023\/04\/Recursos-FAIS-Cuernavaca-2023-4-1024x682.jpg\" alt=\"\" class=\"wp-image-27437\" srcset=\"https:\/\/cuernavaca.gob.mx\/wp-content\/uploads\/2023\/04\/Recursos-FAIS-Cuernavaca-2023-4-1024x682.jpg 1024w, https:\/\/cuernavaca.gob.mx\/wp-content\/uploads\/2023\/04\/Recursos-FAIS-Cuernavaca-2023-4-300x200.jpg 300w, https:\/\/cuernavaca.gob.mx\/wp-content\/uploads\/2023\/04\/Recursos-FAIS-Cuernavaca-2023-4-768x512.jpg 768w, https:\/\/cuernavaca.gob.mx\/wp-content\/uploads\/2023\/04\/Recursos-FAIS-Cuernavaca-2023-4-1536x1023.jpg 1536w, https:\/\/cuernavaca.gob.mx\/wp-content\/uploads\/2023\/04\/Recursos-FAIS-Cuernavaca-2023-4-600x400.jpg 600w, https:\/\/cuernavaca.gob.mx\/wp-content\/uploads\/2023\/04\/Recursos-FAIS-Cuernavaca-2023-4-560x373.jpg 560w, https:\/\/cuernavaca.gob.mx\/wp-content\/uploads\/2023\/04\/Recursos-FAIS-Cuernavaca-2023-4.jpg 1600w\" sizes=\"(max-width: 1024px) 100vw, 1024px\" \/><\/figure>\n\n\n\n<figure class=\"wp-block-image size-large\"><img loading=\"lazy\" width=\"1024\" height=\"682\" data-id=\"27439\"  src=\"https:\/\/cuernavaca.gob.mx\/wp-content\/uploads\/2023\/04\/Recursos-FAIS-Cuernavaca-2023-5-1024x682.jpg\" alt=\"\" class=\"wp-image-27439\" srcset=\"https:\/\/cuernavaca.gob.mx\/wp-content\/uploads\/2023\/04\/Recursos-FAIS-Cuernavaca-2023-5-1024x682.jpg 1024w, https:\/\/cuernavaca.gob.mx\/wp-content\/uploads\/2023\/04\/Recursos-FAIS-Cuernavaca-2023-5-300x200.jpg 300w, https:\/\/cuernavaca.gob.mx\/wp-content\/uploads\/2023\/04\/Recursos-FAIS-Cuernavaca-2023-5-768x512.jpg 768w, https:\/\/cuernavaca.gob.mx\/wp-content\/uploads\/2023\/04\/Recursos-FAIS-Cuernavaca-2023-5-1536x1023.jpg 1536w, https:\/\/cuernavaca.gob.mx\/wp-content\/uploads\/2023\/04\/Recursos-FAIS-Cuernavaca-2023-5-600x400.jpg 600w, https:\/\/cuernavaca.gob.mx\/wp-content\/uploads\/2023\/04\/Recursos-FAIS-Cuernavaca-2023-5-560x373.jpg 560w, https:\/\/cuernavaca.gob.mx\/wp-content\/uploads\/2023\/04\/Recursos-FAIS-Cuernavaca-2023-5.jpg 1600w\" sizes=\"(max-width: 1024px) 100vw, 1024px\" \/><\/figure>\n\n\n\n<figure class=\"wp-block-image size-large\"><img loading=\"lazy\" width=\"1024\" height=\"682\" data-id=\"27438\"  src=\"https:\/\/cuernavaca.gob.mx\/wp-content\/uploads\/2023\/04\/Recursos-FAIS-Cuernavaca-2023-6-1024x682.jpg\" alt=\"\" class=\"wp-image-27438\" srcset=\"https:\/\/cuernavaca.gob.mx\/wp-content\/uploads\/2023\/04\/Recursos-FAIS-Cuernavaca-2023-6-1024x682.jpg 1024w, https:\/\/cuernavaca.gob.mx\/wp-content\/uploads\/2023\/04\/Recursos-FAIS-Cuernavaca-2023-6-300x200.jpg 300w, https:\/\/cuernavaca.gob.mx\/wp-content\/uploads\/2023\/04\/Recursos-FAIS-Cuernavaca-2023-6-768x512.jpg 768w, https:\/\/cuernavaca.gob.mx\/wp-content\/uploads\/2023\/04\/Recursos-FAIS-Cuernavaca-2023-6-1536x1023.jpg 1536w, https:\/\/cuernavaca.gob.mx\/wp-content\/uploads\/2023\/04\/Recursos-FAIS-Cuernavaca-2023-6-600x400.jpg 600w, https:\/\/cuernavaca.gob.mx\/wp-content\/uploads\/2023\/04\/Recursos-FAIS-Cuernavaca-2023-6-560x373.jpg 560w, https:\/\/cuernavaca.gob.mx\/wp-content\/uploads\/2023\/04\/Recursos-FAIS-Cuernavaca-2023-6.jpg 1600w\" sizes=\"(max-width: 1024px) 100vw, 1024px\" \/><\/figure>\n<\/figure>\n","protected":false},"excerpt":{"rendered":"<p>\u2022 Jos\u00e9 Luis Uri\u00f3stegui asisti\u00f3 a la entrega de estos fondos federales que encabez\u00f3 la secretaria de Bienestar del Gobierno de M\u00e9xico, Ariadna Montiel y el gobernador Cuauht\u00e9moc Blanco \u2022 En la ciudad capital de aplicaran estos recursos en obras de la red de alcantarillado, rehabilitaci\u00f3n de drenajes y alumbrado p\u00fablico entre otras Este lunes [&hellip;]<\/p>\n","protected":false},"author":1,"featured_media":27436,"comment_status":"closed","ping_status":"open","sticky":false,"template":"","format":"standard","meta":[],"categories":[20],"tags":[121,459,120,206,356,232,1392],"aioseo_notices":[],"_links":{"self":[{"href":"https:\/\/cuernavaca.gob.mx\/index.php?rest_route=\/wp\/v2\/posts\/27434"}],"collection":[{"href":"https:\/\/cuernavaca.gob.mx\/index.php?rest_route=\/wp\/v2\/posts"}],"about":[{"href":"https:\/\/cuernavaca.gob.mx\/index.php?rest_route=\/wp\/v2\/types\/post"}],"author":[{"embeddable":true,"href":"https:\/\/cuernavaca.gob.mx\/index.php?rest_route=\/wp\/v2\/users\/1"}],"replies":[{"embeddable":true,"href":"https:\/\/cuernavaca.gob.mx\/index.php?rest_route=%2Fwp%2Fv2%2Fcomments&post=27434"}],"version-history":[{"count":1,"href":"https:\/\/cuernavaca.gob.mx\/index.php?rest_route=\/wp\/v2\/posts\/27434\/revisions"}],"predecessor-version":[{"id":27441,"href":"https:\/\/cuernavaca.gob.mx\/index.php?rest_route=\/wp\/v2\/posts\/27434\/revisions\/27441"}],"wp:featuredmedia":[{"embeddable":true,"href":"https:\/\/cuernavaca.gob.mx\/index.php?rest_route=\/wp\/v2\/media\/27436"}],"wp:attachment":[{"href":"https:\/\/cuernavaca.gob.mx\/index.php?rest_route=%2Fwp%2Fv2%2Fmedia&parent=27434"}],"wp:term":[{"taxonomy":"category","embeddable":true,"href":"https:\/\/cuernavaca.gob.mx\/index.php?rest_route=%2Fwp%2Fv2%2Fcategories&post=27434"},{"taxonomy":"post_tag","embeddable":true,"href":"https:\/\/cuernavaca.gob.mx\/index.php?rest_route=%2Fwp%2Fv2%2Ftags&post=27434"}],"curies":[{"name":"wp","href":"https:\/\/api.w.org\/{rel}","templated":true}]}}