{"id":27442,"date":"2023-04-18T15:30:00","date_gmt":"2023-04-18T21:30:00","guid":{"rendered":"https:\/\/cuernavaca.gob.mx\/?p=27442"},"modified":"2025-05-06T12:36:14","modified_gmt":"2025-05-06T18:36:14","slug":"b920-18-04-23-exhorta-jose-luis-uriostegui-a-exigir-transparencia-en-todos-los-niveles-del-servicio-publico","status":"publish","type":"post","link":"https:\/\/cuernavaca.gob.mx\/?p=27442","title":{"rendered":"B920 18\/04\/23 EXHORTA JOS\u00c9 LUIS URI\u00d3STEGUI A EXIGIR TRANSPARENCIA EN TODOS LOS NIVELES DEL SERVICIO P\u00daBLICO"},"content":{"rendered":"\n<p><strong>\u2022 El presidente municipal de Cuernavaca particip\u00f3 en el 1er. Congreso de Transparencia 2023, \u201cLos retos de la transparencia, la autenticidad y rendici\u00f3n de cuentas del siglo XXI\u201d<\/strong><\/p>\n\n\n\n<p><strong>\u2022 Imparti\u00f3 la conferencia magistral sobre transparencia, destacando la relevancia de que los universitarios conozcan las acciones que efect\u00faan en el servicio p\u00fablico para construir una sociedad m\u00e1s equitativa, democr\u00e1tica y justa<\/strong><\/p>\n\n\n\n<p>\u201cLa transparencia hoy significa que las autoridades podemos incurrir en responsabilidades si no cumplimos con la norma jur\u00eddica, sino entregamos la informaci\u00f3n que se nos ha solicitado en la forma y el tiempo que la propia ley establece. La transparencia y rendici\u00f3n de cuentas generan democracia\u201d, expres\u00f3 el presidente municipal de Cuernavaca, Jos\u00e9 Luis Uri\u00f3stegui Salgado, al participar este martes en el 1er. Congreso de Transparencia 2023, \u201cLos retos de la transparencia, la autenticidad y rendici\u00f3n de cuentas del siglo XXI\u201d.<\/p>\n\n\n\n<p>Teniendo como escenario el patio del Museo de la Ciudad, el edil inaugur\u00f3 este evento organizado por la Universidad Loyola de Am\u00e9rica, donde manifestando su deseo de que los estudiantes presentes puedan llevarse nuevos conocimientos y nuevas formas de pensamiento con las 32 ponencias y seis conferencias magistrales que integran el congreso, aprendiendo a distinguir lo que son las responsabilidades de un servidor p\u00fablico en la protecci\u00f3n de datos personales y la rendici\u00f3n de cuentas que va ligada a la transparencia.<\/p>\n\n\n\n<p>\u201cSi no hay transparencia cualquier autoridad puede hacer lo que le venga en gana. Se pierde ese principio que ha establecido la Suprema Corte de Justicia de la Naci\u00f3n en el sentido de que la autoridad solo puede hacer lo que la ley le faculta, en tanto los particulares pueden hacer todo lo que la ley no les proh\u00edbe. Es una gran diferencia y el principio de la administraci\u00f3n p\u00fablica y el servicio p\u00fablico\u201d, asever\u00f3.<\/p>\n\n\n\n<p>Al dar las palabras de apertura, el rector de la Universidad Loyola de Am\u00e9rica, el Mtro. Carlos Hern\u00e1ndez, indic\u00f3 que con la convicci\u00f3n de que la gobernabilidad est\u00e1 sustentada en el ejercicio de la democracia y que la democracia se fortalece con la transparencia en el ejercicio de los recursos p\u00fablicos y la rendici\u00f3n de cuentas para el mejor desempe\u00f1o gubernamental es que se dieron a la tarea de conjuntar a destacadas personalidades acad\u00e9micas, cient\u00edficas y servidores p\u00fablicos para que en el marco de este congreso puedan discernir y compartir sus investigaciones y experiencias con todos los asistentes y as\u00ed contribuir a nuevos conocimientos del tema central que les ocupa y al funcionamiento pleno del Sistema Estatal Anticorrupci\u00f3n.<\/p>\n\n\n\n<p>El alcalde Jos\u00e9 Luis Uri\u00f3stegui abri\u00f3 el ciclo de conferencias magistrales bajo la tem\u00e1tica de transparencia, puntualizando que de acuerdo con el sistema jur\u00eddico la informaci\u00f3n es propiedad de la ciudadan\u00eda, no de las autoridades, por lo cual cuando la sociedad desea conocer algo que est\u00e1 haciendo la autoridad tienen derecho a pedirlo y la autoridad est\u00e1 obligada a informarles, salvo que exista una excepci\u00f3n debidamente fundada y justificada, emitida por un comit\u00e9 que haya hecho el an\u00e1lisis del impacto que esta informaci\u00f3n podr\u00eda tener.<\/p>\n\n\n\n<p>Frente al alumnado de la Universidad Loyola de Am\u00e9rica, mencion\u00f3 algunos ejemplos de transparencia en la administraci\u00f3n p\u00fablica municipal, como las obras p\u00fablicas que deben emanar de una necesidad planteada por la poblaci\u00f3n o reconocida por las autoridades, misma que si proviene de recursos federales debe apegarse a las reglas de operaci\u00f3n que les pone la Federaci\u00f3n, y su revisi\u00f3n est\u00e1 a cargo de la Auditor\u00eda Superior de la Federaci\u00f3n y para lo que se requiere primero aprobar el Programa Anual de Obras del a\u00f1o en curso, su licitaci\u00f3n y posterior, ejecuci\u00f3n.<\/p>\n\n\n\n<p>Precis\u00f3 que la transparencia garantiza que la poblaci\u00f3n sepa que lo que est\u00e1 haciendo la autoridad tiene una base de legalidad y, sobre todo, de \u00e9tica y honestidad en el servicio p\u00fablico, siendo fundamental que como estudiantes universitarios conozcan esta informaci\u00f3n que lograr\u00e1 construir una sociedad m\u00e1s equitativa, democr\u00e1tica y justa.<\/p>\n\n\n\n<p>En este primer d\u00eda del 1er. Congreso de Transparencia 2023 se cont\u00f3 con las conferencias magistrales a cargo del Mtro. Aquiles Romero Gonz\u00e1lez, secretario T\u00e9cnico del Comit\u00e9 Coordinador del Sistema Estatal Anticorrupci\u00f3n del Estado de Aguascalientes; el Dr. Marco Antonio Alvear S\u00e1nchez, comisionado presidente del Instituto Morelense de Informaci\u00f3n P\u00fablica y Estad\u00edstica (IMIPE); entre otros expertos.<\/p>\n\n\n\n<p>Al evento inaugural asistieron la contralora municipal de Cuernavaca, Dolores \u00c1lvarez D\u00edaz y la presidenta del Comit\u00e9 de Participaci\u00f3n Ciudadana del Sistema Anticorrupci\u00f3n del Estado de Morelos, la C.P. Mar\u00eda Juana Damiana Herrera Mota.<\/p>\n\n\n\n<figure class=\"wp-container-2 wp-block-gallery-1 wp-block-gallery has-nested-images columns-default is-cropped\">\n<figure class=\"wp-block-image size-large\"><img loading=\"lazy\" width=\"1024\" height=\"682\" data-id=\"27449\"  src=\"https:\/\/cuernavaca.gob.mx\/wp-content\/uploads\/2023\/04\/congreso-transparencia-cuernavaca-1-1024x682.jpg\" alt=\"\" class=\"wp-image-27449\" srcset=\"https:\/\/cuernavaca.gob.mx\/wp-content\/uploads\/2023\/04\/congreso-transparencia-cuernavaca-1-1024x682.jpg 1024w, https:\/\/cuernavaca.gob.mx\/wp-content\/uploads\/2023\/04\/congreso-transparencia-cuernavaca-1-300x200.jpg 300w, https:\/\/cuernavaca.gob.mx\/wp-content\/uploads\/2023\/04\/congreso-transparencia-cuernavaca-1-768x512.jpg 768w, https:\/\/cuernavaca.gob.mx\/wp-content\/uploads\/2023\/04\/congreso-transparencia-cuernavaca-1-1536x1023.jpg 1536w, https:\/\/cuernavaca.gob.mx\/wp-content\/uploads\/2023\/04\/congreso-transparencia-cuernavaca-1-600x400.jpg 600w, https:\/\/cuernavaca.gob.mx\/wp-content\/uploads\/2023\/04\/congreso-transparencia-cuernavaca-1-560x373.jpg 560w, https:\/\/cuernavaca.gob.mx\/wp-content\/uploads\/2023\/04\/congreso-transparencia-cuernavaca-1.jpg 1600w\" sizes=\"(max-width: 1024px) 100vw, 1024px\" \/><\/figure>\n\n\n\n<figure class=\"wp-block-image size-large\"><img loading=\"lazy\" width=\"1024\" height=\"682\" data-id=\"27443\"  src=\"https:\/\/cuernavaca.gob.mx\/wp-content\/uploads\/2023\/04\/congreso-transparencia-cuernavaca-2-1024x682.jpg\" alt=\"\" class=\"wp-image-27443\" srcset=\"https:\/\/cuernavaca.gob.mx\/wp-content\/uploads\/2023\/04\/congreso-transparencia-cuernavaca-2-1024x682.jpg 1024w, https:\/\/cuernavaca.gob.mx\/wp-content\/uploads\/2023\/04\/congreso-transparencia-cuernavaca-2-300x200.jpg 300w, https:\/\/cuernavaca.gob.mx\/wp-content\/uploads\/2023\/04\/congreso-transparencia-cuernavaca-2-768x512.jpg 768w, https:\/\/cuernavaca.gob.mx\/wp-content\/uploads\/2023\/04\/congreso-transparencia-cuernavaca-2-600x400.jpg 600w, https:\/\/cuernavaca.gob.mx\/wp-content\/uploads\/2023\/04\/congreso-transparencia-cuernavaca-2-560x373.jpg 560w, https:\/\/cuernavaca.gob.mx\/wp-content\/uploads\/2023\/04\/congreso-transparencia-cuernavaca-2.jpg 1280w\" sizes=\"(max-width: 1024px) 100vw, 1024px\" \/><\/figure>\n\n\n\n<figure class=\"wp-block-image size-large\"><img loading=\"lazy\" width=\"1024\" height=\"682\" data-id=\"27452\"  src=\"https:\/\/cuernavaca.gob.mx\/wp-content\/uploads\/2023\/04\/congreso-transparencia-cuernavaca-3-1024x682.jpg\" alt=\"\" class=\"wp-image-27452\" srcset=\"https:\/\/cuernavaca.gob.mx\/wp-content\/uploads\/2023\/04\/congreso-transparencia-cuernavaca-3-1024x682.jpg 1024w, https:\/\/cuernavaca.gob.mx\/wp-content\/uploads\/2023\/04\/congreso-transparencia-cuernavaca-3-300x200.jpg 300w, https:\/\/cuernavaca.gob.mx\/wp-content\/uploads\/2023\/04\/congreso-transparencia-cuernavaca-3-768x512.jpg 768w, https:\/\/cuernavaca.gob.mx\/wp-content\/uploads\/2023\/04\/congreso-transparencia-cuernavaca-3-1536x1023.jpg 1536w, https:\/\/cuernavaca.gob.mx\/wp-content\/uploads\/2023\/04\/congreso-transparencia-cuernavaca-3-600x400.jpg 600w, https:\/\/cuernavaca.gob.mx\/wp-content\/uploads\/2023\/04\/congreso-transparencia-cuernavaca-3-560x373.jpg 560w, https:\/\/cuernavaca.gob.mx\/wp-content\/uploads\/2023\/04\/congreso-transparencia-cuernavaca-3.jpg 1600w\" sizes=\"(max-width: 1024px) 100vw, 1024px\" \/><\/figure>\n\n\n\n<figure class=\"wp-block-image size-large\"><img loading=\"lazy\" width=\"1024\" height=\"682\" data-id=\"27448\"  src=\"https:\/\/cuernavaca.gob.mx\/wp-content\/uploads\/2023\/04\/congreso-transparencia-cuernavaca-4-1024x682.jpg\" alt=\"\" class=\"wp-image-27448\" srcset=\"https:\/\/cuernavaca.gob.mx\/wp-content\/uploads\/2023\/04\/congreso-transparencia-cuernavaca-4-1024x682.jpg 1024w, https:\/\/cuernavaca.gob.mx\/wp-content\/uploads\/2023\/04\/congreso-transparencia-cuernavaca-4-300x200.jpg 300w, https:\/\/cuernavaca.gob.mx\/wp-content\/uploads\/2023\/04\/congreso-transparencia-cuernavaca-4-768x512.jpg 768w, https:\/\/cuernavaca.gob.mx\/wp-content\/uploads\/2023\/04\/congreso-transparencia-cuernavaca-4-1536x1023.jpg 1536w, https:\/\/cuernavaca.gob.mx\/wp-content\/uploads\/2023\/04\/congreso-transparencia-cuernavaca-4-600x400.jpg 600w, https:\/\/cuernavaca.gob.mx\/wp-content\/uploads\/2023\/04\/congreso-transparencia-cuernavaca-4-560x373.jpg 560w, https:\/\/cuernavaca.gob.mx\/wp-content\/uploads\/2023\/04\/congreso-transparencia-cuernavaca-4.jpg 1600w\" sizes=\"(max-width: 1024px) 100vw, 1024px\" \/><\/figure>\n\n\n\n<figure class=\"wp-block-image size-large\"><img loading=\"lazy\" width=\"1024\" height=\"682\" data-id=\"27447\"  src=\"https:\/\/cuernavaca.gob.mx\/wp-content\/uploads\/2023\/04\/congreso-transparencia-cuernavaca-5-1024x682.jpg\" alt=\"\" class=\"wp-image-27447\" srcset=\"https:\/\/cuernavaca.gob.mx\/wp-content\/uploads\/2023\/04\/congreso-transparencia-cuernavaca-5-1024x682.jpg 1024w, https:\/\/cuernavaca.gob.mx\/wp-content\/uploads\/2023\/04\/congreso-transparencia-cuernavaca-5-300x200.jpg 300w, https:\/\/cuernavaca.gob.mx\/wp-content\/uploads\/2023\/04\/congreso-transparencia-cuernavaca-5-768x512.jpg 768w, https:\/\/cuernavaca.gob.mx\/wp-content\/uploads\/2023\/04\/congreso-transparencia-cuernavaca-5-1536x1023.jpg 1536w, https:\/\/cuernavaca.gob.mx\/wp-content\/uploads\/2023\/04\/congreso-transparencia-cuernavaca-5-600x400.jpg 600w, https:\/\/cuernavaca.gob.mx\/wp-content\/uploads\/2023\/04\/congreso-transparencia-cuernavaca-5-560x373.jpg 560w, https:\/\/cuernavaca.gob.mx\/wp-content\/uploads\/2023\/04\/congreso-transparencia-cuernavaca-5.jpg 1600w\" sizes=\"(max-width: 1024px) 100vw, 1024px\" \/><\/figure>\n\n\n\n<figure class=\"wp-block-image size-large\"><img loading=\"lazy\" width=\"1024\" height=\"682\" data-id=\"27445\"  src=\"https:\/\/cuernavaca.gob.mx\/wp-content\/uploads\/2023\/04\/congreso-transparencia-cuernavaca-6-1024x682.jpg\" alt=\"\" class=\"wp-image-27445\" srcset=\"https:\/\/cuernavaca.gob.mx\/wp-content\/uploads\/2023\/04\/congreso-transparencia-cuernavaca-6-1024x682.jpg 1024w, https:\/\/cuernavaca.gob.mx\/wp-content\/uploads\/2023\/04\/congreso-transparencia-cuernavaca-6-300x200.jpg 300w, https:\/\/cuernavaca.gob.mx\/wp-content\/uploads\/2023\/04\/congreso-transparencia-cuernavaca-6-768x512.jpg 768w, https:\/\/cuernavaca.gob.mx\/wp-content\/uploads\/2023\/04\/congreso-transparencia-cuernavaca-6-600x400.jpg 600w, https:\/\/cuernavaca.gob.mx\/wp-content\/uploads\/2023\/04\/congreso-transparencia-cuernavaca-6-560x373.jpg 560w, https:\/\/cuernavaca.gob.mx\/wp-content\/uploads\/2023\/04\/congreso-transparencia-cuernavaca-6.jpg 1280w\" sizes=\"(max-width: 1024px) 100vw, 1024px\" \/><\/figure>\n\n\n\n<figure class=\"wp-block-image size-large\"><img loading=\"lazy\" width=\"1024\" height=\"682\" data-id=\"27446\"  src=\"https:\/\/cuernavaca.gob.mx\/wp-content\/uploads\/2023\/04\/congreso-transparencia-cuernavaca-7-1024x682.jpg\" alt=\"\" class=\"wp-image-27446\" srcset=\"https:\/\/cuernavaca.gob.mx\/wp-content\/uploads\/2023\/04\/congreso-transparencia-cuernavaca-7-1024x682.jpg 1024w, https:\/\/cuernavaca.gob.mx\/wp-content\/uploads\/2023\/04\/congreso-transparencia-cuernavaca-7-300x200.jpg 300w, https:\/\/cuernavaca.gob.mx\/wp-content\/uploads\/2023\/04\/congreso-transparencia-cuernavaca-7-768x512.jpg 768w, https:\/\/cuernavaca.gob.mx\/wp-content\/uploads\/2023\/04\/congreso-transparencia-cuernavaca-7-600x400.jpg 600w, https:\/\/cuernavaca.gob.mx\/wp-content\/uploads\/2023\/04\/congreso-transparencia-cuernavaca-7-560x373.jpg 560w, https:\/\/cuernavaca.gob.mx\/wp-content\/uploads\/2023\/04\/congreso-transparencia-cuernavaca-7.jpg 1280w\" sizes=\"(max-width: 1024px) 100vw, 1024px\" \/><\/figure>\n\n\n\n<figure class=\"wp-block-image size-large\"><img loading=\"lazy\" width=\"1024\" height=\"682\" data-id=\"27450\"  src=\"https:\/\/cuernavaca.gob.mx\/wp-content\/uploads\/2023\/04\/congreso-transparencia-cuernavaca-8-1024x682.jpg\" alt=\"\" class=\"wp-image-27450\" srcset=\"https:\/\/cuernavaca.gob.mx\/wp-content\/uploads\/2023\/04\/congreso-transparencia-cuernavaca-8-1024x682.jpg 1024w, https:\/\/cuernavaca.gob.mx\/wp-content\/uploads\/2023\/04\/congreso-transparencia-cuernavaca-8-300x200.jpg 300w, https:\/\/cuernavaca.gob.mx\/wp-content\/uploads\/2023\/04\/congreso-transparencia-cuernavaca-8-768x512.jpg 768w, https:\/\/cuernavaca.gob.mx\/wp-content\/uploads\/2023\/04\/congreso-transparencia-cuernavaca-8-1536x1023.jpg 1536w, https:\/\/cuernavaca.gob.mx\/wp-content\/uploads\/2023\/04\/congreso-transparencia-cuernavaca-8-600x400.jpg 600w, https:\/\/cuernavaca.gob.mx\/wp-content\/uploads\/2023\/04\/congreso-transparencia-cuernavaca-8-560x373.jpg 560w, https:\/\/cuernavaca.gob.mx\/wp-content\/uploads\/2023\/04\/congreso-transparencia-cuernavaca-8.jpg 1600w\" sizes=\"(max-width: 1024px) 100vw, 1024px\" \/><\/figure>\n\n\n\n<figure class=\"wp-block-image size-large\"><img loading=\"lazy\" width=\"1024\" height=\"682\" data-id=\"27444\"  src=\"https:\/\/cuernavaca.gob.mx\/wp-content\/uploads\/2023\/04\/congreso-transparencia-cuernavaca-9-1024x682.jpg\" alt=\"\" class=\"wp-image-27444\" srcset=\"https:\/\/cuernavaca.gob.mx\/wp-content\/uploads\/2023\/04\/congreso-transparencia-cuernavaca-9-1024x682.jpg 1024w, https:\/\/cuernavaca.gob.mx\/wp-content\/uploads\/2023\/04\/congreso-transparencia-cuernavaca-9-300x200.jpg 300w, https:\/\/cuernavaca.gob.mx\/wp-content\/uploads\/2023\/04\/congreso-transparencia-cuernavaca-9-768x512.jpg 768w, https:\/\/cuernavaca.gob.mx\/wp-content\/uploads\/2023\/04\/congreso-transparencia-cuernavaca-9-600x400.jpg 600w, https:\/\/cuernavaca.gob.mx\/wp-content\/uploads\/2023\/04\/congreso-transparencia-cuernavaca-9-560x373.jpg 560w, https:\/\/cuernavaca.gob.mx\/wp-content\/uploads\/2023\/04\/congreso-transparencia-cuernavaca-9.jpg 1280w\" sizes=\"(max-width: 1024px) 100vw, 1024px\" \/><\/figure>\n\n\n\n<figure class=\"wp-block-image size-large\"><img loading=\"lazy\" width=\"1024\" height=\"682\" data-id=\"27451\"  src=\"https:\/\/cuernavaca.gob.mx\/wp-content\/uploads\/2023\/04\/congreso-transparencia-cuernavaca-10-1024x682.jpg\" alt=\"\" class=\"wp-image-27451\" srcset=\"https:\/\/cuernavaca.gob.mx\/wp-content\/uploads\/2023\/04\/congreso-transparencia-cuernavaca-10-1024x682.jpg 1024w, https:\/\/cuernavaca.gob.mx\/wp-content\/uploads\/2023\/04\/congreso-transparencia-cuernavaca-10-300x200.jpg 300w, https:\/\/cuernavaca.gob.mx\/wp-content\/uploads\/2023\/04\/congreso-transparencia-cuernavaca-10-768x512.jpg 768w, https:\/\/cuernavaca.gob.mx\/wp-content\/uploads\/2023\/04\/congreso-transparencia-cuernavaca-10-1536x1023.jpg 1536w, https:\/\/cuernavaca.gob.mx\/wp-content\/uploads\/2023\/04\/congreso-transparencia-cuernavaca-10-600x400.jpg 600w, https:\/\/cuernavaca.gob.mx\/wp-content\/uploads\/2023\/04\/congreso-transparencia-cuernavaca-10-560x373.jpg 560w, https:\/\/cuernavaca.gob.mx\/wp-content\/uploads\/2023\/04\/congreso-transparencia-cuernavaca-10.jpg 1600w\" sizes=\"(max-width: 1024px) 100vw, 1024px\" \/><\/figure>\n\n\n\n<figure class=\"wp-block-image size-large\"><img loading=\"lazy\" width=\"1024\" height=\"682\" data-id=\"27456\"  src=\"https:\/\/cuernavaca.gob.mx\/wp-content\/uploads\/2023\/04\/congreso-transparencia-cuernavaca-11-1024x682.jpg\" alt=\"\" class=\"wp-image-27456\" srcset=\"https:\/\/cuernavaca.gob.mx\/wp-content\/uploads\/2023\/04\/congreso-transparencia-cuernavaca-11-1024x682.jpg 1024w, https:\/\/cuernavaca.gob.mx\/wp-content\/uploads\/2023\/04\/congreso-transparencia-cuernavaca-11-300x200.jpg 300w, https:\/\/cuernavaca.gob.mx\/wp-content\/uploads\/2023\/04\/congreso-transparencia-cuernavaca-11-768x512.jpg 768w, https:\/\/cuernavaca.gob.mx\/wp-content\/uploads\/2023\/04\/congreso-transparencia-cuernavaca-11-600x400.jpg 600w, https:\/\/cuernavaca.gob.mx\/wp-content\/uploads\/2023\/04\/congreso-transparencia-cuernavaca-11-560x373.jpg 560w, https:\/\/cuernavaca.gob.mx\/wp-content\/uploads\/2023\/04\/congreso-transparencia-cuernavaca-11.jpg 1280w\" sizes=\"(max-width: 1024px) 100vw, 1024px\" \/><\/figure>\n\n\n\n<figure class=\"wp-block-image size-large\"><img loading=\"lazy\" width=\"1024\" height=\"682\" data-id=\"27453\"  src=\"https:\/\/cuernavaca.gob.mx\/wp-content\/uploads\/2023\/04\/congreso-transparencia-cuernavaca-12-1024x682.jpg\" alt=\"\" class=\"wp-image-27453\" srcset=\"https:\/\/cuernavaca.gob.mx\/wp-content\/uploads\/2023\/04\/congreso-transparencia-cuernavaca-12-1024x682.jpg 1024w, https:\/\/cuernavaca.gob.mx\/wp-content\/uploads\/2023\/04\/congreso-transparencia-cuernavaca-12-300x200.jpg 300w, https:\/\/cuernavaca.gob.mx\/wp-content\/uploads\/2023\/04\/congreso-transparencia-cuernavaca-12-768x512.jpg 768w, https:\/\/cuernavaca.gob.mx\/wp-content\/uploads\/2023\/04\/congreso-transparencia-cuernavaca-12-600x400.jpg 600w, https:\/\/cuernavaca.gob.mx\/wp-content\/uploads\/2023\/04\/congreso-transparencia-cuernavaca-12-560x373.jpg 560w, https:\/\/cuernavaca.gob.mx\/wp-content\/uploads\/2023\/04\/congreso-transparencia-cuernavaca-12.jpg 1280w\" sizes=\"(max-width: 1024px) 100vw, 1024px\" \/><\/figure>\n\n\n\n<figure class=\"wp-block-image size-large\"><img loading=\"lazy\" width=\"1024\" height=\"682\" data-id=\"27455\"  src=\"https:\/\/cuernavaca.gob.mx\/wp-content\/uploads\/2023\/04\/congreso-transparencia-cuernavaca-13-1024x682.jpg\" alt=\"\" class=\"wp-image-27455\" srcset=\"https:\/\/cuernavaca.gob.mx\/wp-content\/uploads\/2023\/04\/congreso-transparencia-cuernavaca-13-1024x682.jpg 1024w, https:\/\/cuernavaca.gob.mx\/wp-content\/uploads\/2023\/04\/congreso-transparencia-cuernavaca-13-300x200.jpg 300w, https:\/\/cuernavaca.gob.mx\/wp-content\/uploads\/2023\/04\/congreso-transparencia-cuernavaca-13-768x512.jpg 768w, https:\/\/cuernavaca.gob.mx\/wp-content\/uploads\/2023\/04\/congreso-transparencia-cuernavaca-13-1536x1023.jpg 1536w, https:\/\/cuernavaca.gob.mx\/wp-content\/uploads\/2023\/04\/congreso-transparencia-cuernavaca-13-600x400.jpg 600w, https:\/\/cuernavaca.gob.mx\/wp-content\/uploads\/2023\/04\/congreso-transparencia-cuernavaca-13-560x373.jpg 560w, https:\/\/cuernavaca.gob.mx\/wp-content\/uploads\/2023\/04\/congreso-transparencia-cuernavaca-13.jpg 1600w\" sizes=\"(max-width: 1024px) 100vw, 1024px\" \/><\/figure>\n\n\n\n<figure class=\"wp-block-image size-large\"><img loading=\"lazy\" width=\"1024\" height=\"682\" data-id=\"27457\"  src=\"https:\/\/cuernavaca.gob.mx\/wp-content\/uploads\/2023\/04\/congreso-transparencia-cuernavaca-14-1024x682.jpg\" alt=\"\" class=\"wp-image-27457\" srcset=\"https:\/\/cuernavaca.gob.mx\/wp-content\/uploads\/2023\/04\/congreso-transparencia-cuernavaca-14-1024x682.jpg 1024w, https:\/\/cuernavaca.gob.mx\/wp-content\/uploads\/2023\/04\/congreso-transparencia-cuernavaca-14-300x200.jpg 300w, https:\/\/cuernavaca.gob.mx\/wp-content\/uploads\/2023\/04\/congreso-transparencia-cuernavaca-14-768x512.jpg 768w, https:\/\/cuernavaca.gob.mx\/wp-content\/uploads\/2023\/04\/congreso-transparencia-cuernavaca-14-1536x1023.jpg 1536w, https:\/\/cuernavaca.gob.mx\/wp-content\/uploads\/2023\/04\/congreso-transparencia-cuernavaca-14-600x400.jpg 600w, https:\/\/cuernavaca.gob.mx\/wp-content\/uploads\/2023\/04\/congreso-transparencia-cuernavaca-14-560x373.jpg 560w, https:\/\/cuernavaca.gob.mx\/wp-content\/uploads\/2023\/04\/congreso-transparencia-cuernavaca-14.jpg 1600w\" sizes=\"(max-width: 1024px) 100vw, 1024px\" \/><\/figure>\n\n\n\n<figure class=\"wp-block-image size-large\"><img loading=\"lazy\" width=\"1024\" height=\"682\" data-id=\"27454\"  src=\"https:\/\/cuernavaca.gob.mx\/wp-content\/uploads\/2023\/04\/congreso-transparencia-cuernavaca-15-1024x682.jpg\" alt=\"\" class=\"wp-image-27454\" srcset=\"https:\/\/cuernavaca.gob.mx\/wp-content\/uploads\/2023\/04\/congreso-transparencia-cuernavaca-15-1024x682.jpg 1024w, https:\/\/cuernavaca.gob.mx\/wp-content\/uploads\/2023\/04\/congreso-transparencia-cuernavaca-15-300x200.jpg 300w, https:\/\/cuernavaca.gob.mx\/wp-content\/uploads\/2023\/04\/congreso-transparencia-cuernavaca-15-768x512.jpg 768w, https:\/\/cuernavaca.gob.mx\/wp-content\/uploads\/2023\/04\/congreso-transparencia-cuernavaca-15-1536x1023.jpg 1536w, https:\/\/cuernavaca.gob.mx\/wp-content\/uploads\/2023\/04\/congreso-transparencia-cuernavaca-15-600x400.jpg 600w, https:\/\/cuernavaca.gob.mx\/wp-content\/uploads\/2023\/04\/congreso-transparencia-cuernavaca-15-560x373.jpg 560w, https:\/\/cuernavaca.gob.mx\/wp-content\/uploads\/2023\/04\/congreso-transparencia-cuernavaca-15.jpg 1600w\" sizes=\"(max-width: 1024px) 100vw, 1024px\" \/><\/figure>\n<\/figure>\n","protected":false},"excerpt":{"rendered":"<p>\u2022 El presidente municipal de Cuernavaca particip\u00f3 en el 1er. Congreso de Transparencia 2023, \u201cLos retos de la transparencia, la autenticidad y rendici\u00f3n de cuentas del siglo XXI\u201d \u2022 Imparti\u00f3 la conferencia magistral sobre transparencia, destacando la relevancia de que los universitarios conozcan las acciones que efect\u00faan en el servicio p\u00fablico para construir una sociedad [&hellip;]<\/p>\n","protected":false},"author":1,"featured_media":27454,"comment_status":"closed","ping_status":"open","sticky":false,"template":"","format":"standard","meta":[],"categories":[20],"tags":[306,121,120,206,1819,1727,3028],"aioseo_notices":[],"_links":{"self":[{"href":"https:\/\/cuernavaca.gob.mx\/index.php?rest_route=\/wp\/v2\/posts\/27442"}],"collection":[{"href":"https:\/\/cuernavaca.gob.mx\/index.php?rest_route=\/wp\/v2\/posts"}],"about":[{"href":"https:\/\/cuernavaca.gob.mx\/index.php?rest_route=\/wp\/v2\/types\/post"}],"author":[{"embeddable":true,"href":"https:\/\/cuernavaca.gob.mx\/index.php?rest_route=\/wp\/v2\/users\/1"}],"replies":[{"embeddable":true,"href":"https:\/\/cuernavaca.gob.mx\/index.php?rest_route=%2Fwp%2Fv2%2Fcomments&post=27442"}],"version-history":[{"count":1,"href":"https:\/\/cuernavaca.gob.mx\/index.php?rest_route=\/wp\/v2\/posts\/27442\/revisions"}],"predecessor-version":[{"id":27458,"href":"https:\/\/cuernavaca.gob.mx\/index.php?rest_route=\/wp\/v2\/posts\/27442\/revisions\/27458"}],"wp:featuredmedia":[{"embeddable":true,"href":"https:\/\/cuernavaca.gob.mx\/index.php?rest_route=\/wp\/v2\/media\/27454"}],"wp:attachment":[{"href":"https:\/\/cuernavaca.gob.mx\/index.php?rest_route=%2Fwp%2Fv2%2Fmedia&parent=27442"}],"wp:term":[{"taxonomy":"category","embeddable":true,"href":"https:\/\/cuernavaca.gob.mx\/index.php?rest_route=%2Fwp%2Fv2%2Fcategories&post=27442"},{"taxonomy":"post_tag","embeddable":true,"href":"https:\/\/cuernavaca.gob.mx\/index.php?rest_route=%2Fwp%2Fv2%2Ftags&post=27442"}],"curies":[{"name":"wp","href":"https:\/\/api.w.org\/{rel}","templated":true}]}}