{"id":27459,"date":"2023-04-18T16:00:00","date_gmt":"2023-04-18T22:00:00","guid":{"rendered":"https:\/\/cuernavaca.gob.mx\/?p=27459"},"modified":"2025-05-06T12:36:14","modified_gmt":"2025-05-06T18:36:14","slug":"b921-18-04-23-gobierno-municipal-continua-incentivando-mayores-y-mejores-oportunidades-para-los-buscadores-de-empleo-en-cuernavaca","status":"publish","type":"post","link":"https:\/\/cuernavaca.gob.mx\/?p=27459","title":{"rendered":"B921 18\/04\/23 GOBIERNO MUNICIPAL CONTIN\u00daA INCENTIVANDO MAYORES Y MEJORES OPORTUNIDADES PARA LOS BUSCADORES DE EMPLEO EN CUERNAVACA"},"content":{"rendered":"\n<p><strong>\u2022 Este martes se llev\u00f3 a cabo la 3era. Feria del Empleo, Cuernavaca 2023, donde m\u00e1s 60 empresas de distintos giros ofertaron de entre 600 a 700 empleos formales<\/strong><\/p>\n\n\n\n<p>A fin de seguir generando mejores condiciones de vida a la poblaci\u00f3n cuernavacense, el Ayuntamiento de Cuernavaca, a trav\u00e9s de la Direcci\u00f3n de Fomento Empresarial y al Empleo de la Secretar\u00eda de Desarrollo Econ\u00f3mico y Turismo, llev\u00f3 a cabo este martes la 3era. Feria del Empleo, Cuernavaca 2023, donde j\u00f3venes, adultos, mujeres y hombres, pudieron acercarse a m\u00e1s 60 empresas que ofertaron de entre 600 a 700 empleos formales.<\/p>\n\n\n\n<p>El director general de Fomento Empresarial y al Empleo, Eduardo S\u00e1nchez Mart\u00ednez, indic\u00f3 que a ra\u00edz de que arrancaron esta iniciativa el a\u00f1o pasado han logrado conectar empleos formales, ofreciendo a la poblaci\u00f3n Seguridad Social y prestaciones de ley, cumpliendo con el objetivo de la agenda de reactivaci\u00f3n econ\u00f3mica que ha implementado la presente administraci\u00f3n municipal encabezada por Jos\u00e9 Luis Uri\u00f3stegui Salgado.<\/p>\n\n\n\n<p>Tras el acto inaugural que tuvo como sede el estacionamiento principal de Plaza F\u00f3rum y a lo cual asistieron el secretario de Desarrollo Econ\u00f3mico y Turismo, Humberto Paladino Valdovinos; la directora general del Instituto de la Mujer de Cuernavaca (IMC), Lorena Castillo Castillo y el director general del Instituto de la Juventud, Arturo S\u00e1nchez Mart\u00ednez, se inform\u00f3 que en M\u00e9xico al cierre del 2022 la poblaci\u00f3n econ\u00f3micamente activa representaba el 60 por ciento, de los cuales el 59.09 por ciento eran representados por hombres y el 49.01 por ciento por mujeres.<\/p>\n\n\n\n<p>En el caso de Cuernavaca, Eduardo S\u00e1nchez se\u00f1al\u00f3, que quienes tienen una actividad econ\u00f3micamente activa a trav\u00e9s de un empleo son las personas de 30 a 50 a\u00f1os, por lo que existe un \u00e1rea de oportunidad que est\u00e1n aprovechando entre los j\u00f3venes de 18 a 29 a\u00f1os, a quienes, si bien las compa\u00f1\u00edas buscan, en ciertos casos enfrentan distintos desaf\u00edos para acceder a un empleo, desde la fase para encontrarlo hasta la p\u00e9rdida del mismo por esquemas de objetivos personales, ingresos familiares, apoyo de los padres, entre otros aspectos.<\/p>\n\n\n\n<p>En este sentido, S\u00e1nchez Mart\u00ednez refiri\u00f3 que han consolidado una sinergia de colaboraci\u00f3n con el Instituto de la Juventud para vincular a los j\u00f3venes con las empresas participantes, evitando la fuga de talentos mediante la creaci\u00f3n de oportunidades y con el Instituto de la Mujer de Cuernavaca (IMC), ya que las mujeres tienen una mayor representaci\u00f3n, el cual adem\u00e1s acerca sus servicios y programas.<\/p>\n\n\n\n<p>Entre las empresas participantes en esta tercera edici\u00f3n estuvieron Protecci\u00f3n Federal, Soriana, Comex, Betterware, SIPREF, One Hoteles, Izzi, Little Caesars, La Salle, Villas del Conquistador, Galer\u00edas Cuernavaca, Grupo Elektra, Imagen \u00d3ptica, la Secretar\u00eda de Protecci\u00f3n y Auxilio Ciudadano (SEPRAC), Oxxo, CEMEX, Farmacia Guadalajara, Industria Lavin, Centro de Verificaci\u00f3n Vehicular, Totalplay, restaurante Puerto Pac\u00edfico, Veco, la Comisi\u00f3n Estatal de Seguridad P\u00fablica y UNILA.<\/p>\n\n\n\n<p>Para tener informaci\u00f3n sobre las pr\u00f3ximas ferias del empleo que organizar\u00e1 el Gobierno Municipal pueden acceder a las redes sociales oficiales del Municipio de Cuernavaca y de la Secretar\u00eda de Desarrollo Econ\u00f3mico y Turismo, donde se publican diariamente ofertas laborales.<\/p>\n\n\n\n<figure class=\"wp-container-2 wp-block-gallery-1 wp-block-gallery has-nested-images columns-default is-cropped\">\n<figure class=\"wp-block-image size-large\"><img loading=\"lazy\" width=\"1024\" height=\"682\" data-id=\"27461\"  src=\"https:\/\/cuernavaca.gob.mx\/wp-content\/uploads\/2023\/04\/feria-del-empleo-cuernavaca-2023-1-1024x682.jpg\" alt=\"\" class=\"wp-image-27461\" srcset=\"https:\/\/cuernavaca.gob.mx\/wp-content\/uploads\/2023\/04\/feria-del-empleo-cuernavaca-2023-1-1024x682.jpg 1024w, https:\/\/cuernavaca.gob.mx\/wp-content\/uploads\/2023\/04\/feria-del-empleo-cuernavaca-2023-1-300x200.jpg 300w, https:\/\/cuernavaca.gob.mx\/wp-content\/uploads\/2023\/04\/feria-del-empleo-cuernavaca-2023-1-768x512.jpg 768w, https:\/\/cuernavaca.gob.mx\/wp-content\/uploads\/2023\/04\/feria-del-empleo-cuernavaca-2023-1-600x400.jpg 600w, https:\/\/cuernavaca.gob.mx\/wp-content\/uploads\/2023\/04\/feria-del-empleo-cuernavaca-2023-1-560x373.jpg 560w, https:\/\/cuernavaca.gob.mx\/wp-content\/uploads\/2023\/04\/feria-del-empleo-cuernavaca-2023-1.jpg 1280w\" sizes=\"(max-width: 1024px) 100vw, 1024px\" \/><\/figure>\n\n\n\n<figure class=\"wp-block-image size-large\"><img loading=\"lazy\" width=\"1024\" height=\"682\" data-id=\"27465\"  src=\"https:\/\/cuernavaca.gob.mx\/wp-content\/uploads\/2023\/04\/feria-del-empleo-cuernavaca-2023-2-1024x682.jpg\" alt=\"\" class=\"wp-image-27465\" srcset=\"https:\/\/cuernavaca.gob.mx\/wp-content\/uploads\/2023\/04\/feria-del-empleo-cuernavaca-2023-2-1024x682.jpg 1024w, https:\/\/cuernavaca.gob.mx\/wp-content\/uploads\/2023\/04\/feria-del-empleo-cuernavaca-2023-2-300x200.jpg 300w, https:\/\/cuernavaca.gob.mx\/wp-content\/uploads\/2023\/04\/feria-del-empleo-cuernavaca-2023-2-768x512.jpg 768w, https:\/\/cuernavaca.gob.mx\/wp-content\/uploads\/2023\/04\/feria-del-empleo-cuernavaca-2023-2-600x400.jpg 600w, https:\/\/cuernavaca.gob.mx\/wp-content\/uploads\/2023\/04\/feria-del-empleo-cuernavaca-2023-2-560x373.jpg 560w, https:\/\/cuernavaca.gob.mx\/wp-content\/uploads\/2023\/04\/feria-del-empleo-cuernavaca-2023-2.jpg 1280w\" sizes=\"(max-width: 1024px) 100vw, 1024px\" \/><\/figure>\n\n\n\n<figure class=\"wp-block-image size-large\"><img loading=\"lazy\" width=\"1024\" height=\"682\" data-id=\"27460\"  src=\"https:\/\/cuernavaca.gob.mx\/wp-content\/uploads\/2023\/04\/feria-del-empleo-cuernavaca-2023-3-1024x682.jpg\" alt=\"\" class=\"wp-image-27460\" srcset=\"https:\/\/cuernavaca.gob.mx\/wp-content\/uploads\/2023\/04\/feria-del-empleo-cuernavaca-2023-3-1024x682.jpg 1024w, https:\/\/cuernavaca.gob.mx\/wp-content\/uploads\/2023\/04\/feria-del-empleo-cuernavaca-2023-3-300x200.jpg 300w, https:\/\/cuernavaca.gob.mx\/wp-content\/uploads\/2023\/04\/feria-del-empleo-cuernavaca-2023-3-768x512.jpg 768w, https:\/\/cuernavaca.gob.mx\/wp-content\/uploads\/2023\/04\/feria-del-empleo-cuernavaca-2023-3-600x400.jpg 600w, https:\/\/cuernavaca.gob.mx\/wp-content\/uploads\/2023\/04\/feria-del-empleo-cuernavaca-2023-3-560x373.jpg 560w, https:\/\/cuernavaca.gob.mx\/wp-content\/uploads\/2023\/04\/feria-del-empleo-cuernavaca-2023-3.jpg 1280w\" sizes=\"(max-width: 1024px) 100vw, 1024px\" \/><\/figure>\n\n\n\n<figure class=\"wp-block-image size-large\"><img loading=\"lazy\" width=\"1024\" height=\"682\" data-id=\"27464\"  src=\"https:\/\/cuernavaca.gob.mx\/wp-content\/uploads\/2023\/04\/feria-del-empleo-cuernavaca-2023-4-1024x682.jpg\" alt=\"\" class=\"wp-image-27464\" srcset=\"https:\/\/cuernavaca.gob.mx\/wp-content\/uploads\/2023\/04\/feria-del-empleo-cuernavaca-2023-4-1024x682.jpg 1024w, https:\/\/cuernavaca.gob.mx\/wp-content\/uploads\/2023\/04\/feria-del-empleo-cuernavaca-2023-4-300x200.jpg 300w, https:\/\/cuernavaca.gob.mx\/wp-content\/uploads\/2023\/04\/feria-del-empleo-cuernavaca-2023-4-768x512.jpg 768w, https:\/\/cuernavaca.gob.mx\/wp-content\/uploads\/2023\/04\/feria-del-empleo-cuernavaca-2023-4-600x400.jpg 600w, https:\/\/cuernavaca.gob.mx\/wp-content\/uploads\/2023\/04\/feria-del-empleo-cuernavaca-2023-4-560x373.jpg 560w, https:\/\/cuernavaca.gob.mx\/wp-content\/uploads\/2023\/04\/feria-del-empleo-cuernavaca-2023-4.jpg 1280w\" sizes=\"(max-width: 1024px) 100vw, 1024px\" \/><\/figure>\n\n\n\n<figure class=\"wp-block-image size-large\"><img loading=\"lazy\" width=\"1024\" height=\"682\" data-id=\"27463\"  src=\"https:\/\/cuernavaca.gob.mx\/wp-content\/uploads\/2023\/04\/feria-del-empleo-cuernavaca-2023-5-1024x682.jpg\" alt=\"\" class=\"wp-image-27463\" srcset=\"https:\/\/cuernavaca.gob.mx\/wp-content\/uploads\/2023\/04\/feria-del-empleo-cuernavaca-2023-5-1024x682.jpg 1024w, https:\/\/cuernavaca.gob.mx\/wp-content\/uploads\/2023\/04\/feria-del-empleo-cuernavaca-2023-5-300x200.jpg 300w, https:\/\/cuernavaca.gob.mx\/wp-content\/uploads\/2023\/04\/feria-del-empleo-cuernavaca-2023-5-768x512.jpg 768w, https:\/\/cuernavaca.gob.mx\/wp-content\/uploads\/2023\/04\/feria-del-empleo-cuernavaca-2023-5-600x400.jpg 600w, https:\/\/cuernavaca.gob.mx\/wp-content\/uploads\/2023\/04\/feria-del-empleo-cuernavaca-2023-5-560x373.jpg 560w, https:\/\/cuernavaca.gob.mx\/wp-content\/uploads\/2023\/04\/feria-del-empleo-cuernavaca-2023-5.jpg 1280w\" sizes=\"(max-width: 1024px) 100vw, 1024px\" \/><\/figure>\n\n\n\n<figure class=\"wp-block-image size-large\"><img loading=\"lazy\" width=\"1024\" height=\"682\" data-id=\"27467\"  src=\"https:\/\/cuernavaca.gob.mx\/wp-content\/uploads\/2023\/04\/feria-del-empleo-cuernavaca-2023-6-1024x682.jpg\" alt=\"\" class=\"wp-image-27467\" srcset=\"https:\/\/cuernavaca.gob.mx\/wp-content\/uploads\/2023\/04\/feria-del-empleo-cuernavaca-2023-6-1024x682.jpg 1024w, https:\/\/cuernavaca.gob.mx\/wp-content\/uploads\/2023\/04\/feria-del-empleo-cuernavaca-2023-6-300x200.jpg 300w, https:\/\/cuernavaca.gob.mx\/wp-content\/uploads\/2023\/04\/feria-del-empleo-cuernavaca-2023-6-768x512.jpg 768w, https:\/\/cuernavaca.gob.mx\/wp-content\/uploads\/2023\/04\/feria-del-empleo-cuernavaca-2023-6-600x400.jpg 600w, https:\/\/cuernavaca.gob.mx\/wp-content\/uploads\/2023\/04\/feria-del-empleo-cuernavaca-2023-6-560x373.jpg 560w, https:\/\/cuernavaca.gob.mx\/wp-content\/uploads\/2023\/04\/feria-del-empleo-cuernavaca-2023-6.jpg 1280w\" sizes=\"(max-width: 1024px) 100vw, 1024px\" \/><\/figure>\n\n\n\n<figure class=\"wp-block-image size-large\"><img loading=\"lazy\" width=\"1024\" height=\"463\" data-id=\"27466\"  src=\"https:\/\/cuernavaca.gob.mx\/wp-content\/uploads\/2023\/04\/feria-del-empleo-cuernavaca-2023-7-1024x463.jpg\" alt=\"\" class=\"wp-image-27466\" srcset=\"https:\/\/cuernavaca.gob.mx\/wp-content\/uploads\/2023\/04\/feria-del-empleo-cuernavaca-2023-7-1024x463.jpg 1024w, https:\/\/cuernavaca.gob.mx\/wp-content\/uploads\/2023\/04\/feria-del-empleo-cuernavaca-2023-7-300x136.jpg 300w, https:\/\/cuernavaca.gob.mx\/wp-content\/uploads\/2023\/04\/feria-del-empleo-cuernavaca-2023-7-768x347.jpg 768w, https:\/\/cuernavaca.gob.mx\/wp-content\/uploads\/2023\/04\/feria-del-empleo-cuernavaca-2023-7-1536x694.jpg 1536w, https:\/\/cuernavaca.gob.mx\/wp-content\/uploads\/2023\/04\/feria-del-empleo-cuernavaca-2023-7-600x271.jpg 600w, https:\/\/cuernavaca.gob.mx\/wp-content\/uploads\/2023\/04\/feria-del-empleo-cuernavaca-2023-7-560x253.jpg 560w, https:\/\/cuernavaca.gob.mx\/wp-content\/uploads\/2023\/04\/feria-del-empleo-cuernavaca-2023-7.jpg 1600w\" sizes=\"(max-width: 1024px) 100vw, 1024px\" \/><\/figure>\n\n\n\n<figure class=\"wp-block-image size-large\"><img loading=\"lazy\" width=\"1024\" height=\"682\" data-id=\"27462\"  src=\"https:\/\/cuernavaca.gob.mx\/wp-content\/uploads\/2023\/04\/feria-del-empleo-cuernavaca-2023-8-1024x682.jpg\" alt=\"\" class=\"wp-image-27462\" srcset=\"https:\/\/cuernavaca.gob.mx\/wp-content\/uploads\/2023\/04\/feria-del-empleo-cuernavaca-2023-8-1024x682.jpg 1024w, https:\/\/cuernavaca.gob.mx\/wp-content\/uploads\/2023\/04\/feria-del-empleo-cuernavaca-2023-8-300x200.jpg 300w, https:\/\/cuernavaca.gob.mx\/wp-content\/uploads\/2023\/04\/feria-del-empleo-cuernavaca-2023-8-768x512.jpg 768w, https:\/\/cuernavaca.gob.mx\/wp-content\/uploads\/2023\/04\/feria-del-empleo-cuernavaca-2023-8-600x400.jpg 600w, https:\/\/cuernavaca.gob.mx\/wp-content\/uploads\/2023\/04\/feria-del-empleo-cuernavaca-2023-8-560x373.jpg 560w, https:\/\/cuernavaca.gob.mx\/wp-content\/uploads\/2023\/04\/feria-del-empleo-cuernavaca-2023-8.jpg 1280w\" sizes=\"(max-width: 1024px) 100vw, 1024px\" \/><\/figure>\n<\/figure>\n","protected":false},"excerpt":{"rendered":"<p>\u2022 Este martes se llev\u00f3 a cabo la 3era. Feria del Empleo, Cuernavaca 2023, donde m\u00e1s 60 empresas de distintos giros ofertaron de entre 600 a 700 empleos formales A fin de seguir generando mejores condiciones de vida a la poblaci\u00f3n cuernavacense, el Ayuntamiento de Cuernavaca, a trav\u00e9s de la Direcci\u00f3n de Fomento Empresarial y [&hellip;]<\/p>\n","protected":false},"author":1,"featured_media":27467,"comment_status":"closed","ping_status":"open","sticky":false,"template":"","format":"standard","meta":[],"categories":[2294],"tags":[121,330,120,206,372,1170],"aioseo_notices":[],"_links":{"self":[{"href":"https:\/\/cuernavaca.gob.mx\/index.php?rest_route=\/wp\/v2\/posts\/27459"}],"collection":[{"href":"https:\/\/cuernavaca.gob.mx\/index.php?rest_route=\/wp\/v2\/posts"}],"about":[{"href":"https:\/\/cuernavaca.gob.mx\/index.php?rest_route=\/wp\/v2\/types\/post"}],"author":[{"embeddable":true,"href":"https:\/\/cuernavaca.gob.mx\/index.php?rest_route=\/wp\/v2\/users\/1"}],"replies":[{"embeddable":true,"href":"https:\/\/cuernavaca.gob.mx\/index.php?rest_route=%2Fwp%2Fv2%2Fcomments&post=27459"}],"version-history":[{"count":1,"href":"https:\/\/cuernavaca.gob.mx\/index.php?rest_route=\/wp\/v2\/posts\/27459\/revisions"}],"predecessor-version":[{"id":27468,"href":"https:\/\/cuernavaca.gob.mx\/index.php?rest_route=\/wp\/v2\/posts\/27459\/revisions\/27468"}],"wp:featuredmedia":[{"embeddable":true,"href":"https:\/\/cuernavaca.gob.mx\/index.php?rest_route=\/wp\/v2\/media\/27467"}],"wp:attachment":[{"href":"https:\/\/cuernavaca.gob.mx\/index.php?rest_route=%2Fwp%2Fv2%2Fmedia&parent=27459"}],"wp:term":[{"taxonomy":"category","embeddable":true,"href":"https:\/\/cuernavaca.gob.mx\/index.php?rest_route=%2Fwp%2Fv2%2Fcategories&post=27459"},{"taxonomy":"post_tag","embeddable":true,"href":"https:\/\/cuernavaca.gob.mx\/index.php?rest_route=%2Fwp%2Fv2%2Ftags&post=27459"}],"curies":[{"name":"wp","href":"https:\/\/api.w.org\/{rel}","templated":true}]}}