{"id":27500,"date":"2023-04-19T20:19:31","date_gmt":"2023-04-20T02:19:31","guid":{"rendered":"https:\/\/cuernavaca.gob.mx\/?p=27500"},"modified":"2025-05-06T12:36:14","modified_gmt":"2025-05-06T18:36:14","slug":"b923-19-04-23-aprueba-cabildo-de-cuernavaca-descuentos-de-hasta-un-95-por-ciento-para-comerciantes-ambulantes-con-permiso-vigente","status":"publish","type":"post","link":"https:\/\/cuernavaca.gob.mx\/?p=27500","title":{"rendered":"B923 19\/04\/23 APRUEBA CABILDO DE CUERNAVACA DESCUENTOS DE HASTA UN 95 POR CIENTO PARA COMERCIANTES AMBULANTES CON PERMISO VIGENTE"},"content":{"rendered":"\n<p>\u2022 El descuento es para el pago a comerciantes con permiso vigente ubicados en el Centro Hist\u00f3rico y periferia de la ciudad correspondiente a la presente anualidad.<\/p>\n\n\n\n<p>\u2022 Uno de los objetivos es que cumplan con los requisitos legales y el procedimiento establecido por la Comisi\u00f3n de Regulaci\u00f3n y Ordenamiento del Comercio en V\u00eda P\u00fablica.<\/p>\n\n\n\n<p>Con el objeto de concretar el proceso de reordenamiento y regularizaci\u00f3n del comercio ambulante que dar\u00e1 una nueva imagen a la Eterna Primavera, integrantes del Cabildo de Cuernavaca autorizaron este mi\u00e9rcoles otorgar un est\u00edmulo fiscal de hasta el 95 por ciento para el pago a comerciantes con permiso vigente ubicados en el Centro Hist\u00f3rico y periferia de la ciudad correspondiente a la presente anualidad, que cumplan con los requisitos legales y el procedimiento establecido por la Comisi\u00f3n de Regulaci\u00f3n y Ordenamiento del Comercio en V\u00eda P\u00fablica; teniendo una vigencia de 90 d\u00edas naturales. <\/p>\n\n\n\n<p>En el marco de la sesi\u00f3n ordinaria, el secretario del Ayuntamiento, Carlos de la Rosa Segura, se\u00f1al\u00f3 que esta propuesta que entr\u00f3 en vigor por primera ocasi\u00f3n el a\u00f1o pasado, emana de diversas pl\u00e1ticas sostenidas con los sindicatos que representan a algunos de los grupos que integran el comercio ambulante, ya que de acuerdo con las modificaciones que se han hecho a la Ley de Ingreso Municipal a trav\u00e9s de las UMAS, este rubro significar\u00eda para el comercio ambulante un pago significativo. <\/p>\n\n\n\n<p>El proyecto, precis\u00f3 Carlos de la Rosa, beneficiar\u00e1 en este primer periodo a comerciantes ambulantes que cuentan con una antig\u00fcedad de cinco a\u00f1os en el ejercicio de su funci\u00f3n, con la posibilidad en una segunda etapa de regular a los denominados tolerados, siempre y cuando esto sea posible de acuerdo con los metros lineales que les concede la norma y con los que cuenta la ciudad en su primer cuadro. <\/p>\n\n\n\n<p>&#8220;El padr\u00f3n original con el que partimos en la administraci\u00f3n era de mil 600 comerciantes, aunque hoy hemos sido testigos de que esta actividad ha ido creciendo y ser\u00eda materialmente imposible albergar a todos&#8221;, puntualiz\u00f3.<\/p>\n\n\n\n<p>Al generar un cierto des\u00e1nimo y descontento por parte del comercio establecido que considera esta actividad como una competencia desleal, el Secretario del Ayuntamiento anunci\u00f3, que convocar\u00e1n a c\u00e1maras empresariales y al comercio ambulante para llegar a entendimientos y acuerdos en los cuales puedan generar la oportunidad de que, mediante una diversa actividad, que no sea el comercio ambulante, puedan allegarse de los recursos satisfactores y suficientes para el sostenimiento de sus hogares. <\/p>\n\n\n\n<p>A su vez, el presidente municipal, Jos\u00e9 Luis Uri\u00f3stegui Salgado, indic\u00f3 que este mecanismo tiene por finalidad dar certeza jur\u00eddica a la administraci\u00f3n respecto del n\u00famero de comerciantes que est\u00e1n en orden y ubicarles en los lugares espec\u00edficos que deber\u00edan con las medidas que la propia Ley de Ingresos establece. <\/p>\n\n\n\n<p>No obstante, destac\u00f3 que tambi\u00e9n lleva de manera integral una propuesta de soluci\u00f3n, ya que al aplicar recursos econ\u00f3micos para la rehabilitaci\u00f3n de las Plazas Lido y Degollado, podr\u00edan utilizar los espacios vac\u00edos en estos centros comerciales para que algunos comerciantes semi fijos puedan incorporar su actividad desde estos lugares. <\/p>\n\n\n\n<p>Los regidores Wendi Salinas Ruiz, Mirna Delgado Romero, V\u00edctor Manzo God\u00ednez y Debendrenath Salazar Solorio, tomaron el uso de la palabra para solicitar transparencia y equidad en este procedimiento que ser\u00e1 aplicado de manera individual y que dejar\u00e1 un antecedente en el municipio del buen manejo en el ordenamiento y regularizaci\u00f3n del comercio ambulante, tomando en cuenta todas las voces. <\/p>\n\n\n\n<p>El tr\u00e1mite se gestionar\u00e1 por medio de la Secretar\u00eda del Ayuntamiento y la Tesorer\u00eda Municipal.<\/p>\n\n\n\n<figure class=\"wp-container-2 wp-block-gallery-1 wp-block-gallery has-nested-images columns-default is-cropped\">\n<figure class=\"wp-block-image size-large\"><img loading=\"lazy\" width=\"1024\" height=\"682\" data-id=\"27501\"  src=\"https:\/\/cuernavaca.gob.mx\/wp-content\/uploads\/2023\/04\/IMG-20230419-WA0054-1024x682.jpg\" alt=\"\" class=\"wp-image-27501\" srcset=\"https:\/\/cuernavaca.gob.mx\/wp-content\/uploads\/2023\/04\/IMG-20230419-WA0054-1024x682.jpg 1024w, https:\/\/cuernavaca.gob.mx\/wp-content\/uploads\/2023\/04\/IMG-20230419-WA0054-300x200.jpg 300w, https:\/\/cuernavaca.gob.mx\/wp-content\/uploads\/2023\/04\/IMG-20230419-WA0054-768x512.jpg 768w, https:\/\/cuernavaca.gob.mx\/wp-content\/uploads\/2023\/04\/IMG-20230419-WA0054-1536x1023.jpg 1536w, https:\/\/cuernavaca.gob.mx\/wp-content\/uploads\/2023\/04\/IMG-20230419-WA0054-600x400.jpg 600w, https:\/\/cuernavaca.gob.mx\/wp-content\/uploads\/2023\/04\/IMG-20230419-WA0054-560x373.jpg 560w, https:\/\/cuernavaca.gob.mx\/wp-content\/uploads\/2023\/04\/IMG-20230419-WA0054.jpg 1600w\" sizes=\"(max-width: 1024px) 100vw, 1024px\" \/><\/figure>\n\n\n\n<figure class=\"wp-block-image size-large\"><img loading=\"lazy\" width=\"1024\" height=\"682\" data-id=\"27502\"  src=\"https:\/\/cuernavaca.gob.mx\/wp-content\/uploads\/2023\/04\/IMG-20230419-WA0057-1024x682.jpg\" alt=\"\" class=\"wp-image-27502\" srcset=\"https:\/\/cuernavaca.gob.mx\/wp-content\/uploads\/2023\/04\/IMG-20230419-WA0057-1024x682.jpg 1024w, https:\/\/cuernavaca.gob.mx\/wp-content\/uploads\/2023\/04\/IMG-20230419-WA0057-300x200.jpg 300w, https:\/\/cuernavaca.gob.mx\/wp-content\/uploads\/2023\/04\/IMG-20230419-WA0057-768x512.jpg 768w, https:\/\/cuernavaca.gob.mx\/wp-content\/uploads\/2023\/04\/IMG-20230419-WA0057-1536x1023.jpg 1536w, https:\/\/cuernavaca.gob.mx\/wp-content\/uploads\/2023\/04\/IMG-20230419-WA0057-600x400.jpg 600w, https:\/\/cuernavaca.gob.mx\/wp-content\/uploads\/2023\/04\/IMG-20230419-WA0057-560x373.jpg 560w, https:\/\/cuernavaca.gob.mx\/wp-content\/uploads\/2023\/04\/IMG-20230419-WA0057.jpg 1600w\" sizes=\"(max-width: 1024px) 100vw, 1024px\" \/><\/figure>\n\n\n\n<figure class=\"wp-block-image size-large\"><img loading=\"lazy\" width=\"1024\" height=\"682\" data-id=\"27503\"  src=\"https:\/\/cuernavaca.gob.mx\/wp-content\/uploads\/2023\/04\/IMG-20230419-WA0050-1024x682.jpg\" alt=\"\" class=\"wp-image-27503\" srcset=\"https:\/\/cuernavaca.gob.mx\/wp-content\/uploads\/2023\/04\/IMG-20230419-WA0050-1024x682.jpg 1024w, https:\/\/cuernavaca.gob.mx\/wp-content\/uploads\/2023\/04\/IMG-20230419-WA0050-300x200.jpg 300w, https:\/\/cuernavaca.gob.mx\/wp-content\/uploads\/2023\/04\/IMG-20230419-WA0050-768x512.jpg 768w, https:\/\/cuernavaca.gob.mx\/wp-content\/uploads\/2023\/04\/IMG-20230419-WA0050-1536x1023.jpg 1536w, https:\/\/cuernavaca.gob.mx\/wp-content\/uploads\/2023\/04\/IMG-20230419-WA0050-600x400.jpg 600w, https:\/\/cuernavaca.gob.mx\/wp-content\/uploads\/2023\/04\/IMG-20230419-WA0050-560x373.jpg 560w, https:\/\/cuernavaca.gob.mx\/wp-content\/uploads\/2023\/04\/IMG-20230419-WA0050.jpg 1600w\" sizes=\"(max-width: 1024px) 100vw, 1024px\" \/><\/figure>\n\n\n\n<figure class=\"wp-block-image size-large\"><img loading=\"lazy\" width=\"1024\" height=\"682\" data-id=\"27504\"  src=\"https:\/\/cuernavaca.gob.mx\/wp-content\/uploads\/2023\/04\/IMG-20230419-WA0051-1024x682.jpg\" alt=\"\" class=\"wp-image-27504\" srcset=\"https:\/\/cuernavaca.gob.mx\/wp-content\/uploads\/2023\/04\/IMG-20230419-WA0051-1024x682.jpg 1024w, https:\/\/cuernavaca.gob.mx\/wp-content\/uploads\/2023\/04\/IMG-20230419-WA0051-300x200.jpg 300w, https:\/\/cuernavaca.gob.mx\/wp-content\/uploads\/2023\/04\/IMG-20230419-WA0051-768x512.jpg 768w, https:\/\/cuernavaca.gob.mx\/wp-content\/uploads\/2023\/04\/IMG-20230419-WA0051-1536x1023.jpg 1536w, https:\/\/cuernavaca.gob.mx\/wp-content\/uploads\/2023\/04\/IMG-20230419-WA0051-600x400.jpg 600w, https:\/\/cuernavaca.gob.mx\/wp-content\/uploads\/2023\/04\/IMG-20230419-WA0051-560x373.jpg 560w, https:\/\/cuernavaca.gob.mx\/wp-content\/uploads\/2023\/04\/IMG-20230419-WA0051.jpg 1600w\" sizes=\"(max-width: 1024px) 100vw, 1024px\" \/><\/figure>\n\n\n\n<figure class=\"wp-block-image size-large\"><img loading=\"lazy\" width=\"1024\" height=\"682\" data-id=\"27505\"  src=\"https:\/\/cuernavaca.gob.mx\/wp-content\/uploads\/2023\/04\/IMG-20230419-WA0064-1024x682.jpg\" alt=\"\" class=\"wp-image-27505\" srcset=\"https:\/\/cuernavaca.gob.mx\/wp-content\/uploads\/2023\/04\/IMG-20230419-WA0064-1024x682.jpg 1024w, https:\/\/cuernavaca.gob.mx\/wp-content\/uploads\/2023\/04\/IMG-20230419-WA0064-300x200.jpg 300w, https:\/\/cuernavaca.gob.mx\/wp-content\/uploads\/2023\/04\/IMG-20230419-WA0064-768x512.jpg 768w, https:\/\/cuernavaca.gob.mx\/wp-content\/uploads\/2023\/04\/IMG-20230419-WA0064-1536x1023.jpg 1536w, https:\/\/cuernavaca.gob.mx\/wp-content\/uploads\/2023\/04\/IMG-20230419-WA0064-600x400.jpg 600w, https:\/\/cuernavaca.gob.mx\/wp-content\/uploads\/2023\/04\/IMG-20230419-WA0064-560x373.jpg 560w, https:\/\/cuernavaca.gob.mx\/wp-content\/uploads\/2023\/04\/IMG-20230419-WA0064.jpg 1600w\" sizes=\"(max-width: 1024px) 100vw, 1024px\" \/><\/figure>\n\n\n\n<figure class=\"wp-block-image size-large\"><img loading=\"lazy\" width=\"1024\" height=\"682\" data-id=\"27507\"  src=\"https:\/\/cuernavaca.gob.mx\/wp-content\/uploads\/2023\/04\/IMG-20230419-WA0055-1024x682.jpg\" alt=\"\" class=\"wp-image-27507\" srcset=\"https:\/\/cuernavaca.gob.mx\/wp-content\/uploads\/2023\/04\/IMG-20230419-WA0055-1024x682.jpg 1024w, https:\/\/cuernavaca.gob.mx\/wp-content\/uploads\/2023\/04\/IMG-20230419-WA0055-300x200.jpg 300w, https:\/\/cuernavaca.gob.mx\/wp-content\/uploads\/2023\/04\/IMG-20230419-WA0055-768x512.jpg 768w, https:\/\/cuernavaca.gob.mx\/wp-content\/uploads\/2023\/04\/IMG-20230419-WA0055-1536x1023.jpg 1536w, https:\/\/cuernavaca.gob.mx\/wp-content\/uploads\/2023\/04\/IMG-20230419-WA0055-600x400.jpg 600w, https:\/\/cuernavaca.gob.mx\/wp-content\/uploads\/2023\/04\/IMG-20230419-WA0055-560x373.jpg 560w, https:\/\/cuernavaca.gob.mx\/wp-content\/uploads\/2023\/04\/IMG-20230419-WA0055.jpg 1600w\" sizes=\"(max-width: 1024px) 100vw, 1024px\" \/><\/figure>\n\n\n\n<figure class=\"wp-block-image size-large\"><img loading=\"lazy\" width=\"1024\" height=\"682\" data-id=\"27506\"  src=\"https:\/\/cuernavaca.gob.mx\/wp-content\/uploads\/2023\/04\/IMG-20230419-WA0065-1024x682.jpg\" alt=\"\" class=\"wp-image-27506\" srcset=\"https:\/\/cuernavaca.gob.mx\/wp-content\/uploads\/2023\/04\/IMG-20230419-WA0065-1024x682.jpg 1024w, https:\/\/cuernavaca.gob.mx\/wp-content\/uploads\/2023\/04\/IMG-20230419-WA0065-300x200.jpg 300w, https:\/\/cuernavaca.gob.mx\/wp-content\/uploads\/2023\/04\/IMG-20230419-WA0065-768x512.jpg 768w, https:\/\/cuernavaca.gob.mx\/wp-content\/uploads\/2023\/04\/IMG-20230419-WA0065-1536x1023.jpg 1536w, https:\/\/cuernavaca.gob.mx\/wp-content\/uploads\/2023\/04\/IMG-20230419-WA0065-600x400.jpg 600w, https:\/\/cuernavaca.gob.mx\/wp-content\/uploads\/2023\/04\/IMG-20230419-WA0065-560x373.jpg 560w, https:\/\/cuernavaca.gob.mx\/wp-content\/uploads\/2023\/04\/IMG-20230419-WA0065.jpg 1600w\" sizes=\"(max-width: 1024px) 100vw, 1024px\" \/><\/figure>\n\n\n\n<figure class=\"wp-block-image size-large\"><img loading=\"lazy\" width=\"1024\" height=\"682\" data-id=\"27508\"  src=\"https:\/\/cuernavaca.gob.mx\/wp-content\/uploads\/2023\/04\/IMG-20230419-WA0066-1024x682.jpg\" alt=\"\" class=\"wp-image-27508\" srcset=\"https:\/\/cuernavaca.gob.mx\/wp-content\/uploads\/2023\/04\/IMG-20230419-WA0066-1024x682.jpg 1024w, https:\/\/cuernavaca.gob.mx\/wp-content\/uploads\/2023\/04\/IMG-20230419-WA0066-300x200.jpg 300w, https:\/\/cuernavaca.gob.mx\/wp-content\/uploads\/2023\/04\/IMG-20230419-WA0066-768x512.jpg 768w, https:\/\/cuernavaca.gob.mx\/wp-content\/uploads\/2023\/04\/IMG-20230419-WA0066-1536x1023.jpg 1536w, https:\/\/cuernavaca.gob.mx\/wp-content\/uploads\/2023\/04\/IMG-20230419-WA0066-600x400.jpg 600w, https:\/\/cuernavaca.gob.mx\/wp-content\/uploads\/2023\/04\/IMG-20230419-WA0066-560x373.jpg 560w, https:\/\/cuernavaca.gob.mx\/wp-content\/uploads\/2023\/04\/IMG-20230419-WA0066.jpg 1600w\" sizes=\"(max-width: 1024px) 100vw, 1024px\" \/><\/figure>\n<\/figure>\n","protected":false},"excerpt":{"rendered":"<p>\u2022 El descuento es para el pago a comerciantes con permiso vigente ubicados en el Centro Hist\u00f3rico y periferia de la ciudad correspondiente a la presente anualidad. \u2022 Uno de los objetivos es que cumplan con los requisitos legales y el procedimiento establecido por la Comisi\u00f3n de Regulaci\u00f3n y Ordenamiento del Comercio en V\u00eda P\u00fablica. [&hellip;]<\/p>\n","protected":false},"author":1,"featured_media":27507,"comment_status":"closed","ping_status":"closed","sticky":false,"template":"","format":"standard","meta":[],"categories":[2294,20],"tags":[],"aioseo_notices":[],"_links":{"self":[{"href":"https:\/\/cuernavaca.gob.mx\/index.php?rest_route=\/wp\/v2\/posts\/27500"}],"collection":[{"href":"https:\/\/cuernavaca.gob.mx\/index.php?rest_route=\/wp\/v2\/posts"}],"about":[{"href":"https:\/\/cuernavaca.gob.mx\/index.php?rest_route=\/wp\/v2\/types\/post"}],"author":[{"embeddable":true,"href":"https:\/\/cuernavaca.gob.mx\/index.php?rest_route=\/wp\/v2\/users\/1"}],"replies":[{"embeddable":true,"href":"https:\/\/cuernavaca.gob.mx\/index.php?rest_route=%2Fwp%2Fv2%2Fcomments&post=27500"}],"version-history":[{"count":1,"href":"https:\/\/cuernavaca.gob.mx\/index.php?rest_route=\/wp\/v2\/posts\/27500\/revisions"}],"predecessor-version":[{"id":27509,"href":"https:\/\/cuernavaca.gob.mx\/index.php?rest_route=\/wp\/v2\/posts\/27500\/revisions\/27509"}],"wp:featuredmedia":[{"embeddable":true,"href":"https:\/\/cuernavaca.gob.mx\/index.php?rest_route=\/wp\/v2\/media\/27507"}],"wp:attachment":[{"href":"https:\/\/cuernavaca.gob.mx\/index.php?rest_route=%2Fwp%2Fv2%2Fmedia&parent=27500"}],"wp:term":[{"taxonomy":"category","embeddable":true,"href":"https:\/\/cuernavaca.gob.mx\/index.php?rest_route=%2Fwp%2Fv2%2Fcategories&post=27500"},{"taxonomy":"post_tag","embeddable":true,"href":"https:\/\/cuernavaca.gob.mx\/index.php?rest_route=%2Fwp%2Fv2%2Ftags&post=27500"}],"curies":[{"name":"wp","href":"https:\/\/api.w.org\/{rel}","templated":true}]}}