{"id":27529,"date":"2023-04-20T15:30:00","date_gmt":"2023-04-20T21:30:00","guid":{"rendered":"https:\/\/cuernavaca.gob.mx\/?p=27529"},"modified":"2025-05-06T12:36:13","modified_gmt":"2025-05-06T18:36:13","slug":"b925-20-04-23-cuernavaca-da-la-bienvenida-a-los-ministerios-del-trabajo-y-prevision-social-relaciones-exteriores-y-del-instituto-de-migracion-de-guatemala-que-atestiguaron-la-1era-feria-del-empleo-2","status":"publish","type":"post","link":"https:\/\/cuernavaca.gob.mx\/?p=27529","title":{"rendered":"B925 20\/04\/23 CUERNAVACA DA LA BIENVENIDA A LOS MINISTERIOS DEL TRABAJO Y PREVISI\u00d3N SOCIAL, RELACIONES EXTERIORES Y DEL INSTITUTO DE MIGRACI\u00d3N DE GUATEMALA QUE ATESTIGUARON LA 1ERA. FERIA DEL EMPLEO 2023"},"content":{"rendered":"\n<p><strong>\u2022 En su calidad de anfitri\u00f3n Jos\u00e9 Luis Uri\u00f3stegui se\u00f1al\u00f3 que las ferias del empleo es el resultado de esfuerzos que los tres \u00f3rdenes de gobierno han concretado para benefici\u00f3 de cientos de buscadores de trabajo<\/strong><\/p>\n\n\n\n<p>C\u00f3mo parte de la coordinaci\u00f3n interinstitucional que ha mantenido el Ayuntamiento de Cuernavaca para generar mayores oportunidades laborales y de crecimiento personal a la sociedad, el presidente municipal, Jos\u00e9 Luis Uri\u00f3stegui Salgado, inaugur\u00f3 este jueves la 1a. Feria del Empleo Cuernavaca 2023, organizada por el Servicio Nacional de Empleo (SNE), delegaci\u00f3n Morelos.<\/p>\n\n\n\n<p>En su calidad de anfitri\u00f3n del evento, el alcalde dio la bienvenida a todos los buscadores de empleo y a las autoridades de los Ministerios del Trabajo y Previsi\u00f3n Social, Relaciones Exteriores y del Instituto de Migraci\u00f3n de Guatemala presentes, al tiempo de agradecer a las 77 empresas y 20 organismos que se sumaron a la convocatoria para participar en la promoci\u00f3n de m\u00e1s de mil ofertas laborales formales que coadyuvan al renacer de la capital morelense.<\/p>\n\n\n\n<p>Con la presencia de autoridades federales y estatales, resalt\u00f3 la importancia de que esta feria, considerada la m\u00e1s grande en Morelos, tuviera como sede la capital morelense, no solo por ser la localidad con mayor densidad poblaci\u00f3n en el estado, sino tambi\u00e9n porque ha sido el municipio donde se han desarrollado m\u00e1s ejercicios en la materia, siendo \u00e9sta 1a. feria el resultado de los esfuerzos que los tres \u00f3rdenes de gobierno han concretado para tratar de lograr que quienes han perdido u est\u00e1n en busca de un empleo formal durante los \u00faltimos a\u00f1os, hoy tengan la oportunidad de contar con este.<\/p>\n\n\n\n<p>Teniendo como escenario el parque &#8220;Alameda Solidaridad&#8221;, el director general del SNE Morelos, Jorge Mario Garc\u00eda \u00c1vila, destac\u00f3 que en esta ocasi\u00f3n se cont\u00f3 con la presencia de autoridades de los Ministerios del Trabajo y Previsi\u00f3n Social, Relaciones Exteriores y del Instituto de Migraci\u00f3n de Guatemala, con quienes estar\u00e1n intercambiando opiniones que beneficien a los buscadores de empleo en la entidad.<\/p>\n\n\n\n<p>En este sentido, la directora general de Empleo del Ministerio del Trabajo y Previsi\u00f3n Social de Guatemala, Claudine Ogaldes, agradeci\u00f3 la calurosa bienvenida a Cuernavaca, expresando que visitan M\u00e9xico y Morelos para conocer las buenas pr\u00e1cticas que se efect\u00faan y poder replicarlas en favor de la poblaci\u00f3n.<\/p>\n\n\n\n<p>Al acto inaugural acudieron la directora de J\u00f3venes Construyendo el Futuro en Morelos, Denisse Molina Romero; la secretaria de Desarrollo Econ\u00f3mico y del Trabajo, Ana Cecilia Rodr\u00edguez Gonz\u00e1lez; la titular de la Oficina en representaci\u00f3n en Morelos del Instituto Nacional de Migraci\u00f3n, Ana Alday Ch\u00e1vez, entre otras autoridades.<\/p>\n\n\n\n<figure class=\"wp-container-2 wp-block-gallery-1 wp-block-gallery has-nested-images columns-default is-cropped\">\n<figure class=\"wp-block-image size-large\"><img loading=\"lazy\" width=\"1024\" height=\"683\" data-id=\"27536\"  src=\"https:\/\/cuernavaca.gob.mx\/wp-content\/uploads\/2023\/04\/feria-empleo-cuernavaca-2023-1-1024x683.jpg\" alt=\"\" class=\"wp-image-27536\" srcset=\"https:\/\/cuernavaca.gob.mx\/wp-content\/uploads\/2023\/04\/feria-empleo-cuernavaca-2023-1-1024x683.jpg 1024w, https:\/\/cuernavaca.gob.mx\/wp-content\/uploads\/2023\/04\/feria-empleo-cuernavaca-2023-1-300x200.jpg 300w, https:\/\/cuernavaca.gob.mx\/wp-content\/uploads\/2023\/04\/feria-empleo-cuernavaca-2023-1-768x512.jpg 768w, https:\/\/cuernavaca.gob.mx\/wp-content\/uploads\/2023\/04\/feria-empleo-cuernavaca-2023-1-1536x1024.jpg 1536w, https:\/\/cuernavaca.gob.mx\/wp-content\/uploads\/2023\/04\/feria-empleo-cuernavaca-2023-1-600x400.jpg 600w, https:\/\/cuernavaca.gob.mx\/wp-content\/uploads\/2023\/04\/feria-empleo-cuernavaca-2023-1-560x373.jpg 560w, https:\/\/cuernavaca.gob.mx\/wp-content\/uploads\/2023\/04\/feria-empleo-cuernavaca-2023-1.jpg 1599w\" sizes=\"(max-width: 1024px) 100vw, 1024px\" \/><\/figure>\n\n\n\n<figure class=\"wp-block-image size-large\"><img loading=\"lazy\" width=\"1024\" height=\"683\" data-id=\"27533\"  src=\"https:\/\/cuernavaca.gob.mx\/wp-content\/uploads\/2023\/04\/feria-empleo-cuernavaca-2023-2-1024x683.jpg\" alt=\"\" class=\"wp-image-27533\" srcset=\"https:\/\/cuernavaca.gob.mx\/wp-content\/uploads\/2023\/04\/feria-empleo-cuernavaca-2023-2-1024x683.jpg 1024w, https:\/\/cuernavaca.gob.mx\/wp-content\/uploads\/2023\/04\/feria-empleo-cuernavaca-2023-2-300x200.jpg 300w, https:\/\/cuernavaca.gob.mx\/wp-content\/uploads\/2023\/04\/feria-empleo-cuernavaca-2023-2-768x512.jpg 768w, https:\/\/cuernavaca.gob.mx\/wp-content\/uploads\/2023\/04\/feria-empleo-cuernavaca-2023-2-1536x1024.jpg 1536w, https:\/\/cuernavaca.gob.mx\/wp-content\/uploads\/2023\/04\/feria-empleo-cuernavaca-2023-2-600x400.jpg 600w, https:\/\/cuernavaca.gob.mx\/wp-content\/uploads\/2023\/04\/feria-empleo-cuernavaca-2023-2-560x373.jpg 560w, https:\/\/cuernavaca.gob.mx\/wp-content\/uploads\/2023\/04\/feria-empleo-cuernavaca-2023-2.jpg 1599w\" sizes=\"(max-width: 1024px) 100vw, 1024px\" \/><\/figure>\n\n\n\n<figure class=\"wp-block-image size-large\"><img loading=\"lazy\" width=\"1024\" height=\"683\" data-id=\"27531\"  src=\"https:\/\/cuernavaca.gob.mx\/wp-content\/uploads\/2023\/04\/feria-empleo-cuernavaca-2023-3-1024x683.jpg\" alt=\"\" class=\"wp-image-27531\" srcset=\"https:\/\/cuernavaca.gob.mx\/wp-content\/uploads\/2023\/04\/feria-empleo-cuernavaca-2023-3-1024x683.jpg 1024w, https:\/\/cuernavaca.gob.mx\/wp-content\/uploads\/2023\/04\/feria-empleo-cuernavaca-2023-3-300x200.jpg 300w, https:\/\/cuernavaca.gob.mx\/wp-content\/uploads\/2023\/04\/feria-empleo-cuernavaca-2023-3-768x512.jpg 768w, https:\/\/cuernavaca.gob.mx\/wp-content\/uploads\/2023\/04\/feria-empleo-cuernavaca-2023-3-1536x1024.jpg 1536w, https:\/\/cuernavaca.gob.mx\/wp-content\/uploads\/2023\/04\/feria-empleo-cuernavaca-2023-3-600x400.jpg 600w, https:\/\/cuernavaca.gob.mx\/wp-content\/uploads\/2023\/04\/feria-empleo-cuernavaca-2023-3-560x373.jpg 560w, https:\/\/cuernavaca.gob.mx\/wp-content\/uploads\/2023\/04\/feria-empleo-cuernavaca-2023-3.jpg 1599w\" sizes=\"(max-width: 1024px) 100vw, 1024px\" \/><\/figure>\n\n\n\n<figure class=\"wp-block-image size-large\"><img loading=\"lazy\" width=\"1024\" height=\"683\" data-id=\"27534\"  src=\"https:\/\/cuernavaca.gob.mx\/wp-content\/uploads\/2023\/04\/feria-empleo-cuernavaca-2023-4-1024x683.jpg\" alt=\"\" class=\"wp-image-27534\" srcset=\"https:\/\/cuernavaca.gob.mx\/wp-content\/uploads\/2023\/04\/feria-empleo-cuernavaca-2023-4-1024x683.jpg 1024w, https:\/\/cuernavaca.gob.mx\/wp-content\/uploads\/2023\/04\/feria-empleo-cuernavaca-2023-4-300x200.jpg 300w, https:\/\/cuernavaca.gob.mx\/wp-content\/uploads\/2023\/04\/feria-empleo-cuernavaca-2023-4-768x512.jpg 768w, https:\/\/cuernavaca.gob.mx\/wp-content\/uploads\/2023\/04\/feria-empleo-cuernavaca-2023-4-1536x1024.jpg 1536w, https:\/\/cuernavaca.gob.mx\/wp-content\/uploads\/2023\/04\/feria-empleo-cuernavaca-2023-4-600x400.jpg 600w, https:\/\/cuernavaca.gob.mx\/wp-content\/uploads\/2023\/04\/feria-empleo-cuernavaca-2023-4-560x373.jpg 560w, https:\/\/cuernavaca.gob.mx\/wp-content\/uploads\/2023\/04\/feria-empleo-cuernavaca-2023-4.jpg 1599w\" sizes=\"(max-width: 1024px) 100vw, 1024px\" \/><\/figure>\n\n\n\n<figure class=\"wp-block-image size-large\"><img loading=\"lazy\" width=\"1024\" height=\"683\" data-id=\"27530\"  src=\"https:\/\/cuernavaca.gob.mx\/wp-content\/uploads\/2023\/04\/feria-empleo-cuernavaca-2023-5-1024x683.jpg\" alt=\"\" class=\"wp-image-27530\" srcset=\"https:\/\/cuernavaca.gob.mx\/wp-content\/uploads\/2023\/04\/feria-empleo-cuernavaca-2023-5-1024x683.jpg 1024w, https:\/\/cuernavaca.gob.mx\/wp-content\/uploads\/2023\/04\/feria-empleo-cuernavaca-2023-5-300x200.jpg 300w, https:\/\/cuernavaca.gob.mx\/wp-content\/uploads\/2023\/04\/feria-empleo-cuernavaca-2023-5-768x512.jpg 768w, https:\/\/cuernavaca.gob.mx\/wp-content\/uploads\/2023\/04\/feria-empleo-cuernavaca-2023-5-1536x1024.jpg 1536w, https:\/\/cuernavaca.gob.mx\/wp-content\/uploads\/2023\/04\/feria-empleo-cuernavaca-2023-5-600x400.jpg 600w, https:\/\/cuernavaca.gob.mx\/wp-content\/uploads\/2023\/04\/feria-empleo-cuernavaca-2023-5-560x373.jpg 560w, https:\/\/cuernavaca.gob.mx\/wp-content\/uploads\/2023\/04\/feria-empleo-cuernavaca-2023-5.jpg 1599w\" sizes=\"(max-width: 1024px) 100vw, 1024px\" \/><\/figure>\n\n\n\n<figure class=\"wp-block-image size-large\"><img loading=\"lazy\" width=\"1024\" height=\"683\" data-id=\"27532\"  src=\"https:\/\/cuernavaca.gob.mx\/wp-content\/uploads\/2023\/04\/feria-empleo-cuernavaca-2023-6-1024x683.jpg\" alt=\"\" class=\"wp-image-27532\" srcset=\"https:\/\/cuernavaca.gob.mx\/wp-content\/uploads\/2023\/04\/feria-empleo-cuernavaca-2023-6-1024x683.jpg 1024w, https:\/\/cuernavaca.gob.mx\/wp-content\/uploads\/2023\/04\/feria-empleo-cuernavaca-2023-6-300x200.jpg 300w, https:\/\/cuernavaca.gob.mx\/wp-content\/uploads\/2023\/04\/feria-empleo-cuernavaca-2023-6-768x512.jpg 768w, https:\/\/cuernavaca.gob.mx\/wp-content\/uploads\/2023\/04\/feria-empleo-cuernavaca-2023-6-1536x1024.jpg 1536w, https:\/\/cuernavaca.gob.mx\/wp-content\/uploads\/2023\/04\/feria-empleo-cuernavaca-2023-6-600x400.jpg 600w, https:\/\/cuernavaca.gob.mx\/wp-content\/uploads\/2023\/04\/feria-empleo-cuernavaca-2023-6-560x373.jpg 560w, https:\/\/cuernavaca.gob.mx\/wp-content\/uploads\/2023\/04\/feria-empleo-cuernavaca-2023-6.jpg 1599w\" sizes=\"(max-width: 1024px) 100vw, 1024px\" \/><\/figure>\n\n\n\n<figure class=\"wp-block-image size-large\"><img loading=\"lazy\" width=\"1024\" height=\"683\" data-id=\"27535\"  src=\"https:\/\/cuernavaca.gob.mx\/wp-content\/uploads\/2023\/04\/feria-empleo-cuernavaca-2023-7-1024x683.jpg\" alt=\"\" class=\"wp-image-27535\" srcset=\"https:\/\/cuernavaca.gob.mx\/wp-content\/uploads\/2023\/04\/feria-empleo-cuernavaca-2023-7-1024x683.jpg 1024w, https:\/\/cuernavaca.gob.mx\/wp-content\/uploads\/2023\/04\/feria-empleo-cuernavaca-2023-7-300x200.jpg 300w, https:\/\/cuernavaca.gob.mx\/wp-content\/uploads\/2023\/04\/feria-empleo-cuernavaca-2023-7-768x512.jpg 768w, https:\/\/cuernavaca.gob.mx\/wp-content\/uploads\/2023\/04\/feria-empleo-cuernavaca-2023-7-1536x1024.jpg 1536w, https:\/\/cuernavaca.gob.mx\/wp-content\/uploads\/2023\/04\/feria-empleo-cuernavaca-2023-7-600x400.jpg 600w, https:\/\/cuernavaca.gob.mx\/wp-content\/uploads\/2023\/04\/feria-empleo-cuernavaca-2023-7-560x373.jpg 560w, https:\/\/cuernavaca.gob.mx\/wp-content\/uploads\/2023\/04\/feria-empleo-cuernavaca-2023-7.jpg 1599w\" sizes=\"(max-width: 1024px) 100vw, 1024px\" \/><\/figure>\n\n\n\n<figure class=\"wp-block-image size-large\"><img loading=\"lazy\" width=\"1024\" height=\"683\" data-id=\"27539\"  src=\"https:\/\/cuernavaca.gob.mx\/wp-content\/uploads\/2023\/04\/feria-empleo-cuernavaca-2023-8-1024x683.jpg\" alt=\"\" class=\"wp-image-27539\" srcset=\"https:\/\/cuernavaca.gob.mx\/wp-content\/uploads\/2023\/04\/feria-empleo-cuernavaca-2023-8-1024x683.jpg 1024w, https:\/\/cuernavaca.gob.mx\/wp-content\/uploads\/2023\/04\/feria-empleo-cuernavaca-2023-8-300x200.jpg 300w, https:\/\/cuernavaca.gob.mx\/wp-content\/uploads\/2023\/04\/feria-empleo-cuernavaca-2023-8-768x512.jpg 768w, https:\/\/cuernavaca.gob.mx\/wp-content\/uploads\/2023\/04\/feria-empleo-cuernavaca-2023-8-1536x1024.jpg 1536w, https:\/\/cuernavaca.gob.mx\/wp-content\/uploads\/2023\/04\/feria-empleo-cuernavaca-2023-8-600x400.jpg 600w, https:\/\/cuernavaca.gob.mx\/wp-content\/uploads\/2023\/04\/feria-empleo-cuernavaca-2023-8-560x373.jpg 560w, https:\/\/cuernavaca.gob.mx\/wp-content\/uploads\/2023\/04\/feria-empleo-cuernavaca-2023-8.jpg 1599w\" sizes=\"(max-width: 1024px) 100vw, 1024px\" \/><\/figure>\n\n\n\n<figure class=\"wp-block-image size-large\"><img loading=\"lazy\" width=\"1024\" height=\"683\" data-id=\"27538\"  src=\"https:\/\/cuernavaca.gob.mx\/wp-content\/uploads\/2023\/04\/feria-empleo-cuernavaca-2023-9-1024x683.jpg\" alt=\"\" class=\"wp-image-27538\" srcset=\"https:\/\/cuernavaca.gob.mx\/wp-content\/uploads\/2023\/04\/feria-empleo-cuernavaca-2023-9-1024x683.jpg 1024w, https:\/\/cuernavaca.gob.mx\/wp-content\/uploads\/2023\/04\/feria-empleo-cuernavaca-2023-9-300x200.jpg 300w, https:\/\/cuernavaca.gob.mx\/wp-content\/uploads\/2023\/04\/feria-empleo-cuernavaca-2023-9-768x512.jpg 768w, https:\/\/cuernavaca.gob.mx\/wp-content\/uploads\/2023\/04\/feria-empleo-cuernavaca-2023-9-1536x1024.jpg 1536w, https:\/\/cuernavaca.gob.mx\/wp-content\/uploads\/2023\/04\/feria-empleo-cuernavaca-2023-9-600x400.jpg 600w, https:\/\/cuernavaca.gob.mx\/wp-content\/uploads\/2023\/04\/feria-empleo-cuernavaca-2023-9-560x373.jpg 560w, https:\/\/cuernavaca.gob.mx\/wp-content\/uploads\/2023\/04\/feria-empleo-cuernavaca-2023-9.jpg 1599w\" sizes=\"(max-width: 1024px) 100vw, 1024px\" \/><\/figure>\n\n\n\n<figure class=\"wp-block-image size-large\"><img loading=\"lazy\" width=\"1024\" height=\"683\" data-id=\"27537\"  src=\"https:\/\/cuernavaca.gob.mx\/wp-content\/uploads\/2023\/04\/feria-empleo-cuernavaca-2023-10-1024x683.jpg\" alt=\"\" class=\"wp-image-27537\" srcset=\"https:\/\/cuernavaca.gob.mx\/wp-content\/uploads\/2023\/04\/feria-empleo-cuernavaca-2023-10-1024x683.jpg 1024w, https:\/\/cuernavaca.gob.mx\/wp-content\/uploads\/2023\/04\/feria-empleo-cuernavaca-2023-10-300x200.jpg 300w, https:\/\/cuernavaca.gob.mx\/wp-content\/uploads\/2023\/04\/feria-empleo-cuernavaca-2023-10-768x512.jpg 768w, https:\/\/cuernavaca.gob.mx\/wp-content\/uploads\/2023\/04\/feria-empleo-cuernavaca-2023-10-1536x1024.jpg 1536w, https:\/\/cuernavaca.gob.mx\/wp-content\/uploads\/2023\/04\/feria-empleo-cuernavaca-2023-10-600x400.jpg 600w, https:\/\/cuernavaca.gob.mx\/wp-content\/uploads\/2023\/04\/feria-empleo-cuernavaca-2023-10-560x373.jpg 560w, https:\/\/cuernavaca.gob.mx\/wp-content\/uploads\/2023\/04\/feria-empleo-cuernavaca-2023-10.jpg 1599w\" sizes=\"(max-width: 1024px) 100vw, 1024px\" \/><\/figure>\n<\/figure>\n","protected":false},"excerpt":{"rendered":"<p>\u2022 En su calidad de anfitri\u00f3n Jos\u00e9 Luis Uri\u00f3stegui se\u00f1al\u00f3 que las ferias del empleo es el resultado de esfuerzos que los tres \u00f3rdenes de gobierno han concretado para benefici\u00f3 de cientos de buscadores de trabajo C\u00f3mo parte de la coordinaci\u00f3n interinstitucional que ha mantenido el Ayuntamiento de Cuernavaca para generar mayores oportunidades laborales y [&hellip;]<\/p>\n","protected":false},"author":1,"featured_media":27536,"comment_status":"closed","ping_status":"open","sticky":false,"template":"","format":"standard","meta":[],"categories":[2294],"tags":[121,330,413,120,206,2508],"aioseo_notices":[],"_links":{"self":[{"href":"https:\/\/cuernavaca.gob.mx\/index.php?rest_route=\/wp\/v2\/posts\/27529"}],"collection":[{"href":"https:\/\/cuernavaca.gob.mx\/index.php?rest_route=\/wp\/v2\/posts"}],"about":[{"href":"https:\/\/cuernavaca.gob.mx\/index.php?rest_route=\/wp\/v2\/types\/post"}],"author":[{"embeddable":true,"href":"https:\/\/cuernavaca.gob.mx\/index.php?rest_route=\/wp\/v2\/users\/1"}],"replies":[{"embeddable":true,"href":"https:\/\/cuernavaca.gob.mx\/index.php?rest_route=%2Fwp%2Fv2%2Fcomments&post=27529"}],"version-history":[{"count":1,"href":"https:\/\/cuernavaca.gob.mx\/index.php?rest_route=\/wp\/v2\/posts\/27529\/revisions"}],"predecessor-version":[{"id":27540,"href":"https:\/\/cuernavaca.gob.mx\/index.php?rest_route=\/wp\/v2\/posts\/27529\/revisions\/27540"}],"wp:featuredmedia":[{"embeddable":true,"href":"https:\/\/cuernavaca.gob.mx\/index.php?rest_route=\/wp\/v2\/media\/27536"}],"wp:attachment":[{"href":"https:\/\/cuernavaca.gob.mx\/index.php?rest_route=%2Fwp%2Fv2%2Fmedia&parent=27529"}],"wp:term":[{"taxonomy":"category","embeddable":true,"href":"https:\/\/cuernavaca.gob.mx\/index.php?rest_route=%2Fwp%2Fv2%2Fcategories&post=27529"},{"taxonomy":"post_tag","embeddable":true,"href":"https:\/\/cuernavaca.gob.mx\/index.php?rest_route=%2Fwp%2Fv2%2Ftags&post=27529"}],"curies":[{"name":"wp","href":"https:\/\/api.w.org\/{rel}","templated":true}]}}