{"id":27602,"date":"2023-04-21T16:58:00","date_gmt":"2023-04-21T22:58:00","guid":{"rendered":"https:\/\/cuernavaca.gob.mx\/?p=27602"},"modified":"2025-05-06T12:36:54","modified_gmt":"2025-05-06T18:36:54","slug":"f409-21-04-23-reitera-jose-luis-uriostegui-salgado-trabajo-coordinado-e-institucional-con-el-tribunal-de-justicia-administrativa-de-morelos","status":"publish","type":"post","link":"https:\/\/cuernavaca.gob.mx\/?p=27602","title":{"rendered":"F409 21\/04\/23 Reitera Jos\u00e9 Luis Uri\u00f3stegui Salgado trabajo coordinado e institucional con el Tribunal de Justicia Administrativa de Morelos"},"content":{"rendered":"\n<p>El presidente municipal de Cuernavaca, Jos\u00e9 Luis Uri\u00f3stegui Salgado, refrend\u00f3 la buena relaci\u00f3n y el trabajo coordinado que se ha mantenido con el Tribunal de Justicia Administrativa (TJA) desde el inicio de la presente administraci\u00f3n del Ayuntamiento capitalino, lo que ha tra\u00eddo grandes beneficios a las arcas municipales y particularmente a su base trabajadora, ya que bajo el principio de legalidad se han disminuido los juicios en su jurisdicci\u00f3n.<\/p>\n\n\n\n<p>Al participar en el informe de las acciones realizadas en los primeros cien d\u00edas de gesti\u00f3n del magistrado presidente Guillermo Arroyo Cruz, el alcalde acompa\u00f1ado de la s\u00edndica municipal, Ver\u00f3nica Atenco P\u00e9rez, extern\u00f3 su felicitaci\u00f3n al jurista y cuerpo colegiado que preside por el trabajo desempe\u00f1ado, y los resultados positivos que se han tenido en este periodo, cumpliendo con el derecho fundamental de tener una justicia pronta, expedita, completa e imparcial.<\/p>\n\n\n\n<p>Ante magistradas y magistrados de los Tribunales de Justicia y Electoral del Estado, diputadas y diputados locales, los Fiscales de Justicia y de Combate a la Corrupci\u00f3n, funcionarias y funcionarios estatales, municipales y federales, as\u00ed como acad\u00e9micas y acad\u00e9micos de la UAEM; asever\u00f3 que el TJA ha sido muy firme en la aplicaci\u00f3n de la ley, pero dentro de esto ha propiciado condiciones para que las partes en juicio puedan resolver el conflicto, acompa\u00f1ando al Ayuntamiento de Cuernavaca en algunos casos para realizar convenios, lo que sobre todo ha logrado reducir el n\u00famero de juicios que tienen aqu\u00ed.<\/p>\n\n\n\n<p>\u201cNosotros somos parte en los juicios donde los particulares estiman que sus derechos han sido afectados o que no se han cumplido las formalidades en los actos administrativos, participamos de los juicios normalmente con car\u00e1cter de demandado, muy ocasionalmente como actores, pero buscamos que las resoluciones nos ayuden tambi\u00e9n a formar criterios para casos similares\u201d, acot\u00f3 Jos\u00e9 Luis Uri\u00f3stegui.<\/p>\n\n\n\n<figure class=\"wp-container-2 wp-block-gallery-1 wp-block-gallery has-nested-images columns-default is-cropped\">\n<figure class=\"wp-block-image size-large\"><img loading=\"lazy\" width=\"1024\" height=\"682\" data-id=\"27604\"  src=\"https:\/\/cuernavaca.gob.mx\/wp-content\/uploads\/2023\/04\/INFORME-TJA-CUERNAVACA-ALCALDE-1-1024x682.jpeg\" alt=\"\" class=\"wp-image-27604\" srcset=\"https:\/\/cuernavaca.gob.mx\/wp-content\/uploads\/2023\/04\/INFORME-TJA-CUERNAVACA-ALCALDE-1-1024x682.jpeg 1024w, https:\/\/cuernavaca.gob.mx\/wp-content\/uploads\/2023\/04\/INFORME-TJA-CUERNAVACA-ALCALDE-1-300x200.jpeg 300w, https:\/\/cuernavaca.gob.mx\/wp-content\/uploads\/2023\/04\/INFORME-TJA-CUERNAVACA-ALCALDE-1-768x512.jpeg 768w, https:\/\/cuernavaca.gob.mx\/wp-content\/uploads\/2023\/04\/INFORME-TJA-CUERNAVACA-ALCALDE-1-1536x1023.jpeg 1536w, https:\/\/cuernavaca.gob.mx\/wp-content\/uploads\/2023\/04\/INFORME-TJA-CUERNAVACA-ALCALDE-1-600x400.jpeg 600w, https:\/\/cuernavaca.gob.mx\/wp-content\/uploads\/2023\/04\/INFORME-TJA-CUERNAVACA-ALCALDE-1-560x373.jpeg 560w, https:\/\/cuernavaca.gob.mx\/wp-content\/uploads\/2023\/04\/INFORME-TJA-CUERNAVACA-ALCALDE-1.jpeg 1600w\" sizes=\"(max-width: 1024px) 100vw, 1024px\" \/><\/figure>\n\n\n\n<figure class=\"wp-block-image size-large\"><img loading=\"lazy\" width=\"1024\" height=\"682\" data-id=\"27610\"  src=\"https:\/\/cuernavaca.gob.mx\/wp-content\/uploads\/2023\/04\/INFORME-TJA-CUERNAVACA-ALCALDE-2-1024x682.jpeg\" alt=\"\" class=\"wp-image-27610\" srcset=\"https:\/\/cuernavaca.gob.mx\/wp-content\/uploads\/2023\/04\/INFORME-TJA-CUERNAVACA-ALCALDE-2-1024x682.jpeg 1024w, https:\/\/cuernavaca.gob.mx\/wp-content\/uploads\/2023\/04\/INFORME-TJA-CUERNAVACA-ALCALDE-2-300x200.jpeg 300w, https:\/\/cuernavaca.gob.mx\/wp-content\/uploads\/2023\/04\/INFORME-TJA-CUERNAVACA-ALCALDE-2-768x512.jpeg 768w, https:\/\/cuernavaca.gob.mx\/wp-content\/uploads\/2023\/04\/INFORME-TJA-CUERNAVACA-ALCALDE-2-1536x1023.jpeg 1536w, https:\/\/cuernavaca.gob.mx\/wp-content\/uploads\/2023\/04\/INFORME-TJA-CUERNAVACA-ALCALDE-2-600x400.jpeg 600w, https:\/\/cuernavaca.gob.mx\/wp-content\/uploads\/2023\/04\/INFORME-TJA-CUERNAVACA-ALCALDE-2-560x373.jpeg 560w, https:\/\/cuernavaca.gob.mx\/wp-content\/uploads\/2023\/04\/INFORME-TJA-CUERNAVACA-ALCALDE-2.jpeg 1600w\" sizes=\"(max-width: 1024px) 100vw, 1024px\" \/><\/figure>\n\n\n\n<figure class=\"wp-block-image size-large\"><img loading=\"lazy\" width=\"1024\" height=\"682\" data-id=\"27606\"  src=\"https:\/\/cuernavaca.gob.mx\/wp-content\/uploads\/2023\/04\/INFORME-TJA-CUERNAVACA-ALCALDE-3-1024x682.jpeg\" alt=\"\" class=\"wp-image-27606\" srcset=\"https:\/\/cuernavaca.gob.mx\/wp-content\/uploads\/2023\/04\/INFORME-TJA-CUERNAVACA-ALCALDE-3-1024x682.jpeg 1024w, https:\/\/cuernavaca.gob.mx\/wp-content\/uploads\/2023\/04\/INFORME-TJA-CUERNAVACA-ALCALDE-3-300x200.jpeg 300w, https:\/\/cuernavaca.gob.mx\/wp-content\/uploads\/2023\/04\/INFORME-TJA-CUERNAVACA-ALCALDE-3-768x512.jpeg 768w, https:\/\/cuernavaca.gob.mx\/wp-content\/uploads\/2023\/04\/INFORME-TJA-CUERNAVACA-ALCALDE-3-1536x1023.jpeg 1536w, https:\/\/cuernavaca.gob.mx\/wp-content\/uploads\/2023\/04\/INFORME-TJA-CUERNAVACA-ALCALDE-3-600x400.jpeg 600w, https:\/\/cuernavaca.gob.mx\/wp-content\/uploads\/2023\/04\/INFORME-TJA-CUERNAVACA-ALCALDE-3-560x373.jpeg 560w, https:\/\/cuernavaca.gob.mx\/wp-content\/uploads\/2023\/04\/INFORME-TJA-CUERNAVACA-ALCALDE-3.jpeg 1600w\" sizes=\"(max-width: 1024px) 100vw, 1024px\" \/><\/figure>\n\n\n\n<figure class=\"wp-block-image size-large\"><img loading=\"lazy\" width=\"1024\" height=\"682\" data-id=\"27609\"  src=\"https:\/\/cuernavaca.gob.mx\/wp-content\/uploads\/2023\/04\/INFORME-TJA-CUERNAVACA-ALCALDE-4-1024x682.jpeg\" alt=\"\" class=\"wp-image-27609\" srcset=\"https:\/\/cuernavaca.gob.mx\/wp-content\/uploads\/2023\/04\/INFORME-TJA-CUERNAVACA-ALCALDE-4-1024x682.jpeg 1024w, https:\/\/cuernavaca.gob.mx\/wp-content\/uploads\/2023\/04\/INFORME-TJA-CUERNAVACA-ALCALDE-4-300x200.jpeg 300w, https:\/\/cuernavaca.gob.mx\/wp-content\/uploads\/2023\/04\/INFORME-TJA-CUERNAVACA-ALCALDE-4-768x512.jpeg 768w, https:\/\/cuernavaca.gob.mx\/wp-content\/uploads\/2023\/04\/INFORME-TJA-CUERNAVACA-ALCALDE-4-1536x1023.jpeg 1536w, https:\/\/cuernavaca.gob.mx\/wp-content\/uploads\/2023\/04\/INFORME-TJA-CUERNAVACA-ALCALDE-4-600x400.jpeg 600w, https:\/\/cuernavaca.gob.mx\/wp-content\/uploads\/2023\/04\/INFORME-TJA-CUERNAVACA-ALCALDE-4-560x373.jpeg 560w, https:\/\/cuernavaca.gob.mx\/wp-content\/uploads\/2023\/04\/INFORME-TJA-CUERNAVACA-ALCALDE-4.jpeg 1600w\" sizes=\"(max-width: 1024px) 100vw, 1024px\" \/><\/figure>\n\n\n\n<figure class=\"wp-block-image size-large\"><img loading=\"lazy\" width=\"1024\" height=\"682\" data-id=\"27607\"  src=\"https:\/\/cuernavaca.gob.mx\/wp-content\/uploads\/2023\/04\/INFORME-TJA-CUERNAVACA-ALCALDE-5-1024x682.jpeg\" alt=\"\" class=\"wp-image-27607\" srcset=\"https:\/\/cuernavaca.gob.mx\/wp-content\/uploads\/2023\/04\/INFORME-TJA-CUERNAVACA-ALCALDE-5-1024x682.jpeg 1024w, https:\/\/cuernavaca.gob.mx\/wp-content\/uploads\/2023\/04\/INFORME-TJA-CUERNAVACA-ALCALDE-5-300x200.jpeg 300w, https:\/\/cuernavaca.gob.mx\/wp-content\/uploads\/2023\/04\/INFORME-TJA-CUERNAVACA-ALCALDE-5-768x512.jpeg 768w, https:\/\/cuernavaca.gob.mx\/wp-content\/uploads\/2023\/04\/INFORME-TJA-CUERNAVACA-ALCALDE-5-1536x1023.jpeg 1536w, https:\/\/cuernavaca.gob.mx\/wp-content\/uploads\/2023\/04\/INFORME-TJA-CUERNAVACA-ALCALDE-5-600x400.jpeg 600w, https:\/\/cuernavaca.gob.mx\/wp-content\/uploads\/2023\/04\/INFORME-TJA-CUERNAVACA-ALCALDE-5-560x373.jpeg 560w, https:\/\/cuernavaca.gob.mx\/wp-content\/uploads\/2023\/04\/INFORME-TJA-CUERNAVACA-ALCALDE-5.jpeg 1600w\" sizes=\"(max-width: 1024px) 100vw, 1024px\" \/><\/figure>\n\n\n\n<figure class=\"wp-block-image size-large\"><img loading=\"lazy\" width=\"1024\" height=\"682\" data-id=\"27608\"  src=\"https:\/\/cuernavaca.gob.mx\/wp-content\/uploads\/2023\/04\/INFORME-TJA-CUERNAVACA-ALCALDE-6-1024x682.jpeg\" alt=\"\" class=\"wp-image-27608\" srcset=\"https:\/\/cuernavaca.gob.mx\/wp-content\/uploads\/2023\/04\/INFORME-TJA-CUERNAVACA-ALCALDE-6-1024x682.jpeg 1024w, https:\/\/cuernavaca.gob.mx\/wp-content\/uploads\/2023\/04\/INFORME-TJA-CUERNAVACA-ALCALDE-6-300x200.jpeg 300w, https:\/\/cuernavaca.gob.mx\/wp-content\/uploads\/2023\/04\/INFORME-TJA-CUERNAVACA-ALCALDE-6-768x512.jpeg 768w, https:\/\/cuernavaca.gob.mx\/wp-content\/uploads\/2023\/04\/INFORME-TJA-CUERNAVACA-ALCALDE-6-1536x1023.jpeg 1536w, https:\/\/cuernavaca.gob.mx\/wp-content\/uploads\/2023\/04\/INFORME-TJA-CUERNAVACA-ALCALDE-6-600x400.jpeg 600w, https:\/\/cuernavaca.gob.mx\/wp-content\/uploads\/2023\/04\/INFORME-TJA-CUERNAVACA-ALCALDE-6-560x373.jpeg 560w, https:\/\/cuernavaca.gob.mx\/wp-content\/uploads\/2023\/04\/INFORME-TJA-CUERNAVACA-ALCALDE-6.jpeg 1600w\" sizes=\"(max-width: 1024px) 100vw, 1024px\" \/><\/figure>\n\n\n\n<figure class=\"wp-block-image size-large\"><img loading=\"lazy\" width=\"1024\" height=\"744\" data-id=\"27605\"  src=\"https:\/\/cuernavaca.gob.mx\/wp-content\/uploads\/2023\/04\/INFORME-TJA-CUERNAVACA-ALCALDE-7-1024x744.jpeg\" alt=\"\" class=\"wp-image-27605\" srcset=\"https:\/\/cuernavaca.gob.mx\/wp-content\/uploads\/2023\/04\/INFORME-TJA-CUERNAVACA-ALCALDE-7-1024x744.jpeg 1024w, https:\/\/cuernavaca.gob.mx\/wp-content\/uploads\/2023\/04\/INFORME-TJA-CUERNAVACA-ALCALDE-7-300x218.jpeg 300w, https:\/\/cuernavaca.gob.mx\/wp-content\/uploads\/2023\/04\/INFORME-TJA-CUERNAVACA-ALCALDE-7-768x558.jpeg 768w, https:\/\/cuernavaca.gob.mx\/wp-content\/uploads\/2023\/04\/INFORME-TJA-CUERNAVACA-ALCALDE-7-1536x1116.jpeg 1536w, https:\/\/cuernavaca.gob.mx\/wp-content\/uploads\/2023\/04\/INFORME-TJA-CUERNAVACA-ALCALDE-7-600x436.jpeg 600w, https:\/\/cuernavaca.gob.mx\/wp-content\/uploads\/2023\/04\/INFORME-TJA-CUERNAVACA-ALCALDE-7-560x407.jpeg 560w, https:\/\/cuernavaca.gob.mx\/wp-content\/uploads\/2023\/04\/INFORME-TJA-CUERNAVACA-ALCALDE-7.jpeg 1600w\" sizes=\"(max-width: 1024px) 100vw, 1024px\" \/><\/figure>\n<\/figure>\n","protected":false},"excerpt":{"rendered":"<p>El presidente municipal de Cuernavaca, Jos\u00e9 Luis Uri\u00f3stegui Salgado, refrend\u00f3 la buena relaci\u00f3n y el trabajo coordinado que se ha mantenido con el Tribunal de Justicia Administrativa (TJA) desde el inicio de la presente administraci\u00f3n del Ayuntamiento capitalino, lo que ha tra\u00eddo grandes beneficios a las arcas municipales y particularmente a su base trabajadora, ya [&hellip;]<\/p>\n","protected":false},"author":1,"featured_media":27604,"comment_status":"closed","ping_status":"open","sticky":false,"template":"","format":"standard","meta":[],"categories":[20],"tags":[121,120,2447,206,1322],"aioseo_notices":[],"_links":{"self":[{"href":"https:\/\/cuernavaca.gob.mx\/index.php?rest_route=\/wp\/v2\/posts\/27602"}],"collection":[{"href":"https:\/\/cuernavaca.gob.mx\/index.php?rest_route=\/wp\/v2\/posts"}],"about":[{"href":"https:\/\/cuernavaca.gob.mx\/index.php?rest_route=\/wp\/v2\/types\/post"}],"author":[{"embeddable":true,"href":"https:\/\/cuernavaca.gob.mx\/index.php?rest_route=\/wp\/v2\/users\/1"}],"replies":[{"embeddable":true,"href":"https:\/\/cuernavaca.gob.mx\/index.php?rest_route=%2Fwp%2Fv2%2Fcomments&post=27602"}],"version-history":[{"count":1,"href":"https:\/\/cuernavaca.gob.mx\/index.php?rest_route=\/wp\/v2\/posts\/27602\/revisions"}],"predecessor-version":[{"id":27611,"href":"https:\/\/cuernavaca.gob.mx\/index.php?rest_route=\/wp\/v2\/posts\/27602\/revisions\/27611"}],"wp:featuredmedia":[{"embeddable":true,"href":"https:\/\/cuernavaca.gob.mx\/index.php?rest_route=\/wp\/v2\/media\/27604"}],"wp:attachment":[{"href":"https:\/\/cuernavaca.gob.mx\/index.php?rest_route=%2Fwp%2Fv2%2Fmedia&parent=27602"}],"wp:term":[{"taxonomy":"category","embeddable":true,"href":"https:\/\/cuernavaca.gob.mx\/index.php?rest_route=%2Fwp%2Fv2%2Fcategories&post=27602"},{"taxonomy":"post_tag","embeddable":true,"href":"https:\/\/cuernavaca.gob.mx\/index.php?rest_route=%2Fwp%2Fv2%2Ftags&post=27602"}],"curies":[{"name":"wp","href":"https:\/\/api.w.org\/{rel}","templated":true}]}}