{"id":27612,"date":"2023-04-21T17:26:00","date_gmt":"2023-04-21T23:26:00","guid":{"rendered":"https:\/\/cuernavaca.gob.mx\/?p=27612"},"modified":"2025-05-06T12:36:54","modified_gmt":"2025-05-06T18:36:54","slug":"b929-21-04-23-invita-el-instituto-de-cultura-de-cuernavaca-al-segundo-maraton-de-lectura-2023","status":"publish","type":"post","link":"https:\/\/cuernavaca.gob.mx\/?p=27612","title":{"rendered":"B929 21\/04\/23 INVITA EL INSTITUTO DE CULTURA DE CUERNAVACA AL SEGUNDO MARAT\u00d3N DE LECTURA 2023"},"content":{"rendered":"\n<p>\u2022&nbsp;&nbsp;&nbsp;&nbsp;&nbsp;&nbsp;&nbsp;&nbsp;&nbsp;&nbsp;&nbsp;&nbsp;<strong> En el marco del D\u00eda Internacional del Libro se abre la convocatoria para que ni\u00f1as, ni\u00f1os, j\u00f3venes y adultos participen en este ejercicio a realizarse en el patio del Museo de la Ciudad<\/strong><\/p>\n\n\n\n<p>\u2022&nbsp;&nbsp;&nbsp;&nbsp;&nbsp;&nbsp;&nbsp;&nbsp;&nbsp;&nbsp;&nbsp;&nbsp; <strong>Los participantes podr\u00e1n dar lectura a textos de su preferencia, ya sea de autor o de creaci\u00f3n propia o en su caso, como oyentes; tambi\u00e9n habr\u00e1 m\u00fasica y exposici\u00f3n de libros<\/strong><\/p>\n\n\n\n<p>El Ayuntamiento de Cuernavaca, a trav\u00e9s del Instituto de Cultura de Cuernavaca, celebrar\u00e1 este domingo 23 de abril el D\u00eda Internacional del Libro con la segunda edici\u00f3n del exitoso Marat\u00f3n de la Lectura, donde ni\u00f1as, ni\u00f1os, j\u00f3venes y adultos podr\u00e1n participar dando lectura a textos de su preferencia, ya sea de autor o de creaci\u00f3n propia, o en su caso, como oyentes, con lo que se busca acercar el poder de los libros a la sociedad cuernavacense.<\/p>\n\n\n\n<p>El 2023 ha sido un inicio de a\u00f1o muy literario para el Instituto de Cultura, abriendo el Museo de la Ciudad hasta el momento para la presentaci\u00f3n de 10 libros y ahora con este magno evento los visitantes podr\u00e1n adentrarse y compartir sus historias favoritas.<\/p>\n\n\n\n<p>El director general del Instituto de Cultura, Juan Contreras de Oteyza, explic\u00f3 que el Marat\u00f3n de la Lectura consiste en que los participantes puedan apropiarse del escenario leyendo un extracto de su autor\u00eda o de alg\u00fan autor o autora de su preferencia; adem\u00e1s en coordinaci\u00f3n con Quadrivium Editores, algunas editoriales estar\u00e1n exponiendo su amplia gama de libros.<\/p>\n\n\n\n<p>Este d\u00eda de fiesta ser\u00e1 amenizado por SALTIMBANQUI de Jonathan Rojas, ofreciendo un espacio de sana convivencia donde la cultura y las letras se conjugar\u00e1n para dar a conocer el poder m\u00e1gico de los libros como puente entre generaciones.<\/p>\n\n\n\n<p>&#8220;Nos parece fundamental fomentar la lectura, ya que es una forma de conocer muchos universos, nos da la oportunidad de viajar sin salir de nuestra casa, nos da la oportunidad de entrar en la otredad, conocer a otros, diferentes maneras de pensar y de sentir, lo que es un enriquecimiento absoluto para el ser humano&#8221;, se\u00f1al\u00f3 el funcionario municipal.<\/p>\n\n\n\n<p>S\u00ed bien la convocatoria de inscripci\u00f3n se lanz\u00f3 por medio de redes sociales, las personas interesadas pueden presentarse directamente en el Museo de la Ciudad con su texto para participar. Si desean apartar su lugar a partir del horario que les acomode, pueden enviar sus datos generales al correo gestioncultura.cuernavaca@gmail.com<\/p>\n\n\n\n<p>La segunda edici\u00f3n del Marat\u00f3n de la Lectura se llevar\u00e1 a cabo este domingo 23 de abril en el patio central del Museo de la Ciudad de Cuernavaca en un horario de 10:00 a 14:00 horas.<\/p>\n\n\n\n<p>Para conocer la cartelera de actividades que tiene planeadas el Instituto de Cultura de Cuernavaca pueden ingresar a sus redes sociales oficiales, como Instituto de Cultura de Cuernavaca -MUCIC, del Municipio de Cuernavaca y de la Secretar\u00eda de Desarrollo Humano y Participaci\u00f3n Social.<\/p>\n\n\n\n<p><\/p>\n\n\n\n<figure class=\"wp-block-image size-full\"><img loading=\"lazy\" width=\"702\" height=\"540\" src=\"https:\/\/cuernavaca.gob.mx\/wp-content\/uploads\/2023\/04\/Marton-de-lectura-Cuernavaca-2023.jpeg\" alt=\"\" class=\"wp-image-27613\" srcset=\"https:\/\/cuernavaca.gob.mx\/wp-content\/uploads\/2023\/04\/Marton-de-lectura-Cuernavaca-2023.jpeg 702w, https:\/\/cuernavaca.gob.mx\/wp-content\/uploads\/2023\/04\/Marton-de-lectura-Cuernavaca-2023-300x231.jpeg 300w, https:\/\/cuernavaca.gob.mx\/wp-content\/uploads\/2023\/04\/Marton-de-lectura-Cuernavaca-2023-600x462.jpeg 600w, https:\/\/cuernavaca.gob.mx\/wp-content\/uploads\/2023\/04\/Marton-de-lectura-Cuernavaca-2023-560x431.jpeg 560w\" sizes=\"(max-width: 702px) 100vw, 702px\" \/><\/figure>\n","protected":false},"excerpt":{"rendered":"<p>\u2022&nbsp;&nbsp;&nbsp;&nbsp;&nbsp;&nbsp;&nbsp;&nbsp;&nbsp;&nbsp;&nbsp;&nbsp; En el marco del D\u00eda Internacional del Libro se abre la convocatoria para que ni\u00f1as, ni\u00f1os, j\u00f3venes y adultos participen en este ejercicio a realizarse en el patio del Museo de la Ciudad \u2022&nbsp;&nbsp;&nbsp;&nbsp;&nbsp;&nbsp;&nbsp;&nbsp;&nbsp;&nbsp;&nbsp;&nbsp; Los participantes podr\u00e1n dar lectura a textos de su preferencia, ya sea de autor o de creaci\u00f3n propia o en [&hellip;]<\/p>\n","protected":false},"author":1,"featured_media":27613,"comment_status":"closed","ping_status":"open","sticky":false,"template":"","format":"standard","meta":[],"categories":[2292,862,2624,280,21],"tags":[121,190,1160,120,246,206],"aioseo_notices":[],"_links":{"self":[{"href":"https:\/\/cuernavaca.gob.mx\/index.php?rest_route=\/wp\/v2\/posts\/27612"}],"collection":[{"href":"https:\/\/cuernavaca.gob.mx\/index.php?rest_route=\/wp\/v2\/posts"}],"about":[{"href":"https:\/\/cuernavaca.gob.mx\/index.php?rest_route=\/wp\/v2\/types\/post"}],"author":[{"embeddable":true,"href":"https:\/\/cuernavaca.gob.mx\/index.php?rest_route=\/wp\/v2\/users\/1"}],"replies":[{"embeddable":true,"href":"https:\/\/cuernavaca.gob.mx\/index.php?rest_route=%2Fwp%2Fv2%2Fcomments&post=27612"}],"version-history":[{"count":2,"href":"https:\/\/cuernavaca.gob.mx\/index.php?rest_route=\/wp\/v2\/posts\/27612\/revisions"}],"predecessor-version":[{"id":27615,"href":"https:\/\/cuernavaca.gob.mx\/index.php?rest_route=\/wp\/v2\/posts\/27612\/revisions\/27615"}],"wp:featuredmedia":[{"embeddable":true,"href":"https:\/\/cuernavaca.gob.mx\/index.php?rest_route=\/wp\/v2\/media\/27613"}],"wp:attachment":[{"href":"https:\/\/cuernavaca.gob.mx\/index.php?rest_route=%2Fwp%2Fv2%2Fmedia&parent=27612"}],"wp:term":[{"taxonomy":"category","embeddable":true,"href":"https:\/\/cuernavaca.gob.mx\/index.php?rest_route=%2Fwp%2Fv2%2Fcategories&post=27612"},{"taxonomy":"post_tag","embeddable":true,"href":"https:\/\/cuernavaca.gob.mx\/index.php?rest_route=%2Fwp%2Fv2%2Ftags&post=27612"}],"curies":[{"name":"wp","href":"https:\/\/api.w.org\/{rel}","templated":true}]}}