{"id":27616,"date":"2023-04-21T17:45:00","date_gmt":"2023-04-21T23:45:00","guid":{"rendered":"https:\/\/cuernavaca.gob.mx\/?p=27616"},"modified":"2025-05-06T12:36:54","modified_gmt":"2025-05-06T18:36:54","slug":"b930-21-04-23-recibe-dif-cuernavaca-cheque-por-la-subasta-de-obras-creadas-a-partir-del-proyecto-el-arbol-de-la-bondad","status":"publish","type":"post","link":"https:\/\/cuernavaca.gob.mx\/?p=27616","title":{"rendered":"B930 21\/04\/23 RECIBE DIF CUERNAVACA CHEQUE POR LA SUBASTA DE OBRAS CREADAS A PARTIR DEL PROYECTO &#8220;EL \u00c1RBOL DE LA BONDAD&#8221;"},"content":{"rendered":"\n<p><\/p>\n\n\n\n<p>\u2022\u00a0\u00a0\u00a0\u00a0\u00a0\u00a0\u00a0\u00a0\u00a0\u00a0\u00a0\u00a0 <strong>En sesi\u00f3n de la Junta Directiva del DIF Cuernavaca, el alcalde Jos\u00e9 Luis Uri\u00f3stegui hizo entrega del documento por parte de la Casa de Subastas Morton<\/strong><\/p>\n\n\n\n<p>\u2022\u00a0\u00a0\u00a0\u00a0\u00a0\u00a0\u00a0\u00a0\u00a0\u00a0\u00a0\u00a0 <strong>Se lograron recaudar 512 mil 313.85 pesos que ser\u00e1n utilizados para la compra de aparatos funcionales y lentes para las personas que m\u00e1s lo necesitan<\/strong><\/p>\n\n\n\n<p>En el marco de la sesi\u00f3n de la Junta Directiva del Sistema Municipal DIF Cuernavaca, el presidente municipal, Jos\u00e9 Luis Uri\u00f3stegui Salgado, hizo entrega al organismo del cheque por parte de la Casa de Subastas Morton resultado de la subasta de las obras de arte del \u201c\u00c1rbol de la Bondad\u201d, mediante el cual el organismo logr\u00f3 recaudar $512 mil 313.85 pesos que ser\u00e1n destinados a la compra de aparatos funcionales y lentes para las personas que m\u00e1s lo necesitan.<\/p>\n\n\n\n<p>Al uso de la palabra, la presidenta del DIF Cuernavaca, Luz Mar\u00eda Zagal Guzm\u00e1n, agradeci\u00f3 a pintores, escultores, artistas pl\u00e1sticos y ciudadanos, no solo de la capital morelense, sino tambi\u00e9n de otros estados como Puebla, Guadalajara y Yucat\u00e1n, que se sumaron a esta noble labor interviniendo estas figuras hechas a base de cer\u00e1mica, creando obras de arte, que fueron sujetas a una almoneda para obtener recursos con los que se adquirir\u00e1n andaderas, sillas de ruedas, bastones y lentes que pr\u00f3ximamente ser\u00e1n entregados a la poblaci\u00f3n.<\/p>\n\n\n\n<p>Ante integrantes del Cabildo y Gabinete miembros de la Junta Directiva, hizo un especial reconocimiento al maestro V\u00edctor Contreras que don\u00f3 una reproducci\u00f3n de su obra &#8220;Quetzalc\u00f3atl, Eje de las Culturas Mesoamericanas\u201d, siendo uno de los ingresos m\u00e1s fuertes para la subasta, as\u00ed como a la pintora, Magda Torres Gurza; a la maestra Betsabe\u00e9 Romero y a sus hijas, Fernanda y Mariana Uri\u00f3stegui Zagal, que donaron tambi\u00e9n parte de su obra.<\/p>\n\n\n\n<p>\u201cQuiero agradecer p\u00fablicamente a todos los que participaron, al personal, a los artistas, a la subastadora Morton, que pusieron su granito de arena y a la Junta Directiva que estuvieron presentes y adquirieron una obra\u201d, expres\u00f3.<\/p>\n\n\n\n<p>Por su lado, el alcalde Jos\u00e9 Luis Uri\u00f3stegui, extern\u00f3 su amplio reconocimiento a su esposa, la presidenta del Sistema Municipal DIF Cuernavaca debido a que \u00e9ste fue un proyecto que concibi\u00f3, echo andar y despu\u00e9s de varios meses de un trabajo arduo se logr\u00f3 alcanzar la meta establecida para cumplir con los objetivos del organismo, que careciendo de recursos econ\u00f3micos, no carece de creatividad y vinculaci\u00f3n con la sociedad para atender en conjunto los reclamos y peticiones de la poblaci\u00f3n que m\u00e1s lo necesita.<\/p>\n\n\n\n<p>De igual forma, agradeci\u00f3 a todas las personas involucradas en este proceso que les ayudaron a invitar y convencer a los artistas, a la subastadora Morton que no cobr\u00f3 por sus servicios, al jard\u00edn que fue prestado para tal efecto y a los participantes que comprar las piezas de arte en un evento divertido donde la bondad se hizo presente.&nbsp;<\/p>\n\n\n\n<p>\u201cM\u00e1s de 500 mil pesos que van a ser utilizados para comprar aparatos funcionales para personas con alguna discapacidad y de esa manera lograr que se cumplan los objetivos del DIF con una sociedad muy participativa que hace eco a los reclamos y a las peticiones de gente que necesita algo y que a veces est\u00e1 en nuestras manos aportar en especie o en numerario para solventar, aunque sean temporalmente sus necesidades\u201d, puntualiz\u00f3 Jos\u00e9 Luis Uri\u00f3stegui.<\/p>\n\n\n\n<p>Cabe recordar que adem\u00e1s de los 113 \u00e1rboles de la vida que fueron subastados, se donaron pinturas y esculturas de diferentes t\u00e9cnicas, as\u00ed como chamarras con dise\u00f1os personalizados que fueron un \u00e9xito entre los asistentes.<\/p>\n\n\n\n<figure class=\"wp-container-2 wp-block-gallery-1 wp-block-gallery has-nested-images columns-default is-cropped\">\n<figure class=\"wp-block-image size-large\"><img loading=\"lazy\" width=\"1024\" height=\"683\" data-id=\"27617\"  src=\"https:\/\/cuernavaca.gob.mx\/wp-content\/uploads\/2023\/04\/SUBASTA-ARBOL-DE-LA-BONDAD-CUERNAVACA-1-1024x683.jpeg\" alt=\"\" class=\"wp-image-27617\" srcset=\"https:\/\/cuernavaca.gob.mx\/wp-content\/uploads\/2023\/04\/SUBASTA-ARBOL-DE-LA-BONDAD-CUERNAVACA-1-1024x683.jpeg 1024w, https:\/\/cuernavaca.gob.mx\/wp-content\/uploads\/2023\/04\/SUBASTA-ARBOL-DE-LA-BONDAD-CUERNAVACA-1-300x200.jpeg 300w, https:\/\/cuernavaca.gob.mx\/wp-content\/uploads\/2023\/04\/SUBASTA-ARBOL-DE-LA-BONDAD-CUERNAVACA-1-768x512.jpeg 768w, https:\/\/cuernavaca.gob.mx\/wp-content\/uploads\/2023\/04\/SUBASTA-ARBOL-DE-LA-BONDAD-CUERNAVACA-1-1536x1024.jpeg 1536w, https:\/\/cuernavaca.gob.mx\/wp-content\/uploads\/2023\/04\/SUBASTA-ARBOL-DE-LA-BONDAD-CUERNAVACA-1-600x400.jpeg 600w, https:\/\/cuernavaca.gob.mx\/wp-content\/uploads\/2023\/04\/SUBASTA-ARBOL-DE-LA-BONDAD-CUERNAVACA-1-560x373.jpeg 560w, https:\/\/cuernavaca.gob.mx\/wp-content\/uploads\/2023\/04\/SUBASTA-ARBOL-DE-LA-BONDAD-CUERNAVACA-1.jpeg 1599w\" sizes=\"(max-width: 1024px) 100vw, 1024px\" \/><\/figure>\n\n\n\n<figure class=\"wp-block-image size-large\"><img loading=\"lazy\" width=\"1024\" height=\"683\" data-id=\"27618\"  src=\"https:\/\/cuernavaca.gob.mx\/wp-content\/uploads\/2023\/04\/SUBASTA-ARBOL-DE-LA-BONDAD-CUERNAVACA-2-1024x683.jpeg\" alt=\"\" class=\"wp-image-27618\" srcset=\"https:\/\/cuernavaca.gob.mx\/wp-content\/uploads\/2023\/04\/SUBASTA-ARBOL-DE-LA-BONDAD-CUERNAVACA-2-1024x683.jpeg 1024w, https:\/\/cuernavaca.gob.mx\/wp-content\/uploads\/2023\/04\/SUBASTA-ARBOL-DE-LA-BONDAD-CUERNAVACA-2-300x200.jpeg 300w, https:\/\/cuernavaca.gob.mx\/wp-content\/uploads\/2023\/04\/SUBASTA-ARBOL-DE-LA-BONDAD-CUERNAVACA-2-768x512.jpeg 768w, https:\/\/cuernavaca.gob.mx\/wp-content\/uploads\/2023\/04\/SUBASTA-ARBOL-DE-LA-BONDAD-CUERNAVACA-2-1536x1024.jpeg 1536w, https:\/\/cuernavaca.gob.mx\/wp-content\/uploads\/2023\/04\/SUBASTA-ARBOL-DE-LA-BONDAD-CUERNAVACA-2-600x400.jpeg 600w, https:\/\/cuernavaca.gob.mx\/wp-content\/uploads\/2023\/04\/SUBASTA-ARBOL-DE-LA-BONDAD-CUERNAVACA-2-560x373.jpeg 560w, https:\/\/cuernavaca.gob.mx\/wp-content\/uploads\/2023\/04\/SUBASTA-ARBOL-DE-LA-BONDAD-CUERNAVACA-2.jpeg 1599w\" sizes=\"(max-width: 1024px) 100vw, 1024px\" \/><\/figure>\n\n\n\n<figure class=\"wp-block-image size-large\"><img loading=\"lazy\" width=\"1024\" height=\"683\" data-id=\"27621\"  src=\"https:\/\/cuernavaca.gob.mx\/wp-content\/uploads\/2023\/04\/SUBASTA-ARBOL-DE-LA-BONDAD-CUERNAVACA-3-1024x683.jpeg\" alt=\"\" class=\"wp-image-27621\" srcset=\"https:\/\/cuernavaca.gob.mx\/wp-content\/uploads\/2023\/04\/SUBASTA-ARBOL-DE-LA-BONDAD-CUERNAVACA-3-1024x683.jpeg 1024w, https:\/\/cuernavaca.gob.mx\/wp-content\/uploads\/2023\/04\/SUBASTA-ARBOL-DE-LA-BONDAD-CUERNAVACA-3-300x200.jpeg 300w, https:\/\/cuernavaca.gob.mx\/wp-content\/uploads\/2023\/04\/SUBASTA-ARBOL-DE-LA-BONDAD-CUERNAVACA-3-768x512.jpeg 768w, https:\/\/cuernavaca.gob.mx\/wp-content\/uploads\/2023\/04\/SUBASTA-ARBOL-DE-LA-BONDAD-CUERNAVACA-3-1536x1024.jpeg 1536w, https:\/\/cuernavaca.gob.mx\/wp-content\/uploads\/2023\/04\/SUBASTA-ARBOL-DE-LA-BONDAD-CUERNAVACA-3-600x400.jpeg 600w, https:\/\/cuernavaca.gob.mx\/wp-content\/uploads\/2023\/04\/SUBASTA-ARBOL-DE-LA-BONDAD-CUERNAVACA-3-560x373.jpeg 560w, https:\/\/cuernavaca.gob.mx\/wp-content\/uploads\/2023\/04\/SUBASTA-ARBOL-DE-LA-BONDAD-CUERNAVACA-3.jpeg 1599w\" sizes=\"(max-width: 1024px) 100vw, 1024px\" \/><\/figure>\n\n\n\n<figure class=\"wp-block-image size-large\"><img loading=\"lazy\" width=\"1024\" height=\"683\" data-id=\"27619\"  src=\"https:\/\/cuernavaca.gob.mx\/wp-content\/uploads\/2023\/04\/SUBASTA-ARBOL-DE-LA-BONDAD-CUERNAVACA-4-1024x683.jpeg\" alt=\"\" class=\"wp-image-27619\" srcset=\"https:\/\/cuernavaca.gob.mx\/wp-content\/uploads\/2023\/04\/SUBASTA-ARBOL-DE-LA-BONDAD-CUERNAVACA-4-1024x683.jpeg 1024w, https:\/\/cuernavaca.gob.mx\/wp-content\/uploads\/2023\/04\/SUBASTA-ARBOL-DE-LA-BONDAD-CUERNAVACA-4-300x200.jpeg 300w, https:\/\/cuernavaca.gob.mx\/wp-content\/uploads\/2023\/04\/SUBASTA-ARBOL-DE-LA-BONDAD-CUERNAVACA-4-768x512.jpeg 768w, https:\/\/cuernavaca.gob.mx\/wp-content\/uploads\/2023\/04\/SUBASTA-ARBOL-DE-LA-BONDAD-CUERNAVACA-4-1536x1024.jpeg 1536w, https:\/\/cuernavaca.gob.mx\/wp-content\/uploads\/2023\/04\/SUBASTA-ARBOL-DE-LA-BONDAD-CUERNAVACA-4-600x400.jpeg 600w, https:\/\/cuernavaca.gob.mx\/wp-content\/uploads\/2023\/04\/SUBASTA-ARBOL-DE-LA-BONDAD-CUERNAVACA-4-560x373.jpeg 560w, https:\/\/cuernavaca.gob.mx\/wp-content\/uploads\/2023\/04\/SUBASTA-ARBOL-DE-LA-BONDAD-CUERNAVACA-4.jpeg 1599w\" sizes=\"(max-width: 1024px) 100vw, 1024px\" \/><\/figure>\n\n\n\n<figure class=\"wp-block-image size-large\"><img loading=\"lazy\" width=\"1024\" height=\"683\" data-id=\"27622\"  src=\"https:\/\/cuernavaca.gob.mx\/wp-content\/uploads\/2023\/04\/SUBASTA-ARBOL-DE-LA-BONDAD-CUERNAVACA-5-1024x683.jpeg\" alt=\"\" class=\"wp-image-27622\" srcset=\"https:\/\/cuernavaca.gob.mx\/wp-content\/uploads\/2023\/04\/SUBASTA-ARBOL-DE-LA-BONDAD-CUERNAVACA-5-1024x683.jpeg 1024w, https:\/\/cuernavaca.gob.mx\/wp-content\/uploads\/2023\/04\/SUBASTA-ARBOL-DE-LA-BONDAD-CUERNAVACA-5-300x200.jpeg 300w, https:\/\/cuernavaca.gob.mx\/wp-content\/uploads\/2023\/04\/SUBASTA-ARBOL-DE-LA-BONDAD-CUERNAVACA-5-768x512.jpeg 768w, https:\/\/cuernavaca.gob.mx\/wp-content\/uploads\/2023\/04\/SUBASTA-ARBOL-DE-LA-BONDAD-CUERNAVACA-5-1536x1024.jpeg 1536w, https:\/\/cuernavaca.gob.mx\/wp-content\/uploads\/2023\/04\/SUBASTA-ARBOL-DE-LA-BONDAD-CUERNAVACA-5-600x400.jpeg 600w, https:\/\/cuernavaca.gob.mx\/wp-content\/uploads\/2023\/04\/SUBASTA-ARBOL-DE-LA-BONDAD-CUERNAVACA-5-560x373.jpeg 560w, https:\/\/cuernavaca.gob.mx\/wp-content\/uploads\/2023\/04\/SUBASTA-ARBOL-DE-LA-BONDAD-CUERNAVACA-5.jpeg 1599w\" sizes=\"(max-width: 1024px) 100vw, 1024px\" \/><\/figure>\n\n\n\n<figure class=\"wp-block-image size-large\"><img loading=\"lazy\" width=\"1024\" height=\"683\" data-id=\"27623\"  src=\"https:\/\/cuernavaca.gob.mx\/wp-content\/uploads\/2023\/04\/SUBASTA-ARBOL-DE-LA-BONDAD-CUERNAVACA-6-1024x683.jpeg\" alt=\"\" class=\"wp-image-27623\" srcset=\"https:\/\/cuernavaca.gob.mx\/wp-content\/uploads\/2023\/04\/SUBASTA-ARBOL-DE-LA-BONDAD-CUERNAVACA-6-1024x683.jpeg 1024w, https:\/\/cuernavaca.gob.mx\/wp-content\/uploads\/2023\/04\/SUBASTA-ARBOL-DE-LA-BONDAD-CUERNAVACA-6-300x200.jpeg 300w, https:\/\/cuernavaca.gob.mx\/wp-content\/uploads\/2023\/04\/SUBASTA-ARBOL-DE-LA-BONDAD-CUERNAVACA-6-768x512.jpeg 768w, https:\/\/cuernavaca.gob.mx\/wp-content\/uploads\/2023\/04\/SUBASTA-ARBOL-DE-LA-BONDAD-CUERNAVACA-6-1536x1024.jpeg 1536w, https:\/\/cuernavaca.gob.mx\/wp-content\/uploads\/2023\/04\/SUBASTA-ARBOL-DE-LA-BONDAD-CUERNAVACA-6-600x400.jpeg 600w, https:\/\/cuernavaca.gob.mx\/wp-content\/uploads\/2023\/04\/SUBASTA-ARBOL-DE-LA-BONDAD-CUERNAVACA-6-560x373.jpeg 560w, https:\/\/cuernavaca.gob.mx\/wp-content\/uploads\/2023\/04\/SUBASTA-ARBOL-DE-LA-BONDAD-CUERNAVACA-6.jpeg 1599w\" sizes=\"(max-width: 1024px) 100vw, 1024px\" \/><\/figure>\n\n\n\n<figure class=\"wp-block-image size-large\"><img loading=\"lazy\" width=\"1024\" height=\"683\" data-id=\"27620\"  src=\"https:\/\/cuernavaca.gob.mx\/wp-content\/uploads\/2023\/04\/SUBASTA-ARBOL-DE-LA-BONDAD-CUERNAVACA-7-1024x683.jpeg\" alt=\"\" class=\"wp-image-27620\" srcset=\"https:\/\/cuernavaca.gob.mx\/wp-content\/uploads\/2023\/04\/SUBASTA-ARBOL-DE-LA-BONDAD-CUERNAVACA-7-1024x683.jpeg 1024w, https:\/\/cuernavaca.gob.mx\/wp-content\/uploads\/2023\/04\/SUBASTA-ARBOL-DE-LA-BONDAD-CUERNAVACA-7-300x200.jpeg 300w, https:\/\/cuernavaca.gob.mx\/wp-content\/uploads\/2023\/04\/SUBASTA-ARBOL-DE-LA-BONDAD-CUERNAVACA-7-768x512.jpeg 768w, https:\/\/cuernavaca.gob.mx\/wp-content\/uploads\/2023\/04\/SUBASTA-ARBOL-DE-LA-BONDAD-CUERNAVACA-7-1536x1024.jpeg 1536w, https:\/\/cuernavaca.gob.mx\/wp-content\/uploads\/2023\/04\/SUBASTA-ARBOL-DE-LA-BONDAD-CUERNAVACA-7-600x400.jpeg 600w, https:\/\/cuernavaca.gob.mx\/wp-content\/uploads\/2023\/04\/SUBASTA-ARBOL-DE-LA-BONDAD-CUERNAVACA-7-560x373.jpeg 560w, https:\/\/cuernavaca.gob.mx\/wp-content\/uploads\/2023\/04\/SUBASTA-ARBOL-DE-LA-BONDAD-CUERNAVACA-7.jpeg 1599w\" sizes=\"(max-width: 1024px) 100vw, 1024px\" \/><\/figure>\n<\/figure>\n","protected":false},"excerpt":{"rendered":"<p>\u2022\u00a0\u00a0\u00a0\u00a0\u00a0\u00a0\u00a0\u00a0\u00a0\u00a0\u00a0\u00a0 En sesi\u00f3n de la Junta Directiva del DIF Cuernavaca, el alcalde Jos\u00e9 Luis Uri\u00f3stegui hizo entrega del documento por parte de la Casa de Subastas Morton \u2022\u00a0\u00a0\u00a0\u00a0\u00a0\u00a0\u00a0\u00a0\u00a0\u00a0\u00a0\u00a0 Se lograron recaudar 512 mil 313.85 pesos que ser\u00e1n utilizados para la compra de aparatos funcionales y lentes para las personas que m\u00e1s lo necesitan En el [&hellip;]<\/p>\n","protected":false},"author":1,"featured_media":27617,"comment_status":"closed","ping_status":"open","sticky":false,"template":"","format":"standard","meta":[],"categories":[2292,16,20,899],"tags":[1300,121,190,132,120,206],"aioseo_notices":[],"_links":{"self":[{"href":"https:\/\/cuernavaca.gob.mx\/index.php?rest_route=\/wp\/v2\/posts\/27616"}],"collection":[{"href":"https:\/\/cuernavaca.gob.mx\/index.php?rest_route=\/wp\/v2\/posts"}],"about":[{"href":"https:\/\/cuernavaca.gob.mx\/index.php?rest_route=\/wp\/v2\/types\/post"}],"author":[{"embeddable":true,"href":"https:\/\/cuernavaca.gob.mx\/index.php?rest_route=\/wp\/v2\/users\/1"}],"replies":[{"embeddable":true,"href":"https:\/\/cuernavaca.gob.mx\/index.php?rest_route=%2Fwp%2Fv2%2Fcomments&post=27616"}],"version-history":[{"count":1,"href":"https:\/\/cuernavaca.gob.mx\/index.php?rest_route=\/wp\/v2\/posts\/27616\/revisions"}],"predecessor-version":[{"id":27624,"href":"https:\/\/cuernavaca.gob.mx\/index.php?rest_route=\/wp\/v2\/posts\/27616\/revisions\/27624"}],"wp:featuredmedia":[{"embeddable":true,"href":"https:\/\/cuernavaca.gob.mx\/index.php?rest_route=\/wp\/v2\/media\/27617"}],"wp:attachment":[{"href":"https:\/\/cuernavaca.gob.mx\/index.php?rest_route=%2Fwp%2Fv2%2Fmedia&parent=27616"}],"wp:term":[{"taxonomy":"category","embeddable":true,"href":"https:\/\/cuernavaca.gob.mx\/index.php?rest_route=%2Fwp%2Fv2%2Fcategories&post=27616"},{"taxonomy":"post_tag","embeddable":true,"href":"https:\/\/cuernavaca.gob.mx\/index.php?rest_route=%2Fwp%2Fv2%2Ftags&post=27616"}],"curies":[{"name":"wp","href":"https:\/\/api.w.org\/{rel}","templated":true}]}}