{"id":27625,"date":"2023-04-21T17:51:00","date_gmt":"2023-04-21T23:51:00","guid":{"rendered":"https:\/\/cuernavaca.gob.mx\/?p=27625"},"modified":"2025-05-06T12:36:54","modified_gmt":"2025-05-06T18:36:54","slug":"f410-21-04-23-ayuntamiento-de-cuernavaca-capacita-a-funcionarios-de-casilla-para-la-eleccion-del-poblado-de-ahuatepec","status":"publish","type":"post","link":"https:\/\/cuernavaca.gob.mx\/?p=27625","title":{"rendered":"F410 21\/04\/23 AYUNTAMIENTO DE CUERNAVACA CAPACITA A FUNCIONARIOS DE CASILLA PARA LA ELECCI\u00d3N DEL POBLADO DE AHUATEPEC"},"content":{"rendered":"\n<p><\/p>\n\n\n\n<p>Por instrucciones de la Junta Electoral Municipal del Ayuntamiento de Cuernavaca y conforme al calendario establecido, este viernes servidores p\u00fablicos municipales que fungir\u00e1n como funcionarios de casilla en la elecci\u00f3n a la Ayudant\u00eda Municipal del poblado de Ahuatepec fueron capacitados por el Instituto Morelense de Procesos Electorales y Participaci\u00f3n Ciudadana (IMPEPAC) sobre el correcto desarrollo de este ejercicio.<\/p>\n\n\n\n<p>El proceso democr\u00e1tico del poblado se desarrollar\u00e1 este domingo 23 de abril de 09:00 a las 16:00 horas, aunque se respetar\u00e1 el derecho al voto de las personas que sigan formadas a esta hora.<\/p>\n\n\n\n<figure class=\"wp-container-2 wp-block-gallery-1 wp-block-gallery has-nested-images columns-default is-cropped\">\n<figure class=\"wp-block-image size-large\"><img loading=\"lazy\" width=\"1024\" height=\"682\" data-id=\"27630\"  src=\"https:\/\/cuernavaca.gob.mx\/wp-content\/uploads\/2023\/04\/CAPACITACION-ELECCION-AHUATEPEC-CUERNAVACA-1-1024x682.jpeg\" alt=\"\" class=\"wp-image-27630\" srcset=\"https:\/\/cuernavaca.gob.mx\/wp-content\/uploads\/2023\/04\/CAPACITACION-ELECCION-AHUATEPEC-CUERNAVACA-1-1024x682.jpeg 1024w, https:\/\/cuernavaca.gob.mx\/wp-content\/uploads\/2023\/04\/CAPACITACION-ELECCION-AHUATEPEC-CUERNAVACA-1-300x200.jpeg 300w, https:\/\/cuernavaca.gob.mx\/wp-content\/uploads\/2023\/04\/CAPACITACION-ELECCION-AHUATEPEC-CUERNAVACA-1-768x512.jpeg 768w, https:\/\/cuernavaca.gob.mx\/wp-content\/uploads\/2023\/04\/CAPACITACION-ELECCION-AHUATEPEC-CUERNAVACA-1-600x400.jpeg 600w, https:\/\/cuernavaca.gob.mx\/wp-content\/uploads\/2023\/04\/CAPACITACION-ELECCION-AHUATEPEC-CUERNAVACA-1-560x373.jpeg 560w, https:\/\/cuernavaca.gob.mx\/wp-content\/uploads\/2023\/04\/CAPACITACION-ELECCION-AHUATEPEC-CUERNAVACA-1.jpeg 1280w\" sizes=\"(max-width: 1024px) 100vw, 1024px\" \/><\/figure>\n\n\n\n<figure class=\"wp-block-image size-large\"><img loading=\"lazy\" width=\"1024\" height=\"682\" data-id=\"27629\"  src=\"https:\/\/cuernavaca.gob.mx\/wp-content\/uploads\/2023\/04\/CAPACITACION-ELECCION-AHUATEPEC-CUERNAVACA-2-1024x682.jpeg\" alt=\"\" class=\"wp-image-27629\" srcset=\"https:\/\/cuernavaca.gob.mx\/wp-content\/uploads\/2023\/04\/CAPACITACION-ELECCION-AHUATEPEC-CUERNAVACA-2-1024x682.jpeg 1024w, https:\/\/cuernavaca.gob.mx\/wp-content\/uploads\/2023\/04\/CAPACITACION-ELECCION-AHUATEPEC-CUERNAVACA-2-300x200.jpeg 300w, https:\/\/cuernavaca.gob.mx\/wp-content\/uploads\/2023\/04\/CAPACITACION-ELECCION-AHUATEPEC-CUERNAVACA-2-768x512.jpeg 768w, https:\/\/cuernavaca.gob.mx\/wp-content\/uploads\/2023\/04\/CAPACITACION-ELECCION-AHUATEPEC-CUERNAVACA-2-600x400.jpeg 600w, https:\/\/cuernavaca.gob.mx\/wp-content\/uploads\/2023\/04\/CAPACITACION-ELECCION-AHUATEPEC-CUERNAVACA-2-560x373.jpeg 560w, https:\/\/cuernavaca.gob.mx\/wp-content\/uploads\/2023\/04\/CAPACITACION-ELECCION-AHUATEPEC-CUERNAVACA-2.jpeg 1280w\" sizes=\"(max-width: 1024px) 100vw, 1024px\" \/><\/figure>\n\n\n\n<figure class=\"wp-block-image size-large\"><img loading=\"lazy\" width=\"1024\" height=\"682\" data-id=\"27628\"  src=\"https:\/\/cuernavaca.gob.mx\/wp-content\/uploads\/2023\/04\/CAPACITACION-ELECCION-AHUATEPEC-CUERNAVACA-3-1024x682.jpeg\" alt=\"\" class=\"wp-image-27628\" srcset=\"https:\/\/cuernavaca.gob.mx\/wp-content\/uploads\/2023\/04\/CAPACITACION-ELECCION-AHUATEPEC-CUERNAVACA-3-1024x682.jpeg 1024w, https:\/\/cuernavaca.gob.mx\/wp-content\/uploads\/2023\/04\/CAPACITACION-ELECCION-AHUATEPEC-CUERNAVACA-3-300x200.jpeg 300w, https:\/\/cuernavaca.gob.mx\/wp-content\/uploads\/2023\/04\/CAPACITACION-ELECCION-AHUATEPEC-CUERNAVACA-3-768x512.jpeg 768w, https:\/\/cuernavaca.gob.mx\/wp-content\/uploads\/2023\/04\/CAPACITACION-ELECCION-AHUATEPEC-CUERNAVACA-3-600x400.jpeg 600w, https:\/\/cuernavaca.gob.mx\/wp-content\/uploads\/2023\/04\/CAPACITACION-ELECCION-AHUATEPEC-CUERNAVACA-3-560x373.jpeg 560w, https:\/\/cuernavaca.gob.mx\/wp-content\/uploads\/2023\/04\/CAPACITACION-ELECCION-AHUATEPEC-CUERNAVACA-3.jpeg 1280w\" sizes=\"(max-width: 1024px) 100vw, 1024px\" \/><\/figure>\n\n\n\n<figure class=\"wp-block-image size-large\"><img loading=\"lazy\" width=\"1024\" height=\"682\" data-id=\"27626\"  src=\"https:\/\/cuernavaca.gob.mx\/wp-content\/uploads\/2023\/04\/CAPACITACION-ELECCION-AHUATEPEC-CUERNAVACA-4-1024x682.jpeg\" alt=\"\" class=\"wp-image-27626\" srcset=\"https:\/\/cuernavaca.gob.mx\/wp-content\/uploads\/2023\/04\/CAPACITACION-ELECCION-AHUATEPEC-CUERNAVACA-4-1024x682.jpeg 1024w, https:\/\/cuernavaca.gob.mx\/wp-content\/uploads\/2023\/04\/CAPACITACION-ELECCION-AHUATEPEC-CUERNAVACA-4-300x200.jpeg 300w, https:\/\/cuernavaca.gob.mx\/wp-content\/uploads\/2023\/04\/CAPACITACION-ELECCION-AHUATEPEC-CUERNAVACA-4-768x512.jpeg 768w, https:\/\/cuernavaca.gob.mx\/wp-content\/uploads\/2023\/04\/CAPACITACION-ELECCION-AHUATEPEC-CUERNAVACA-4-600x400.jpeg 600w, https:\/\/cuernavaca.gob.mx\/wp-content\/uploads\/2023\/04\/CAPACITACION-ELECCION-AHUATEPEC-CUERNAVACA-4-560x373.jpeg 560w, https:\/\/cuernavaca.gob.mx\/wp-content\/uploads\/2023\/04\/CAPACITACION-ELECCION-AHUATEPEC-CUERNAVACA-4.jpeg 1280w\" sizes=\"(max-width: 1024px) 100vw, 1024px\" \/><\/figure>\n\n\n\n<figure class=\"wp-block-image size-large\"><img loading=\"lazy\" width=\"1024\" height=\"682\" data-id=\"27627\"  src=\"https:\/\/cuernavaca.gob.mx\/wp-content\/uploads\/2023\/04\/CAPACITACION-ELECCION-AHUATEPEC-CUERNAVACA-5-1024x682.jpeg\" alt=\"\" class=\"wp-image-27627\" srcset=\"https:\/\/cuernavaca.gob.mx\/wp-content\/uploads\/2023\/04\/CAPACITACION-ELECCION-AHUATEPEC-CUERNAVACA-5-1024x682.jpeg 1024w, https:\/\/cuernavaca.gob.mx\/wp-content\/uploads\/2023\/04\/CAPACITACION-ELECCION-AHUATEPEC-CUERNAVACA-5-300x200.jpeg 300w, https:\/\/cuernavaca.gob.mx\/wp-content\/uploads\/2023\/04\/CAPACITACION-ELECCION-AHUATEPEC-CUERNAVACA-5-768x512.jpeg 768w, https:\/\/cuernavaca.gob.mx\/wp-content\/uploads\/2023\/04\/CAPACITACION-ELECCION-AHUATEPEC-CUERNAVACA-5-600x400.jpeg 600w, https:\/\/cuernavaca.gob.mx\/wp-content\/uploads\/2023\/04\/CAPACITACION-ELECCION-AHUATEPEC-CUERNAVACA-5-560x373.jpeg 560w, https:\/\/cuernavaca.gob.mx\/wp-content\/uploads\/2023\/04\/CAPACITACION-ELECCION-AHUATEPEC-CUERNAVACA-5.jpeg 1280w\" sizes=\"(max-width: 1024px) 100vw, 1024px\" \/><\/figure>\n<\/figure>\n","protected":false},"excerpt":{"rendered":"<p>Por instrucciones de la Junta Electoral Municipal del Ayuntamiento de Cuernavaca y conforme al calendario establecido, este viernes servidores p\u00fablicos municipales que fungir\u00e1n como funcionarios de casilla en la elecci\u00f3n a la Ayudant\u00eda Municipal del poblado de Ahuatepec fueron capacitados por el Instituto Morelense de Procesos Electorales y Participaci\u00f3n Ciudadana (IMPEPAC) sobre el correcto desarrollo [&hellip;]<\/p>\n","protected":false},"author":1,"featured_media":27630,"comment_status":"closed","ping_status":"open","sticky":false,"template":"","format":"standard","meta":[],"categories":[20],"tags":[121,120,206],"aioseo_notices":[],"_links":{"self":[{"href":"https:\/\/cuernavaca.gob.mx\/index.php?rest_route=\/wp\/v2\/posts\/27625"}],"collection":[{"href":"https:\/\/cuernavaca.gob.mx\/index.php?rest_route=\/wp\/v2\/posts"}],"about":[{"href":"https:\/\/cuernavaca.gob.mx\/index.php?rest_route=\/wp\/v2\/types\/post"}],"author":[{"embeddable":true,"href":"https:\/\/cuernavaca.gob.mx\/index.php?rest_route=\/wp\/v2\/users\/1"}],"replies":[{"embeddable":true,"href":"https:\/\/cuernavaca.gob.mx\/index.php?rest_route=%2Fwp%2Fv2%2Fcomments&post=27625"}],"version-history":[{"count":1,"href":"https:\/\/cuernavaca.gob.mx\/index.php?rest_route=\/wp\/v2\/posts\/27625\/revisions"}],"predecessor-version":[{"id":27631,"href":"https:\/\/cuernavaca.gob.mx\/index.php?rest_route=\/wp\/v2\/posts\/27625\/revisions\/27631"}],"wp:featuredmedia":[{"embeddable":true,"href":"https:\/\/cuernavaca.gob.mx\/index.php?rest_route=\/wp\/v2\/media\/27630"}],"wp:attachment":[{"href":"https:\/\/cuernavaca.gob.mx\/index.php?rest_route=%2Fwp%2Fv2%2Fmedia&parent=27625"}],"wp:term":[{"taxonomy":"category","embeddable":true,"href":"https:\/\/cuernavaca.gob.mx\/index.php?rest_route=%2Fwp%2Fv2%2Fcategories&post=27625"},{"taxonomy":"post_tag","embeddable":true,"href":"https:\/\/cuernavaca.gob.mx\/index.php?rest_route=%2Fwp%2Fv2%2Ftags&post=27625"}],"curies":[{"name":"wp","href":"https:\/\/api.w.org\/{rel}","templated":true}]}}