{"id":27647,"date":"2023-04-22T16:30:00","date_gmt":"2023-04-22T22:30:00","guid":{"rendered":"https:\/\/cuernavaca.gob.mx\/?p=27647"},"modified":"2025-05-06T12:36:53","modified_gmt":"2025-05-06T18:36:53","slug":"b934-22-04-23-cuernavaca-se-posiciona-nuevamente-como-un-destino-turistico-por-su-oferta-cultural-y-artistica","status":"publish","type":"post","link":"https:\/\/cuernavaca.gob.mx\/?p=27647","title":{"rendered":"B934 22\/04\/23 CUERNAVACA SE POSICIONA NUEVAMENTE COMO UN DESTINO TUR\u00cdSTICO POR SU OFERTA CULTURAL Y ART\u00cdSTICA"},"content":{"rendered":"\n<p><\/p>\n\n\n\n<p>\u2022\u00a0\u00a0\u00a0\u00a0\u00a0\u00a0\u00a0\u00a0\u00a0\u00a0\u00a0\u00a0 <strong>En el marco de la segunda sesi\u00f3n ordinaria del Consejo Municipal de la Cultura y las Artes de Cuernavaca, el Instituto de Cultura inform\u00f3 que ha atendido en los \u00faltimos tres meses del a\u00f1o un p\u00fablico total de tres mil 700 personas<\/strong><\/p>\n\n\n\n<p>La ciudad de Cuernavaca ha comenzado a posicionarse como un destino tur\u00edstico referente en el pa\u00eds por su oferta cultural y art\u00edstica, esto gracias al impulso que se le ha dado desde el Gobierno Municipal, a trav\u00e9s del Instituto de Cultura de la Secretar\u00eda de Desarrollo Humano y Participaci\u00f3n Social, que solo en los \u00faltimos tres meses del a\u00f1o ha atendido un p\u00fablico total de tres mil 700 personas.<\/p>\n\n\n\n<p>En el marco de la segunda sesi\u00f3n ordinaria del Consejo Municipal de la Cultura y las Artes de Cuernavaca, el director general del Instituto de Cultura, Juan Contreras de Oteyza, rindi\u00f3 un informe de actividades, destacando la realizaci\u00f3n de 19 actividades culturales de diversas expresiones art\u00edsticas que han contado con la asistencia de 735 personas, 21 eventos no culturales, como talleres, que han tenido la presencia de dos mil 065 personas; la inauguraci\u00f3n de dos exposiciones, la asistencia a seis sesiones de Cabildo y la visita de 900 personas al Museo de la Ciudad de Cuernavaca.<\/p>\n\n\n\n<p>Asimismo, anunci\u00f3 al presidente municipal, Jos\u00e9 Luis Uri\u00f3stegui Salgado; a la secretaria de Desarrollo Humano y Participaci\u00f3n Social, Laura Hern\u00e1ndez Cruz y a los consejeros ciudadanos junto con regidoras, las pr\u00f3ximas actividades del instituto, de las cuales enfatiz\u00f3 el Marat\u00f3n de la Lectura en conmemoraci\u00f3n del D\u00eda Internacional del Libro este domingo 23 de abril; el D\u00eda de las Infancias donde tienen contemplada la presentaci\u00f3n de dos obras de teatro en el museo y en el espect\u00e1culo en Patios de la Estaci\u00f3n, el D\u00eda Internacional de los Museos y la segunda edici\u00f3n del exitoso Festival Cultural de Verano, entre otros.<\/p>\n\n\n\n<p>Los integrantes del Consejo Municipal de la Cultura y las Artes de Cuernavaca externaron su felicitaci\u00f3n al director general y su equipo de trabajo, que han colocado a la capital morelense nuevamente dentro del mapa cultural y art\u00edstico del pa\u00eds.<\/p>\n\n\n\n<p>Para conocer la cartelera del Instituto de Cultura de Cuernavaca y los talleres que llevar\u00e1n a cabo pueden acceder a sus redes sociales oficiales, as\u00ed como las del Municipio de Cuernavaca y de la Secretar\u00eda de Desarrollo Humano y Participaci\u00f3n Social de Cuernavaca.<\/p>\n\n\n\n<figure class=\"wp-container-2 wp-block-gallery-1 wp-block-gallery has-nested-images columns-default is-cropped\">\n<figure class=\"wp-block-image size-large\"><img loading=\"lazy\" width=\"1024\" height=\"682\" data-id=\"27650\"  src=\"https:\/\/cuernavaca.gob.mx\/wp-content\/uploads\/2023\/04\/CONSEJO-CULTURA-ARTE-CUERNAVACA-ABRIL-1-1024x682.jpeg\" alt=\"\" class=\"wp-image-27650\" srcset=\"https:\/\/cuernavaca.gob.mx\/wp-content\/uploads\/2023\/04\/CONSEJO-CULTURA-ARTE-CUERNAVACA-ABRIL-1-1024x682.jpeg 1024w, https:\/\/cuernavaca.gob.mx\/wp-content\/uploads\/2023\/04\/CONSEJO-CULTURA-ARTE-CUERNAVACA-ABRIL-1-300x200.jpeg 300w, https:\/\/cuernavaca.gob.mx\/wp-content\/uploads\/2023\/04\/CONSEJO-CULTURA-ARTE-CUERNAVACA-ABRIL-1-768x512.jpeg 768w, https:\/\/cuernavaca.gob.mx\/wp-content\/uploads\/2023\/04\/CONSEJO-CULTURA-ARTE-CUERNAVACA-ABRIL-1-1536x1023.jpeg 1536w, https:\/\/cuernavaca.gob.mx\/wp-content\/uploads\/2023\/04\/CONSEJO-CULTURA-ARTE-CUERNAVACA-ABRIL-1-600x400.jpeg 600w, https:\/\/cuernavaca.gob.mx\/wp-content\/uploads\/2023\/04\/CONSEJO-CULTURA-ARTE-CUERNAVACA-ABRIL-1-560x373.jpeg 560w, https:\/\/cuernavaca.gob.mx\/wp-content\/uploads\/2023\/04\/CONSEJO-CULTURA-ARTE-CUERNAVACA-ABRIL-1.jpeg 1600w\" sizes=\"(max-width: 1024px) 100vw, 1024px\" \/><\/figure>\n\n\n\n<figure class=\"wp-block-image size-large\"><img loading=\"lazy\" width=\"1024\" height=\"682\" data-id=\"27651\"  src=\"https:\/\/cuernavaca.gob.mx\/wp-content\/uploads\/2023\/04\/CONSEJO-CULTURA-ARTE-CUERNAVACA-ABRIL-2-1024x682.jpeg\" alt=\"\" class=\"wp-image-27651\" srcset=\"https:\/\/cuernavaca.gob.mx\/wp-content\/uploads\/2023\/04\/CONSEJO-CULTURA-ARTE-CUERNAVACA-ABRIL-2-1024x682.jpeg 1024w, https:\/\/cuernavaca.gob.mx\/wp-content\/uploads\/2023\/04\/CONSEJO-CULTURA-ARTE-CUERNAVACA-ABRIL-2-300x200.jpeg 300w, https:\/\/cuernavaca.gob.mx\/wp-content\/uploads\/2023\/04\/CONSEJO-CULTURA-ARTE-CUERNAVACA-ABRIL-2-768x512.jpeg 768w, https:\/\/cuernavaca.gob.mx\/wp-content\/uploads\/2023\/04\/CONSEJO-CULTURA-ARTE-CUERNAVACA-ABRIL-2-1536x1023.jpeg 1536w, https:\/\/cuernavaca.gob.mx\/wp-content\/uploads\/2023\/04\/CONSEJO-CULTURA-ARTE-CUERNAVACA-ABRIL-2-600x400.jpeg 600w, https:\/\/cuernavaca.gob.mx\/wp-content\/uploads\/2023\/04\/CONSEJO-CULTURA-ARTE-CUERNAVACA-ABRIL-2-560x373.jpeg 560w, https:\/\/cuernavaca.gob.mx\/wp-content\/uploads\/2023\/04\/CONSEJO-CULTURA-ARTE-CUERNAVACA-ABRIL-2.jpeg 1600w\" sizes=\"(max-width: 1024px) 100vw, 1024px\" \/><\/figure>\n\n\n\n<figure class=\"wp-block-image size-large\"><img loading=\"lazy\" width=\"1024\" height=\"682\" data-id=\"27648\"  src=\"https:\/\/cuernavaca.gob.mx\/wp-content\/uploads\/2023\/04\/CONSEJO-CULTURA-ARTE-CUERNAVACA-ABRIL-3-1024x682.jpeg\" alt=\"\" class=\"wp-image-27648\" srcset=\"https:\/\/cuernavaca.gob.mx\/wp-content\/uploads\/2023\/04\/CONSEJO-CULTURA-ARTE-CUERNAVACA-ABRIL-3-1024x682.jpeg 1024w, https:\/\/cuernavaca.gob.mx\/wp-content\/uploads\/2023\/04\/CONSEJO-CULTURA-ARTE-CUERNAVACA-ABRIL-3-300x200.jpeg 300w, https:\/\/cuernavaca.gob.mx\/wp-content\/uploads\/2023\/04\/CONSEJO-CULTURA-ARTE-CUERNAVACA-ABRIL-3-768x512.jpeg 768w, https:\/\/cuernavaca.gob.mx\/wp-content\/uploads\/2023\/04\/CONSEJO-CULTURA-ARTE-CUERNAVACA-ABRIL-3-1536x1023.jpeg 1536w, https:\/\/cuernavaca.gob.mx\/wp-content\/uploads\/2023\/04\/CONSEJO-CULTURA-ARTE-CUERNAVACA-ABRIL-3-600x400.jpeg 600w, https:\/\/cuernavaca.gob.mx\/wp-content\/uploads\/2023\/04\/CONSEJO-CULTURA-ARTE-CUERNAVACA-ABRIL-3-560x373.jpeg 560w, https:\/\/cuernavaca.gob.mx\/wp-content\/uploads\/2023\/04\/CONSEJO-CULTURA-ARTE-CUERNAVACA-ABRIL-3.jpeg 1600w\" sizes=\"(max-width: 1024px) 100vw, 1024px\" \/><\/figure>\n\n\n\n<figure class=\"wp-block-image size-large\"><img loading=\"lazy\" width=\"1024\" height=\"682\" data-id=\"27649\"  src=\"https:\/\/cuernavaca.gob.mx\/wp-content\/uploads\/2023\/04\/CONSEJO-CULTURA-ARTE-CUERNAVACA-ABRIL-4-1024x682.jpeg\" alt=\"\" class=\"wp-image-27649\" srcset=\"https:\/\/cuernavaca.gob.mx\/wp-content\/uploads\/2023\/04\/CONSEJO-CULTURA-ARTE-CUERNAVACA-ABRIL-4-1024x682.jpeg 1024w, https:\/\/cuernavaca.gob.mx\/wp-content\/uploads\/2023\/04\/CONSEJO-CULTURA-ARTE-CUERNAVACA-ABRIL-4-300x200.jpeg 300w, https:\/\/cuernavaca.gob.mx\/wp-content\/uploads\/2023\/04\/CONSEJO-CULTURA-ARTE-CUERNAVACA-ABRIL-4-768x512.jpeg 768w, https:\/\/cuernavaca.gob.mx\/wp-content\/uploads\/2023\/04\/CONSEJO-CULTURA-ARTE-CUERNAVACA-ABRIL-4-1536x1023.jpeg 1536w, https:\/\/cuernavaca.gob.mx\/wp-content\/uploads\/2023\/04\/CONSEJO-CULTURA-ARTE-CUERNAVACA-ABRIL-4-600x400.jpeg 600w, https:\/\/cuernavaca.gob.mx\/wp-content\/uploads\/2023\/04\/CONSEJO-CULTURA-ARTE-CUERNAVACA-ABRIL-4-560x373.jpeg 560w, https:\/\/cuernavaca.gob.mx\/wp-content\/uploads\/2023\/04\/CONSEJO-CULTURA-ARTE-CUERNAVACA-ABRIL-4.jpeg 1600w\" sizes=\"(max-width: 1024px) 100vw, 1024px\" \/><\/figure>\n\n\n\n<figure class=\"wp-block-image size-large\"><img loading=\"lazy\" width=\"1024\" height=\"682\" data-id=\"27652\"  src=\"https:\/\/cuernavaca.gob.mx\/wp-content\/uploads\/2023\/04\/CONSEJO-CULTURA-ARTE-CUERNAVACA-ABRIL-5-1024x682.jpeg\" alt=\"\" class=\"wp-image-27652\" srcset=\"https:\/\/cuernavaca.gob.mx\/wp-content\/uploads\/2023\/04\/CONSEJO-CULTURA-ARTE-CUERNAVACA-ABRIL-5-1024x682.jpeg 1024w, https:\/\/cuernavaca.gob.mx\/wp-content\/uploads\/2023\/04\/CONSEJO-CULTURA-ARTE-CUERNAVACA-ABRIL-5-300x200.jpeg 300w, https:\/\/cuernavaca.gob.mx\/wp-content\/uploads\/2023\/04\/CONSEJO-CULTURA-ARTE-CUERNAVACA-ABRIL-5-768x512.jpeg 768w, https:\/\/cuernavaca.gob.mx\/wp-content\/uploads\/2023\/04\/CONSEJO-CULTURA-ARTE-CUERNAVACA-ABRIL-5-1536x1023.jpeg 1536w, https:\/\/cuernavaca.gob.mx\/wp-content\/uploads\/2023\/04\/CONSEJO-CULTURA-ARTE-CUERNAVACA-ABRIL-5-600x400.jpeg 600w, https:\/\/cuernavaca.gob.mx\/wp-content\/uploads\/2023\/04\/CONSEJO-CULTURA-ARTE-CUERNAVACA-ABRIL-5-560x373.jpeg 560w, https:\/\/cuernavaca.gob.mx\/wp-content\/uploads\/2023\/04\/CONSEJO-CULTURA-ARTE-CUERNAVACA-ABRIL-5.jpeg 1600w\" sizes=\"(max-width: 1024px) 100vw, 1024px\" \/><\/figure>\n\n\n\n<figure class=\"wp-block-image size-large\"><img loading=\"lazy\" width=\"1024\" height=\"682\" data-id=\"27653\"  src=\"https:\/\/cuernavaca.gob.mx\/wp-content\/uploads\/2023\/04\/CONSEJO-CULTURA-ARTE-CUERNAVACA-ABRIL-6-1024x682.jpeg\" alt=\"\" class=\"wp-image-27653\" srcset=\"https:\/\/cuernavaca.gob.mx\/wp-content\/uploads\/2023\/04\/CONSEJO-CULTURA-ARTE-CUERNAVACA-ABRIL-6-1024x682.jpeg 1024w, https:\/\/cuernavaca.gob.mx\/wp-content\/uploads\/2023\/04\/CONSEJO-CULTURA-ARTE-CUERNAVACA-ABRIL-6-300x200.jpeg 300w, https:\/\/cuernavaca.gob.mx\/wp-content\/uploads\/2023\/04\/CONSEJO-CULTURA-ARTE-CUERNAVACA-ABRIL-6-768x512.jpeg 768w, https:\/\/cuernavaca.gob.mx\/wp-content\/uploads\/2023\/04\/CONSEJO-CULTURA-ARTE-CUERNAVACA-ABRIL-6-1536x1023.jpeg 1536w, https:\/\/cuernavaca.gob.mx\/wp-content\/uploads\/2023\/04\/CONSEJO-CULTURA-ARTE-CUERNAVACA-ABRIL-6-600x400.jpeg 600w, https:\/\/cuernavaca.gob.mx\/wp-content\/uploads\/2023\/04\/CONSEJO-CULTURA-ARTE-CUERNAVACA-ABRIL-6-560x373.jpeg 560w, https:\/\/cuernavaca.gob.mx\/wp-content\/uploads\/2023\/04\/CONSEJO-CULTURA-ARTE-CUERNAVACA-ABRIL-6.jpeg 1600w\" sizes=\"(max-width: 1024px) 100vw, 1024px\" \/><\/figure>\n<\/figure>\n","protected":false},"excerpt":{"rendered":"<p>\u2022\u00a0\u00a0\u00a0\u00a0\u00a0\u00a0\u00a0\u00a0\u00a0\u00a0\u00a0\u00a0 En el marco de la segunda sesi\u00f3n ordinaria del Consejo Municipal de la Cultura y las Artes de Cuernavaca, el Instituto de Cultura inform\u00f3 que ha atendido en los \u00faltimos tres meses del a\u00f1o un p\u00fablico total de tres mil 700 personas La ciudad de Cuernavaca ha comenzado a posicionarse como un destino tur\u00edstico [&hellip;]<\/p>\n","protected":false},"author":1,"featured_media":27652,"comment_status":"closed","ping_status":"open","sticky":false,"template":"","format":"standard","meta":[],"categories":[2292,862,20,21],"tags":[1300,121,190,3032,120,206,194],"aioseo_notices":[],"_links":{"self":[{"href":"https:\/\/cuernavaca.gob.mx\/index.php?rest_route=\/wp\/v2\/posts\/27647"}],"collection":[{"href":"https:\/\/cuernavaca.gob.mx\/index.php?rest_route=\/wp\/v2\/posts"}],"about":[{"href":"https:\/\/cuernavaca.gob.mx\/index.php?rest_route=\/wp\/v2\/types\/post"}],"author":[{"embeddable":true,"href":"https:\/\/cuernavaca.gob.mx\/index.php?rest_route=\/wp\/v2\/users\/1"}],"replies":[{"embeddable":true,"href":"https:\/\/cuernavaca.gob.mx\/index.php?rest_route=%2Fwp%2Fv2%2Fcomments&post=27647"}],"version-history":[{"count":1,"href":"https:\/\/cuernavaca.gob.mx\/index.php?rest_route=\/wp\/v2\/posts\/27647\/revisions"}],"predecessor-version":[{"id":27654,"href":"https:\/\/cuernavaca.gob.mx\/index.php?rest_route=\/wp\/v2\/posts\/27647\/revisions\/27654"}],"wp:featuredmedia":[{"embeddable":true,"href":"https:\/\/cuernavaca.gob.mx\/index.php?rest_route=\/wp\/v2\/media\/27652"}],"wp:attachment":[{"href":"https:\/\/cuernavaca.gob.mx\/index.php?rest_route=%2Fwp%2Fv2%2Fmedia&parent=27647"}],"wp:term":[{"taxonomy":"category","embeddable":true,"href":"https:\/\/cuernavaca.gob.mx\/index.php?rest_route=%2Fwp%2Fv2%2Fcategories&post=27647"},{"taxonomy":"post_tag","embeddable":true,"href":"https:\/\/cuernavaca.gob.mx\/index.php?rest_route=%2Fwp%2Fv2%2Ftags&post=27647"}],"curies":[{"name":"wp","href":"https:\/\/api.w.org\/{rel}","templated":true}]}}