{"id":27655,"date":"2023-04-23T13:50:11","date_gmt":"2023-04-23T19:50:11","guid":{"rendered":"https:\/\/cuernavaca.gob.mx\/?p=27655"},"modified":"2025-05-06T12:36:53","modified_gmt":"2025-05-06T18:36:53","slug":"b935-23-04-23-ayuntamiento-de-cuernavaca-analiza-propuesta-viable-para-dar-solucion-a-zona-de-riesgo-en-la-colonia-los-pilares","status":"publish","type":"post","link":"https:\/\/cuernavaca.gob.mx\/?p=27655","title":{"rendered":"B935 23\/04\/23 AYUNTAMIENTO DE CUERNAVACA ANALIZA PROPUESTA VIABLE PARA DAR SOLUCI\u00d3N A ZONA DE RIESGO EN LA COLONIA LOS PILARES"},"content":{"rendered":"\n<p><\/p>\n\n\n\n<p>\u2022\u00a0\u00a0\u00a0\u00a0\u00a0\u00a0\u00a0\u00a0\u00a0\u00a0\u00a0\u00a0<strong> Encabezados por el presidente municipal, Jos\u00e9 Luis Uri\u00f3stegui, integrantes del Gabinete sostuvieron una reuni\u00f3n de seguimiento con representantes del Colegio de Ingenieros Civiles del Estado de Morelos<\/strong><\/p>\n\n\n\n<p>\u2022\u00a0\u00a0\u00a0\u00a0\u00a0\u00a0\u00a0\u00a0\u00a0\u00a0\u00a0\u00a0 <strong>A la brevedad la SEPRAC estar\u00e1 trabajando en el rescate de los ata\u00fades del pante\u00f3n Jardines de la Paz que se ubican a la orilla del talud<\/strong><\/p>\n\n\n\n<p>El Ayuntamiento de Cuernavaca sigue avanzando en el an\u00e1lisis del proyecto a implementar en la colonia Los Pilares donde el 14 de septiembre del 2022 se registr\u00f3 el deslave de un pared\u00f3n, priorizando en la toma de decisiones la seguridad de las personas que residen todav\u00eda en este lugar, pese a ser considerada una zona de alto riesgo.&nbsp;<\/p>\n\n\n\n<p>Encabezados por el presidente municipal, Jos\u00e9 Luis Uri\u00f3stegui Salgado, la secretaria de Protecci\u00f3n y Auxilio Ciudadano (SEPRAC), Alicia V\u00e1zquez Luna; la coordinadora municipal de Protecci\u00f3n Civil, Mar\u00eda del Roc\u00edo Guadarrama Garc\u00eda; el secretario de Desarrollo Sustentable y Servicios P\u00fablicos, Israel Albavera V\u00e1zquez; el secretario del Ayuntamiento, Carlos de la Rosa Segura y el director del pante\u00f3n Jardines de la Paz, Christian de la Cruz Flores, sostuvieron una reuni\u00f3n de seguimiento con representantes del Colegio de Ingenieros Civiles del Estado de Morelos, quienes se han encargado de elaborar los estudios t\u00e9cnicos del per\u00edmetro.<\/p>\n\n\n\n<p>&#8220;Necesitamos tomar decisiones, pero la primera es darle seguridad a las personas que viven ah\u00ed&#8221;, enfatiz\u00f3 Jos\u00e9 Luis Uri\u00f3stegui.<\/p>\n\n\n\n<p>En el marco del encuentro las autoridades municipales escucharon los planteamientos propuestos por los expertos para definir qu\u00e9 soluci\u00f3n se le puede dar al talud, a fin de evitar m\u00e1s da\u00f1os en la zona, pero sobre todo salvaguardar la integridad de los residentes de dicha colonia perteneciente al poblado de Chipitl\u00e1n que siguen habitando 59 viviendas a pesar de que Protecci\u00f3n Civil Municipal les ha solicitado su desalojo urgente.<\/p>\n\n\n\n<p>S\u00ed bien la valoraci\u00f3n de los estudios t\u00e9cnicos y su viabilidad financiera contin\u00faan, por instrucci\u00f3n del alcalde Jos\u00e9 Luis Uri\u00f3stegui, los titulares de la SEPRAC, Protecci\u00f3n Civil, las Secretar\u00edas de Desarrollo Sustentable y Servicios P\u00fablicos, de Desarrollo Urbano y Obras P\u00fablicas, de Desarrollo Humano y Participaci\u00f3n Social, de la Consejer\u00eda Jur\u00eddica y Bomberos Cuernavaca, estar\u00e1n trabajando a la brevedad en una serie de acciones de planeaci\u00f3n y sociabilizaci\u00f3n con los habitantes de la zona, as\u00ed como en la reubicaci\u00f3n de ata\u00fades del pante\u00f3n Jardines de la Paz que se ubican a la orilla del talud.<\/p>\n\n\n\n<p>En este trabajo el municipio est\u00e1 buscando el apoyo de la Secretar\u00eda de Salud del Estado para la correcta exhumaci\u00f3n de los restos y de la Coordinaci\u00f3n Estatal de Protecci\u00f3n Civil, ya que podr\u00edan existir algunos riesgos para quienes lo ejecuten, privilegiando en todo momento su cuidado; las mesas de trabajo interinstitucional permanecer\u00e1n vigentes hasta encontrar soluciones viables.<\/p>\n\n\n\n<figure class=\"wp-container-2 wp-block-gallery-1 wp-block-gallery has-nested-images columns-default is-cropped\">\n<figure class=\"wp-block-image size-large\"><img loading=\"lazy\" width=\"1024\" height=\"683\" data-id=\"27658\"  src=\"https:\/\/cuernavaca.gob.mx\/wp-content\/uploads\/2023\/04\/LOS-PILARES-REUNION-CUERNAVACA-1-1024x683.jpeg\" alt=\"\" class=\"wp-image-27658\" srcset=\"https:\/\/cuernavaca.gob.mx\/wp-content\/uploads\/2023\/04\/LOS-PILARES-REUNION-CUERNAVACA-1-1024x683.jpeg 1024w, https:\/\/cuernavaca.gob.mx\/wp-content\/uploads\/2023\/04\/LOS-PILARES-REUNION-CUERNAVACA-1-300x200.jpeg 300w, https:\/\/cuernavaca.gob.mx\/wp-content\/uploads\/2023\/04\/LOS-PILARES-REUNION-CUERNAVACA-1-768x512.jpeg 768w, https:\/\/cuernavaca.gob.mx\/wp-content\/uploads\/2023\/04\/LOS-PILARES-REUNION-CUERNAVACA-1-1536x1024.jpeg 1536w, https:\/\/cuernavaca.gob.mx\/wp-content\/uploads\/2023\/04\/LOS-PILARES-REUNION-CUERNAVACA-1-600x400.jpeg 600w, https:\/\/cuernavaca.gob.mx\/wp-content\/uploads\/2023\/04\/LOS-PILARES-REUNION-CUERNAVACA-1-560x373.jpeg 560w, https:\/\/cuernavaca.gob.mx\/wp-content\/uploads\/2023\/04\/LOS-PILARES-REUNION-CUERNAVACA-1.jpeg 1599w\" sizes=\"(max-width: 1024px) 100vw, 1024px\" \/><\/figure>\n\n\n\n<figure class=\"wp-block-image size-large\"><img loading=\"lazy\" width=\"1024\" height=\"683\" data-id=\"27660\"  src=\"https:\/\/cuernavaca.gob.mx\/wp-content\/uploads\/2023\/04\/LOS-PILARES-REUNION-CUERNAVACA-2-1024x683.jpeg\" alt=\"\" class=\"wp-image-27660\" srcset=\"https:\/\/cuernavaca.gob.mx\/wp-content\/uploads\/2023\/04\/LOS-PILARES-REUNION-CUERNAVACA-2-1024x683.jpeg 1024w, https:\/\/cuernavaca.gob.mx\/wp-content\/uploads\/2023\/04\/LOS-PILARES-REUNION-CUERNAVACA-2-300x200.jpeg 300w, https:\/\/cuernavaca.gob.mx\/wp-content\/uploads\/2023\/04\/LOS-PILARES-REUNION-CUERNAVACA-2-768x512.jpeg 768w, https:\/\/cuernavaca.gob.mx\/wp-content\/uploads\/2023\/04\/LOS-PILARES-REUNION-CUERNAVACA-2-1536x1024.jpeg 1536w, https:\/\/cuernavaca.gob.mx\/wp-content\/uploads\/2023\/04\/LOS-PILARES-REUNION-CUERNAVACA-2-600x400.jpeg 600w, https:\/\/cuernavaca.gob.mx\/wp-content\/uploads\/2023\/04\/LOS-PILARES-REUNION-CUERNAVACA-2-560x373.jpeg 560w, https:\/\/cuernavaca.gob.mx\/wp-content\/uploads\/2023\/04\/LOS-PILARES-REUNION-CUERNAVACA-2.jpeg 1599w\" sizes=\"(max-width: 1024px) 100vw, 1024px\" \/><\/figure>\n\n\n\n<figure class=\"wp-block-image size-large\"><img loading=\"lazy\" width=\"1024\" height=\"683\" data-id=\"27657\"  src=\"https:\/\/cuernavaca.gob.mx\/wp-content\/uploads\/2023\/04\/LOS-PILARES-REUNION-CUERNAVACA-3-1024x683.jpeg\" alt=\"\" class=\"wp-image-27657\" srcset=\"https:\/\/cuernavaca.gob.mx\/wp-content\/uploads\/2023\/04\/LOS-PILARES-REUNION-CUERNAVACA-3-1024x683.jpeg 1024w, https:\/\/cuernavaca.gob.mx\/wp-content\/uploads\/2023\/04\/LOS-PILARES-REUNION-CUERNAVACA-3-300x200.jpeg 300w, https:\/\/cuernavaca.gob.mx\/wp-content\/uploads\/2023\/04\/LOS-PILARES-REUNION-CUERNAVACA-3-768x512.jpeg 768w, https:\/\/cuernavaca.gob.mx\/wp-content\/uploads\/2023\/04\/LOS-PILARES-REUNION-CUERNAVACA-3-1536x1024.jpeg 1536w, https:\/\/cuernavaca.gob.mx\/wp-content\/uploads\/2023\/04\/LOS-PILARES-REUNION-CUERNAVACA-3-600x400.jpeg 600w, https:\/\/cuernavaca.gob.mx\/wp-content\/uploads\/2023\/04\/LOS-PILARES-REUNION-CUERNAVACA-3-560x373.jpeg 560w, https:\/\/cuernavaca.gob.mx\/wp-content\/uploads\/2023\/04\/LOS-PILARES-REUNION-CUERNAVACA-3.jpeg 1599w\" sizes=\"(max-width: 1024px) 100vw, 1024px\" \/><\/figure>\n\n\n\n<figure class=\"wp-block-image size-large\"><img loading=\"lazy\" width=\"1024\" height=\"683\" data-id=\"27656\"  src=\"https:\/\/cuernavaca.gob.mx\/wp-content\/uploads\/2023\/04\/LOS-PILARES-REUNION-CUERNAVACA-4-1024x683.jpeg\" alt=\"\" class=\"wp-image-27656\" srcset=\"https:\/\/cuernavaca.gob.mx\/wp-content\/uploads\/2023\/04\/LOS-PILARES-REUNION-CUERNAVACA-4-1024x683.jpeg 1024w, https:\/\/cuernavaca.gob.mx\/wp-content\/uploads\/2023\/04\/LOS-PILARES-REUNION-CUERNAVACA-4-300x200.jpeg 300w, https:\/\/cuernavaca.gob.mx\/wp-content\/uploads\/2023\/04\/LOS-PILARES-REUNION-CUERNAVACA-4-768x512.jpeg 768w, https:\/\/cuernavaca.gob.mx\/wp-content\/uploads\/2023\/04\/LOS-PILARES-REUNION-CUERNAVACA-4-1536x1024.jpeg 1536w, https:\/\/cuernavaca.gob.mx\/wp-content\/uploads\/2023\/04\/LOS-PILARES-REUNION-CUERNAVACA-4-600x400.jpeg 600w, https:\/\/cuernavaca.gob.mx\/wp-content\/uploads\/2023\/04\/LOS-PILARES-REUNION-CUERNAVACA-4-560x373.jpeg 560w, https:\/\/cuernavaca.gob.mx\/wp-content\/uploads\/2023\/04\/LOS-PILARES-REUNION-CUERNAVACA-4.jpeg 1599w\" sizes=\"(max-width: 1024px) 100vw, 1024px\" \/><\/figure>\n\n\n\n<figure class=\"wp-block-image size-large\"><img loading=\"lazy\" width=\"1024\" height=\"683\" data-id=\"27659\"  src=\"https:\/\/cuernavaca.gob.mx\/wp-content\/uploads\/2023\/04\/LOS-PILARES-REUNION-CUERNAVACA-5-1024x683.jpeg\" alt=\"\" class=\"wp-image-27659\" srcset=\"https:\/\/cuernavaca.gob.mx\/wp-content\/uploads\/2023\/04\/LOS-PILARES-REUNION-CUERNAVACA-5-1024x683.jpeg 1024w, https:\/\/cuernavaca.gob.mx\/wp-content\/uploads\/2023\/04\/LOS-PILARES-REUNION-CUERNAVACA-5-300x200.jpeg 300w, https:\/\/cuernavaca.gob.mx\/wp-content\/uploads\/2023\/04\/LOS-PILARES-REUNION-CUERNAVACA-5-768x512.jpeg 768w, https:\/\/cuernavaca.gob.mx\/wp-content\/uploads\/2023\/04\/LOS-PILARES-REUNION-CUERNAVACA-5-1536x1024.jpeg 1536w, https:\/\/cuernavaca.gob.mx\/wp-content\/uploads\/2023\/04\/LOS-PILARES-REUNION-CUERNAVACA-5-600x400.jpeg 600w, https:\/\/cuernavaca.gob.mx\/wp-content\/uploads\/2023\/04\/LOS-PILARES-REUNION-CUERNAVACA-5-560x373.jpeg 560w, https:\/\/cuernavaca.gob.mx\/wp-content\/uploads\/2023\/04\/LOS-PILARES-REUNION-CUERNAVACA-5.jpeg 1599w\" sizes=\"(max-width: 1024px) 100vw, 1024px\" \/><\/figure>\n<\/figure>\n","protected":false},"excerpt":{"rendered":"<p>\u2022\u00a0\u00a0\u00a0\u00a0\u00a0\u00a0\u00a0\u00a0\u00a0\u00a0\u00a0\u00a0 Encabezados por el presidente municipal, Jos\u00e9 Luis Uri\u00f3stegui, integrantes del Gabinete sostuvieron una reuni\u00f3n de seguimiento con representantes del Colegio de Ingenieros Civiles del Estado de Morelos \u2022\u00a0\u00a0\u00a0\u00a0\u00a0\u00a0\u00a0\u00a0\u00a0\u00a0\u00a0\u00a0 A la brevedad la SEPRAC estar\u00e1 trabajando en el rescate de los ata\u00fades del pante\u00f3n Jardines de la Paz que se ubican a la orilla del [&hellip;]<\/p>\n","protected":false},"author":1,"featured_media":27657,"comment_status":"closed","ping_status":"open","sticky":false,"template":"","format":"standard","meta":[],"categories":[20,17],"tags":[121,120,3033,206,125,252],"aioseo_notices":[],"_links":{"self":[{"href":"https:\/\/cuernavaca.gob.mx\/index.php?rest_route=\/wp\/v2\/posts\/27655"}],"collection":[{"href":"https:\/\/cuernavaca.gob.mx\/index.php?rest_route=\/wp\/v2\/posts"}],"about":[{"href":"https:\/\/cuernavaca.gob.mx\/index.php?rest_route=\/wp\/v2\/types\/post"}],"author":[{"embeddable":true,"href":"https:\/\/cuernavaca.gob.mx\/index.php?rest_route=\/wp\/v2\/users\/1"}],"replies":[{"embeddable":true,"href":"https:\/\/cuernavaca.gob.mx\/index.php?rest_route=%2Fwp%2Fv2%2Fcomments&post=27655"}],"version-history":[{"count":1,"href":"https:\/\/cuernavaca.gob.mx\/index.php?rest_route=\/wp\/v2\/posts\/27655\/revisions"}],"predecessor-version":[{"id":27661,"href":"https:\/\/cuernavaca.gob.mx\/index.php?rest_route=\/wp\/v2\/posts\/27655\/revisions\/27661"}],"wp:featuredmedia":[{"embeddable":true,"href":"https:\/\/cuernavaca.gob.mx\/index.php?rest_route=\/wp\/v2\/media\/27657"}],"wp:attachment":[{"href":"https:\/\/cuernavaca.gob.mx\/index.php?rest_route=%2Fwp%2Fv2%2Fmedia&parent=27655"}],"wp:term":[{"taxonomy":"category","embeddable":true,"href":"https:\/\/cuernavaca.gob.mx\/index.php?rest_route=%2Fwp%2Fv2%2Fcategories&post=27655"},{"taxonomy":"post_tag","embeddable":true,"href":"https:\/\/cuernavaca.gob.mx\/index.php?rest_route=%2Fwp%2Fv2%2Ftags&post=27655"}],"curies":[{"name":"wp","href":"https:\/\/api.w.org\/{rel}","templated":true}]}}