{"id":27662,"date":"2023-04-23T15:00:00","date_gmt":"2023-04-23T21:00:00","guid":{"rendered":"https:\/\/cuernavaca.gob.mx\/?p=27662"},"modified":"2025-05-06T12:36:52","modified_gmt":"2025-05-06T18:36:52","slug":"b936-23-04-23-con-base-a-lo-que-informa-el-inegi-en-cuernavaca-mejora-la-percepcion-de-seguridad","status":"publish","type":"post","link":"https:\/\/cuernavaca.gob.mx\/?p=27662","title":{"rendered":"B936 23\/04\/23 CON BASE A LO QUE INFORMA EL INEGI EN CUERNAVACA MEJORA LA PERCEPCI\u00d3N DE SEGURIDAD"},"content":{"rendered":"\n<p><\/p>\n\n\n\n<p>\u2022\u00a0\u00a0\u00a0\u00a0\u00a0\u00a0\u00a0\u00a0\u00a0\u00a0\u00a0\u00a0 <strong>De acuerdo con la Encuesta Nacional de Seguridad P\u00fablica Urbana, la percepci\u00f3n de inseguridad en el primer trimestre del 2023 disminuy\u00f3 ocho puntos en comparaci\u00f3n con diciembre del 2022\u00a0<\/strong><\/p>\n\n\n\n<p>\u2022\u00a0\u00a0\u00a0\u00a0\u00a0\u00a0\u00a0\u00a0\u00a0\u00a0\u00a0\u00a0 <strong>El presidente municipal, Jos\u00e9 Luis Uri\u00f3stegui se\u00f1al\u00f3 que, si bien significan buenas noticias, es necesario seguir trabajando de manera transversal entre las distintas \u00e1reas municipales<\/strong><\/p>\n\n\n\n<p>Durante el primer trimestre del 2023 en la ciudad de Cuernavaca la percepci\u00f3n de inseguridad ha disminuido gracias a un trabajo transversal marcado por el Gobierno Municipal, a trav\u00e9s de la Secretar\u00eda de Protecci\u00f3n y Auxilio Ciudadano (SEPRAC), de acuerdo con la Encuesta Nacional de Seguridad P\u00fablica Urbana realizada por el Instituto Nacional de Geograf\u00eda y Estad\u00edstica (INEGI).<\/p>\n\n\n\n<p>Al mes de diciembre del 2022, Cuernavaca registraba una percepci\u00f3n de inseguridad del 82.4 por ciento y al mes de marzo del 2023 del 74.01 por ciento, lo que represent\u00f3 una reducci\u00f3n de ocho puntos, que seg\u00fan el INEGI, es un cambio estad\u00edsticamente notable.<\/p>\n\n\n\n<p>En este sentido, el presidente municipal, Jos\u00e9 Luis Uri\u00f3stegui Salgado, se\u00f1al\u00f3 que, si bien significan buenas noticias para la capital morelense, continuar\u00e1n fortaleciendo las acciones de prevenci\u00f3n y combate al delito, esto con la adquisici\u00f3n de 10 nuevas patrullas que se incorporar\u00e1n a la SEPRAC y la instalaci\u00f3n del C4, para lo cual estar\u00e1n colocando 500 c\u00e1maras de videovigilancia.<\/p>\n\n\n\n<p>En presencia de integrantes del Cabildo, record\u00f3 que dentro de este plan de trabajo se contempla tambi\u00e9n la colocaci\u00f3n de cinco mil luminarias en avenidas principales y en su caso las luminarias que a\u00fan est\u00e9n en condiciones servibles ser\u00e1 sustituidas en vialidades secundarias, de tal manera que la ciudad recupere iluminaci\u00f3n y brinde seguridad a transe\u00fantes, automovilistas y pasajeros de transporte p\u00fablico.<\/p>\n\n\n\n<p>&#8220;Son buenas noticias para Cuernavaca, significa que la gente est\u00e1 teniendo una percepci\u00f3n mejor de la que se ten\u00eda en el mes de diciembre y que las acciones que estamos implementando pueden llegar a dar mejores resultados&#8221;, asever\u00f3.<\/p>\n\n\n\n<p>Finalmente, el alcalde Jos\u00e9 Luis Uri\u00f3stegui exhort\u00f3 a las dem\u00e1s \u00e1reas municipales que transversalmente est\u00e1n trabajando en la materia para que sigan sumando esfuerzos.<\/p>\n\n\n\n<figure class=\"wp-container-2 wp-block-gallery-1 wp-block-gallery has-nested-images columns-default is-cropped\">\n<figure class=\"wp-block-image size-large\"><img loading=\"lazy\" width=\"1024\" height=\"682\" data-id=\"27666\"  src=\"https:\/\/cuernavaca.gob.mx\/wp-content\/uploads\/2023\/04\/PERCEPCION-SEGURIDAD-CUERNAVACA-1-1024x682.jpeg\" alt=\"\" class=\"wp-image-27666\" srcset=\"https:\/\/cuernavaca.gob.mx\/wp-content\/uploads\/2023\/04\/PERCEPCION-SEGURIDAD-CUERNAVACA-1-1024x682.jpeg 1024w, https:\/\/cuernavaca.gob.mx\/wp-content\/uploads\/2023\/04\/PERCEPCION-SEGURIDAD-CUERNAVACA-1-300x200.jpeg 300w, https:\/\/cuernavaca.gob.mx\/wp-content\/uploads\/2023\/04\/PERCEPCION-SEGURIDAD-CUERNAVACA-1-768x512.jpeg 768w, https:\/\/cuernavaca.gob.mx\/wp-content\/uploads\/2023\/04\/PERCEPCION-SEGURIDAD-CUERNAVACA-1-1536x1023.jpeg 1536w, https:\/\/cuernavaca.gob.mx\/wp-content\/uploads\/2023\/04\/PERCEPCION-SEGURIDAD-CUERNAVACA-1-600x400.jpeg 600w, https:\/\/cuernavaca.gob.mx\/wp-content\/uploads\/2023\/04\/PERCEPCION-SEGURIDAD-CUERNAVACA-1-560x373.jpeg 560w, https:\/\/cuernavaca.gob.mx\/wp-content\/uploads\/2023\/04\/PERCEPCION-SEGURIDAD-CUERNAVACA-1.jpeg 1600w\" sizes=\"(max-width: 1024px) 100vw, 1024px\" \/><\/figure>\n\n\n\n<figure class=\"wp-block-image size-large\"><img loading=\"lazy\" width=\"1024\" height=\"682\" data-id=\"27664\"  src=\"https:\/\/cuernavaca.gob.mx\/wp-content\/uploads\/2023\/04\/PERCEPCION-SEGURIDAD-CUERNAVACA-2-1024x682.jpeg\" alt=\"\" class=\"wp-image-27664\" srcset=\"https:\/\/cuernavaca.gob.mx\/wp-content\/uploads\/2023\/04\/PERCEPCION-SEGURIDAD-CUERNAVACA-2-1024x682.jpeg 1024w, https:\/\/cuernavaca.gob.mx\/wp-content\/uploads\/2023\/04\/PERCEPCION-SEGURIDAD-CUERNAVACA-2-300x200.jpeg 300w, https:\/\/cuernavaca.gob.mx\/wp-content\/uploads\/2023\/04\/PERCEPCION-SEGURIDAD-CUERNAVACA-2-768x512.jpeg 768w, https:\/\/cuernavaca.gob.mx\/wp-content\/uploads\/2023\/04\/PERCEPCION-SEGURIDAD-CUERNAVACA-2-1536x1023.jpeg 1536w, https:\/\/cuernavaca.gob.mx\/wp-content\/uploads\/2023\/04\/PERCEPCION-SEGURIDAD-CUERNAVACA-2-600x400.jpeg 600w, https:\/\/cuernavaca.gob.mx\/wp-content\/uploads\/2023\/04\/PERCEPCION-SEGURIDAD-CUERNAVACA-2-560x373.jpeg 560w, https:\/\/cuernavaca.gob.mx\/wp-content\/uploads\/2023\/04\/PERCEPCION-SEGURIDAD-CUERNAVACA-2.jpeg 1600w\" sizes=\"(max-width: 1024px) 100vw, 1024px\" \/><\/figure>\n\n\n\n<figure class=\"wp-block-image size-large\"><img loading=\"lazy\" width=\"1024\" height=\"682\" data-id=\"27665\"  src=\"https:\/\/cuernavaca.gob.mx\/wp-content\/uploads\/2023\/04\/PERCEPCION-SEGURIDAD-CUERNAVACA-3-1024x682.jpeg\" alt=\"\" class=\"wp-image-27665\" srcset=\"https:\/\/cuernavaca.gob.mx\/wp-content\/uploads\/2023\/04\/PERCEPCION-SEGURIDAD-CUERNAVACA-3-1024x682.jpeg 1024w, https:\/\/cuernavaca.gob.mx\/wp-content\/uploads\/2023\/04\/PERCEPCION-SEGURIDAD-CUERNAVACA-3-300x200.jpeg 300w, https:\/\/cuernavaca.gob.mx\/wp-content\/uploads\/2023\/04\/PERCEPCION-SEGURIDAD-CUERNAVACA-3-768x512.jpeg 768w, https:\/\/cuernavaca.gob.mx\/wp-content\/uploads\/2023\/04\/PERCEPCION-SEGURIDAD-CUERNAVACA-3-1536x1023.jpeg 1536w, https:\/\/cuernavaca.gob.mx\/wp-content\/uploads\/2023\/04\/PERCEPCION-SEGURIDAD-CUERNAVACA-3-600x400.jpeg 600w, https:\/\/cuernavaca.gob.mx\/wp-content\/uploads\/2023\/04\/PERCEPCION-SEGURIDAD-CUERNAVACA-3-560x373.jpeg 560w, https:\/\/cuernavaca.gob.mx\/wp-content\/uploads\/2023\/04\/PERCEPCION-SEGURIDAD-CUERNAVACA-3.jpeg 1600w\" sizes=\"(max-width: 1024px) 100vw, 1024px\" \/><\/figure>\n\n\n\n<figure class=\"wp-block-image size-large\"><img loading=\"lazy\" width=\"1024\" height=\"682\" data-id=\"27663\"  src=\"https:\/\/cuernavaca.gob.mx\/wp-content\/uploads\/2023\/04\/PERCEPCION-SEGURIDAD-CUERNAVACA-4-1024x682.jpeg\" alt=\"\" class=\"wp-image-27663\" srcset=\"https:\/\/cuernavaca.gob.mx\/wp-content\/uploads\/2023\/04\/PERCEPCION-SEGURIDAD-CUERNAVACA-4-1024x682.jpeg 1024w, https:\/\/cuernavaca.gob.mx\/wp-content\/uploads\/2023\/04\/PERCEPCION-SEGURIDAD-CUERNAVACA-4-300x200.jpeg 300w, https:\/\/cuernavaca.gob.mx\/wp-content\/uploads\/2023\/04\/PERCEPCION-SEGURIDAD-CUERNAVACA-4-768x512.jpeg 768w, https:\/\/cuernavaca.gob.mx\/wp-content\/uploads\/2023\/04\/PERCEPCION-SEGURIDAD-CUERNAVACA-4-1536x1023.jpeg 1536w, https:\/\/cuernavaca.gob.mx\/wp-content\/uploads\/2023\/04\/PERCEPCION-SEGURIDAD-CUERNAVACA-4-600x400.jpeg 600w, https:\/\/cuernavaca.gob.mx\/wp-content\/uploads\/2023\/04\/PERCEPCION-SEGURIDAD-CUERNAVACA-4-560x373.jpeg 560w, https:\/\/cuernavaca.gob.mx\/wp-content\/uploads\/2023\/04\/PERCEPCION-SEGURIDAD-CUERNAVACA-4.jpeg 1600w\" sizes=\"(max-width: 1024px) 100vw, 1024px\" \/><\/figure>\n<\/figure>\n","protected":false},"excerpt":{"rendered":"<p>\u2022\u00a0\u00a0\u00a0\u00a0\u00a0\u00a0\u00a0\u00a0\u00a0\u00a0\u00a0\u00a0 De acuerdo con la Encuesta Nacional de Seguridad P\u00fablica Urbana, la percepci\u00f3n de inseguridad en el primer trimestre del 2023 disminuy\u00f3 ocho puntos en comparaci\u00f3n con diciembre del 2022\u00a0 \u2022\u00a0\u00a0\u00a0\u00a0\u00a0\u00a0\u00a0\u00a0\u00a0\u00a0\u00a0\u00a0 El presidente municipal, Jos\u00e9 Luis Uri\u00f3stegui se\u00f1al\u00f3 que, si bien significan buenas noticias, es necesario seguir trabajando de manera transversal entre las distintas \u00e1reas [&hellip;]<\/p>\n","protected":false},"author":1,"featured_media":27664,"comment_status":"closed","ping_status":"open","sticky":false,"template":"","format":"standard","meta":[],"categories":[20,2414,17],"tags":[121,120,206,125,252],"aioseo_notices":[],"_links":{"self":[{"href":"https:\/\/cuernavaca.gob.mx\/index.php?rest_route=\/wp\/v2\/posts\/27662"}],"collection":[{"href":"https:\/\/cuernavaca.gob.mx\/index.php?rest_route=\/wp\/v2\/posts"}],"about":[{"href":"https:\/\/cuernavaca.gob.mx\/index.php?rest_route=\/wp\/v2\/types\/post"}],"author":[{"embeddable":true,"href":"https:\/\/cuernavaca.gob.mx\/index.php?rest_route=\/wp\/v2\/users\/1"}],"replies":[{"embeddable":true,"href":"https:\/\/cuernavaca.gob.mx\/index.php?rest_route=%2Fwp%2Fv2%2Fcomments&post=27662"}],"version-history":[{"count":1,"href":"https:\/\/cuernavaca.gob.mx\/index.php?rest_route=\/wp\/v2\/posts\/27662\/revisions"}],"predecessor-version":[{"id":27667,"href":"https:\/\/cuernavaca.gob.mx\/index.php?rest_route=\/wp\/v2\/posts\/27662\/revisions\/27667"}],"wp:featuredmedia":[{"embeddable":true,"href":"https:\/\/cuernavaca.gob.mx\/index.php?rest_route=\/wp\/v2\/media\/27664"}],"wp:attachment":[{"href":"https:\/\/cuernavaca.gob.mx\/index.php?rest_route=%2Fwp%2Fv2%2Fmedia&parent=27662"}],"wp:term":[{"taxonomy":"category","embeddable":true,"href":"https:\/\/cuernavaca.gob.mx\/index.php?rest_route=%2Fwp%2Fv2%2Fcategories&post=27662"},{"taxonomy":"post_tag","embeddable":true,"href":"https:\/\/cuernavaca.gob.mx\/index.php?rest_route=%2Fwp%2Fv2%2Ftags&post=27662"}],"curies":[{"name":"wp","href":"https:\/\/api.w.org\/{rel}","templated":true}]}}