{"id":27669,"date":"2023-04-23T14:35:33","date_gmt":"2023-04-23T20:35:33","guid":{"rendered":"https:\/\/cuernavaca.gob.mx\/?p=27669"},"modified":"2025-05-06T12:36:53","modified_gmt":"2025-05-06T18:36:53","slug":"c1-23-04-23-proceso-de-eleccion-de-autoridades-auxiliares-en-el-poblado-de-ahuatepec","status":"publish","type":"post","link":"https:\/\/cuernavaca.gob.mx\/?p=27669","title":{"rendered":"C1 23\/04\/23 PROCESO DE ELECCI\u00d3N DE AUTORIDADES AUXILIARES EN EL POBLADO DE AHUATEPEC"},"content":{"rendered":"\n<p>Sobre el proceso electoral convocado para elegir a autoridades auxiliares en el poblado de Ahuatepec convocado para este domingo 23 de abril del a\u00f1o en curso, la representaci\u00f3n del Instituto Morelense de Procesos Electorales y Participaci\u00f3n Ciudadana (IMPEPAC) qu\u00e9 integra la Junta Local Electoral Municipal del Ayuntamiento de Cuernavaca informa:<\/p>\n\n\n\n<p>\u00b0 Que al dar inicio la jornada electoral en tiempo y forma como lo establece la convocatoria, se registraron una serie de incidentes en el sitio donde fue determinada la colocaci\u00f3n de la urna receptora de votos bajo el resguardo de funcionarios de casillas y elementos de la Secretar\u00eda de Protecci\u00f3n y Auxilio Ciudadano (SEPRAC).<\/p>\n\n\n\n<p>\u00b0 Al haber transcurrido no m\u00e1s de una hora de la jornada de elecci\u00f3n, algunos representantes del poblado manifestaron su descontento ante la presencia de ciudadanos qu\u00e9 pretend\u00edan ejercer su voto y que les fue negado, aun y cuando son residentes en esta comunidad pero no se identificaban con una credencial de elector en la que se se\u00f1alar\u00e1 qu\u00e9 son oriundos de Ahuatepec, lo que gener\u00f3 un clima de encono entre los presentes.<\/p>\n\n\n\n<p>\u00b0Ante el impedimento de participaci\u00f3n libre hacia este grupo de&nbsp; ciudadanos interesados en el proceso para renovar a autoridades auxiliares, sumado a las expresiones verbales de rechazo a la participaci\u00f3n de algunos candidatos qu\u00e9 acud\u00edan a ejercer su voto, se tom\u00f3 la decisi\u00f3n de retirar la urna y la mesa receptora de sufragios que se instal\u00f3 en la cancha techada de la Ayudant\u00eda Municipal, para cumplir un horario de 09:00 a 16:00 horas.<\/p>\n\n\n\n<p>\u00b0 Por lo sucedido al comienzo de esta jornada, Jos\u00e9 Antonio Barenque V\u00e1zquez, representante del IMPEPAC ante la Junta Electoral Municipal de Cuernavaca, que se ha declarado en sesi\u00f3n permanente, manifest\u00f3 qu\u00e9 atendiendo la preocupaci\u00f3n de los funcionarios de casilla al no existir las condiciones de participaci\u00f3n y de seguridad para los ciudadanos habitantes de Ahuatepec, se determin\u00f3 suspender el proceso de elecci\u00f3n y presentar el caso para su revisi\u00f3n en el \u00f3rgano colegiado electoral instalado en el municipio.<\/p>\n\n\n\n<p>\u00b0 Sustentado sus argumentos en el C\u00f3digo Electoral el Estado de Morelos y el Reglamento de Elecciones de las Autoridades Municipales de Cuernavaca, se\u00f1al\u00f3 que de acuerdo a lo que establece la convocatoria y lo que resulte de las deliberaciones de la Junta Electoral Municipal, ser\u00e1 el Cabildo de Cuernavaca, donde se tomar\u00e1 la decisi\u00f3n de lo que proceda en lo referente a la elecci\u00f3n de autoridades auxiliares del poblado de Ahuatepec, notificando en todo momento a los candidatos participantes.<\/p>\n\n\n\n<p>\u00b0 Los votos y la documentaci\u00f3n electoral que se lleg\u00f3 a utilizar y los registros correspondientes en la casilla, ser\u00e1n asegurados en la Junta Electoral Municipal para tenerlo \u00fanicamente como antecedente, ya que no podr\u00e1n ser tomados en cuenta, toda vez que la votaci\u00f3n no concluy\u00f3 como establece la convocatoria.<\/p>\n\n\n\n<figure class=\"wp-container-2 wp-block-gallery-1 wp-block-gallery has-nested-images columns-default is-cropped\">\n<figure class=\"wp-block-image size-large\"><img loading=\"lazy\" width=\"1024\" height=\"682\" data-id=\"27670\"  src=\"https:\/\/cuernavaca.gob.mx\/wp-content\/uploads\/2023\/04\/ELECCION-AHUATEPEC-CUERNAVACA-1-1024x682.jpeg\" alt=\"\" class=\"wp-image-27670\" srcset=\"https:\/\/cuernavaca.gob.mx\/wp-content\/uploads\/2023\/04\/ELECCION-AHUATEPEC-CUERNAVACA-1-1024x682.jpeg 1024w, https:\/\/cuernavaca.gob.mx\/wp-content\/uploads\/2023\/04\/ELECCION-AHUATEPEC-CUERNAVACA-1-300x200.jpeg 300w, https:\/\/cuernavaca.gob.mx\/wp-content\/uploads\/2023\/04\/ELECCION-AHUATEPEC-CUERNAVACA-1-768x512.jpeg 768w, https:\/\/cuernavaca.gob.mx\/wp-content\/uploads\/2023\/04\/ELECCION-AHUATEPEC-CUERNAVACA-1-1536x1023.jpeg 1536w, https:\/\/cuernavaca.gob.mx\/wp-content\/uploads\/2023\/04\/ELECCION-AHUATEPEC-CUERNAVACA-1-600x400.jpeg 600w, https:\/\/cuernavaca.gob.mx\/wp-content\/uploads\/2023\/04\/ELECCION-AHUATEPEC-CUERNAVACA-1-560x373.jpeg 560w, https:\/\/cuernavaca.gob.mx\/wp-content\/uploads\/2023\/04\/ELECCION-AHUATEPEC-CUERNAVACA-1.jpeg 1600w\" sizes=\"(max-width: 1024px) 100vw, 1024px\" \/><\/figure>\n\n\n\n<figure class=\"wp-block-image size-large\"><img loading=\"lazy\" width=\"1024\" height=\"682\" data-id=\"27672\"  src=\"https:\/\/cuernavaca.gob.mx\/wp-content\/uploads\/2023\/04\/ELECCION-AHUATEPEC-CUERNAVACA-2-1024x682.jpeg\" alt=\"\" class=\"wp-image-27672\" srcset=\"https:\/\/cuernavaca.gob.mx\/wp-content\/uploads\/2023\/04\/ELECCION-AHUATEPEC-CUERNAVACA-2-1024x682.jpeg 1024w, https:\/\/cuernavaca.gob.mx\/wp-content\/uploads\/2023\/04\/ELECCION-AHUATEPEC-CUERNAVACA-2-300x200.jpeg 300w, https:\/\/cuernavaca.gob.mx\/wp-content\/uploads\/2023\/04\/ELECCION-AHUATEPEC-CUERNAVACA-2-768x512.jpeg 768w, https:\/\/cuernavaca.gob.mx\/wp-content\/uploads\/2023\/04\/ELECCION-AHUATEPEC-CUERNAVACA-2-1536x1023.jpeg 1536w, https:\/\/cuernavaca.gob.mx\/wp-content\/uploads\/2023\/04\/ELECCION-AHUATEPEC-CUERNAVACA-2-600x400.jpeg 600w, https:\/\/cuernavaca.gob.mx\/wp-content\/uploads\/2023\/04\/ELECCION-AHUATEPEC-CUERNAVACA-2-560x373.jpeg 560w, https:\/\/cuernavaca.gob.mx\/wp-content\/uploads\/2023\/04\/ELECCION-AHUATEPEC-CUERNAVACA-2.jpeg 1600w\" sizes=\"(max-width: 1024px) 100vw, 1024px\" \/><\/figure>\n\n\n\n<figure class=\"wp-block-image size-large\"><img loading=\"lazy\" width=\"1024\" height=\"682\" data-id=\"27673\"  src=\"https:\/\/cuernavaca.gob.mx\/wp-content\/uploads\/2023\/04\/ELECCION-AHUATEPEC-CUERNAVACA-4-1024x682.jpeg\" alt=\"\" class=\"wp-image-27673\" srcset=\"https:\/\/cuernavaca.gob.mx\/wp-content\/uploads\/2023\/04\/ELECCION-AHUATEPEC-CUERNAVACA-4-1024x682.jpeg 1024w, https:\/\/cuernavaca.gob.mx\/wp-content\/uploads\/2023\/04\/ELECCION-AHUATEPEC-CUERNAVACA-4-300x200.jpeg 300w, https:\/\/cuernavaca.gob.mx\/wp-content\/uploads\/2023\/04\/ELECCION-AHUATEPEC-CUERNAVACA-4-768x512.jpeg 768w, https:\/\/cuernavaca.gob.mx\/wp-content\/uploads\/2023\/04\/ELECCION-AHUATEPEC-CUERNAVACA-4-1536x1023.jpeg 1536w, https:\/\/cuernavaca.gob.mx\/wp-content\/uploads\/2023\/04\/ELECCION-AHUATEPEC-CUERNAVACA-4-600x400.jpeg 600w, https:\/\/cuernavaca.gob.mx\/wp-content\/uploads\/2023\/04\/ELECCION-AHUATEPEC-CUERNAVACA-4-560x373.jpeg 560w, https:\/\/cuernavaca.gob.mx\/wp-content\/uploads\/2023\/04\/ELECCION-AHUATEPEC-CUERNAVACA-4.jpeg 1600w\" sizes=\"(max-width: 1024px) 100vw, 1024px\" \/><\/figure>\n\n\n\n<figure class=\"wp-block-image size-large\"><img loading=\"lazy\" width=\"1024\" height=\"682\" data-id=\"27674\"  src=\"https:\/\/cuernavaca.gob.mx\/wp-content\/uploads\/2023\/04\/ELECCION-AHUATEPEC-CUERNAVACA-5-1024x682.jpeg\" alt=\"\" class=\"wp-image-27674\" srcset=\"https:\/\/cuernavaca.gob.mx\/wp-content\/uploads\/2023\/04\/ELECCION-AHUATEPEC-CUERNAVACA-5-1024x682.jpeg 1024w, https:\/\/cuernavaca.gob.mx\/wp-content\/uploads\/2023\/04\/ELECCION-AHUATEPEC-CUERNAVACA-5-300x200.jpeg 300w, https:\/\/cuernavaca.gob.mx\/wp-content\/uploads\/2023\/04\/ELECCION-AHUATEPEC-CUERNAVACA-5-768x512.jpeg 768w, https:\/\/cuernavaca.gob.mx\/wp-content\/uploads\/2023\/04\/ELECCION-AHUATEPEC-CUERNAVACA-5-1536x1023.jpeg 1536w, https:\/\/cuernavaca.gob.mx\/wp-content\/uploads\/2023\/04\/ELECCION-AHUATEPEC-CUERNAVACA-5-600x400.jpeg 600w, https:\/\/cuernavaca.gob.mx\/wp-content\/uploads\/2023\/04\/ELECCION-AHUATEPEC-CUERNAVACA-5-560x373.jpeg 560w, https:\/\/cuernavaca.gob.mx\/wp-content\/uploads\/2023\/04\/ELECCION-AHUATEPEC-CUERNAVACA-5.jpeg 1600w\" sizes=\"(max-width: 1024px) 100vw, 1024px\" \/><\/figure>\n<\/figure>\n","protected":false},"excerpt":{"rendered":"<p>Sobre el proceso electoral convocado para elegir a autoridades auxiliares en el poblado de Ahuatepec convocado para este domingo 23 de abril del a\u00f1o en curso, la representaci\u00f3n del Instituto Morelense de Procesos Electorales y Participaci\u00f3n Ciudadana (IMPEPAC) qu\u00e9 integra la Junta Local Electoral Municipal del Ayuntamiento de Cuernavaca informa: \u00b0 Que al dar inicio [&hellip;]<\/p>\n","protected":false},"author":1,"featured_media":27673,"comment_status":"closed","ping_status":"open","sticky":false,"template":"","format":"standard","meta":[],"categories":[20,17],"tags":[1341,121,321,120,206,125],"aioseo_notices":[],"_links":{"self":[{"href":"https:\/\/cuernavaca.gob.mx\/index.php?rest_route=\/wp\/v2\/posts\/27669"}],"collection":[{"href":"https:\/\/cuernavaca.gob.mx\/index.php?rest_route=\/wp\/v2\/posts"}],"about":[{"href":"https:\/\/cuernavaca.gob.mx\/index.php?rest_route=\/wp\/v2\/types\/post"}],"author":[{"embeddable":true,"href":"https:\/\/cuernavaca.gob.mx\/index.php?rest_route=\/wp\/v2\/users\/1"}],"replies":[{"embeddable":true,"href":"https:\/\/cuernavaca.gob.mx\/index.php?rest_route=%2Fwp%2Fv2%2Fcomments&post=27669"}],"version-history":[{"count":2,"href":"https:\/\/cuernavaca.gob.mx\/index.php?rest_route=\/wp\/v2\/posts\/27669\/revisions"}],"predecessor-version":[{"id":27681,"href":"https:\/\/cuernavaca.gob.mx\/index.php?rest_route=\/wp\/v2\/posts\/27669\/revisions\/27681"}],"wp:featuredmedia":[{"embeddable":true,"href":"https:\/\/cuernavaca.gob.mx\/index.php?rest_route=\/wp\/v2\/media\/27673"}],"wp:attachment":[{"href":"https:\/\/cuernavaca.gob.mx\/index.php?rest_route=%2Fwp%2Fv2%2Fmedia&parent=27669"}],"wp:term":[{"taxonomy":"category","embeddable":true,"href":"https:\/\/cuernavaca.gob.mx\/index.php?rest_route=%2Fwp%2Fv2%2Fcategories&post=27669"},{"taxonomy":"post_tag","embeddable":true,"href":"https:\/\/cuernavaca.gob.mx\/index.php?rest_route=%2Fwp%2Fv2%2Ftags&post=27669"}],"curies":[{"name":"wp","href":"https:\/\/api.w.org\/{rel}","templated":true}]}}