{"id":27683,"date":"2023-04-24T16:30:00","date_gmt":"2023-04-24T22:30:00","guid":{"rendered":"https:\/\/cuernavaca.gob.mx\/?p=27683"},"modified":"2025-05-06T12:36:52","modified_gmt":"2025-05-06T18:36:52","slug":"b937-24-04-23-ayuntamiento-de-cuernavaca-firma-convenio-con-el-instituto-de-estudios-superiores-carl-rogers-para-el-aprendizaje-continuo-de-los-servidores-publicos","status":"publish","type":"post","link":"https:\/\/cuernavaca.gob.mx\/?p=27683","title":{"rendered":"B937 24\/04\/23 AYUNTAMIENTO DE CUERNAVACA FIRMA CONVENIO CON EL INSTITUTO DE ESTUDIOS SUPERIORES CARL ROGERS PARA EL APRENDIZAJE CONTINUO DE LOS SERVIDORES P\u00daBLICOS"},"content":{"rendered":"\n<p><\/p>\n\n\n\n<p>\u2022\u00a0\u00a0\u00a0\u00a0\u00a0\u00a0\u00a0\u00a0\u00a0\u00a0\u00a0\u00a0 <strong>En este nuevo convenio la base trabajadora podr\u00e1 acceder a descuentos en la colegiatura mensual e inscripci\u00f3n en las distintas modalidades educativas que ofrece el instituto<\/strong><\/p>\n\n\n\n<p>La educaci\u00f3n es fundamental para transformar nuestra manera de pensar, cuando carecemos de conocimientos o habilidades hacemos las cosas de tal manera que no siempre obtenemos los resultados deseados. Una vez que perfeccionamos lo que sabemos, que elevamos nuestro nivel de consciencia, de capacidad y de capacitaci\u00f3n disminuimos el tiempo para realizar las cosas, lo hacemos de mejor manera y nuestra propia actitud cambia.<\/p>\n\n\n\n<p>As\u00ed lo expres\u00f3 este lunes el presidente municipal de Cuernavaca, Jos\u00e9 Luis Uri\u00f3stegui Salgado, durante la firma del convenio de colaboraci\u00f3n con el Instituto de Estudios Superiores Carl Rogers, mediante el cual se ofrecer\u00e1n distintos descuentos a los trabajadores municipales sindicalizados y de confianza, as\u00ed como a sus familias para seguirse preparando.<\/p>\n\n\n\n<p>Durante el acto protocolario, el secretario del Ayuntamiento, Carlos de la Rosa Segura, explic\u00f3 que de acuerdo con este convenio la base trabajadora podr\u00e1 acceder a un descuento en la colegiatura mensual e inscripci\u00f3n en las distintas modalidades educativas que ofrece el Instituto de Estudios Superiores Carl Rogers, como preparatoria incorporada a la Universidad Aut\u00f3noma del Estado de Morelos (UAEM) y abierta, licenciaturas, posgrados, y diplomado b\u00e1sico en ingl\u00e9s nivel A1, entre muchos otros, que buscan coadyuvar en la superaci\u00f3n personal de los trabajadores y sus familiares.<\/p>\n\n\n\n<p>Al respecto, la socia directora del Instituto de Estudios Superiores Carl Rogers, Idalia \u00c1lvear P\u00e9rez, destac\u00f3 que desde su fundaci\u00f3n hace 34 a\u00f1os han ofrecido una gama moderna e innovadora en materia educativa, contando con estudios iniciales, primaria, secundaria y preparatoria en dos sistemas, y actualmente han incorporado los estudios medio superior y superiores.<\/p>\n\n\n\n<p>&#8220;Con mucho cari\u00f1o estamos ofreciendo estos descuentos porque lo que queremos es que todo el Ayuntamiento se beneficie con ellos, los familiares de los trabajadores tambi\u00e9n, de tal manera que podamos trabajar unidos, apoy\u00e1ndonos y siempre viendo hacia adelante. Ese es nuestro objetivo como instituci\u00f3n en el Colegio Carl Rogers&#8221;, enfatiz\u00f3.<\/p>\n\n\n\n<p>En la firma de convenio tambi\u00e9n particip\u00f3 la s\u00edndica municipal, Ver\u00f3nica Atenco P\u00e9rez, como representante jur\u00eddica del municipio, quien celebr\u00f3 que el Gobierno municipal cuente con una alternativa m\u00e1s de beneficio para la superaci\u00f3n de sus trabajadores y sus familias, por lo que los exhort\u00f3 a aprovechar lo que se ha logrado en varios acuerdos de este tipo que ha firmado la presente administraci\u00f3n.<\/p>\n\n\n\n<figure class=\"wp-container-2 wp-block-gallery-1 wp-block-gallery has-nested-images columns-default is-cropped\">\n<figure class=\"wp-block-image size-large\"><img loading=\"lazy\" width=\"1024\" height=\"682\" data-id=\"27693\"  src=\"https:\/\/cuernavaca.gob.mx\/wp-content\/uploads\/2023\/04\/CONVENIO-CARL-ROGERS-CUERNAVACA-1-1-1024x682.jpeg\" alt=\"\" class=\"wp-image-27693\" srcset=\"https:\/\/cuernavaca.gob.mx\/wp-content\/uploads\/2023\/04\/CONVENIO-CARL-ROGERS-CUERNAVACA-1-1-1024x682.jpeg 1024w, https:\/\/cuernavaca.gob.mx\/wp-content\/uploads\/2023\/04\/CONVENIO-CARL-ROGERS-CUERNAVACA-1-1-300x200.jpeg 300w, https:\/\/cuernavaca.gob.mx\/wp-content\/uploads\/2023\/04\/CONVENIO-CARL-ROGERS-CUERNAVACA-1-1-768x512.jpeg 768w, https:\/\/cuernavaca.gob.mx\/wp-content\/uploads\/2023\/04\/CONVENIO-CARL-ROGERS-CUERNAVACA-1-1-600x400.jpeg 600w, https:\/\/cuernavaca.gob.mx\/wp-content\/uploads\/2023\/04\/CONVENIO-CARL-ROGERS-CUERNAVACA-1-1-560x373.jpeg 560w, https:\/\/cuernavaca.gob.mx\/wp-content\/uploads\/2023\/04\/CONVENIO-CARL-ROGERS-CUERNAVACA-1-1.jpeg 1280w\" sizes=\"(max-width: 1024px) 100vw, 1024px\" \/><\/figure>\n\n\n\n<figure class=\"wp-block-image size-large\"><img loading=\"lazy\" width=\"1024\" height=\"682\" data-id=\"27689\"  src=\"https:\/\/cuernavaca.gob.mx\/wp-content\/uploads\/2023\/04\/CONVENIO-CARL-ROGERS-CUERNAVACA-2-1-1024x682.jpeg\" alt=\"\" class=\"wp-image-27689\" srcset=\"https:\/\/cuernavaca.gob.mx\/wp-content\/uploads\/2023\/04\/CONVENIO-CARL-ROGERS-CUERNAVACA-2-1-1024x682.jpeg 1024w, https:\/\/cuernavaca.gob.mx\/wp-content\/uploads\/2023\/04\/CONVENIO-CARL-ROGERS-CUERNAVACA-2-1-300x200.jpeg 300w, https:\/\/cuernavaca.gob.mx\/wp-content\/uploads\/2023\/04\/CONVENIO-CARL-ROGERS-CUERNAVACA-2-1-768x512.jpeg 768w, https:\/\/cuernavaca.gob.mx\/wp-content\/uploads\/2023\/04\/CONVENIO-CARL-ROGERS-CUERNAVACA-2-1-600x400.jpeg 600w, https:\/\/cuernavaca.gob.mx\/wp-content\/uploads\/2023\/04\/CONVENIO-CARL-ROGERS-CUERNAVACA-2-1-560x373.jpeg 560w, https:\/\/cuernavaca.gob.mx\/wp-content\/uploads\/2023\/04\/CONVENIO-CARL-ROGERS-CUERNAVACA-2-1.jpeg 1280w\" sizes=\"(max-width: 1024px) 100vw, 1024px\" \/><\/figure>\n\n\n\n<figure class=\"wp-block-image size-large\"><img loading=\"lazy\" width=\"1024\" height=\"685\" data-id=\"27691\"  src=\"https:\/\/cuernavaca.gob.mx\/wp-content\/uploads\/2023\/04\/CONVENIO-CARL-ROGERS-CUERNAVACA-3-1-1024x685.jpeg\" alt=\"\" class=\"wp-image-27691\" srcset=\"https:\/\/cuernavaca.gob.mx\/wp-content\/uploads\/2023\/04\/CONVENIO-CARL-ROGERS-CUERNAVACA-3-1-1024x685.jpeg 1024w, https:\/\/cuernavaca.gob.mx\/wp-content\/uploads\/2023\/04\/CONVENIO-CARL-ROGERS-CUERNAVACA-3-1-300x201.jpeg 300w, https:\/\/cuernavaca.gob.mx\/wp-content\/uploads\/2023\/04\/CONVENIO-CARL-ROGERS-CUERNAVACA-3-1-768x514.jpeg 768w, https:\/\/cuernavaca.gob.mx\/wp-content\/uploads\/2023\/04\/CONVENIO-CARL-ROGERS-CUERNAVACA-3-1-600x401.jpeg 600w, https:\/\/cuernavaca.gob.mx\/wp-content\/uploads\/2023\/04\/CONVENIO-CARL-ROGERS-CUERNAVACA-3-1-560x375.jpeg 560w, https:\/\/cuernavaca.gob.mx\/wp-content\/uploads\/2023\/04\/CONVENIO-CARL-ROGERS-CUERNAVACA-3-1.jpeg 1280w\" sizes=\"(max-width: 1024px) 100vw, 1024px\" \/><\/figure>\n\n\n\n<figure class=\"wp-block-image size-large\"><img loading=\"lazy\" width=\"1024\" height=\"682\" data-id=\"27690\"  src=\"https:\/\/cuernavaca.gob.mx\/wp-content\/uploads\/2023\/04\/CONVENIO-CARL-ROGERS-CUERNAVACA-4-1-1024x682.jpeg\" alt=\"\" class=\"wp-image-27690\" srcset=\"https:\/\/cuernavaca.gob.mx\/wp-content\/uploads\/2023\/04\/CONVENIO-CARL-ROGERS-CUERNAVACA-4-1-1024x682.jpeg 1024w, https:\/\/cuernavaca.gob.mx\/wp-content\/uploads\/2023\/04\/CONVENIO-CARL-ROGERS-CUERNAVACA-4-1-300x200.jpeg 300w, https:\/\/cuernavaca.gob.mx\/wp-content\/uploads\/2023\/04\/CONVENIO-CARL-ROGERS-CUERNAVACA-4-1-768x512.jpeg 768w, https:\/\/cuernavaca.gob.mx\/wp-content\/uploads\/2023\/04\/CONVENIO-CARL-ROGERS-CUERNAVACA-4-1-600x400.jpeg 600w, https:\/\/cuernavaca.gob.mx\/wp-content\/uploads\/2023\/04\/CONVENIO-CARL-ROGERS-CUERNAVACA-4-1-560x373.jpeg 560w, https:\/\/cuernavaca.gob.mx\/wp-content\/uploads\/2023\/04\/CONVENIO-CARL-ROGERS-CUERNAVACA-4-1.jpeg 1280w\" sizes=\"(max-width: 1024px) 100vw, 1024px\" \/><\/figure>\n\n\n\n<figure class=\"wp-block-image size-large\"><img loading=\"lazy\" width=\"1024\" height=\"682\" data-id=\"27692\"  src=\"https:\/\/cuernavaca.gob.mx\/wp-content\/uploads\/2023\/04\/CONVENIO-CARL-ROGERS-CUERNAVACA-5-1-1024x682.jpeg\" alt=\"\" class=\"wp-image-27692\" srcset=\"https:\/\/cuernavaca.gob.mx\/wp-content\/uploads\/2023\/04\/CONVENIO-CARL-ROGERS-CUERNAVACA-5-1-1024x682.jpeg 1024w, https:\/\/cuernavaca.gob.mx\/wp-content\/uploads\/2023\/04\/CONVENIO-CARL-ROGERS-CUERNAVACA-5-1-300x200.jpeg 300w, https:\/\/cuernavaca.gob.mx\/wp-content\/uploads\/2023\/04\/CONVENIO-CARL-ROGERS-CUERNAVACA-5-1-768x512.jpeg 768w, https:\/\/cuernavaca.gob.mx\/wp-content\/uploads\/2023\/04\/CONVENIO-CARL-ROGERS-CUERNAVACA-5-1-600x400.jpeg 600w, https:\/\/cuernavaca.gob.mx\/wp-content\/uploads\/2023\/04\/CONVENIO-CARL-ROGERS-CUERNAVACA-5-1-560x373.jpeg 560w, https:\/\/cuernavaca.gob.mx\/wp-content\/uploads\/2023\/04\/CONVENIO-CARL-ROGERS-CUERNAVACA-5-1.jpeg 1280w\" sizes=\"(max-width: 1024px) 100vw, 1024px\" \/><\/figure>\n<\/figure>\n","protected":false},"excerpt":{"rendered":"<p>\u2022\u00a0\u00a0\u00a0\u00a0\u00a0\u00a0\u00a0\u00a0\u00a0\u00a0\u00a0\u00a0 En este nuevo convenio la base trabajadora podr\u00e1 acceder a descuentos en la colegiatura mensual e inscripci\u00f3n en las distintas modalidades educativas que ofrece el instituto La educaci\u00f3n es fundamental para transformar nuestra manera de pensar, cuando carecemos de conocimientos o habilidades hacemos las cosas de tal manera que no siempre obtenemos los resultados [&hellip;]<\/p>\n","protected":false},"author":1,"featured_media":27690,"comment_status":"closed","ping_status":"open","sticky":false,"template":"","format":"standard","meta":[],"categories":[20],"tags":[3034,158,121,576,120,206],"aioseo_notices":[],"_links":{"self":[{"href":"https:\/\/cuernavaca.gob.mx\/index.php?rest_route=\/wp\/v2\/posts\/27683"}],"collection":[{"href":"https:\/\/cuernavaca.gob.mx\/index.php?rest_route=\/wp\/v2\/posts"}],"about":[{"href":"https:\/\/cuernavaca.gob.mx\/index.php?rest_route=\/wp\/v2\/types\/post"}],"author":[{"embeddable":true,"href":"https:\/\/cuernavaca.gob.mx\/index.php?rest_route=\/wp\/v2\/users\/1"}],"replies":[{"embeddable":true,"href":"https:\/\/cuernavaca.gob.mx\/index.php?rest_route=%2Fwp%2Fv2%2Fcomments&post=27683"}],"version-history":[{"count":1,"href":"https:\/\/cuernavaca.gob.mx\/index.php?rest_route=\/wp\/v2\/posts\/27683\/revisions"}],"predecessor-version":[{"id":27694,"href":"https:\/\/cuernavaca.gob.mx\/index.php?rest_route=\/wp\/v2\/posts\/27683\/revisions\/27694"}],"wp:featuredmedia":[{"embeddable":true,"href":"https:\/\/cuernavaca.gob.mx\/index.php?rest_route=\/wp\/v2\/media\/27690"}],"wp:attachment":[{"href":"https:\/\/cuernavaca.gob.mx\/index.php?rest_route=%2Fwp%2Fv2%2Fmedia&parent=27683"}],"wp:term":[{"taxonomy":"category","embeddable":true,"href":"https:\/\/cuernavaca.gob.mx\/index.php?rest_route=%2Fwp%2Fv2%2Fcategories&post=27683"},{"taxonomy":"post_tag","embeddable":true,"href":"https:\/\/cuernavaca.gob.mx\/index.php?rest_route=%2Fwp%2Fv2%2Ftags&post=27683"}],"curies":[{"name":"wp","href":"https:\/\/api.w.org\/{rel}","templated":true}]}}