{"id":27702,"date":"2023-04-24T18:30:00","date_gmt":"2023-04-25T00:30:00","guid":{"rendered":"https:\/\/cuernavaca.gob.mx\/?p=27702"},"modified":"2025-05-06T12:36:52","modified_gmt":"2025-05-06T18:36:52","slug":"b939-24-04-23-en-una-semana-en-cuernavaca-se-puso-a-disposicion-del-ministerio-publico-y-del-juez-civico-a-57-personas","status":"publish","type":"post","link":"https:\/\/cuernavaca.gob.mx\/?p=27702","title":{"rendered":"B939 24\/04\/23 EN UNA SEMANA EN CUERNAVACA SE PUSO A DISPOSICI\u00d3N DEL MINISTERIO P\u00daBLICO Y DEL JUEZ C\u00cdVICO A 57 PERSONAS"},"content":{"rendered":"\n<p><\/p>\n\n\n\n<p>\u2022\u00a0\u00a0\u00a0\u00a0\u00a0\u00a0\u00a0\u00a0\u00a0\u00a0\u00a0\u00a0<strong> En conferencia de prensa semanal, la titular de SEPRAC, Alicia V\u00e1zquez puntualiz\u00f3 que es importante visibilizar a quienes de manera permanente est\u00e1n cometiendo delitos para denunciarlos por parte de sus v\u00edctimas<\/strong><\/p>\n\n\n\n<p>Del 17 al 23 de abril elementos de la Secretar\u00eda de Protecci\u00f3n y Auxilio Ciudadano (SEPRAC) de Cuernavaca pusieron a disposici\u00f3n del Ministerio P\u00fablico y del Juez C\u00edvico a 57 personas, en tanto del 1 de enero al 20 de abril del presente a\u00f1o, la Unidad de Prevenci\u00f3n al Robo de Veh\u00edculos (UPRV) ha recuperado 53 unidades automotoras, poniendo a disposici\u00f3n del Ministerio P\u00fablico a 22 personas.<\/p>\n\n\n\n<p>En conferencia de prensa semanal, la titular de SEPRAC, Alicia V\u00e1zquez Luna, inform\u00f3 que, como acciones relevantes ocurridas la semana pasada, el 17 de abril en la colonia Bosques de Cuernavaca, lograron la detenci\u00f3n y puesta a disposici\u00f3n del Ministerio P\u00fablico de Jonathan Genaro \u201cN\u201d por su probable participaci\u00f3n en el delito de robo, asegur\u00e1ndole objetos que hurto de un domicilio.<\/p>\n\n\n\n<p>Indic\u00f3 que el 18 de abril en la colonia Palmira, se detuvo y puso a disposici\u00f3n del Ministerio P\u00fablico a Eduardo \u201cN\u201d por poseer un veh\u00edculo marca Honda, submarca Civic, color blanco, a\u00f1o 2017, serie 19XFC1679HE600160 con placas de circulaci\u00f3n Z56XAU de la Ciudad de M\u00e9xico, el cual contaba con alteraci\u00f3n en sus medios de identificaci\u00f3n.<\/p>\n\n\n\n<p>Asimismo, el 20 de abril en el poblado de Santa Mar\u00eda Ahuacatitl\u00e1n detuvieron y pusieron a disposici\u00f3n del Ministerio P\u00fablico a Ra\u00fal \u201cN\u201d y Cosme \u201cN\u201d, quienes se encontraban robando cable de un pozo del Sistema de Agua Potable y Alcantarillado de Cuernavaca (SAPAC); se les asegur\u00f3 herramienta, as\u00ed como una motocicleta marca Italika, submarca FT125, color amarillo con negro, a\u00f1o 2018 con n\u00famero de serie 3SCPFTDE6J1025751.<\/p>\n\n\n\n<p>En este mismo d\u00eda, en la colonia Lomas de la Selva Norte, se recuper\u00f3 un veh\u00edculo con reporte de robo vigente, marca Renault, submarca Duster, color blanco, a\u00f1o 2018, serie 9FBHS2FF2JM568087, con placas de circulaci\u00f3n RAU181C del estado de Morelos.<\/p>\n\n\n\n<p>El 21 de abril en el poblado de Amatitl\u00e1n, la SEPRAC detuvo y puso a disposici\u00f3n del Ministerio P\u00fablico a Roberto \u201cN\u201d por delitos contra la salud, a quien se le asegur\u00f3 una bolsita tipo ziploc con una sustancia granulada de color blanco con las caracter\u00edsticas del cristal y seis envoltorios de pl\u00e1stico que contienen en su interior polvo blanco.<\/p>\n\n\n\n<p>Finalmente, V\u00e1zquez Luna, puntualiz\u00f3 que dentro de las acciones que tienen que ver con las detenciones relevantes, es importante visibilizar a estas personas que de manera permanente est\u00e1n cometiendo delitos, exhortando a la poblaci\u00f3n a denunciarlos en caso de haber sido v\u00edctima de ellos.<\/p>\n\n\n\n<p>Si tienen alguna emergencia o auxilio, pueden comunicarse directamente a la Central de Emergencias de Cuernavaca, al 777 312 1274 con sus l\u00edneas directas.<\/p>\n\n\n\n<figure class=\"wp-container-2 wp-block-gallery-1 wp-block-gallery has-nested-images columns-default is-cropped\">\n<figure class=\"wp-block-image size-large\"><img loading=\"lazy\" width=\"1024\" height=\"682\" data-id=\"27703\"  src=\"https:\/\/cuernavaca.gob.mx\/wp-content\/uploads\/2023\/04\/DETENCIONES-CUERNAVACA-SEPRAC-1-1024x682.jpeg\" alt=\"\" class=\"wp-image-27703\" srcset=\"https:\/\/cuernavaca.gob.mx\/wp-content\/uploads\/2023\/04\/DETENCIONES-CUERNAVACA-SEPRAC-1-1024x682.jpeg 1024w, https:\/\/cuernavaca.gob.mx\/wp-content\/uploads\/2023\/04\/DETENCIONES-CUERNAVACA-SEPRAC-1-300x200.jpeg 300w, https:\/\/cuernavaca.gob.mx\/wp-content\/uploads\/2023\/04\/DETENCIONES-CUERNAVACA-SEPRAC-1-768x512.jpeg 768w, https:\/\/cuernavaca.gob.mx\/wp-content\/uploads\/2023\/04\/DETENCIONES-CUERNAVACA-SEPRAC-1-600x400.jpeg 600w, https:\/\/cuernavaca.gob.mx\/wp-content\/uploads\/2023\/04\/DETENCIONES-CUERNAVACA-SEPRAC-1-560x373.jpeg 560w, https:\/\/cuernavaca.gob.mx\/wp-content\/uploads\/2023\/04\/DETENCIONES-CUERNAVACA-SEPRAC-1.jpeg 1280w\" sizes=\"(max-width: 1024px) 100vw, 1024px\" \/><\/figure>\n\n\n\n<figure class=\"wp-block-image size-large\"><img loading=\"lazy\" width=\"1024\" height=\"682\" data-id=\"27704\"  src=\"https:\/\/cuernavaca.gob.mx\/wp-content\/uploads\/2023\/04\/DETENCIONES-CUERNAVACA-SEPRAC-2-1024x682.jpeg\" alt=\"\" class=\"wp-image-27704\" srcset=\"https:\/\/cuernavaca.gob.mx\/wp-content\/uploads\/2023\/04\/DETENCIONES-CUERNAVACA-SEPRAC-2-1024x682.jpeg 1024w, https:\/\/cuernavaca.gob.mx\/wp-content\/uploads\/2023\/04\/DETENCIONES-CUERNAVACA-SEPRAC-2-300x200.jpeg 300w, https:\/\/cuernavaca.gob.mx\/wp-content\/uploads\/2023\/04\/DETENCIONES-CUERNAVACA-SEPRAC-2-768x512.jpeg 768w, https:\/\/cuernavaca.gob.mx\/wp-content\/uploads\/2023\/04\/DETENCIONES-CUERNAVACA-SEPRAC-2-600x400.jpeg 600w, https:\/\/cuernavaca.gob.mx\/wp-content\/uploads\/2023\/04\/DETENCIONES-CUERNAVACA-SEPRAC-2-560x373.jpeg 560w, https:\/\/cuernavaca.gob.mx\/wp-content\/uploads\/2023\/04\/DETENCIONES-CUERNAVACA-SEPRAC-2.jpeg 1280w\" sizes=\"(max-width: 1024px) 100vw, 1024px\" \/><\/figure>\n\n\n\n<figure class=\"wp-block-image size-large\"><img loading=\"lazy\" width=\"1024\" height=\"682\" data-id=\"27705\"  src=\"https:\/\/cuernavaca.gob.mx\/wp-content\/uploads\/2023\/04\/DETENCIONES-CUERNAVACA-SEPRAC-3-1024x682.jpeg\" alt=\"\" class=\"wp-image-27705\" srcset=\"https:\/\/cuernavaca.gob.mx\/wp-content\/uploads\/2023\/04\/DETENCIONES-CUERNAVACA-SEPRAC-3-1024x682.jpeg 1024w, https:\/\/cuernavaca.gob.mx\/wp-content\/uploads\/2023\/04\/DETENCIONES-CUERNAVACA-SEPRAC-3-300x200.jpeg 300w, https:\/\/cuernavaca.gob.mx\/wp-content\/uploads\/2023\/04\/DETENCIONES-CUERNAVACA-SEPRAC-3-768x512.jpeg 768w, https:\/\/cuernavaca.gob.mx\/wp-content\/uploads\/2023\/04\/DETENCIONES-CUERNAVACA-SEPRAC-3-600x400.jpeg 600w, https:\/\/cuernavaca.gob.mx\/wp-content\/uploads\/2023\/04\/DETENCIONES-CUERNAVACA-SEPRAC-3-560x373.jpeg 560w, https:\/\/cuernavaca.gob.mx\/wp-content\/uploads\/2023\/04\/DETENCIONES-CUERNAVACA-SEPRAC-3.jpeg 1280w\" sizes=\"(max-width: 1024px) 100vw, 1024px\" \/><\/figure>\n<\/figure>\n","protected":false},"excerpt":{"rendered":"<p>\u2022\u00a0\u00a0\u00a0\u00a0\u00a0\u00a0\u00a0\u00a0\u00a0\u00a0\u00a0\u00a0 En conferencia de prensa semanal, la titular de SEPRAC, Alicia V\u00e1zquez puntualiz\u00f3 que es importante visibilizar a quienes de manera permanente est\u00e1n cometiendo delitos para denunciarlos por parte de sus v\u00edctimas Del 17 al 23 de abril elementos de la Secretar\u00eda de Protecci\u00f3n y Auxilio Ciudadano (SEPRAC) de Cuernavaca pusieron a disposici\u00f3n del Ministerio [&hellip;]<\/p>\n","protected":false},"author":1,"featured_media":27704,"comment_status":"closed","ping_status":"open","sticky":false,"template":"","format":"standard","meta":[],"categories":[20,17],"tags":[121,120,206,125,252],"aioseo_notices":[],"_links":{"self":[{"href":"https:\/\/cuernavaca.gob.mx\/index.php?rest_route=\/wp\/v2\/posts\/27702"}],"collection":[{"href":"https:\/\/cuernavaca.gob.mx\/index.php?rest_route=\/wp\/v2\/posts"}],"about":[{"href":"https:\/\/cuernavaca.gob.mx\/index.php?rest_route=\/wp\/v2\/types\/post"}],"author":[{"embeddable":true,"href":"https:\/\/cuernavaca.gob.mx\/index.php?rest_route=\/wp\/v2\/users\/1"}],"replies":[{"embeddable":true,"href":"https:\/\/cuernavaca.gob.mx\/index.php?rest_route=%2Fwp%2Fv2%2Fcomments&post=27702"}],"version-history":[{"count":1,"href":"https:\/\/cuernavaca.gob.mx\/index.php?rest_route=\/wp\/v2\/posts\/27702\/revisions"}],"predecessor-version":[{"id":27706,"href":"https:\/\/cuernavaca.gob.mx\/index.php?rest_route=\/wp\/v2\/posts\/27702\/revisions\/27706"}],"wp:featuredmedia":[{"embeddable":true,"href":"https:\/\/cuernavaca.gob.mx\/index.php?rest_route=\/wp\/v2\/media\/27704"}],"wp:attachment":[{"href":"https:\/\/cuernavaca.gob.mx\/index.php?rest_route=%2Fwp%2Fv2%2Fmedia&parent=27702"}],"wp:term":[{"taxonomy":"category","embeddable":true,"href":"https:\/\/cuernavaca.gob.mx\/index.php?rest_route=%2Fwp%2Fv2%2Fcategories&post=27702"},{"taxonomy":"post_tag","embeddable":true,"href":"https:\/\/cuernavaca.gob.mx\/index.php?rest_route=%2Fwp%2Fv2%2Ftags&post=27702"}],"curies":[{"name":"wp","href":"https:\/\/api.w.org\/{rel}","templated":true}]}}