{"id":27728,"date":"2023-04-25T19:48:00","date_gmt":"2023-04-26T01:48:00","guid":{"rendered":"https:\/\/cuernavaca.gob.mx\/?p=27728"},"modified":"2025-05-06T12:36:51","modified_gmt":"2025-05-06T18:36:51","slug":"b942-25-04-23-cuernavaca-resguarda-una-replica-del-manifiesto-al-pueblo-mexicano-firmado-por-el-general-emiliano-zapata-el-25-de-abril-de-1918","status":"publish","type":"post","link":"https:\/\/cuernavaca.gob.mx\/?p=27728","title":{"rendered":"B942 25\/04\/23 CUERNAVACA RESGUARDA UNA R\u00c9PLICA DEL &#8220;MANIFIESTO AL PUEBLO MEXICANO&#8221; FIRMADO POR EL GENERAL EMILIANO ZAPATA EL 25 DE ABRIL DE 1918"},"content":{"rendered":"\n<p><\/p>\n\n\n\n<p>\u2022\u00a0\u00a0\u00a0\u00a0\u00a0\u00a0\u00a0\u00a0\u00a0\u00a0\u00a0\u00a0 <strong>Luego de 25 a\u00f1os de haber regresado a la entidad morelense y tras desaparecer durante ocho d\u00e9cadas, este hist\u00f3rico documento estar\u00e1 expuesto en el Museo de la Ciudad para la visita del p\u00fablico en general<\/strong><\/p>\n\n\n\n<p>\u2022\u00a0\u00a0\u00a0\u00a0\u00a0\u00a0\u00a0\u00a0\u00a0\u00a0\u00a0\u00a0 <strong>El alcalde Jos\u00e9 Luis Uri\u00f3stegui puntualiz\u00f3 que el contenido de este manifiesto ayuda a revisar lo que suced\u00eda despu\u00e9s de siete a\u00f1os del Plan de Ayala, recuento de lo que hab\u00eda vivido el Caudillo del Sur durante la Revoluci\u00f3n Mexicana<\/strong><\/p>\n\n\n\n<p>El Museo de la Ciudad de Cuernavaca (MuCIC) resguardar\u00e1 a partir de este martes una r\u00e9plica del manifiesto al pueblo mexicano firmado por el General Emiliano Zapata Salazar el 25 de abril de 1918, con el objeto de fomentar entre la sociedad la preservaci\u00f3n de la historia y la cultura de manos de la figura m\u00e1s representativa del estado de Morelos y que se ha convertido en un s\u00edmbolo de lucha y resistencia campesina.<\/p>\n\n\n\n<p>En el marco del 105 aniversario de la firma de este importante documento hist\u00f3rico que fue suscrito en el cuartel general del Ej\u00e9rcito Libertador de la Rep\u00fablica Mexicana en Tlaltizap\u00e1n, Morelos por el Caudillo del Sur con dos firmas m\u00e1s como testigos: la de Fortino Ayaquica y la de Marcelo Caraveo; importantes personalidades de la vida pol\u00edtica, cultural y art\u00edstica del estado, como el ex gobernador Jorge Carrillo Olea, se reunieron para celebrar en grande su exposici\u00f3n al p\u00fablico por primera ocasi\u00f3n desde su llegada a la capital morelense hace 25 a\u00f1os tras desaparecer durante ocho d\u00e9cadas.<\/p>\n\n\n\n<p>Al uso de la palabra, la periodista, historiadora y presidenta de la sociedad mexicana de Geograf\u00eda y Estad\u00edstica del Estado de Morelos, Lya Guti\u00e9rrez Quintanilla, hizo una remembranza del viaje que ha hecho este documento para regresar a la entidad a partir de la voluntad del entonces gobernador de Morelos, Jorge Carrillo Olea que lo compr\u00f3 en los \u00faltimos d\u00edas de febrero de 1998 con la ayuda del embajador de M\u00e9xico ante el Reino Unido de Gran Breta\u00f1a e Irlanda del Norte, Santiago O\u00f1aete Laborde, a la casa de subastas Sotheby\u2019s en Londres.<\/p>\n\n\n\n<p>Lya Guti\u00e9rrez se\u00f1al\u00f3 que, si bien la intenci\u00f3n del entonces gobernador era que el manifiesto estuviera expuesto al ojo p\u00fablico en un museo, fue hasta 25 a\u00f1os despu\u00e9s de su llegada que hoy esas dos cuartillas est\u00e1n expuestas, \u201cnos mira y lo miramos y lo podr\u00e1n mirar cuanta persona llegue al Museo de la Ciudad de Cuernavaca a partir de este d\u00eda gracias a que un d\u00eda lejano un gobernador se despidi\u00f3 de la gubernatura no sin haber recuperado este manifiesto para legarlo a todo el pueblo de Morelos\u201d.<\/p>\n\n\n\n<p>En su mensaje, el presidente municipal de Cuernavaca, Jos\u00e9 Luis Uri\u00f3stegui Salgado, reiter\u00f3 su gratitud al ex gobernador Jorge Carrillo, al tiempo de referir que este importante evento se debi\u00f3 al tes\u00f3n de Lya Guti\u00e9rrez que no ces\u00f3 ni un instante de tocar las puertas, de hablar con las personas que ten\u00eda que hablar para lograr, primero ubicar el documento original y despu\u00e9s tener acceso al mismo para tomar las im\u00e1genes que se quedar\u00e1n de manera permanente en el MuCIC, esto gracias al arte, pericia y experiencia de Jorge Cazares Clement.<\/p>\n\n\n\n<p>Ante familiares del General Emiliano Zapata e integrantes del Consejo de Cultura y las Artes, del Consejo Consultivo de Turismo y del Consejo de Cronistas del Municipio de Cuernavaca, puntualiz\u00f3 que el contenido de este Manifiesto ayuda a revisar lo que suced\u00eda despu\u00e9s de siete a\u00f1os del Plan de Ayala, es una especie de recuento de lo que hab\u00eda vivido ya durante la Revoluci\u00f3n Mexicana, desde los gobiernos y que sus ideales segu\u00edan vigentes.<\/p>\n\n\n\n<p>\u201cZapata es hoy el h\u00e9roe moderno m\u00e1s reconocido de todo el planeta, su presencia, su lucha, la filosof\u00eda que fue tomada por el EZLN en 1994 y que relanza la figura de Zapata a nivel mundial, nos obliga a pensar en lo que plantea y si se han alcanzado o no estas expectativas y sus ideales. Les dejo la reflexi\u00f3n\u201d, acot\u00f3.<\/p>\n\n\n\n<p>Por su lado, el doctor en Historia e Etnohistoria, Carlos Barreto Zamudio, explic\u00f3 que este manifiesto pertenece a un conjunto documental generado por el Ej\u00e9rcito Libertador del Sur que tambi\u00e9n incluye planes, proclamas y manifiestos, siendo una tradici\u00f3n mexicana que proviene del siglo XIX, en el que tal cual se lee en este documento se establecen un estado de cosas y se plantea una l\u00ednea revolucionaria a seguir.<\/p>\n\n\n\n<p>Finalmente, Nadia Sonia Salazar S\u00e1nchez, sobrina nieta del General Emiliano Zapata Salazar, agradeci\u00f3 al exgobernador Jorge Carrillo Olea por haber recuperado este documento hist\u00f3rico y al alcalde Jos\u00e9 Luis Uri\u00f3stegui por haber hecho realidad esta exposici\u00f3n para todo el pueblo morelense y visitantes.<\/p>\n\n\n\n<p>En la presentaci\u00f3n de este hist\u00f3rico momento se leyeron tambi\u00e9n los mensajes que enviaron el director del Museo Nacional de Historia de M\u00e9xico, Salvador Rueda Smithers entre otros.<\/p>\n\n\n\n<figure class=\"wp-container-2 wp-block-gallery-1 wp-block-gallery has-nested-images columns-default is-cropped\">\n<figure class=\"wp-block-image size-large\"><img loading=\"lazy\" width=\"1024\" height=\"682\" data-id=\"27740\"  src=\"https:\/\/cuernavaca.gob.mx\/wp-content\/uploads\/2023\/04\/MANIFIESTO-ZAPATA-CUERNAVACA-1-1024x682.jpeg\" alt=\"\" class=\"wp-image-27740\" srcset=\"https:\/\/cuernavaca.gob.mx\/wp-content\/uploads\/2023\/04\/MANIFIESTO-ZAPATA-CUERNAVACA-1-1024x682.jpeg 1024w, https:\/\/cuernavaca.gob.mx\/wp-content\/uploads\/2023\/04\/MANIFIESTO-ZAPATA-CUERNAVACA-1-300x200.jpeg 300w, https:\/\/cuernavaca.gob.mx\/wp-content\/uploads\/2023\/04\/MANIFIESTO-ZAPATA-CUERNAVACA-1-768x512.jpeg 768w, https:\/\/cuernavaca.gob.mx\/wp-content\/uploads\/2023\/04\/MANIFIESTO-ZAPATA-CUERNAVACA-1-1536x1023.jpeg 1536w, https:\/\/cuernavaca.gob.mx\/wp-content\/uploads\/2023\/04\/MANIFIESTO-ZAPATA-CUERNAVACA-1-600x400.jpeg 600w, https:\/\/cuernavaca.gob.mx\/wp-content\/uploads\/2023\/04\/MANIFIESTO-ZAPATA-CUERNAVACA-1-560x373.jpeg 560w, https:\/\/cuernavaca.gob.mx\/wp-content\/uploads\/2023\/04\/MANIFIESTO-ZAPATA-CUERNAVACA-1.jpeg 1600w\" sizes=\"(max-width: 1024px) 100vw, 1024px\" \/><\/figure>\n\n\n\n<figure class=\"wp-block-image size-large\"><img loading=\"lazy\" width=\"1024\" height=\"682\" data-id=\"27732\"  src=\"https:\/\/cuernavaca.gob.mx\/wp-content\/uploads\/2023\/04\/MANIFIESTO-ZAPATA-CUERNAVACA-2-1024x682.jpeg\" alt=\"\" class=\"wp-image-27732\" srcset=\"https:\/\/cuernavaca.gob.mx\/wp-content\/uploads\/2023\/04\/MANIFIESTO-ZAPATA-CUERNAVACA-2-1024x682.jpeg 1024w, https:\/\/cuernavaca.gob.mx\/wp-content\/uploads\/2023\/04\/MANIFIESTO-ZAPATA-CUERNAVACA-2-300x200.jpeg 300w, https:\/\/cuernavaca.gob.mx\/wp-content\/uploads\/2023\/04\/MANIFIESTO-ZAPATA-CUERNAVACA-2-768x512.jpeg 768w, https:\/\/cuernavaca.gob.mx\/wp-content\/uploads\/2023\/04\/MANIFIESTO-ZAPATA-CUERNAVACA-2-1536x1023.jpeg 1536w, https:\/\/cuernavaca.gob.mx\/wp-content\/uploads\/2023\/04\/MANIFIESTO-ZAPATA-CUERNAVACA-2-600x400.jpeg 600w, https:\/\/cuernavaca.gob.mx\/wp-content\/uploads\/2023\/04\/MANIFIESTO-ZAPATA-CUERNAVACA-2-560x373.jpeg 560w, https:\/\/cuernavaca.gob.mx\/wp-content\/uploads\/2023\/04\/MANIFIESTO-ZAPATA-CUERNAVACA-2.jpeg 1600w\" sizes=\"(max-width: 1024px) 100vw, 1024px\" \/><\/figure>\n\n\n\n<figure class=\"wp-block-image size-large\"><img loading=\"lazy\" width=\"1024\" height=\"682\" data-id=\"27735\"  src=\"https:\/\/cuernavaca.gob.mx\/wp-content\/uploads\/2023\/04\/MANIFIESTO-ZAPATA-CUERNAVACA-3-1024x682.jpeg\" alt=\"\" class=\"wp-image-27735\" srcset=\"https:\/\/cuernavaca.gob.mx\/wp-content\/uploads\/2023\/04\/MANIFIESTO-ZAPATA-CUERNAVACA-3-1024x682.jpeg 1024w, https:\/\/cuernavaca.gob.mx\/wp-content\/uploads\/2023\/04\/MANIFIESTO-ZAPATA-CUERNAVACA-3-300x200.jpeg 300w, https:\/\/cuernavaca.gob.mx\/wp-content\/uploads\/2023\/04\/MANIFIESTO-ZAPATA-CUERNAVACA-3-768x512.jpeg 768w, https:\/\/cuernavaca.gob.mx\/wp-content\/uploads\/2023\/04\/MANIFIESTO-ZAPATA-CUERNAVACA-3-1536x1023.jpeg 1536w, https:\/\/cuernavaca.gob.mx\/wp-content\/uploads\/2023\/04\/MANIFIESTO-ZAPATA-CUERNAVACA-3-600x400.jpeg 600w, https:\/\/cuernavaca.gob.mx\/wp-content\/uploads\/2023\/04\/MANIFIESTO-ZAPATA-CUERNAVACA-3-560x373.jpeg 560w, https:\/\/cuernavaca.gob.mx\/wp-content\/uploads\/2023\/04\/MANIFIESTO-ZAPATA-CUERNAVACA-3.jpeg 1600w\" sizes=\"(max-width: 1024px) 100vw, 1024px\" \/><\/figure>\n\n\n\n<figure class=\"wp-block-image size-large\"><img loading=\"lazy\" width=\"1024\" height=\"682\" data-id=\"27739\"  src=\"https:\/\/cuernavaca.gob.mx\/wp-content\/uploads\/2023\/04\/MANIFIESTO-ZAPATA-CUERNAVACA-4-1024x682.jpeg\" alt=\"\" class=\"wp-image-27739\" srcset=\"https:\/\/cuernavaca.gob.mx\/wp-content\/uploads\/2023\/04\/MANIFIESTO-ZAPATA-CUERNAVACA-4-1024x682.jpeg 1024w, https:\/\/cuernavaca.gob.mx\/wp-content\/uploads\/2023\/04\/MANIFIESTO-ZAPATA-CUERNAVACA-4-300x200.jpeg 300w, https:\/\/cuernavaca.gob.mx\/wp-content\/uploads\/2023\/04\/MANIFIESTO-ZAPATA-CUERNAVACA-4-768x512.jpeg 768w, https:\/\/cuernavaca.gob.mx\/wp-content\/uploads\/2023\/04\/MANIFIESTO-ZAPATA-CUERNAVACA-4-1536x1023.jpeg 1536w, https:\/\/cuernavaca.gob.mx\/wp-content\/uploads\/2023\/04\/MANIFIESTO-ZAPATA-CUERNAVACA-4-600x400.jpeg 600w, https:\/\/cuernavaca.gob.mx\/wp-content\/uploads\/2023\/04\/MANIFIESTO-ZAPATA-CUERNAVACA-4-560x373.jpeg 560w, https:\/\/cuernavaca.gob.mx\/wp-content\/uploads\/2023\/04\/MANIFIESTO-ZAPATA-CUERNAVACA-4.jpeg 1600w\" sizes=\"(max-width: 1024px) 100vw, 1024px\" \/><\/figure>\n\n\n\n<figure class=\"wp-block-image size-large\"><img loading=\"lazy\" width=\"1024\" height=\"682\" data-id=\"27730\"  src=\"https:\/\/cuernavaca.gob.mx\/wp-content\/uploads\/2023\/04\/MANIFIESTO-ZAPATA-CUERNAVACA-5-1024x682.jpeg\" alt=\"\" class=\"wp-image-27730\" srcset=\"https:\/\/cuernavaca.gob.mx\/wp-content\/uploads\/2023\/04\/MANIFIESTO-ZAPATA-CUERNAVACA-5-1024x682.jpeg 1024w, https:\/\/cuernavaca.gob.mx\/wp-content\/uploads\/2023\/04\/MANIFIESTO-ZAPATA-CUERNAVACA-5-300x200.jpeg 300w, https:\/\/cuernavaca.gob.mx\/wp-content\/uploads\/2023\/04\/MANIFIESTO-ZAPATA-CUERNAVACA-5-768x512.jpeg 768w, https:\/\/cuernavaca.gob.mx\/wp-content\/uploads\/2023\/04\/MANIFIESTO-ZAPATA-CUERNAVACA-5-1536x1023.jpeg 1536w, https:\/\/cuernavaca.gob.mx\/wp-content\/uploads\/2023\/04\/MANIFIESTO-ZAPATA-CUERNAVACA-5-600x400.jpeg 600w, https:\/\/cuernavaca.gob.mx\/wp-content\/uploads\/2023\/04\/MANIFIESTO-ZAPATA-CUERNAVACA-5-560x373.jpeg 560w, https:\/\/cuernavaca.gob.mx\/wp-content\/uploads\/2023\/04\/MANIFIESTO-ZAPATA-CUERNAVACA-5.jpeg 1600w\" sizes=\"(max-width: 1024px) 100vw, 1024px\" \/><\/figure>\n\n\n\n<figure class=\"wp-block-image size-large\"><img loading=\"lazy\" width=\"1024\" height=\"682\" data-id=\"27733\"  src=\"https:\/\/cuernavaca.gob.mx\/wp-content\/uploads\/2023\/04\/MANIFIESTO-ZAPATA-CUERNAVACA-6-1024x682.jpeg\" alt=\"\" class=\"wp-image-27733\" srcset=\"https:\/\/cuernavaca.gob.mx\/wp-content\/uploads\/2023\/04\/MANIFIESTO-ZAPATA-CUERNAVACA-6-1024x682.jpeg 1024w, https:\/\/cuernavaca.gob.mx\/wp-content\/uploads\/2023\/04\/MANIFIESTO-ZAPATA-CUERNAVACA-6-300x200.jpeg 300w, https:\/\/cuernavaca.gob.mx\/wp-content\/uploads\/2023\/04\/MANIFIESTO-ZAPATA-CUERNAVACA-6-768x512.jpeg 768w, https:\/\/cuernavaca.gob.mx\/wp-content\/uploads\/2023\/04\/MANIFIESTO-ZAPATA-CUERNAVACA-6-1536x1023.jpeg 1536w, https:\/\/cuernavaca.gob.mx\/wp-content\/uploads\/2023\/04\/MANIFIESTO-ZAPATA-CUERNAVACA-6-600x400.jpeg 600w, https:\/\/cuernavaca.gob.mx\/wp-content\/uploads\/2023\/04\/MANIFIESTO-ZAPATA-CUERNAVACA-6-560x373.jpeg 560w, https:\/\/cuernavaca.gob.mx\/wp-content\/uploads\/2023\/04\/MANIFIESTO-ZAPATA-CUERNAVACA-6.jpeg 1600w\" sizes=\"(max-width: 1024px) 100vw, 1024px\" \/><\/figure>\n\n\n\n<figure class=\"wp-block-image size-large\"><img loading=\"lazy\" width=\"1024\" height=\"682\" data-id=\"27736\"  src=\"https:\/\/cuernavaca.gob.mx\/wp-content\/uploads\/2023\/04\/MANIFIESTO-ZAPATA-CUERNAVACA-7-1024x682.jpeg\" alt=\"\" class=\"wp-image-27736\" srcset=\"https:\/\/cuernavaca.gob.mx\/wp-content\/uploads\/2023\/04\/MANIFIESTO-ZAPATA-CUERNAVACA-7-1024x682.jpeg 1024w, https:\/\/cuernavaca.gob.mx\/wp-content\/uploads\/2023\/04\/MANIFIESTO-ZAPATA-CUERNAVACA-7-300x200.jpeg 300w, https:\/\/cuernavaca.gob.mx\/wp-content\/uploads\/2023\/04\/MANIFIESTO-ZAPATA-CUERNAVACA-7-768x512.jpeg 768w, https:\/\/cuernavaca.gob.mx\/wp-content\/uploads\/2023\/04\/MANIFIESTO-ZAPATA-CUERNAVACA-7-1536x1023.jpeg 1536w, https:\/\/cuernavaca.gob.mx\/wp-content\/uploads\/2023\/04\/MANIFIESTO-ZAPATA-CUERNAVACA-7-600x400.jpeg 600w, https:\/\/cuernavaca.gob.mx\/wp-content\/uploads\/2023\/04\/MANIFIESTO-ZAPATA-CUERNAVACA-7-560x373.jpeg 560w, https:\/\/cuernavaca.gob.mx\/wp-content\/uploads\/2023\/04\/MANIFIESTO-ZAPATA-CUERNAVACA-7.jpeg 1600w\" sizes=\"(max-width: 1024px) 100vw, 1024px\" \/><\/figure>\n\n\n\n<figure class=\"wp-block-image size-large\"><img loading=\"lazy\" width=\"1024\" height=\"682\" data-id=\"27731\"  src=\"https:\/\/cuernavaca.gob.mx\/wp-content\/uploads\/2023\/04\/MANIFIESTO-ZAPATA-CUERNAVACA-8-1024x682.jpeg\" alt=\"\" class=\"wp-image-27731\" srcset=\"https:\/\/cuernavaca.gob.mx\/wp-content\/uploads\/2023\/04\/MANIFIESTO-ZAPATA-CUERNAVACA-8-1024x682.jpeg 1024w, https:\/\/cuernavaca.gob.mx\/wp-content\/uploads\/2023\/04\/MANIFIESTO-ZAPATA-CUERNAVACA-8-300x200.jpeg 300w, https:\/\/cuernavaca.gob.mx\/wp-content\/uploads\/2023\/04\/MANIFIESTO-ZAPATA-CUERNAVACA-8-768x512.jpeg 768w, https:\/\/cuernavaca.gob.mx\/wp-content\/uploads\/2023\/04\/MANIFIESTO-ZAPATA-CUERNAVACA-8-1536x1023.jpeg 1536w, https:\/\/cuernavaca.gob.mx\/wp-content\/uploads\/2023\/04\/MANIFIESTO-ZAPATA-CUERNAVACA-8-600x400.jpeg 600w, https:\/\/cuernavaca.gob.mx\/wp-content\/uploads\/2023\/04\/MANIFIESTO-ZAPATA-CUERNAVACA-8-560x373.jpeg 560w, https:\/\/cuernavaca.gob.mx\/wp-content\/uploads\/2023\/04\/MANIFIESTO-ZAPATA-CUERNAVACA-8.jpeg 1600w\" sizes=\"(max-width: 1024px) 100vw, 1024px\" \/><\/figure>\n\n\n\n<figure class=\"wp-block-image size-large\"><img loading=\"lazy\" width=\"1024\" height=\"682\" data-id=\"27734\"  src=\"https:\/\/cuernavaca.gob.mx\/wp-content\/uploads\/2023\/04\/MANIFIESTO-ZAPATA-CUERNAVACA-9-1024x682.jpeg\" alt=\"\" class=\"wp-image-27734\" srcset=\"https:\/\/cuernavaca.gob.mx\/wp-content\/uploads\/2023\/04\/MANIFIESTO-ZAPATA-CUERNAVACA-9-1024x682.jpeg 1024w, https:\/\/cuernavaca.gob.mx\/wp-content\/uploads\/2023\/04\/MANIFIESTO-ZAPATA-CUERNAVACA-9-300x200.jpeg 300w, https:\/\/cuernavaca.gob.mx\/wp-content\/uploads\/2023\/04\/MANIFIESTO-ZAPATA-CUERNAVACA-9-768x512.jpeg 768w, https:\/\/cuernavaca.gob.mx\/wp-content\/uploads\/2023\/04\/MANIFIESTO-ZAPATA-CUERNAVACA-9-1536x1023.jpeg 1536w, https:\/\/cuernavaca.gob.mx\/wp-content\/uploads\/2023\/04\/MANIFIESTO-ZAPATA-CUERNAVACA-9-600x400.jpeg 600w, https:\/\/cuernavaca.gob.mx\/wp-content\/uploads\/2023\/04\/MANIFIESTO-ZAPATA-CUERNAVACA-9-560x373.jpeg 560w, https:\/\/cuernavaca.gob.mx\/wp-content\/uploads\/2023\/04\/MANIFIESTO-ZAPATA-CUERNAVACA-9.jpeg 1600w\" sizes=\"(max-width: 1024px) 100vw, 1024px\" \/><\/figure>\n\n\n\n<figure class=\"wp-block-image size-large\"><img loading=\"lazy\" width=\"1024\" height=\"682\" data-id=\"27738\"  src=\"https:\/\/cuernavaca.gob.mx\/wp-content\/uploads\/2023\/04\/MANIFIESTO-ZAPATA-CUERNAVACA-10-1024x682.jpeg\" alt=\"\" class=\"wp-image-27738\" srcset=\"https:\/\/cuernavaca.gob.mx\/wp-content\/uploads\/2023\/04\/MANIFIESTO-ZAPATA-CUERNAVACA-10-1024x682.jpeg 1024w, https:\/\/cuernavaca.gob.mx\/wp-content\/uploads\/2023\/04\/MANIFIESTO-ZAPATA-CUERNAVACA-10-300x200.jpeg 300w, https:\/\/cuernavaca.gob.mx\/wp-content\/uploads\/2023\/04\/MANIFIESTO-ZAPATA-CUERNAVACA-10-768x512.jpeg 768w, https:\/\/cuernavaca.gob.mx\/wp-content\/uploads\/2023\/04\/MANIFIESTO-ZAPATA-CUERNAVACA-10-1536x1023.jpeg 1536w, https:\/\/cuernavaca.gob.mx\/wp-content\/uploads\/2023\/04\/MANIFIESTO-ZAPATA-CUERNAVACA-10-600x400.jpeg 600w, https:\/\/cuernavaca.gob.mx\/wp-content\/uploads\/2023\/04\/MANIFIESTO-ZAPATA-CUERNAVACA-10-560x373.jpeg 560w, https:\/\/cuernavaca.gob.mx\/wp-content\/uploads\/2023\/04\/MANIFIESTO-ZAPATA-CUERNAVACA-10.jpeg 1600w\" sizes=\"(max-width: 1024px) 100vw, 1024px\" \/><\/figure>\n\n\n\n<figure class=\"wp-block-image size-large\"><img loading=\"lazy\" width=\"1024\" height=\"682\" data-id=\"27737\"  src=\"https:\/\/cuernavaca.gob.mx\/wp-content\/uploads\/2023\/04\/MANIFIESTO-ZAPATA-CUERNAVACA-11-1024x682.jpeg\" alt=\"\" class=\"wp-image-27737\" srcset=\"https:\/\/cuernavaca.gob.mx\/wp-content\/uploads\/2023\/04\/MANIFIESTO-ZAPATA-CUERNAVACA-11-1024x682.jpeg 1024w, https:\/\/cuernavaca.gob.mx\/wp-content\/uploads\/2023\/04\/MANIFIESTO-ZAPATA-CUERNAVACA-11-300x200.jpeg 300w, https:\/\/cuernavaca.gob.mx\/wp-content\/uploads\/2023\/04\/MANIFIESTO-ZAPATA-CUERNAVACA-11-768x512.jpeg 768w, https:\/\/cuernavaca.gob.mx\/wp-content\/uploads\/2023\/04\/MANIFIESTO-ZAPATA-CUERNAVACA-11-1536x1023.jpeg 1536w, https:\/\/cuernavaca.gob.mx\/wp-content\/uploads\/2023\/04\/MANIFIESTO-ZAPATA-CUERNAVACA-11-600x400.jpeg 600w, https:\/\/cuernavaca.gob.mx\/wp-content\/uploads\/2023\/04\/MANIFIESTO-ZAPATA-CUERNAVACA-11-560x373.jpeg 560w, https:\/\/cuernavaca.gob.mx\/wp-content\/uploads\/2023\/04\/MANIFIESTO-ZAPATA-CUERNAVACA-11.jpeg 1600w\" sizes=\"(max-width: 1024px) 100vw, 1024px\" \/><\/figure>\n\n\n\n<figure class=\"wp-block-image size-large\"><img loading=\"lazy\" width=\"1024\" height=\"682\" data-id=\"27729\"  src=\"https:\/\/cuernavaca.gob.mx\/wp-content\/uploads\/2023\/04\/MANIFIESTO-ZAPATA-CUERNAVACA-12-1024x682.jpeg\" alt=\"\" class=\"wp-image-27729\" srcset=\"https:\/\/cuernavaca.gob.mx\/wp-content\/uploads\/2023\/04\/MANIFIESTO-ZAPATA-CUERNAVACA-12-1024x682.jpeg 1024w, https:\/\/cuernavaca.gob.mx\/wp-content\/uploads\/2023\/04\/MANIFIESTO-ZAPATA-CUERNAVACA-12-300x200.jpeg 300w, https:\/\/cuernavaca.gob.mx\/wp-content\/uploads\/2023\/04\/MANIFIESTO-ZAPATA-CUERNAVACA-12-768x512.jpeg 768w, https:\/\/cuernavaca.gob.mx\/wp-content\/uploads\/2023\/04\/MANIFIESTO-ZAPATA-CUERNAVACA-12-1536x1023.jpeg 1536w, https:\/\/cuernavaca.gob.mx\/wp-content\/uploads\/2023\/04\/MANIFIESTO-ZAPATA-CUERNAVACA-12-600x400.jpeg 600w, https:\/\/cuernavaca.gob.mx\/wp-content\/uploads\/2023\/04\/MANIFIESTO-ZAPATA-CUERNAVACA-12-560x373.jpeg 560w, https:\/\/cuernavaca.gob.mx\/wp-content\/uploads\/2023\/04\/MANIFIESTO-ZAPATA-CUERNAVACA-12.jpeg 1600w\" sizes=\"(max-width: 1024px) 100vw, 1024px\" \/><\/figure>\n\n\n\n<figure class=\"wp-block-image size-large\"><img loading=\"lazy\" width=\"1024\" height=\"682\" data-id=\"27741\"  src=\"https:\/\/cuernavaca.gob.mx\/wp-content\/uploads\/2023\/04\/MANIFIESTO-ZAPATA-CUERNAVACA13-1024x682.jpeg\" alt=\"\" class=\"wp-image-27741\" srcset=\"https:\/\/cuernavaca.gob.mx\/wp-content\/uploads\/2023\/04\/MANIFIESTO-ZAPATA-CUERNAVACA13-1024x682.jpeg 1024w, https:\/\/cuernavaca.gob.mx\/wp-content\/uploads\/2023\/04\/MANIFIESTO-ZAPATA-CUERNAVACA13-300x200.jpeg 300w, https:\/\/cuernavaca.gob.mx\/wp-content\/uploads\/2023\/04\/MANIFIESTO-ZAPATA-CUERNAVACA13-768x512.jpeg 768w, https:\/\/cuernavaca.gob.mx\/wp-content\/uploads\/2023\/04\/MANIFIESTO-ZAPATA-CUERNAVACA13-1536x1023.jpeg 1536w, https:\/\/cuernavaca.gob.mx\/wp-content\/uploads\/2023\/04\/MANIFIESTO-ZAPATA-CUERNAVACA13-600x400.jpeg 600w, https:\/\/cuernavaca.gob.mx\/wp-content\/uploads\/2023\/04\/MANIFIESTO-ZAPATA-CUERNAVACA13-560x373.jpeg 560w, https:\/\/cuernavaca.gob.mx\/wp-content\/uploads\/2023\/04\/MANIFIESTO-ZAPATA-CUERNAVACA13.jpeg 1600w\" sizes=\"(max-width: 1024px) 100vw, 1024px\" \/><\/figure>\n<\/figure>\n","protected":false},"excerpt":{"rendered":"<p>\u2022\u00a0\u00a0\u00a0\u00a0\u00a0\u00a0\u00a0\u00a0\u00a0\u00a0\u00a0\u00a0 Luego de 25 a\u00f1os de haber regresado a la entidad morelense y tras desaparecer durante ocho d\u00e9cadas, este hist\u00f3rico documento estar\u00e1 expuesto en el Museo de la Ciudad para la visita del p\u00fablico en general \u2022\u00a0\u00a0\u00a0\u00a0\u00a0\u00a0\u00a0\u00a0\u00a0\u00a0\u00a0\u00a0 El alcalde Jos\u00e9 Luis Uri\u00f3stegui puntualiz\u00f3 que el contenido de este manifiesto ayuda a revisar lo que suced\u00eda [&hellip;]<\/p>\n","protected":false},"author":1,"featured_media":27738,"comment_status":"closed","ping_status":"open","sticky":false,"template":"","format":"standard","meta":[],"categories":[2292,20,21],"tags":[121,190,3037,120,206,3038,194],"aioseo_notices":[],"_links":{"self":[{"href":"https:\/\/cuernavaca.gob.mx\/index.php?rest_route=\/wp\/v2\/posts\/27728"}],"collection":[{"href":"https:\/\/cuernavaca.gob.mx\/index.php?rest_route=\/wp\/v2\/posts"}],"about":[{"href":"https:\/\/cuernavaca.gob.mx\/index.php?rest_route=\/wp\/v2\/types\/post"}],"author":[{"embeddable":true,"href":"https:\/\/cuernavaca.gob.mx\/index.php?rest_route=\/wp\/v2\/users\/1"}],"replies":[{"embeddable":true,"href":"https:\/\/cuernavaca.gob.mx\/index.php?rest_route=%2Fwp%2Fv2%2Fcomments&post=27728"}],"version-history":[{"count":1,"href":"https:\/\/cuernavaca.gob.mx\/index.php?rest_route=\/wp\/v2\/posts\/27728\/revisions"}],"predecessor-version":[{"id":27742,"href":"https:\/\/cuernavaca.gob.mx\/index.php?rest_route=\/wp\/v2\/posts\/27728\/revisions\/27742"}],"wp:featuredmedia":[{"embeddable":true,"href":"https:\/\/cuernavaca.gob.mx\/index.php?rest_route=\/wp\/v2\/media\/27738"}],"wp:attachment":[{"href":"https:\/\/cuernavaca.gob.mx\/index.php?rest_route=%2Fwp%2Fv2%2Fmedia&parent=27728"}],"wp:term":[{"taxonomy":"category","embeddable":true,"href":"https:\/\/cuernavaca.gob.mx\/index.php?rest_route=%2Fwp%2Fv2%2Fcategories&post=27728"},{"taxonomy":"post_tag","embeddable":true,"href":"https:\/\/cuernavaca.gob.mx\/index.php?rest_route=%2Fwp%2Fv2%2Ftags&post=27728"}],"curies":[{"name":"wp","href":"https:\/\/api.w.org\/{rel}","templated":true}]}}