{"id":27966,"date":"2023-05-03T15:00:00","date_gmt":"2023-05-03T21:00:00","guid":{"rendered":"https:\/\/cuernavaca.gob.mx\/?p=27966"},"modified":"2025-05-06T12:37:31","modified_gmt":"2025-05-06T18:37:31","slug":"b951-03-05-23-ayuntamiento-de-cuernavaca-replantea-la-realizacion-eleccion-del-poblado-de-ahuatepec-respetando-los-usos-y-costumbres","status":"publish","type":"post","link":"https:\/\/cuernavaca.gob.mx\/?p=27966","title":{"rendered":"B951 03\/05\/23 AYUNTAMIENTO DE CUERNAVACA REPLANTEA LA REALIZACI\u00d3N ELECCI\u00d3N DEL POBLADO DE AHUATEPEC RESPETANDO LOS USOS Y COSTUMBRES"},"content":{"rendered":"\n<p><strong>\u2022 Tras escuchar el informe sobre la situaci\u00f3n respecto al proceso integrantes del Cabildo aprobaron por unanimidad al secretario del Ayuntamiento solicite la orientaci\u00f3n del IMPEPAC para realizar una nueva elecci\u00f3n<\/strong><\/p>\n\n\n\n<p><strong>\u2022 El Alcalde Jos\u00e9 Luis Uri\u00f3stegui puntualiz\u00f3 que es indispensable efectuar este proceso democr\u00e1tico, garantizando la mayor participaci\u00f3n de la poblaci\u00f3n, el orden y la tranquilidad<\/strong><\/p>\n\n\n\n<p>Con el objetivo de cumplir con el derecho al voto, respetando los usos y costumbres del poblado de Ahuatepec, el Cabildo de Cuernavaca requiri\u00f3 este mi\u00e9rcoles al secretario del Ayuntamiento, Carlos de la Rosa Segura, para que solicite la orientaci\u00f3n del Instituto Morelense de Procesos Electorales y Participaci\u00f3n Ciudadana (IMPEPAC), a fin de replicar casos de \u00e9xito en materia electoral que se han implementado en los municipios ind\u00edgenas del estado.<\/p>\n\n\n\n<p>En sesi\u00f3n ordinaria, el secretario del Ayuntamiento rindi\u00f3 un informe de la situaci\u00f3n actual respecto de la elecci\u00f3n a la Ayudant\u00eda Municipal del poblado de Ahuatepec, que fue convocada para el pasado 23 de abril, pero tuvo que ser suspendida por connatos de violencia en contra de pobladores y los funcionarios de casilla, en virtud de que presuntamente dos planillas estaban en desacuerdo en que pudieran votar personas que si bien es cierto su credencial de elector pertenecen al poblado, no pertenecen al centro de la poblaci\u00f3n.<\/p>\n\n\n\n<p>Ante miembros del cuerpo edilicio, refiri\u00f3 que cuatro de las seis planillas registradas participaron en una Junta de Civilidad y firmaron un acuerdo de civismo; sin embargo, un d\u00eda antes la propia Secretar\u00eda de Protecci\u00f3n y Auxilio Ciudadano (SEPRAC) hab\u00eda emitido recomendaciones en relaci\u00f3n a la peligrosidad que representaban los comicios, dado a que aparentemente la noche anterior hab\u00edan sido introducidos tambos con gasolina al interior de la cancha techada, la cual ser\u00eda la sede de la votaci\u00f3n, situaci\u00f3n que pudieron constatar al d\u00eda siguiente.<\/p>\n\n\n\n<p>Carlos de la Rosa sostuvo que dada la forma agresiva con la que pretend\u00edan impedir la elecci\u00f3n de algunos participantes, se determin\u00f3, en un primer momento por los funcionarios de casilla, suspender la elecci\u00f3n, decisi\u00f3n que valid\u00f3 la Junta Electoral Municipal decretando la nulidad de la jornada hasta este momento.<\/p>\n\n\n\n<p>En este contexto, el presidente municipal de Cuernavaca, Jos\u00e9 Luis Uri\u00f3stegui, puntualiz\u00f3 que, si bien a\u00fan tienen tiempo para organizar y llevar a cabo la elecci\u00f3n, ya que el ayudante en funciones concluye su periodo de tres a\u00f1os en el mes de agosto, no deben dejar que se agote el plazo, siendo indispensable efectuar este proceso democr\u00e1tico, pero garantizando la mayor participaci\u00f3n de la poblaci\u00f3n, el orden y la tranquilidad que no estaban avalados en la elecci\u00f3n pasada.<\/p>\n\n\n\n<p>Precis\u00f3 que desde la etapa de registro de planillas se planteaba como un cuestionamiento fundamental el que solo participaran personas nativas del poblado excluyendo a los avecindados sin importar la antig\u00fcedad de su residencia, por lo cual propuso que la Secretar\u00eda del Ayuntamiento, a trav\u00e9s de su titular, haga una consulta al IMPEPAC para que les pueda orientar acerca de c\u00f3mo se han resuelto las elecciones en municipios que se rigen por usos y costumbres, como es el caso de Coatetelco, Hueyapan y Xoxocotla.<\/p>\n\n\n\n<p>\u201cA partir de ello que el Cabildo delibere y tome en cuenta a las autoridades que reconoce el pueblo como v\u00e1lidas para tomar una decisi\u00f3n sobre llevar a cabo la votaci\u00f3n respetando los usos y costumbres del pueblo\u201d, acot\u00f3 el presidente municipal.<\/p>\n\n\n\n<p>El punto de acuerdo fue aprobado por unanimidad por la s\u00edndica municipal, Ver\u00f3nica Atenco P\u00e9rez; y los regidores Debendrenath Salazar Solorio, Patricia Torres Rosales, V\u00edctor Manzo God\u00ednez, Jes\u00fas Rosales Puebla, Mireya Delgado Romero, Lucero Cuenca Noria, Wendi Salinas Ruiz, Christian P\u00e9rez Jaimes, Fernando Carrillo Alvarado, Paz Hern\u00e1ndez Pardo y Adri\u00e1n Mart\u00ednez Terrazas.<\/p>\n\n\n\n<figure class=\"wp-container-2 wp-block-gallery-1 wp-block-gallery has-nested-images columns-default is-cropped\">\n<figure class=\"wp-block-image size-large\"><img loading=\"lazy\" width=\"1024\" height=\"682\" data-id=\"27968\"  src=\"https:\/\/cuernavaca.gob.mx\/wp-content\/uploads\/2023\/05\/eleccion-ahuatepec-cuernavaca-1-1024x682.jpeg\" alt=\"\" class=\"wp-image-27968\" srcset=\"https:\/\/cuernavaca.gob.mx\/wp-content\/uploads\/2023\/05\/eleccion-ahuatepec-cuernavaca-1-1024x682.jpeg 1024w, https:\/\/cuernavaca.gob.mx\/wp-content\/uploads\/2023\/05\/eleccion-ahuatepec-cuernavaca-1-300x200.jpeg 300w, https:\/\/cuernavaca.gob.mx\/wp-content\/uploads\/2023\/05\/eleccion-ahuatepec-cuernavaca-1-768x512.jpeg 768w, https:\/\/cuernavaca.gob.mx\/wp-content\/uploads\/2023\/05\/eleccion-ahuatepec-cuernavaca-1-1536x1023.jpeg 1536w, https:\/\/cuernavaca.gob.mx\/wp-content\/uploads\/2023\/05\/eleccion-ahuatepec-cuernavaca-1-600x400.jpeg 600w, https:\/\/cuernavaca.gob.mx\/wp-content\/uploads\/2023\/05\/eleccion-ahuatepec-cuernavaca-1-560x373.jpeg 560w, https:\/\/cuernavaca.gob.mx\/wp-content\/uploads\/2023\/05\/eleccion-ahuatepec-cuernavaca-1.jpeg 1600w\" sizes=\"(max-width: 1024px) 100vw, 1024px\" \/><\/figure>\n\n\n\n<figure class=\"wp-block-image size-large\"><img loading=\"lazy\" width=\"1024\" height=\"682\" data-id=\"27967\"  src=\"https:\/\/cuernavaca.gob.mx\/wp-content\/uploads\/2023\/05\/eleccion-ahuatepec-cuernavaca-2-1024x682.jpeg\" alt=\"\" class=\"wp-image-27967\" srcset=\"https:\/\/cuernavaca.gob.mx\/wp-content\/uploads\/2023\/05\/eleccion-ahuatepec-cuernavaca-2-1024x682.jpeg 1024w, https:\/\/cuernavaca.gob.mx\/wp-content\/uploads\/2023\/05\/eleccion-ahuatepec-cuernavaca-2-300x200.jpeg 300w, https:\/\/cuernavaca.gob.mx\/wp-content\/uploads\/2023\/05\/eleccion-ahuatepec-cuernavaca-2-768x512.jpeg 768w, https:\/\/cuernavaca.gob.mx\/wp-content\/uploads\/2023\/05\/eleccion-ahuatepec-cuernavaca-2-1536x1023.jpeg 1536w, https:\/\/cuernavaca.gob.mx\/wp-content\/uploads\/2023\/05\/eleccion-ahuatepec-cuernavaca-2-600x400.jpeg 600w, https:\/\/cuernavaca.gob.mx\/wp-content\/uploads\/2023\/05\/eleccion-ahuatepec-cuernavaca-2-560x373.jpeg 560w, https:\/\/cuernavaca.gob.mx\/wp-content\/uploads\/2023\/05\/eleccion-ahuatepec-cuernavaca-2.jpeg 1600w\" sizes=\"(max-width: 1024px) 100vw, 1024px\" \/><\/figure>\n\n\n\n<figure class=\"wp-block-image size-large\"><img loading=\"lazy\" width=\"1024\" height=\"682\" data-id=\"27970\"  src=\"https:\/\/cuernavaca.gob.mx\/wp-content\/uploads\/2023\/05\/eleccion-ahuatepec-cuernavaca-3-1024x682.jpeg\" alt=\"\" class=\"wp-image-27970\" srcset=\"https:\/\/cuernavaca.gob.mx\/wp-content\/uploads\/2023\/05\/eleccion-ahuatepec-cuernavaca-3-1024x682.jpeg 1024w, https:\/\/cuernavaca.gob.mx\/wp-content\/uploads\/2023\/05\/eleccion-ahuatepec-cuernavaca-3-300x200.jpeg 300w, https:\/\/cuernavaca.gob.mx\/wp-content\/uploads\/2023\/05\/eleccion-ahuatepec-cuernavaca-3-768x512.jpeg 768w, https:\/\/cuernavaca.gob.mx\/wp-content\/uploads\/2023\/05\/eleccion-ahuatepec-cuernavaca-3-1536x1023.jpeg 1536w, https:\/\/cuernavaca.gob.mx\/wp-content\/uploads\/2023\/05\/eleccion-ahuatepec-cuernavaca-3-600x400.jpeg 600w, https:\/\/cuernavaca.gob.mx\/wp-content\/uploads\/2023\/05\/eleccion-ahuatepec-cuernavaca-3-560x373.jpeg 560w, https:\/\/cuernavaca.gob.mx\/wp-content\/uploads\/2023\/05\/eleccion-ahuatepec-cuernavaca-3.jpeg 1600w\" sizes=\"(max-width: 1024px) 100vw, 1024px\" \/><\/figure>\n\n\n\n<figure class=\"wp-block-image size-large\"><img loading=\"lazy\" width=\"1024\" height=\"682\" data-id=\"27969\"  src=\"https:\/\/cuernavaca.gob.mx\/wp-content\/uploads\/2023\/05\/eleccion-ahuatepec-cuernavaca-4-1024x682.jpeg\" alt=\"\" class=\"wp-image-27969\" srcset=\"https:\/\/cuernavaca.gob.mx\/wp-content\/uploads\/2023\/05\/eleccion-ahuatepec-cuernavaca-4-1024x682.jpeg 1024w, https:\/\/cuernavaca.gob.mx\/wp-content\/uploads\/2023\/05\/eleccion-ahuatepec-cuernavaca-4-300x200.jpeg 300w, https:\/\/cuernavaca.gob.mx\/wp-content\/uploads\/2023\/05\/eleccion-ahuatepec-cuernavaca-4-768x512.jpeg 768w, https:\/\/cuernavaca.gob.mx\/wp-content\/uploads\/2023\/05\/eleccion-ahuatepec-cuernavaca-4-1536x1023.jpeg 1536w, https:\/\/cuernavaca.gob.mx\/wp-content\/uploads\/2023\/05\/eleccion-ahuatepec-cuernavaca-4-600x400.jpeg 600w, https:\/\/cuernavaca.gob.mx\/wp-content\/uploads\/2023\/05\/eleccion-ahuatepec-cuernavaca-4-560x373.jpeg 560w, https:\/\/cuernavaca.gob.mx\/wp-content\/uploads\/2023\/05\/eleccion-ahuatepec-cuernavaca-4.jpeg 1600w\" sizes=\"(max-width: 1024px) 100vw, 1024px\" \/><\/figure>\n<\/figure>\n","protected":false},"excerpt":{"rendered":"<p>\u2022 Tras escuchar el informe sobre la situaci\u00f3n respecto al proceso integrantes del Cabildo aprobaron por unanimidad al secretario del Ayuntamiento solicite la orientaci\u00f3n del IMPEPAC para realizar una nueva elecci\u00f3n \u2022 El Alcalde Jos\u00e9 Luis Uri\u00f3stegui puntualiz\u00f3 que es indispensable efectuar este proceso democr\u00e1tico, garantizando la mayor participaci\u00f3n de la poblaci\u00f3n, el orden y [&hellip;]<\/p>\n","protected":false},"author":1,"featured_media":27969,"comment_status":"closed","ping_status":"open","sticky":false,"template":"","format":"standard","meta":[],"categories":[20],"tags":[2576,158,121,321,120,206],"aioseo_notices":[],"_links":{"self":[{"href":"https:\/\/cuernavaca.gob.mx\/index.php?rest_route=\/wp\/v2\/posts\/27966"}],"collection":[{"href":"https:\/\/cuernavaca.gob.mx\/index.php?rest_route=\/wp\/v2\/posts"}],"about":[{"href":"https:\/\/cuernavaca.gob.mx\/index.php?rest_route=\/wp\/v2\/types\/post"}],"author":[{"embeddable":true,"href":"https:\/\/cuernavaca.gob.mx\/index.php?rest_route=\/wp\/v2\/users\/1"}],"replies":[{"embeddable":true,"href":"https:\/\/cuernavaca.gob.mx\/index.php?rest_route=%2Fwp%2Fv2%2Fcomments&post=27966"}],"version-history":[{"count":1,"href":"https:\/\/cuernavaca.gob.mx\/index.php?rest_route=\/wp\/v2\/posts\/27966\/revisions"}],"predecessor-version":[{"id":27971,"href":"https:\/\/cuernavaca.gob.mx\/index.php?rest_route=\/wp\/v2\/posts\/27966\/revisions\/27971"}],"wp:featuredmedia":[{"embeddable":true,"href":"https:\/\/cuernavaca.gob.mx\/index.php?rest_route=\/wp\/v2\/media\/27969"}],"wp:attachment":[{"href":"https:\/\/cuernavaca.gob.mx\/index.php?rest_route=%2Fwp%2Fv2%2Fmedia&parent=27966"}],"wp:term":[{"taxonomy":"category","embeddable":true,"href":"https:\/\/cuernavaca.gob.mx\/index.php?rest_route=%2Fwp%2Fv2%2Fcategories&post=27966"},{"taxonomy":"post_tag","embeddable":true,"href":"https:\/\/cuernavaca.gob.mx\/index.php?rest_route=%2Fwp%2Fv2%2Ftags&post=27966"}],"curies":[{"name":"wp","href":"https:\/\/api.w.org\/{rel}","templated":true}]}}