{"id":27972,"date":"2023-05-03T18:00:00","date_gmt":"2023-05-04T00:00:00","guid":{"rendered":"https:\/\/cuernavaca.gob.mx\/?p=27972"},"modified":"2025-05-06T12:37:31","modified_gmt":"2025-05-06T18:37:31","slug":"b952-03-05-23-en-proximos-dias-el-ayuntamiento-de-cuernavaca-arrancara-la-rehabilitacion-de-22-pozos-de-agua","status":"publish","type":"post","link":"https:\/\/cuernavaca.gob.mx\/?p=27972","title":{"rendered":"B952 03\/05\/23 EN PR\u00d3XIMOS D\u00cdAS EL AYUNTAMIENTO DE CUERNAVACA ARRANCAR\u00c1 LA REHABILITACI\u00d3N DE 22 POZOS DE AGUA"},"content":{"rendered":"\n<p><strong>\u2022 El presidente municipal, Jos\u00e9 Luis Uri\u00f3stegui explic\u00f3 que estar\u00e1n interviniendo dos pozos a la semana para no dejar sin agua al 40 por ciento de la poblaci\u00f3n, efectuando los trabajos durante los meses de mayo y junio<\/strong><\/p>\n\n\n\n<p>En pr\u00f3ximos d\u00edas el Ayuntamiento de Cuernavaca estar\u00e1 dando a conocer e informando a la poblaci\u00f3n sobre el inicio de los trabajos de rehabilitaci\u00f3n en 22 pozos de abastecimiento del Sistema de Agua Potable y Alcantarillado de Cuernavaca (SAPAC), que tendr\u00e1n como objetivo fundamental atender las peticiones genuinas de los ciudadanos de contar con m\u00e1s agua potable en sus hogares.<\/p>\n\n\n\n<p>Al respecto, el presidente municipal, Jos\u00e9 Luis Uri\u00f3stegui Salgado, inform\u00f3 que entre los meses de mayo y junio se efectuar\u00e1n estas obras por parte de la Secretar\u00eda de Desarrollo Urbano y Obras P\u00fablicas en conjunto con el SAPAC, proyectos emanan de un diagn\u00f3stico hecho por el organismo descentralizado sobre el estado que guardan los diversos pozos de agua en el municipio.<\/p>\n\n\n\n<p>Explic\u00f3 que estar\u00e1n interviniendo dos pozos a la semana para no dejar sin agua al 40 por ciento de la poblaci\u00f3n, iniciando con la extracci\u00f3n de toda la tuber\u00eda, la sustituci\u00f3n de las bombas con otras de similar capacidad, cepillar\u00e1n los tubos y realizar\u00e1n el desazolve de los pozos, a fin de que el aforo se incremente y puedan llevar m\u00e1s agua a la poblaci\u00f3n, por lo cual solicitar\u00e1n su comprensi\u00f3n, ya que por siete d\u00edas podr\u00eda suspender el suministro de agua, aunque SAPAC ofrecer\u00e1 distintas opciones para evitar mayores perjuicios.<\/p>\n\n\n\n<p>Los pozos considerados en el Programa Anual de Obras 2023, son: Rancho Cortes Barranca, Chipitl\u00e1n 1, 3 y 4; Lagunilla 1 y 2, Melchor Ocampo, Bosque IMSS en Chapultepec, Jacarandas, Pedro de Alvarado en Lomas de Cortes, Antonio Barona 2 y 3, Delicias Privada, AltaVista, La Ca\u00f1ada, Lomas de Ahuatl\u00e1n, Pozo Soledad en Rancho Tetela, Tetela del Monte, Noria 1, Ocotepec 2, Ampliaci\u00f3n Los Ramos y Texcaltepec en el poblado de Ocotepec, los cuales beneficiar\u00e1n a distintas colonias en el municipio.<\/p>\n\n\n\n<p>Cabe mencionar que de acuerdo con autoridades de SAPAC s\u00ed bien estas acciones de mantenimiento deber\u00edan efectuarse cada a\u00f1o, durante las pasadas administraciones no se llevaron a cabo, privilegiando este a\u00f1o desde el Gobierno Municipal el fortalecimiento hist\u00f3rico de la infraestructura para mejorar el servicio de agua potable en Cuernavaca.<\/p>\n\n\n\n<figure class=\"wp-container-2 wp-block-gallery-1 wp-block-gallery has-nested-images columns-default is-cropped\">\n<figure class=\"wp-block-image size-large\"><img loading=\"lazy\" width=\"1024\" height=\"576\" data-id=\"27973\"  src=\"https:\/\/cuernavaca.gob.mx\/wp-content\/uploads\/2023\/05\/rehabilitacion-pozos-de-agua-cuernavaca-2023-1-1024x576.jpeg\" alt=\"\" class=\"wp-image-27973\" srcset=\"https:\/\/cuernavaca.gob.mx\/wp-content\/uploads\/2023\/05\/rehabilitacion-pozos-de-agua-cuernavaca-2023-1-1024x576.jpeg 1024w, https:\/\/cuernavaca.gob.mx\/wp-content\/uploads\/2023\/05\/rehabilitacion-pozos-de-agua-cuernavaca-2023-1-300x169.jpeg 300w, https:\/\/cuernavaca.gob.mx\/wp-content\/uploads\/2023\/05\/rehabilitacion-pozos-de-agua-cuernavaca-2023-1-768x432.jpeg 768w, https:\/\/cuernavaca.gob.mx\/wp-content\/uploads\/2023\/05\/rehabilitacion-pozos-de-agua-cuernavaca-2023-1-600x338.jpeg 600w, https:\/\/cuernavaca.gob.mx\/wp-content\/uploads\/2023\/05\/rehabilitacion-pozos-de-agua-cuernavaca-2023-1-560x315.jpeg 560w, https:\/\/cuernavaca.gob.mx\/wp-content\/uploads\/2023\/05\/rehabilitacion-pozos-de-agua-cuernavaca-2023-1.jpeg 1440w\" sizes=\"(max-width: 1024px) 100vw, 1024px\" \/><\/figure>\n\n\n\n<figure class=\"wp-block-image size-large\"><img loading=\"lazy\" width=\"1024\" height=\"577\" data-id=\"27974\"  src=\"https:\/\/cuernavaca.gob.mx\/wp-content\/uploads\/2023\/05\/rehabilitacion-pozos-de-agua-cuernavaca-2023-2-1024x577.jpeg\" alt=\"\" class=\"wp-image-27974\" srcset=\"https:\/\/cuernavaca.gob.mx\/wp-content\/uploads\/2023\/05\/rehabilitacion-pozos-de-agua-cuernavaca-2023-2-1024x577.jpeg 1024w, https:\/\/cuernavaca.gob.mx\/wp-content\/uploads\/2023\/05\/rehabilitacion-pozos-de-agua-cuernavaca-2023-2-300x169.jpeg 300w, https:\/\/cuernavaca.gob.mx\/wp-content\/uploads\/2023\/05\/rehabilitacion-pozos-de-agua-cuernavaca-2023-2-768x432.jpeg 768w, https:\/\/cuernavaca.gob.mx\/wp-content\/uploads\/2023\/05\/rehabilitacion-pozos-de-agua-cuernavaca-2023-2-1536x865.jpeg 1536w, https:\/\/cuernavaca.gob.mx\/wp-content\/uploads\/2023\/05\/rehabilitacion-pozos-de-agua-cuernavaca-2023-2-600x338.jpeg 600w, https:\/\/cuernavaca.gob.mx\/wp-content\/uploads\/2023\/05\/rehabilitacion-pozos-de-agua-cuernavaca-2023-2-560x315.jpeg 560w, https:\/\/cuernavaca.gob.mx\/wp-content\/uploads\/2023\/05\/rehabilitacion-pozos-de-agua-cuernavaca-2023-2.jpeg 1600w\" sizes=\"(max-width: 1024px) 100vw, 1024px\" \/><\/figure>\n\n\n\n<figure class=\"wp-block-image size-large\"><img loading=\"lazy\" width=\"720\" height=\"960\" data-id=\"27975\"  src=\"https:\/\/cuernavaca.gob.mx\/wp-content\/uploads\/2023\/05\/rehabilitacion-pozos-de-agua-cuernavaca-2023-3.jpeg\" alt=\"\" class=\"wp-image-27975\" srcset=\"https:\/\/cuernavaca.gob.mx\/wp-content\/uploads\/2023\/05\/rehabilitacion-pozos-de-agua-cuernavaca-2023-3.jpeg 720w, https:\/\/cuernavaca.gob.mx\/wp-content\/uploads\/2023\/05\/rehabilitacion-pozos-de-agua-cuernavaca-2023-3-225x300.jpeg 225w, https:\/\/cuernavaca.gob.mx\/wp-content\/uploads\/2023\/05\/rehabilitacion-pozos-de-agua-cuernavaca-2023-3-450x600.jpeg 450w, https:\/\/cuernavaca.gob.mx\/wp-content\/uploads\/2023\/05\/rehabilitacion-pozos-de-agua-cuernavaca-2023-3-420x560.jpeg 420w\" sizes=\"(max-width: 720px) 100vw, 720px\" \/><\/figure>\n\n\n\n<figure class=\"wp-block-image size-large\"><img loading=\"lazy\" width=\"1024\" height=\"682\" data-id=\"27976\"  src=\"https:\/\/cuernavaca.gob.mx\/wp-content\/uploads\/2023\/05\/rehabilitacion-pozos-de-agua-cuernavaca-2023-4-1024x682.jpeg\" alt=\"\" class=\"wp-image-27976\" srcset=\"https:\/\/cuernavaca.gob.mx\/wp-content\/uploads\/2023\/05\/rehabilitacion-pozos-de-agua-cuernavaca-2023-4-1024x682.jpeg 1024w, https:\/\/cuernavaca.gob.mx\/wp-content\/uploads\/2023\/05\/rehabilitacion-pozos-de-agua-cuernavaca-2023-4-300x200.jpeg 300w, https:\/\/cuernavaca.gob.mx\/wp-content\/uploads\/2023\/05\/rehabilitacion-pozos-de-agua-cuernavaca-2023-4-768x512.jpeg 768w, https:\/\/cuernavaca.gob.mx\/wp-content\/uploads\/2023\/05\/rehabilitacion-pozos-de-agua-cuernavaca-2023-4-1536x1023.jpeg 1536w, https:\/\/cuernavaca.gob.mx\/wp-content\/uploads\/2023\/05\/rehabilitacion-pozos-de-agua-cuernavaca-2023-4-600x400.jpeg 600w, https:\/\/cuernavaca.gob.mx\/wp-content\/uploads\/2023\/05\/rehabilitacion-pozos-de-agua-cuernavaca-2023-4-560x373.jpeg 560w, https:\/\/cuernavaca.gob.mx\/wp-content\/uploads\/2023\/05\/rehabilitacion-pozos-de-agua-cuernavaca-2023-4.jpeg 1600w\" sizes=\"(max-width: 1024px) 100vw, 1024px\" \/><\/figure>\n<\/figure>\n","protected":false},"excerpt":{"rendered":"<p>\u2022 El presidente municipal, Jos\u00e9 Luis Uri\u00f3stegui explic\u00f3 que estar\u00e1n interviniendo dos pozos a la semana para no dejar sin agua al 40 por ciento de la poblaci\u00f3n, efectuando los trabajos durante los meses de mayo y junio En pr\u00f3ximos d\u00edas el Ayuntamiento de Cuernavaca estar\u00e1 dando a conocer e informando a la poblaci\u00f3n sobre [&hellip;]<\/p>\n","protected":false},"author":1,"featured_media":27976,"comment_status":"closed","ping_status":"open","sticky":false,"template":"","format":"standard","meta":[],"categories":[145],"tags":[395,615,121,120,206,356,124],"aioseo_notices":[],"_links":{"self":[{"href":"https:\/\/cuernavaca.gob.mx\/index.php?rest_route=\/wp\/v2\/posts\/27972"}],"collection":[{"href":"https:\/\/cuernavaca.gob.mx\/index.php?rest_route=\/wp\/v2\/posts"}],"about":[{"href":"https:\/\/cuernavaca.gob.mx\/index.php?rest_route=\/wp\/v2\/types\/post"}],"author":[{"embeddable":true,"href":"https:\/\/cuernavaca.gob.mx\/index.php?rest_route=\/wp\/v2\/users\/1"}],"replies":[{"embeddable":true,"href":"https:\/\/cuernavaca.gob.mx\/index.php?rest_route=%2Fwp%2Fv2%2Fcomments&post=27972"}],"version-history":[{"count":1,"href":"https:\/\/cuernavaca.gob.mx\/index.php?rest_route=\/wp\/v2\/posts\/27972\/revisions"}],"predecessor-version":[{"id":27977,"href":"https:\/\/cuernavaca.gob.mx\/index.php?rest_route=\/wp\/v2\/posts\/27972\/revisions\/27977"}],"wp:featuredmedia":[{"embeddable":true,"href":"https:\/\/cuernavaca.gob.mx\/index.php?rest_route=\/wp\/v2\/media\/27976"}],"wp:attachment":[{"href":"https:\/\/cuernavaca.gob.mx\/index.php?rest_route=%2Fwp%2Fv2%2Fmedia&parent=27972"}],"wp:term":[{"taxonomy":"category","embeddable":true,"href":"https:\/\/cuernavaca.gob.mx\/index.php?rest_route=%2Fwp%2Fv2%2Fcategories&post=27972"},{"taxonomy":"post_tag","embeddable":true,"href":"https:\/\/cuernavaca.gob.mx\/index.php?rest_route=%2Fwp%2Fv2%2Ftags&post=27972"}],"curies":[{"name":"wp","href":"https:\/\/api.w.org\/{rel}","templated":true}]}}