{"id":27978,"date":"2023-05-04T13:15:00","date_gmt":"2023-05-04T19:15:00","guid":{"rendered":"https:\/\/cuernavaca.gob.mx\/?p=27978"},"modified":"2025-05-06T12:37:31","modified_gmt":"2025-05-06T18:37:31","slug":"b953-04-05-23-confirma-jose-luis-uriostegui-trabajos-de-rehabilitacion-del-sistema-hidrico-contra-incendios-del-mercado-adolfo-lopez-mateos","status":"publish","type":"post","link":"https:\/\/cuernavaca.gob.mx\/?p=27978","title":{"rendered":"B953 04\/05\/23 CONFIRMA JOS\u00c9 LUIS URI\u00d3STEGUI TRABAJOS DE REHABILITACI\u00d3N DEL SISTEMA H\u00cdDRICO CONTRA INCENDIOS DEL MERCADO ADOLFO L\u00d3PEZ MATEOS"},"content":{"rendered":"\n<p><strong>\u2022 Integrantes del Cabildo autorizaron la disposici\u00f3n de hasta dos millones de pesos para la construcci\u00f3n de una cisterna de 150 mil litros que ser\u00e1 utilizada para evitar incendios<\/strong><\/p>\n\n\n\n<p><strong>\u2022 Se aval\u00f3 tambi\u00e9n que el Ayuntamiento intervenga en los ocho mercados perif\u00e9ricos de la ciudad, a fin de mejorar su imagen<\/strong><\/p>\n\n\n\n<p>Como un tema preventivo y para seguir mejorando la imagen de la central de abastos m\u00e1s grande en el estado, integrantes del Cabildo de Cuernavaca autorizaron la disposici\u00f3n de hasta dos millones de pesos para la rehabilitaci\u00f3n total del sistema contra incendios del mercado Adolfo L\u00f3pez Mateos, que contempla la construcci\u00f3n de una cisterna de 150 mil litros, dando cumplimiento a una serie de dict\u00e1menes en materia de Protecci\u00f3n Civil y a peticiones hechas por los mismos comerciantes.<\/p>\n\n\n\n<p>Al presentar este punto de acuerdo en el marco de la \u00faltima sesi\u00f3n ordinaria, el presidente municipal de Cuernavaca, Jos\u00e9 Luis Uri\u00f3stegui Salgado, puntualiz\u00f3 que con casi 60 a\u00f1os de estar abierto al p\u00fablico de manera ininterrumpida y la instalaci\u00f3n de cableados de energ\u00eda el\u00e9ctrica que en muchas ocasiones no se hace de manera correcta derivado de la ampliaci\u00f3n en la colocaci\u00f3n de puestos para los comerciantes, han generado diversos incendios que afectaron su infraestructura.<\/p>\n\n\n\n<p>Por ello, y tras sostener esta misma semana una reuni\u00f3n con l\u00edderes de las diferentes organizaciones del Centro Comercial Adolfo L\u00f3pez Mateos, con quienes supervis\u00f3 las \u00e1reas que requieren una intervenci\u00f3n urgente, conociendo de primera mano el estado en que se encuentra el centro comercial y las necesidades de sus locatarios que se ir\u00e1n atendiendo de manera gradual, confirm\u00f3 que no existe un sistema contra incendios en la zona donde reciben y expenden las carnes, ya que si bien en la parte superior cuentan con siete tinacos de 10 mil litros cada uno, ninguno tiene agua debido a que se reventaron.<\/p>\n\n\n\n<p>Ante la s\u00edndica municipal, Ver\u00f3nica Atenco P\u00e9rez y los regidores Debendrenath Salazar Solorio, Patricia Torres Rosales, V\u00edctor Manzo God\u00ednez, Jes\u00fas Rosales Puebla, Mireya Delgado Romero, Lucero Cuenca Noria, Wendi Salinas Ruiz, Christian P\u00e9rez Jaimes, Fernando Carrillo Alvarado, Paz Hern\u00e1ndez Pardo y Adri\u00e1n Mart\u00ednez Terrazas, Jos\u00e9 Luis Uri\u00f3stegui se\u00f1al\u00f3 que la Secretar\u00eda de Desarrollo Urbano y Obras P\u00fablicas tendr\u00e1 que determinar a trav\u00e9s de una mec\u00e1nica de suelo si es viable dicho espacio para construir la cisterna o se hace otra propuesta, aunque deben actuar a la brevedad.<\/p>\n\n\n\n<p>El Ayuntamiento de Cuernavaca pretende llevar a cabo la construcci\u00f3n de la cisterna, pero tambi\u00e9n dotarla de bombas para extraer el agua, de mangueras de alta presi\u00f3n y la colocaci\u00f3n de hidratantes en espacios estrat\u00e9gicos para apagar cualquier incendio que se presente. En un primer an\u00e1lisis el monto considerado es de aproximadamente dos millones de pesos; sin embargo, acordaron realizar distintas cotizaciones para encontrar la propuesta m\u00e1s econ\u00f3mica, pero que abarque todo el tema t\u00e9cnico al que se refiere la representaci\u00f3n de comerciantes de las diversas \u00e1reas del mercado.<\/p>\n\n\n\n<p>La s\u00edndica municipal, Ver\u00f3nica Atenco P\u00e9rez y los regidores Wendi Salinas Ruiz, Fernando Carrillo Alvarado, Patricia Torres Rosales, Debendrenath Salazar Solorio, V\u00edctor Manzo God\u00ednez y Adri\u00e1n Mart\u00ednez Terrazas, hicieron uso de la palabra para manifestar su respaldo a esta propuesta, solicitando tambi\u00e9n la intervenci\u00f3n del municipio en los mercados perif\u00e9ricos de la ciudad, abonando a mejorar su imagen para que la poblaci\u00f3n acuda.<\/p>\n\n\n\n<figure class=\"wp-container-2 wp-block-gallery-1 wp-block-gallery has-nested-images columns-default is-cropped\">\n<figure class=\"wp-block-image size-large\"><img loading=\"lazy\" width=\"1024\" height=\"682\" data-id=\"27981\"  src=\"https:\/\/cuernavaca.gob.mx\/wp-content\/uploads\/2023\/05\/cisterna-mercado-ALM-Cuernavaca-1-1024x682.jpeg\" alt=\"\" class=\"wp-image-27981\" srcset=\"https:\/\/cuernavaca.gob.mx\/wp-content\/uploads\/2023\/05\/cisterna-mercado-ALM-Cuernavaca-1-1024x682.jpeg 1024w, https:\/\/cuernavaca.gob.mx\/wp-content\/uploads\/2023\/05\/cisterna-mercado-ALM-Cuernavaca-1-300x200.jpeg 300w, https:\/\/cuernavaca.gob.mx\/wp-content\/uploads\/2023\/05\/cisterna-mercado-ALM-Cuernavaca-1-768x512.jpeg 768w, https:\/\/cuernavaca.gob.mx\/wp-content\/uploads\/2023\/05\/cisterna-mercado-ALM-Cuernavaca-1-1536x1023.jpeg 1536w, https:\/\/cuernavaca.gob.mx\/wp-content\/uploads\/2023\/05\/cisterna-mercado-ALM-Cuernavaca-1-600x400.jpeg 600w, https:\/\/cuernavaca.gob.mx\/wp-content\/uploads\/2023\/05\/cisterna-mercado-ALM-Cuernavaca-1-560x373.jpeg 560w, https:\/\/cuernavaca.gob.mx\/wp-content\/uploads\/2023\/05\/cisterna-mercado-ALM-Cuernavaca-1.jpeg 1600w\" sizes=\"(max-width: 1024px) 100vw, 1024px\" \/><\/figure>\n\n\n\n<figure class=\"wp-block-image size-large\"><img loading=\"lazy\" width=\"1024\" height=\"682\" data-id=\"27983\"  src=\"https:\/\/cuernavaca.gob.mx\/wp-content\/uploads\/2023\/05\/cisterna-mercado-ALM-Cuernavaca-2-1024x682.jpeg\" alt=\"\" class=\"wp-image-27983\" srcset=\"https:\/\/cuernavaca.gob.mx\/wp-content\/uploads\/2023\/05\/cisterna-mercado-ALM-Cuernavaca-2-1024x682.jpeg 1024w, https:\/\/cuernavaca.gob.mx\/wp-content\/uploads\/2023\/05\/cisterna-mercado-ALM-Cuernavaca-2-300x200.jpeg 300w, https:\/\/cuernavaca.gob.mx\/wp-content\/uploads\/2023\/05\/cisterna-mercado-ALM-Cuernavaca-2-768x512.jpeg 768w, https:\/\/cuernavaca.gob.mx\/wp-content\/uploads\/2023\/05\/cisterna-mercado-ALM-Cuernavaca-2-1536x1023.jpeg 1536w, https:\/\/cuernavaca.gob.mx\/wp-content\/uploads\/2023\/05\/cisterna-mercado-ALM-Cuernavaca-2-600x400.jpeg 600w, https:\/\/cuernavaca.gob.mx\/wp-content\/uploads\/2023\/05\/cisterna-mercado-ALM-Cuernavaca-2-560x373.jpeg 560w, https:\/\/cuernavaca.gob.mx\/wp-content\/uploads\/2023\/05\/cisterna-mercado-ALM-Cuernavaca-2.jpeg 1600w\" sizes=\"(max-width: 1024px) 100vw, 1024px\" \/><\/figure>\n\n\n\n<figure class=\"wp-block-image size-large\"><img loading=\"lazy\" width=\"1024\" height=\"682\" data-id=\"27979\"  src=\"https:\/\/cuernavaca.gob.mx\/wp-content\/uploads\/2023\/05\/cisterna-mercado-ALM-Cuernavaca-3-1024x682.jpeg\" alt=\"\" class=\"wp-image-27979\" srcset=\"https:\/\/cuernavaca.gob.mx\/wp-content\/uploads\/2023\/05\/cisterna-mercado-ALM-Cuernavaca-3-1024x682.jpeg 1024w, https:\/\/cuernavaca.gob.mx\/wp-content\/uploads\/2023\/05\/cisterna-mercado-ALM-Cuernavaca-3-300x200.jpeg 300w, https:\/\/cuernavaca.gob.mx\/wp-content\/uploads\/2023\/05\/cisterna-mercado-ALM-Cuernavaca-3-768x512.jpeg 768w, https:\/\/cuernavaca.gob.mx\/wp-content\/uploads\/2023\/05\/cisterna-mercado-ALM-Cuernavaca-3-1536x1023.jpeg 1536w, https:\/\/cuernavaca.gob.mx\/wp-content\/uploads\/2023\/05\/cisterna-mercado-ALM-Cuernavaca-3-600x400.jpeg 600w, https:\/\/cuernavaca.gob.mx\/wp-content\/uploads\/2023\/05\/cisterna-mercado-ALM-Cuernavaca-3-560x373.jpeg 560w, https:\/\/cuernavaca.gob.mx\/wp-content\/uploads\/2023\/05\/cisterna-mercado-ALM-Cuernavaca-3.jpeg 1600w\" sizes=\"(max-width: 1024px) 100vw, 1024px\" \/><\/figure>\n\n\n\n<figure class=\"wp-block-image size-large\"><img loading=\"lazy\" width=\"1024\" height=\"682\" data-id=\"27980\"  src=\"https:\/\/cuernavaca.gob.mx\/wp-content\/uploads\/2023\/05\/cisterna-mercado-ALM-Cuernavaca-4-1024x682.jpeg\" alt=\"\" class=\"wp-image-27980\" srcset=\"https:\/\/cuernavaca.gob.mx\/wp-content\/uploads\/2023\/05\/cisterna-mercado-ALM-Cuernavaca-4-1024x682.jpeg 1024w, https:\/\/cuernavaca.gob.mx\/wp-content\/uploads\/2023\/05\/cisterna-mercado-ALM-Cuernavaca-4-300x200.jpeg 300w, https:\/\/cuernavaca.gob.mx\/wp-content\/uploads\/2023\/05\/cisterna-mercado-ALM-Cuernavaca-4-768x512.jpeg 768w, https:\/\/cuernavaca.gob.mx\/wp-content\/uploads\/2023\/05\/cisterna-mercado-ALM-Cuernavaca-4-1536x1023.jpeg 1536w, https:\/\/cuernavaca.gob.mx\/wp-content\/uploads\/2023\/05\/cisterna-mercado-ALM-Cuernavaca-4-600x400.jpeg 600w, https:\/\/cuernavaca.gob.mx\/wp-content\/uploads\/2023\/05\/cisterna-mercado-ALM-Cuernavaca-4-560x373.jpeg 560w, https:\/\/cuernavaca.gob.mx\/wp-content\/uploads\/2023\/05\/cisterna-mercado-ALM-Cuernavaca-4.jpeg 1600w\" sizes=\"(max-width: 1024px) 100vw, 1024px\" \/><\/figure>\n\n\n\n<figure class=\"wp-block-image size-large\"><img loading=\"lazy\" width=\"1024\" height=\"682\" data-id=\"27982\"  src=\"https:\/\/cuernavaca.gob.mx\/wp-content\/uploads\/2023\/05\/cisterna-mercado-ALM-Cuernavaca-5-1024x682.jpeg\" alt=\"\" class=\"wp-image-27982\" srcset=\"https:\/\/cuernavaca.gob.mx\/wp-content\/uploads\/2023\/05\/cisterna-mercado-ALM-Cuernavaca-5-1024x682.jpeg 1024w, https:\/\/cuernavaca.gob.mx\/wp-content\/uploads\/2023\/05\/cisterna-mercado-ALM-Cuernavaca-5-300x200.jpeg 300w, https:\/\/cuernavaca.gob.mx\/wp-content\/uploads\/2023\/05\/cisterna-mercado-ALM-Cuernavaca-5-768x512.jpeg 768w, https:\/\/cuernavaca.gob.mx\/wp-content\/uploads\/2023\/05\/cisterna-mercado-ALM-Cuernavaca-5-1536x1023.jpeg 1536w, https:\/\/cuernavaca.gob.mx\/wp-content\/uploads\/2023\/05\/cisterna-mercado-ALM-Cuernavaca-5-600x400.jpeg 600w, https:\/\/cuernavaca.gob.mx\/wp-content\/uploads\/2023\/05\/cisterna-mercado-ALM-Cuernavaca-5-560x373.jpeg 560w, https:\/\/cuernavaca.gob.mx\/wp-content\/uploads\/2023\/05\/cisterna-mercado-ALM-Cuernavaca-5.jpeg 1600w\" sizes=\"(max-width: 1024px) 100vw, 1024px\" \/><\/figure>\n\n\n\n<figure class=\"wp-block-image size-large\"><img loading=\"lazy\" width=\"1024\" height=\"682\" data-id=\"27985\"  src=\"https:\/\/cuernavaca.gob.mx\/wp-content\/uploads\/2023\/05\/cisterna-mercado-ALM-Cuernavaca-6-1024x682.jpeg\" alt=\"\" class=\"wp-image-27985\" srcset=\"https:\/\/cuernavaca.gob.mx\/wp-content\/uploads\/2023\/05\/cisterna-mercado-ALM-Cuernavaca-6-1024x682.jpeg 1024w, https:\/\/cuernavaca.gob.mx\/wp-content\/uploads\/2023\/05\/cisterna-mercado-ALM-Cuernavaca-6-300x200.jpeg 300w, https:\/\/cuernavaca.gob.mx\/wp-content\/uploads\/2023\/05\/cisterna-mercado-ALM-Cuernavaca-6-768x512.jpeg 768w, https:\/\/cuernavaca.gob.mx\/wp-content\/uploads\/2023\/05\/cisterna-mercado-ALM-Cuernavaca-6-1536x1023.jpeg 1536w, https:\/\/cuernavaca.gob.mx\/wp-content\/uploads\/2023\/05\/cisterna-mercado-ALM-Cuernavaca-6-600x400.jpeg 600w, https:\/\/cuernavaca.gob.mx\/wp-content\/uploads\/2023\/05\/cisterna-mercado-ALM-Cuernavaca-6-560x373.jpeg 560w, https:\/\/cuernavaca.gob.mx\/wp-content\/uploads\/2023\/05\/cisterna-mercado-ALM-Cuernavaca-6.jpeg 1600w\" sizes=\"(max-width: 1024px) 100vw, 1024px\" \/><\/figure>\n\n\n\n<figure class=\"wp-block-image size-large\"><img loading=\"lazy\" width=\"1024\" height=\"682\" data-id=\"27984\"  src=\"https:\/\/cuernavaca.gob.mx\/wp-content\/uploads\/2023\/05\/cisterna-mercado-ALM-Cuernavaca-7-1024x682.jpeg\" alt=\"\" class=\"wp-image-27984\" srcset=\"https:\/\/cuernavaca.gob.mx\/wp-content\/uploads\/2023\/05\/cisterna-mercado-ALM-Cuernavaca-7-1024x682.jpeg 1024w, https:\/\/cuernavaca.gob.mx\/wp-content\/uploads\/2023\/05\/cisterna-mercado-ALM-Cuernavaca-7-300x200.jpeg 300w, https:\/\/cuernavaca.gob.mx\/wp-content\/uploads\/2023\/05\/cisterna-mercado-ALM-Cuernavaca-7-768x512.jpeg 768w, https:\/\/cuernavaca.gob.mx\/wp-content\/uploads\/2023\/05\/cisterna-mercado-ALM-Cuernavaca-7-1536x1023.jpeg 1536w, https:\/\/cuernavaca.gob.mx\/wp-content\/uploads\/2023\/05\/cisterna-mercado-ALM-Cuernavaca-7-600x400.jpeg 600w, https:\/\/cuernavaca.gob.mx\/wp-content\/uploads\/2023\/05\/cisterna-mercado-ALM-Cuernavaca-7-560x373.jpeg 560w, https:\/\/cuernavaca.gob.mx\/wp-content\/uploads\/2023\/05\/cisterna-mercado-ALM-Cuernavaca-7.jpeg 1600w\" sizes=\"(max-width: 1024px) 100vw, 1024px\" \/><\/figure>\n\n\n\n<figure class=\"wp-block-image size-large\"><img loading=\"lazy\" width=\"1024\" height=\"682\" data-id=\"27986\"  src=\"https:\/\/cuernavaca.gob.mx\/wp-content\/uploads\/2023\/05\/cisterna-mercado-ALM-Cuernavaca-8-1024x682.jpeg\" alt=\"\" class=\"wp-image-27986\" srcset=\"https:\/\/cuernavaca.gob.mx\/wp-content\/uploads\/2023\/05\/cisterna-mercado-ALM-Cuernavaca-8-1024x682.jpeg 1024w, https:\/\/cuernavaca.gob.mx\/wp-content\/uploads\/2023\/05\/cisterna-mercado-ALM-Cuernavaca-8-300x200.jpeg 300w, https:\/\/cuernavaca.gob.mx\/wp-content\/uploads\/2023\/05\/cisterna-mercado-ALM-Cuernavaca-8-768x512.jpeg 768w, https:\/\/cuernavaca.gob.mx\/wp-content\/uploads\/2023\/05\/cisterna-mercado-ALM-Cuernavaca-8-1536x1023.jpeg 1536w, https:\/\/cuernavaca.gob.mx\/wp-content\/uploads\/2023\/05\/cisterna-mercado-ALM-Cuernavaca-8-600x400.jpeg 600w, https:\/\/cuernavaca.gob.mx\/wp-content\/uploads\/2023\/05\/cisterna-mercado-ALM-Cuernavaca-8-560x373.jpeg 560w, https:\/\/cuernavaca.gob.mx\/wp-content\/uploads\/2023\/05\/cisterna-mercado-ALM-Cuernavaca-8.jpeg 1600w\" sizes=\"(max-width: 1024px) 100vw, 1024px\" \/><\/figure>\n\n\n\n<figure class=\"wp-block-image size-large\"><img loading=\"lazy\" width=\"1024\" height=\"682\" data-id=\"27987\"  src=\"https:\/\/cuernavaca.gob.mx\/wp-content\/uploads\/2023\/05\/cisterna-mercado-ALM-Cuernavaca-10-1024x682.jpeg\" alt=\"\" class=\"wp-image-27987\" srcset=\"https:\/\/cuernavaca.gob.mx\/wp-content\/uploads\/2023\/05\/cisterna-mercado-ALM-Cuernavaca-10-1024x682.jpeg 1024w, https:\/\/cuernavaca.gob.mx\/wp-content\/uploads\/2023\/05\/cisterna-mercado-ALM-Cuernavaca-10-300x200.jpeg 300w, https:\/\/cuernavaca.gob.mx\/wp-content\/uploads\/2023\/05\/cisterna-mercado-ALM-Cuernavaca-10-768x512.jpeg 768w, https:\/\/cuernavaca.gob.mx\/wp-content\/uploads\/2023\/05\/cisterna-mercado-ALM-Cuernavaca-10-1536x1023.jpeg 1536w, https:\/\/cuernavaca.gob.mx\/wp-content\/uploads\/2023\/05\/cisterna-mercado-ALM-Cuernavaca-10-600x400.jpeg 600w, https:\/\/cuernavaca.gob.mx\/wp-content\/uploads\/2023\/05\/cisterna-mercado-ALM-Cuernavaca-10-560x373.jpeg 560w, https:\/\/cuernavaca.gob.mx\/wp-content\/uploads\/2023\/05\/cisterna-mercado-ALM-Cuernavaca-10.jpeg 1600w\" sizes=\"(max-width: 1024px) 100vw, 1024px\" \/><\/figure>\n<\/figure>\n","protected":false},"excerpt":{"rendered":"<p>\u2022 Integrantes del Cabildo autorizaron la disposici\u00f3n de hasta dos millones de pesos para la construcci\u00f3n de una cisterna de 150 mil litros que ser\u00e1 utilizada para evitar incendios \u2022 Se aval\u00f3 tambi\u00e9n que el Ayuntamiento intervenga en los ocho mercados perif\u00e9ricos de la ciudad, a fin de mejorar su imagen Como un tema preventivo [&hellip;]<\/p>\n","protected":false},"author":1,"featured_media":27987,"comment_status":"closed","ping_status":"open","sticky":false,"template":"","format":"standard","meta":[],"categories":[18],"tags":[158,3044,121,120,1009,206,356,232],"aioseo_notices":[],"_links":{"self":[{"href":"https:\/\/cuernavaca.gob.mx\/index.php?rest_route=\/wp\/v2\/posts\/27978"}],"collection":[{"href":"https:\/\/cuernavaca.gob.mx\/index.php?rest_route=\/wp\/v2\/posts"}],"about":[{"href":"https:\/\/cuernavaca.gob.mx\/index.php?rest_route=\/wp\/v2\/types\/post"}],"author":[{"embeddable":true,"href":"https:\/\/cuernavaca.gob.mx\/index.php?rest_route=\/wp\/v2\/users\/1"}],"replies":[{"embeddable":true,"href":"https:\/\/cuernavaca.gob.mx\/index.php?rest_route=%2Fwp%2Fv2%2Fcomments&post=27978"}],"version-history":[{"count":1,"href":"https:\/\/cuernavaca.gob.mx\/index.php?rest_route=\/wp\/v2\/posts\/27978\/revisions"}],"predecessor-version":[{"id":27988,"href":"https:\/\/cuernavaca.gob.mx\/index.php?rest_route=\/wp\/v2\/posts\/27978\/revisions\/27988"}],"wp:featuredmedia":[{"embeddable":true,"href":"https:\/\/cuernavaca.gob.mx\/index.php?rest_route=\/wp\/v2\/media\/27987"}],"wp:attachment":[{"href":"https:\/\/cuernavaca.gob.mx\/index.php?rest_route=%2Fwp%2Fv2%2Fmedia&parent=27978"}],"wp:term":[{"taxonomy":"category","embeddable":true,"href":"https:\/\/cuernavaca.gob.mx\/index.php?rest_route=%2Fwp%2Fv2%2Fcategories&post=27978"},{"taxonomy":"post_tag","embeddable":true,"href":"https:\/\/cuernavaca.gob.mx\/index.php?rest_route=%2Fwp%2Fv2%2Ftags&post=27978"}],"curies":[{"name":"wp","href":"https:\/\/api.w.org\/{rel}","templated":true}]}}