{"id":27989,"date":"2023-05-04T15:30:00","date_gmt":"2023-05-04T21:30:00","guid":{"rendered":"https:\/\/cuernavaca.gob.mx\/?p=27989"},"modified":"2025-05-06T12:37:31","modified_gmt":"2025-05-06T18:37:31","slug":"b954-04-05-23-delimita-la-secretaria-de-proteccion-y-auxilio-ciudadano-el-circuito-vial-de-la-glorieta-de-pacheco-y-calles-del-centro-de-cuernavaca","status":"publish","type":"post","link":"https:\/\/cuernavaca.gob.mx\/?p=27989","title":{"rendered":"B954 04\/05\/23 DELIMITA LA SECRETAR\u00cdA DE PROTECCI\u00d3N Y AUXILIO CIUDADANO EL CIRCUITO VIAL DE LA GLORIETA DE PACHECO Y CALLES DEL CENTRO DE CUERNAVACA"},"content":{"rendered":"\n<p><strong>\u2022 Personal del Departamento de Semaforizaci\u00f3n y Se\u00f1alizaci\u00f3n de la SEPRAC llev\u00f3 a cabo la delimitaci\u00f3n y se\u00f1alizaci\u00f3n del circuito vial, as\u00ed como cruces peatonales en las calles de Hidalgo, Boulevard Benito Ju\u00e1rez y Gutemberg<\/strong><\/p>\n\n\n\n<p><strong>\u2022 Tambi\u00e9n se trabaja en la pinta de guarniciones rojas, amarrillas y pasos peatonales<\/strong><\/p>\n\n\n\n<p>Por instrucciones del presidente municipal de Cuernavaca, Jos\u00e9 Luis Uri\u00f3stegui Salgado, personal del Departamento de Semaforizaci\u00f3n y Se\u00f1alizaci\u00f3n de la Secretar\u00eda de Protecci\u00f3n y Auxilio Ciudadano (SEPRAC) llev\u00f3 a cabo la delimitaci\u00f3n y se\u00f1alizaci\u00f3n del circuito vial, as\u00ed como de cruces peatonales en las calles de Hidalgo, Boulevard Benito Ju\u00e1rez y Gutemberg del Centro Hist\u00f3rico, a fin de salvaguardar la integridad de los peatones, pero tambi\u00e9n generar orden entre los automovilistas.<\/p>\n\n\n\n<p>El director de la Polic\u00eda Vial de Cuernavaca, el comandante Javier Antonio Tencle Santiago, explic\u00f3 que, como parte del proyecto de embellecimiento y recuperaci\u00f3n de la imagen urbana de la ciudad, as\u00ed como de los espacios en cuanto a estacionamiento prohibido se refiere, delimitaron el \u00e1rea de la glorieta de Pacheco que resguarda el reci\u00e9n reinaugurado Museo Regional de los Pueblos de Morelos, Palacio de Cort\u00e9s, colocando alrededor de 70 boyas, se\u00f1alamientos de no estacionarse y la redirecci\u00f3n vial desde Boulevard Ju\u00e1rez hasta llegar a calle Gutemberg y Plaza de Armas.<\/p>\n\n\n\n<p>\u201cSe busca darles seguridad a los peatones, pero tambi\u00e9n lograr que no se estacionen directamente en la explanada del Palacio de Cort\u00e9s porque es una zona protegida por el INAH y se pretende que siga limpia para el disfrute de visitantes y ciudadanos\u201d, afirm\u00f3.<\/p>\n\n\n\n<p>Previo a estos trabajos, el alcalde Jos\u00e9 Luis Uri\u00f3stegui en compa\u00f1\u00eda de la secretaria de Protecci\u00f3n y Auxilio Ciudadano, Alicia V\u00e1zquez Luna, recorri\u00f3 la glorieta de Pacheco para verificar la delimitaci\u00f3n correcta de la zona, con el prop\u00f3sito de seguir cumpliendo con el ordenamiento y mejora de la imagen externa de este emblem\u00e1tico edificio.<\/p>\n\n\n\n<p>El comandante refiri\u00f3 que estas acciones no son aisladas, ya que cuentan con un proyecto de recuperaci\u00f3n de espacios en el primer cuadro, el cual se encuentra en el Departamento de Ingenier\u00eda Urbana y que contempla la pinta de guarniciones rojas, amarrillas y pasos peatonales para embellecer la imagen urbana del Centro Hist\u00f3rico.<\/p>\n\n\n\n<figure class=\"wp-container-2 wp-block-gallery-1 wp-block-gallery has-nested-images columns-default is-cropped\">\n<figure class=\"wp-block-image size-large\"><img loading=\"lazy\" width=\"1024\" height=\"682\" data-id=\"27995\"  src=\"https:\/\/cuernavaca.gob.mx\/wp-content\/uploads\/2023\/05\/senalamiento-vial-cuernavaca-1-1024x682.jpeg\" alt=\"\" class=\"wp-image-27995\" srcset=\"https:\/\/cuernavaca.gob.mx\/wp-content\/uploads\/2023\/05\/senalamiento-vial-cuernavaca-1-1024x682.jpeg 1024w, https:\/\/cuernavaca.gob.mx\/wp-content\/uploads\/2023\/05\/senalamiento-vial-cuernavaca-1-300x200.jpeg 300w, https:\/\/cuernavaca.gob.mx\/wp-content\/uploads\/2023\/05\/senalamiento-vial-cuernavaca-1-768x512.jpeg 768w, https:\/\/cuernavaca.gob.mx\/wp-content\/uploads\/2023\/05\/senalamiento-vial-cuernavaca-1-1536x1023.jpeg 1536w, https:\/\/cuernavaca.gob.mx\/wp-content\/uploads\/2023\/05\/senalamiento-vial-cuernavaca-1-600x400.jpeg 600w, https:\/\/cuernavaca.gob.mx\/wp-content\/uploads\/2023\/05\/senalamiento-vial-cuernavaca-1-560x373.jpeg 560w, https:\/\/cuernavaca.gob.mx\/wp-content\/uploads\/2023\/05\/senalamiento-vial-cuernavaca-1.jpeg 1600w\" sizes=\"(max-width: 1024px) 100vw, 1024px\" \/><\/figure>\n\n\n\n<figure class=\"wp-block-image size-large\"><img loading=\"lazy\" width=\"1024\" height=\"682\" data-id=\"27993\"  src=\"https:\/\/cuernavaca.gob.mx\/wp-content\/uploads\/2023\/05\/senalamiento-vial-cuernavaca-2-1024x682.jpeg\" alt=\"\" class=\"wp-image-27993\" srcset=\"https:\/\/cuernavaca.gob.mx\/wp-content\/uploads\/2023\/05\/senalamiento-vial-cuernavaca-2-1024x682.jpeg 1024w, https:\/\/cuernavaca.gob.mx\/wp-content\/uploads\/2023\/05\/senalamiento-vial-cuernavaca-2-300x200.jpeg 300w, https:\/\/cuernavaca.gob.mx\/wp-content\/uploads\/2023\/05\/senalamiento-vial-cuernavaca-2-768x512.jpeg 768w, https:\/\/cuernavaca.gob.mx\/wp-content\/uploads\/2023\/05\/senalamiento-vial-cuernavaca-2-1536x1023.jpeg 1536w, https:\/\/cuernavaca.gob.mx\/wp-content\/uploads\/2023\/05\/senalamiento-vial-cuernavaca-2-600x400.jpeg 600w, https:\/\/cuernavaca.gob.mx\/wp-content\/uploads\/2023\/05\/senalamiento-vial-cuernavaca-2-560x373.jpeg 560w, https:\/\/cuernavaca.gob.mx\/wp-content\/uploads\/2023\/05\/senalamiento-vial-cuernavaca-2.jpeg 1600w\" sizes=\"(max-width: 1024px) 100vw, 1024px\" \/><\/figure>\n\n\n\n<figure class=\"wp-block-image size-large\"><img loading=\"lazy\" width=\"1024\" height=\"682\" data-id=\"27994\"  src=\"https:\/\/cuernavaca.gob.mx\/wp-content\/uploads\/2023\/05\/senalamiento-vial-cuernavaca-3-1024x682.jpeg\" alt=\"\" class=\"wp-image-27994\" srcset=\"https:\/\/cuernavaca.gob.mx\/wp-content\/uploads\/2023\/05\/senalamiento-vial-cuernavaca-3-1024x682.jpeg 1024w, https:\/\/cuernavaca.gob.mx\/wp-content\/uploads\/2023\/05\/senalamiento-vial-cuernavaca-3-300x200.jpeg 300w, https:\/\/cuernavaca.gob.mx\/wp-content\/uploads\/2023\/05\/senalamiento-vial-cuernavaca-3-768x512.jpeg 768w, https:\/\/cuernavaca.gob.mx\/wp-content\/uploads\/2023\/05\/senalamiento-vial-cuernavaca-3-1536x1023.jpeg 1536w, https:\/\/cuernavaca.gob.mx\/wp-content\/uploads\/2023\/05\/senalamiento-vial-cuernavaca-3-600x400.jpeg 600w, https:\/\/cuernavaca.gob.mx\/wp-content\/uploads\/2023\/05\/senalamiento-vial-cuernavaca-3-560x373.jpeg 560w, https:\/\/cuernavaca.gob.mx\/wp-content\/uploads\/2023\/05\/senalamiento-vial-cuernavaca-3.jpeg 1600w\" sizes=\"(max-width: 1024px) 100vw, 1024px\" \/><\/figure>\n\n\n\n<figure class=\"wp-block-image size-large\"><img loading=\"lazy\" width=\"1024\" height=\"682\" data-id=\"27990\"  src=\"https:\/\/cuernavaca.gob.mx\/wp-content\/uploads\/2023\/05\/senalamiento-vial-cuernavaca-4-1024x682.jpeg\" alt=\"\" class=\"wp-image-27990\" srcset=\"https:\/\/cuernavaca.gob.mx\/wp-content\/uploads\/2023\/05\/senalamiento-vial-cuernavaca-4-1024x682.jpeg 1024w, https:\/\/cuernavaca.gob.mx\/wp-content\/uploads\/2023\/05\/senalamiento-vial-cuernavaca-4-300x200.jpeg 300w, https:\/\/cuernavaca.gob.mx\/wp-content\/uploads\/2023\/05\/senalamiento-vial-cuernavaca-4-768x512.jpeg 768w, https:\/\/cuernavaca.gob.mx\/wp-content\/uploads\/2023\/05\/senalamiento-vial-cuernavaca-4-1536x1023.jpeg 1536w, https:\/\/cuernavaca.gob.mx\/wp-content\/uploads\/2023\/05\/senalamiento-vial-cuernavaca-4-600x400.jpeg 600w, https:\/\/cuernavaca.gob.mx\/wp-content\/uploads\/2023\/05\/senalamiento-vial-cuernavaca-4-560x373.jpeg 560w, https:\/\/cuernavaca.gob.mx\/wp-content\/uploads\/2023\/05\/senalamiento-vial-cuernavaca-4.jpeg 1600w\" sizes=\"(max-width: 1024px) 100vw, 1024px\" \/><\/figure>\n\n\n\n<figure class=\"wp-block-image size-large\"><img loading=\"lazy\" width=\"1024\" height=\"682\" data-id=\"27992\"  src=\"https:\/\/cuernavaca.gob.mx\/wp-content\/uploads\/2023\/05\/senalamiento-vial-cuernavaca-5-1024x682.jpeg\" alt=\"\" class=\"wp-image-27992\" srcset=\"https:\/\/cuernavaca.gob.mx\/wp-content\/uploads\/2023\/05\/senalamiento-vial-cuernavaca-5-1024x682.jpeg 1024w, https:\/\/cuernavaca.gob.mx\/wp-content\/uploads\/2023\/05\/senalamiento-vial-cuernavaca-5-300x200.jpeg 300w, https:\/\/cuernavaca.gob.mx\/wp-content\/uploads\/2023\/05\/senalamiento-vial-cuernavaca-5-768x512.jpeg 768w, https:\/\/cuernavaca.gob.mx\/wp-content\/uploads\/2023\/05\/senalamiento-vial-cuernavaca-5-1536x1023.jpeg 1536w, https:\/\/cuernavaca.gob.mx\/wp-content\/uploads\/2023\/05\/senalamiento-vial-cuernavaca-5-600x400.jpeg 600w, https:\/\/cuernavaca.gob.mx\/wp-content\/uploads\/2023\/05\/senalamiento-vial-cuernavaca-5-560x373.jpeg 560w, https:\/\/cuernavaca.gob.mx\/wp-content\/uploads\/2023\/05\/senalamiento-vial-cuernavaca-5.jpeg 1600w\" sizes=\"(max-width: 1024px) 100vw, 1024px\" \/><\/figure>\n\n\n\n<figure class=\"wp-block-image size-large\"><img loading=\"lazy\" width=\"1024\" height=\"682\" data-id=\"27996\"  src=\"https:\/\/cuernavaca.gob.mx\/wp-content\/uploads\/2023\/05\/senalamiento-vial-cuernavaca-6-1024x682.jpeg\" alt=\"\" class=\"wp-image-27996\" srcset=\"https:\/\/cuernavaca.gob.mx\/wp-content\/uploads\/2023\/05\/senalamiento-vial-cuernavaca-6-1024x682.jpeg 1024w, https:\/\/cuernavaca.gob.mx\/wp-content\/uploads\/2023\/05\/senalamiento-vial-cuernavaca-6-300x200.jpeg 300w, https:\/\/cuernavaca.gob.mx\/wp-content\/uploads\/2023\/05\/senalamiento-vial-cuernavaca-6-768x512.jpeg 768w, https:\/\/cuernavaca.gob.mx\/wp-content\/uploads\/2023\/05\/senalamiento-vial-cuernavaca-6-1536x1023.jpeg 1536w, https:\/\/cuernavaca.gob.mx\/wp-content\/uploads\/2023\/05\/senalamiento-vial-cuernavaca-6-600x400.jpeg 600w, https:\/\/cuernavaca.gob.mx\/wp-content\/uploads\/2023\/05\/senalamiento-vial-cuernavaca-6-560x373.jpeg 560w, https:\/\/cuernavaca.gob.mx\/wp-content\/uploads\/2023\/05\/senalamiento-vial-cuernavaca-6.jpeg 1600w\" sizes=\"(max-width: 1024px) 100vw, 1024px\" \/><\/figure>\n\n\n\n<figure class=\"wp-block-image size-large\"><img loading=\"lazy\" width=\"1024\" height=\"682\" data-id=\"27997\"  src=\"https:\/\/cuernavaca.gob.mx\/wp-content\/uploads\/2023\/05\/senalamiento-vial-cuernavaca-7-1024x682.jpeg\" alt=\"\" class=\"wp-image-27997\" srcset=\"https:\/\/cuernavaca.gob.mx\/wp-content\/uploads\/2023\/05\/senalamiento-vial-cuernavaca-7-1024x682.jpeg 1024w, https:\/\/cuernavaca.gob.mx\/wp-content\/uploads\/2023\/05\/senalamiento-vial-cuernavaca-7-300x200.jpeg 300w, https:\/\/cuernavaca.gob.mx\/wp-content\/uploads\/2023\/05\/senalamiento-vial-cuernavaca-7-768x512.jpeg 768w, https:\/\/cuernavaca.gob.mx\/wp-content\/uploads\/2023\/05\/senalamiento-vial-cuernavaca-7-1536x1023.jpeg 1536w, https:\/\/cuernavaca.gob.mx\/wp-content\/uploads\/2023\/05\/senalamiento-vial-cuernavaca-7-600x400.jpeg 600w, https:\/\/cuernavaca.gob.mx\/wp-content\/uploads\/2023\/05\/senalamiento-vial-cuernavaca-7-560x373.jpeg 560w, https:\/\/cuernavaca.gob.mx\/wp-content\/uploads\/2023\/05\/senalamiento-vial-cuernavaca-7.jpeg 1600w\" sizes=\"(max-width: 1024px) 100vw, 1024px\" \/><\/figure>\n\n\n\n<figure class=\"wp-block-image size-large\"><img loading=\"lazy\" width=\"1024\" height=\"682\" data-id=\"27991\"  src=\"https:\/\/cuernavaca.gob.mx\/wp-content\/uploads\/2023\/05\/senalamiento-vial-cuernavaca-8-1024x682.jpeg\" alt=\"\" class=\"wp-image-27991\" srcset=\"https:\/\/cuernavaca.gob.mx\/wp-content\/uploads\/2023\/05\/senalamiento-vial-cuernavaca-8-1024x682.jpeg 1024w, https:\/\/cuernavaca.gob.mx\/wp-content\/uploads\/2023\/05\/senalamiento-vial-cuernavaca-8-300x200.jpeg 300w, https:\/\/cuernavaca.gob.mx\/wp-content\/uploads\/2023\/05\/senalamiento-vial-cuernavaca-8-768x512.jpeg 768w, https:\/\/cuernavaca.gob.mx\/wp-content\/uploads\/2023\/05\/senalamiento-vial-cuernavaca-8-1536x1023.jpeg 1536w, https:\/\/cuernavaca.gob.mx\/wp-content\/uploads\/2023\/05\/senalamiento-vial-cuernavaca-8-600x400.jpeg 600w, https:\/\/cuernavaca.gob.mx\/wp-content\/uploads\/2023\/05\/senalamiento-vial-cuernavaca-8-560x373.jpeg 560w, https:\/\/cuernavaca.gob.mx\/wp-content\/uploads\/2023\/05\/senalamiento-vial-cuernavaca-8.jpeg 1600w\" sizes=\"(max-width: 1024px) 100vw, 1024px\" \/><\/figure>\n<\/figure>\n","protected":false},"excerpt":{"rendered":"<p>\u2022 Personal del Departamento de Semaforizaci\u00f3n y Se\u00f1alizaci\u00f3n de la SEPRAC llev\u00f3 a cabo la delimitaci\u00f3n y se\u00f1alizaci\u00f3n del circuito vial, as\u00ed como cruces peatonales en las calles de Hidalgo, Boulevard Benito Ju\u00e1rez y Gutemberg \u2022 Tambi\u00e9n se trabaja en la pinta de guarniciones rojas, amarrillas y pasos peatonales Por instrucciones del presidente municipal de [&hellip;]<\/p>\n","protected":false},"author":1,"featured_media":27993,"comment_status":"closed","ping_status":"open","sticky":false,"template":"","format":"standard","meta":[],"categories":[208],"tags":[121,120,206,1274,125,185,342],"aioseo_notices":[],"_links":{"self":[{"href":"https:\/\/cuernavaca.gob.mx\/index.php?rest_route=\/wp\/v2\/posts\/27989"}],"collection":[{"href":"https:\/\/cuernavaca.gob.mx\/index.php?rest_route=\/wp\/v2\/posts"}],"about":[{"href":"https:\/\/cuernavaca.gob.mx\/index.php?rest_route=\/wp\/v2\/types\/post"}],"author":[{"embeddable":true,"href":"https:\/\/cuernavaca.gob.mx\/index.php?rest_route=\/wp\/v2\/users\/1"}],"replies":[{"embeddable":true,"href":"https:\/\/cuernavaca.gob.mx\/index.php?rest_route=%2Fwp%2Fv2%2Fcomments&post=27989"}],"version-history":[{"count":1,"href":"https:\/\/cuernavaca.gob.mx\/index.php?rest_route=\/wp\/v2\/posts\/27989\/revisions"}],"predecessor-version":[{"id":27998,"href":"https:\/\/cuernavaca.gob.mx\/index.php?rest_route=\/wp\/v2\/posts\/27989\/revisions\/27998"}],"wp:featuredmedia":[{"embeddable":true,"href":"https:\/\/cuernavaca.gob.mx\/index.php?rest_route=\/wp\/v2\/media\/27993"}],"wp:attachment":[{"href":"https:\/\/cuernavaca.gob.mx\/index.php?rest_route=%2Fwp%2Fv2%2Fmedia&parent=27989"}],"wp:term":[{"taxonomy":"category","embeddable":true,"href":"https:\/\/cuernavaca.gob.mx\/index.php?rest_route=%2Fwp%2Fv2%2Fcategories&post=27989"},{"taxonomy":"post_tag","embeddable":true,"href":"https:\/\/cuernavaca.gob.mx\/index.php?rest_route=%2Fwp%2Fv2%2Ftags&post=27989"}],"curies":[{"name":"wp","href":"https:\/\/api.w.org\/{rel}","templated":true}]}}