{"id":28611,"date":"2023-05-24T16:30:00","date_gmt":"2023-05-24T22:30:00","guid":{"rendered":"https:\/\/cuernavaca.gob.mx\/?p=28611"},"modified":"2025-05-06T12:38:55","modified_gmt":"2025-05-06T18:38:55","slug":"b1001-24-05-23-cabildo-de-cuernavaca-garantiza-la-conclusion-financiera-de-cinco-obras-iniciadas-del-fondo-de-infraestructura-regional-municipal","status":"publish","type":"post","link":"https:\/\/cuernavaca.gob.mx\/?p=28611","title":{"rendered":"B1001 24\/05\/23 CABILDO DE CUERNAVACA GARANTIZA LA CONCLUSI\u00d3N FINANCIERA DE CINCO OBRAS INICIADAS DEL FONDO DE INFRAESTRUCTURA REGIONAL MUNICIPAL"},"content":{"rendered":"\n<p><strong>\u2022\u00a0\u00a0\u00a0\u00a0\u00a0\u00a0\u00a0\u00a0\u00a0 Como parte de una decisi\u00f3n responsable autorizaron destinar hasta dos millones 800 mil pesos del Fondo de Contingencias para la conclusi\u00f3n de obras autorizadas por el Congreso de Morelos<\/strong><\/p>\n\n\n\n<p>Tal y como lo hab\u00eda confirmado el presidente municipal de Cuernavaca, Jos\u00e9 Luis Uri\u00f3stegui Salgado con anticipaci\u00f3n, este mi\u00e9rcoles el Cabildo dio su respaldo a la continuaci\u00f3n de cinco obras en la ciudad iniciadas a trav\u00e9s del Fondo de Infraestructura Regional Municipal creado por el Congreso del Estado, aprobando la transferencia de hasta dos millones 800 mil pesos del Fondo de Contingencias municipal para su conclusi\u00f3n.&nbsp;&nbsp;<\/p>\n\n\n\n<p>En el marco de la sesi\u00f3n extraordinaria de Cabildo, Jos\u00e9 Luis Uri\u00f3stegui record\u00f3 que en d\u00edas pasados ante la controversia constitucional que promovi\u00f3 el Poder Ejecutivo de Morelos en contra del Congreso del Estado por las modificaciones al Presupuesto de Egresos 2023 y canalizado recursos econ\u00f3micos a determinados municipios, ministras y ministros de la Suprema Corte de Justicia de la Naci\u00f3n (SCJN) otorgaron la suspensi\u00f3n en la aplicaci\u00f3n de dichos recursos que para Cuernavaca se hab\u00edan autorizado 138 millones 600 mil pesos, de los cuales hasta el momento solo hab\u00edan recibido el 40 por ciento.<\/p>\n\n\n\n<p>No obstante, se\u00f1al\u00f3 que no pueden acceder a esta cantidad de 55 millones 440 mil pesos ya entregada, toda vez que podr\u00edan incurrir en una responsabilidad, por lo cual, al prever esta eventualidad, el cuerpo edilicio tom\u00f3 la determinaci\u00f3n responsable de destinar recursos del Fondo de Contingencias, a fin de que si esto ocurr\u00eda las obras no se paralizar\u00e1n, evitando afectaciones a la poblaci\u00f3n, particularmente porque el municipio tiene la obligaci\u00f3n de concluirlas en el tiempo y forma en que fueron contratadas.<\/p>\n\n\n\n<p>Al respecto, el tesorero municipal, Javier Arozarena Salazar, explic\u00f3 por las cinco obras de reencarpetamiento y pavimentaci\u00f3n que iniciaron se requiere una inversi\u00f3n de cuatro millones 513 mil 200 pesos, pudiendo destinar del recurso ministrado por el Ejecutivo \u00fanicamente un mill\u00f3n 805 mil 280 pesos, lo dem\u00e1s que asciende a dos millones 707 mil 920 pesos lo liquidar\u00e1n con recursos propios del Fondo de Contingencias autorizado este a\u00f1o por el Cabildo de Cuernavaca, \u201ccon esto estar\u00edamos garantizando financieramente estas cinco obras contratadas\u201d.<\/p>\n\n\n\n<p>Ante las solicitudes hechas por las y los regidores, Jos\u00e9 Luis Uri\u00f3stegui aclar\u00f3 que si la controversia procede tendr\u00e1 que dejar de ministrarse el recurso faltante, pero la suspensi\u00f3n se otorga sobre lo posterior, no sobre lo que ya se ejerci\u00f3 y que se tiene en las cuentas bancarias, por lo tanto al venir de una resoluci\u00f3n definitiva el Congreso de Morelos tendr\u00e1 que resolver hacia donde canalizar\u00e1n la cantidad recibida, teniendo la posibilidad de recuperar los dos millones 707 mil 920 pesos que se est\u00e1n destinando del Fondo de Contingencias del Ayuntamiento.<\/p>\n\n\n\n<p>Cabe mencionar que las cinco obras iniciadas y en proceso son el reencarpetamiento de la calle Fray Bartolom\u00e9 de Las Casas, entre Leyva y Humboldt en el Centro de la ciudad, la obra de pavimentaci\u00f3n de la calle Violetas en la colonia L\u00e1zaro C\u00e1rdenas, la pavimentaci\u00f3n de la calle Malva en la colonia Milpillas, la pavimentaci\u00f3n de la calle Golondrinas en la colonia Loma Bonita y la pavimentaci\u00f3n de la calle Arquitectos de Sedesol en la colonia Bosques de Cuernavaca.<\/p>\n\n\n\n<figure class=\"wp-container-2 wp-block-gallery-1 wp-block-gallery has-nested-images columns-default is-cropped\">\n<figure class=\"wp-block-image size-large\"><img loading=\"lazy\" width=\"1024\" height=\"682\" data-id=\"28614\"  src=\"https:\/\/cuernavaca.gob.mx\/wp-content\/uploads\/2023\/05\/f4e5a552-5e1b-4d87-a25f-520af1fdd919-1024x682.jpg\" alt=\"\" class=\"wp-image-28614\" srcset=\"https:\/\/cuernavaca.gob.mx\/wp-content\/uploads\/2023\/05\/f4e5a552-5e1b-4d87-a25f-520af1fdd919-1024x682.jpg 1024w, https:\/\/cuernavaca.gob.mx\/wp-content\/uploads\/2023\/05\/f4e5a552-5e1b-4d87-a25f-520af1fdd919-300x200.jpg 300w, https:\/\/cuernavaca.gob.mx\/wp-content\/uploads\/2023\/05\/f4e5a552-5e1b-4d87-a25f-520af1fdd919-768x512.jpg 768w, https:\/\/cuernavaca.gob.mx\/wp-content\/uploads\/2023\/05\/f4e5a552-5e1b-4d87-a25f-520af1fdd919-1536x1023.jpg 1536w, https:\/\/cuernavaca.gob.mx\/wp-content\/uploads\/2023\/05\/f4e5a552-5e1b-4d87-a25f-520af1fdd919-600x400.jpg 600w, https:\/\/cuernavaca.gob.mx\/wp-content\/uploads\/2023\/05\/f4e5a552-5e1b-4d87-a25f-520af1fdd919-560x373.jpg 560w, https:\/\/cuernavaca.gob.mx\/wp-content\/uploads\/2023\/05\/f4e5a552-5e1b-4d87-a25f-520af1fdd919.jpg 1600w\" sizes=\"(max-width: 1024px) 100vw, 1024px\" \/><\/figure>\n\n\n\n<figure class=\"wp-block-image size-large\"><img loading=\"lazy\" width=\"1024\" height=\"682\" data-id=\"28612\"  src=\"https:\/\/cuernavaca.gob.mx\/wp-content\/uploads\/2023\/05\/obras-publicas-cuernavaca-1-1024x682.jpg\" alt=\"\" class=\"wp-image-28612\" srcset=\"https:\/\/cuernavaca.gob.mx\/wp-content\/uploads\/2023\/05\/obras-publicas-cuernavaca-1-1024x682.jpg 1024w, https:\/\/cuernavaca.gob.mx\/wp-content\/uploads\/2023\/05\/obras-publicas-cuernavaca-1-300x200.jpg 300w, https:\/\/cuernavaca.gob.mx\/wp-content\/uploads\/2023\/05\/obras-publicas-cuernavaca-1-768x512.jpg 768w, https:\/\/cuernavaca.gob.mx\/wp-content\/uploads\/2023\/05\/obras-publicas-cuernavaca-1-600x400.jpg 600w, https:\/\/cuernavaca.gob.mx\/wp-content\/uploads\/2023\/05\/obras-publicas-cuernavaca-1-560x373.jpg 560w, https:\/\/cuernavaca.gob.mx\/wp-content\/uploads\/2023\/05\/obras-publicas-cuernavaca-1.jpg 1280w\" sizes=\"(max-width: 1024px) 100vw, 1024px\" \/><\/figure>\n\n\n\n<figure class=\"wp-block-image size-large\"><img loading=\"lazy\" width=\"1024\" height=\"682\" data-id=\"28613\"  src=\"https:\/\/cuernavaca.gob.mx\/wp-content\/uploads\/2023\/05\/obras-publicas-cuernavaca-2-1024x682.jpg\" alt=\"\" class=\"wp-image-28613\" srcset=\"https:\/\/cuernavaca.gob.mx\/wp-content\/uploads\/2023\/05\/obras-publicas-cuernavaca-2-1024x682.jpg 1024w, https:\/\/cuernavaca.gob.mx\/wp-content\/uploads\/2023\/05\/obras-publicas-cuernavaca-2-300x200.jpg 300w, https:\/\/cuernavaca.gob.mx\/wp-content\/uploads\/2023\/05\/obras-publicas-cuernavaca-2-768x512.jpg 768w, https:\/\/cuernavaca.gob.mx\/wp-content\/uploads\/2023\/05\/obras-publicas-cuernavaca-2-1536x1023.jpg 1536w, https:\/\/cuernavaca.gob.mx\/wp-content\/uploads\/2023\/05\/obras-publicas-cuernavaca-2-600x400.jpg 600w, https:\/\/cuernavaca.gob.mx\/wp-content\/uploads\/2023\/05\/obras-publicas-cuernavaca-2-560x373.jpg 560w, https:\/\/cuernavaca.gob.mx\/wp-content\/uploads\/2023\/05\/obras-publicas-cuernavaca-2.jpg 1600w\" sizes=\"(max-width: 1024px) 100vw, 1024px\" \/><\/figure>\n\n\n\n<figure class=\"wp-block-image size-large\"><img loading=\"lazy\" width=\"1024\" height=\"682\" data-id=\"28617\"  src=\"https:\/\/cuernavaca.gob.mx\/wp-content\/uploads\/2023\/05\/obras-publicas-cuernavaca-3-1024x682.jpg\" alt=\"\" class=\"wp-image-28617\" srcset=\"https:\/\/cuernavaca.gob.mx\/wp-content\/uploads\/2023\/05\/obras-publicas-cuernavaca-3-1024x682.jpg 1024w, https:\/\/cuernavaca.gob.mx\/wp-content\/uploads\/2023\/05\/obras-publicas-cuernavaca-3-300x200.jpg 300w, https:\/\/cuernavaca.gob.mx\/wp-content\/uploads\/2023\/05\/obras-publicas-cuernavaca-3-768x512.jpg 768w, https:\/\/cuernavaca.gob.mx\/wp-content\/uploads\/2023\/05\/obras-publicas-cuernavaca-3-1536x1023.jpg 1536w, https:\/\/cuernavaca.gob.mx\/wp-content\/uploads\/2023\/05\/obras-publicas-cuernavaca-3-600x400.jpg 600w, https:\/\/cuernavaca.gob.mx\/wp-content\/uploads\/2023\/05\/obras-publicas-cuernavaca-3-560x373.jpg 560w, https:\/\/cuernavaca.gob.mx\/wp-content\/uploads\/2023\/05\/obras-publicas-cuernavaca-3.jpg 1600w\" sizes=\"(max-width: 1024px) 100vw, 1024px\" \/><\/figure>\n\n\n\n<figure class=\"wp-block-image size-large\"><img loading=\"lazy\" width=\"1024\" height=\"682\" data-id=\"28618\"  src=\"https:\/\/cuernavaca.gob.mx\/wp-content\/uploads\/2023\/05\/obras-publicas-cuernavaca-4-1024x682.jpg\" alt=\"\" class=\"wp-image-28618\" srcset=\"https:\/\/cuernavaca.gob.mx\/wp-content\/uploads\/2023\/05\/obras-publicas-cuernavaca-4-1024x682.jpg 1024w, https:\/\/cuernavaca.gob.mx\/wp-content\/uploads\/2023\/05\/obras-publicas-cuernavaca-4-300x200.jpg 300w, https:\/\/cuernavaca.gob.mx\/wp-content\/uploads\/2023\/05\/obras-publicas-cuernavaca-4-768x512.jpg 768w, https:\/\/cuernavaca.gob.mx\/wp-content\/uploads\/2023\/05\/obras-publicas-cuernavaca-4-1536x1023.jpg 1536w, https:\/\/cuernavaca.gob.mx\/wp-content\/uploads\/2023\/05\/obras-publicas-cuernavaca-4-600x400.jpg 600w, https:\/\/cuernavaca.gob.mx\/wp-content\/uploads\/2023\/05\/obras-publicas-cuernavaca-4-560x373.jpg 560w, https:\/\/cuernavaca.gob.mx\/wp-content\/uploads\/2023\/05\/obras-publicas-cuernavaca-4.jpg 1600w\" sizes=\"(max-width: 1024px) 100vw, 1024px\" \/><\/figure>\n\n\n\n<figure class=\"wp-block-image size-large\"><img loading=\"lazy\" width=\"1024\" height=\"682\" data-id=\"28619\"  src=\"https:\/\/cuernavaca.gob.mx\/wp-content\/uploads\/2023\/05\/obras-publicas-cuernavaca-5-1024x682.jpg\" alt=\"\" class=\"wp-image-28619\" srcset=\"https:\/\/cuernavaca.gob.mx\/wp-content\/uploads\/2023\/05\/obras-publicas-cuernavaca-5-1024x682.jpg 1024w, https:\/\/cuernavaca.gob.mx\/wp-content\/uploads\/2023\/05\/obras-publicas-cuernavaca-5-300x200.jpg 300w, https:\/\/cuernavaca.gob.mx\/wp-content\/uploads\/2023\/05\/obras-publicas-cuernavaca-5-768x512.jpg 768w, https:\/\/cuernavaca.gob.mx\/wp-content\/uploads\/2023\/05\/obras-publicas-cuernavaca-5-1536x1023.jpg 1536w, https:\/\/cuernavaca.gob.mx\/wp-content\/uploads\/2023\/05\/obras-publicas-cuernavaca-5-600x400.jpg 600w, https:\/\/cuernavaca.gob.mx\/wp-content\/uploads\/2023\/05\/obras-publicas-cuernavaca-5-560x373.jpg 560w, https:\/\/cuernavaca.gob.mx\/wp-content\/uploads\/2023\/05\/obras-publicas-cuernavaca-5.jpg 1600w\" sizes=\"(max-width: 1024px) 100vw, 1024px\" \/><\/figure>\n\n\n\n<figure class=\"wp-block-image size-large\"><img loading=\"lazy\" width=\"1024\" height=\"682\" data-id=\"28615\"  src=\"https:\/\/cuernavaca.gob.mx\/wp-content\/uploads\/2023\/05\/obras-publicas-cuernavaca-6-1024x682.jpg\" alt=\"\" class=\"wp-image-28615\" srcset=\"https:\/\/cuernavaca.gob.mx\/wp-content\/uploads\/2023\/05\/obras-publicas-cuernavaca-6-1024x682.jpg 1024w, https:\/\/cuernavaca.gob.mx\/wp-content\/uploads\/2023\/05\/obras-publicas-cuernavaca-6-300x200.jpg 300w, https:\/\/cuernavaca.gob.mx\/wp-content\/uploads\/2023\/05\/obras-publicas-cuernavaca-6-768x512.jpg 768w, https:\/\/cuernavaca.gob.mx\/wp-content\/uploads\/2023\/05\/obras-publicas-cuernavaca-6-600x400.jpg 600w, https:\/\/cuernavaca.gob.mx\/wp-content\/uploads\/2023\/05\/obras-publicas-cuernavaca-6-560x373.jpg 560w, https:\/\/cuernavaca.gob.mx\/wp-content\/uploads\/2023\/05\/obras-publicas-cuernavaca-6.jpg 1280w\" sizes=\"(max-width: 1024px) 100vw, 1024px\" \/><\/figure>\n\n\n\n<figure class=\"wp-block-image size-large\"><img loading=\"lazy\" width=\"1024\" height=\"682\" data-id=\"28616\"  src=\"https:\/\/cuernavaca.gob.mx\/wp-content\/uploads\/2023\/05\/obras-publicas-cuernavaca-7-1024x682.jpg\" alt=\"\" class=\"wp-image-28616\" srcset=\"https:\/\/cuernavaca.gob.mx\/wp-content\/uploads\/2023\/05\/obras-publicas-cuernavaca-7-1024x682.jpg 1024w, https:\/\/cuernavaca.gob.mx\/wp-content\/uploads\/2023\/05\/obras-publicas-cuernavaca-7-300x200.jpg 300w, https:\/\/cuernavaca.gob.mx\/wp-content\/uploads\/2023\/05\/obras-publicas-cuernavaca-7-768x512.jpg 768w, https:\/\/cuernavaca.gob.mx\/wp-content\/uploads\/2023\/05\/obras-publicas-cuernavaca-7-1536x1023.jpg 1536w, https:\/\/cuernavaca.gob.mx\/wp-content\/uploads\/2023\/05\/obras-publicas-cuernavaca-7-600x400.jpg 600w, https:\/\/cuernavaca.gob.mx\/wp-content\/uploads\/2023\/05\/obras-publicas-cuernavaca-7-560x373.jpg 560w, https:\/\/cuernavaca.gob.mx\/wp-content\/uploads\/2023\/05\/obras-publicas-cuernavaca-7.jpg 1600w\" sizes=\"(max-width: 1024px) 100vw, 1024px\" \/><\/figure>\n<\/figure>\n","protected":false},"excerpt":{"rendered":"<p>\u2022\u00a0\u00a0\u00a0\u00a0\u00a0\u00a0\u00a0\u00a0\u00a0 Como parte de una decisi\u00f3n responsable autorizaron destinar hasta dos millones 800 mil pesos del Fondo de Contingencias para la conclusi\u00f3n de obras autorizadas por el Congreso de Morelos Tal y como lo hab\u00eda confirmado el presidente municipal de Cuernavaca, Jos\u00e9 Luis Uri\u00f3stegui Salgado con anticipaci\u00f3n, este mi\u00e9rcoles el Cabildo dio su respaldo a [&hellip;]<\/p>\n","protected":false},"author":1,"featured_media":28619,"comment_status":"closed","ping_status":"open","sticky":false,"template":"","format":"standard","meta":[],"categories":[18],"tags":[158,121,2732,538,120,206,356,232,1392],"aioseo_notices":[],"_links":{"self":[{"href":"https:\/\/cuernavaca.gob.mx\/index.php?rest_route=\/wp\/v2\/posts\/28611"}],"collection":[{"href":"https:\/\/cuernavaca.gob.mx\/index.php?rest_route=\/wp\/v2\/posts"}],"about":[{"href":"https:\/\/cuernavaca.gob.mx\/index.php?rest_route=\/wp\/v2\/types\/post"}],"author":[{"embeddable":true,"href":"https:\/\/cuernavaca.gob.mx\/index.php?rest_route=\/wp\/v2\/users\/1"}],"replies":[{"embeddable":true,"href":"https:\/\/cuernavaca.gob.mx\/index.php?rest_route=%2Fwp%2Fv2%2Fcomments&post=28611"}],"version-history":[{"count":1,"href":"https:\/\/cuernavaca.gob.mx\/index.php?rest_route=\/wp\/v2\/posts\/28611\/revisions"}],"predecessor-version":[{"id":28620,"href":"https:\/\/cuernavaca.gob.mx\/index.php?rest_route=\/wp\/v2\/posts\/28611\/revisions\/28620"}],"wp:featuredmedia":[{"embeddable":true,"href":"https:\/\/cuernavaca.gob.mx\/index.php?rest_route=\/wp\/v2\/media\/28619"}],"wp:attachment":[{"href":"https:\/\/cuernavaca.gob.mx\/index.php?rest_route=%2Fwp%2Fv2%2Fmedia&parent=28611"}],"wp:term":[{"taxonomy":"category","embeddable":true,"href":"https:\/\/cuernavaca.gob.mx\/index.php?rest_route=%2Fwp%2Fv2%2Fcategories&post=28611"},{"taxonomy":"post_tag","embeddable":true,"href":"https:\/\/cuernavaca.gob.mx\/index.php?rest_route=%2Fwp%2Fv2%2Ftags&post=28611"}],"curies":[{"name":"wp","href":"https:\/\/api.w.org\/{rel}","templated":true}]}}