{"id":28621,"date":"2023-05-24T17:30:00","date_gmt":"2023-05-24T23:30:00","guid":{"rendered":"https:\/\/cuernavaca.gob.mx\/?p=28621"},"modified":"2025-05-06T12:38:54","modified_gmt":"2025-05-06T18:38:54","slug":"b1002-24-05-23-cuernavaca-destinara-recursos-para-el-programa-de-desarme-voluntario-de-la-sedena-para-incidir-en-la-disminucion-de-delitos","status":"publish","type":"post","link":"https:\/\/cuernavaca.gob.mx\/?p=28621","title":{"rendered":"B1002 24\/05\/23 CUERNAVACA DESTINAR\u00c1 RECURSOS PARA EL PROGRAMA DE DESARME VOLUNTARIO DE LA SEDENA PARA INCIDIR EN LA DISMINUCI\u00d3N DE DELITOS"},"content":{"rendered":"\n<p><strong>\u2022 Integrantes del Cabildo autorizaron transferir recursos propios a la SEPRAC para que pueda efectuar este programa a cargo de la 24\/a Zona Militar, como parte de la estrategia para erradicar hechos de violencia<\/strong><\/p>\n\n\n\n<p><strong>\u2022 A las personas que entreguen sus armas se les otorga una compensaci\u00f3n econ\u00f3mica de acuerdo con la tasa o valor que la SEDENA establezca de cada artefacto<\/strong><\/p>\n\n\n\n<p>Como parte de las acciones de prevenci\u00f3n integral del delito que ha ejercido el Ayuntamiento de Cuernavaca en conjunto con la Federaci\u00f3n, integrantes del Cabildo autorizaron este mi\u00e9rcoles la aplicaci\u00f3n de 200 mil pesos para el Programa de Desarme Voluntario que se efectuar\u00e1 en coordinaci\u00f3n con la Secretar\u00eda de la Defensa Nacional (SEDENA), con la finalidad de seguir reduciendo la posible comisi\u00f3n de delitos y violencia en la capital morelense.<\/p>\n\n\n\n<p>En sesi\u00f3n extraordinaria, el presidente municipal, Jos\u00e9 Luis Uri\u00f3stegui Salgado, precis\u00f3 que una vertiente fundamental en la prevenci\u00f3n integral del delito en la ciudad es lograr que no haya armas en los domicilios y en la v\u00eda p\u00fablica, siendo este programa nacional una forma de concretarlo, recuperando el a\u00f1o pasado alrededor de 300 armas de fuego que fueron destruidas de manera inmediata, lo cual evita riesgos, no solo en las calles, sino tambi\u00e9n en los domicilios e incluso hacia las personas que no saben manejarlas y que pudieran causar da\u00f1o a terceros y ellos mismos.<\/p>\n\n\n\n<p>Precis\u00f3 que este apoyo fue solicitado por el General de Brigada Diplomado de Estado Mayor, Jorge Antonio Maldonado Guevara, Comandante de la 24\/a Zona Militar, puesto que a las personas que entregan sus armas se les otorga una compensaci\u00f3n econ\u00f3mica de acuerdo con la tasa o valor que la SEDENA establezca de cada artefacto.<\/p>\n\n\n\n<p>En este sentido, el tesorero municipal, Javier Arozarena Salazar, se\u00f1al\u00f3 que los 200 mil pesos ser\u00e1n transferidos del proyecto PM501 \u201cAdministraci\u00f3n Eficiente del Desarrollo\u201d, partida 4411 \u201cAyudas Sociales a Personas\u201d a la Secretar\u00eda de Protecci\u00f3n y Auxilio Ciudadano (SEPRAC) para que lo ejerza en el programa de Canje de Armas sin generar afectaciones al municipio.<\/p>\n\n\n\n<p>A fin de justificar el gasto p\u00fablico, la s\u00edndica municipal, Ver\u00f3nica Atenco P\u00e9rez; y los regidores Wendi Salinas Ruiz, Christian P\u00e9rez Jaimes, Fernando Carrillo Alvarado, Paz Hern\u00e1ndez Pardo, Adri\u00e1n Mart\u00ednez Terrazas, Mirna Delgado Romero, Jes\u00fas Rosales Puebla, V\u00edctor Manzo God\u00ednez, Patricia Torres Rosales y Debendrenath Salazar Solorio, aprobaron tambi\u00e9n que la SEPRAC pueda emitir recibos simples que ser\u00e1n firmados por la ciudadan\u00eda que entregue sus armas, los cuales estar\u00e1n autorizados, tanto por la titular de SEPRAC como por su director general de Administraci\u00f3n.<\/p>\n\n\n\n<p>Sobre este programa, tanto la 24\u00aa Zona Militar como la SEPRAC en conjunto con la Direcci\u00f3n General de Comunicaci\u00f3n Social del Ayuntamiento de Cuernavaca, trabajaran en conjunto en la convocatoria para su publicaci\u00f3n y posterior difusi\u00f3n, para conocimiento de todos los habitantes de la ciudad capital.<\/p>\n\n\n\n<figure class=\"wp-container-2 wp-block-gallery-1 wp-block-gallery has-nested-images columns-default is-cropped\">\n<figure class=\"wp-block-image size-large\"><img loading=\"lazy\" width=\"1024\" height=\"682\" data-id=\"28622\"  src=\"https:\/\/cuernavaca.gob.mx\/wp-content\/uploads\/2023\/05\/programa-de-desarme-voluntario-cuernavaca-1-1024x682.jpg\" alt=\"\" class=\"wp-image-28622\" srcset=\"https:\/\/cuernavaca.gob.mx\/wp-content\/uploads\/2023\/05\/programa-de-desarme-voluntario-cuernavaca-1-1024x682.jpg 1024w, https:\/\/cuernavaca.gob.mx\/wp-content\/uploads\/2023\/05\/programa-de-desarme-voluntario-cuernavaca-1-300x200.jpg 300w, https:\/\/cuernavaca.gob.mx\/wp-content\/uploads\/2023\/05\/programa-de-desarme-voluntario-cuernavaca-1-768x512.jpg 768w, https:\/\/cuernavaca.gob.mx\/wp-content\/uploads\/2023\/05\/programa-de-desarme-voluntario-cuernavaca-1-1536x1023.jpg 1536w, https:\/\/cuernavaca.gob.mx\/wp-content\/uploads\/2023\/05\/programa-de-desarme-voluntario-cuernavaca-1-600x400.jpg 600w, https:\/\/cuernavaca.gob.mx\/wp-content\/uploads\/2023\/05\/programa-de-desarme-voluntario-cuernavaca-1-560x373.jpg 560w, https:\/\/cuernavaca.gob.mx\/wp-content\/uploads\/2023\/05\/programa-de-desarme-voluntario-cuernavaca-1.jpg 1600w\" sizes=\"(max-width: 1024px) 100vw, 1024px\" \/><\/figure>\n\n\n\n<figure class=\"wp-block-image size-large\"><img loading=\"lazy\" width=\"854\" height=\"693\" data-id=\"28623\"  src=\"https:\/\/cuernavaca.gob.mx\/wp-content\/uploads\/2023\/05\/programa-de-desarme-voluntario-cuernavaca-2.jpg\" alt=\"\" class=\"wp-image-28623\" srcset=\"https:\/\/cuernavaca.gob.mx\/wp-content\/uploads\/2023\/05\/programa-de-desarme-voluntario-cuernavaca-2.jpg 854w, https:\/\/cuernavaca.gob.mx\/wp-content\/uploads\/2023\/05\/programa-de-desarme-voluntario-cuernavaca-2-300x243.jpg 300w, https:\/\/cuernavaca.gob.mx\/wp-content\/uploads\/2023\/05\/programa-de-desarme-voluntario-cuernavaca-2-768x623.jpg 768w, https:\/\/cuernavaca.gob.mx\/wp-content\/uploads\/2023\/05\/programa-de-desarme-voluntario-cuernavaca-2-600x487.jpg 600w, https:\/\/cuernavaca.gob.mx\/wp-content\/uploads\/2023\/05\/programa-de-desarme-voluntario-cuernavaca-2-560x454.jpg 560w\" sizes=\"(max-width: 854px) 100vw, 854px\" \/><\/figure>\n\n\n\n<figure class=\"wp-block-image size-large\"><img loading=\"lazy\" width=\"1024\" height=\"682\" data-id=\"28625\"  src=\"https:\/\/cuernavaca.gob.mx\/wp-content\/uploads\/2023\/05\/programa-de-desarme-voluntario-cuernavaca-3-1024x682.jpg\" alt=\"\" class=\"wp-image-28625\" srcset=\"https:\/\/cuernavaca.gob.mx\/wp-content\/uploads\/2023\/05\/programa-de-desarme-voluntario-cuernavaca-3-1024x682.jpg 1024w, https:\/\/cuernavaca.gob.mx\/wp-content\/uploads\/2023\/05\/programa-de-desarme-voluntario-cuernavaca-3-300x200.jpg 300w, https:\/\/cuernavaca.gob.mx\/wp-content\/uploads\/2023\/05\/programa-de-desarme-voluntario-cuernavaca-3-768x512.jpg 768w, https:\/\/cuernavaca.gob.mx\/wp-content\/uploads\/2023\/05\/programa-de-desarme-voluntario-cuernavaca-3-1536x1023.jpg 1536w, https:\/\/cuernavaca.gob.mx\/wp-content\/uploads\/2023\/05\/programa-de-desarme-voluntario-cuernavaca-3-600x400.jpg 600w, https:\/\/cuernavaca.gob.mx\/wp-content\/uploads\/2023\/05\/programa-de-desarme-voluntario-cuernavaca-3-560x373.jpg 560w, https:\/\/cuernavaca.gob.mx\/wp-content\/uploads\/2023\/05\/programa-de-desarme-voluntario-cuernavaca-3.jpg 1600w\" sizes=\"(max-width: 1024px) 100vw, 1024px\" \/><\/figure>\n\n\n\n<figure class=\"wp-block-image size-large\"><img loading=\"lazy\" width=\"1024\" height=\"682\" data-id=\"28624\"  src=\"https:\/\/cuernavaca.gob.mx\/wp-content\/uploads\/2023\/05\/programa-de-desarme-voluntario-cuernavaca-4-1024x682.jpg\" alt=\"\" class=\"wp-image-28624\" srcset=\"https:\/\/cuernavaca.gob.mx\/wp-content\/uploads\/2023\/05\/programa-de-desarme-voluntario-cuernavaca-4-1024x682.jpg 1024w, https:\/\/cuernavaca.gob.mx\/wp-content\/uploads\/2023\/05\/programa-de-desarme-voluntario-cuernavaca-4-300x200.jpg 300w, https:\/\/cuernavaca.gob.mx\/wp-content\/uploads\/2023\/05\/programa-de-desarme-voluntario-cuernavaca-4-768x512.jpg 768w, https:\/\/cuernavaca.gob.mx\/wp-content\/uploads\/2023\/05\/programa-de-desarme-voluntario-cuernavaca-4-1536x1023.jpg 1536w, https:\/\/cuernavaca.gob.mx\/wp-content\/uploads\/2023\/05\/programa-de-desarme-voluntario-cuernavaca-4-600x400.jpg 600w, https:\/\/cuernavaca.gob.mx\/wp-content\/uploads\/2023\/05\/programa-de-desarme-voluntario-cuernavaca-4-560x373.jpg 560w, https:\/\/cuernavaca.gob.mx\/wp-content\/uploads\/2023\/05\/programa-de-desarme-voluntario-cuernavaca-4.jpg 1600w\" sizes=\"(max-width: 1024px) 100vw, 1024px\" \/><\/figure>\n<\/figure>\n","protected":false},"excerpt":{"rendered":"<p>\u2022 Integrantes del Cabildo autorizaron transferir recursos propios a la SEPRAC para que pueda efectuar este programa a cargo de la 24\/a Zona Militar, como parte de la estrategia para erradicar hechos de violencia \u2022 A las personas que entreguen sus armas se les otorga una compensaci\u00f3n econ\u00f3mica de acuerdo con la tasa o valor [&hellip;]<\/p>\n","protected":false},"author":1,"featured_media":28622,"comment_status":"closed","ping_status":"open","sticky":false,"template":"","format":"standard","meta":[],"categories":[17],"tags":[3084,121,3083,120,414,125],"aioseo_notices":[],"_links":{"self":[{"href":"https:\/\/cuernavaca.gob.mx\/index.php?rest_route=\/wp\/v2\/posts\/28621"}],"collection":[{"href":"https:\/\/cuernavaca.gob.mx\/index.php?rest_route=\/wp\/v2\/posts"}],"about":[{"href":"https:\/\/cuernavaca.gob.mx\/index.php?rest_route=\/wp\/v2\/types\/post"}],"author":[{"embeddable":true,"href":"https:\/\/cuernavaca.gob.mx\/index.php?rest_route=\/wp\/v2\/users\/1"}],"replies":[{"embeddable":true,"href":"https:\/\/cuernavaca.gob.mx\/index.php?rest_route=%2Fwp%2Fv2%2Fcomments&post=28621"}],"version-history":[{"count":1,"href":"https:\/\/cuernavaca.gob.mx\/index.php?rest_route=\/wp\/v2\/posts\/28621\/revisions"}],"predecessor-version":[{"id":28626,"href":"https:\/\/cuernavaca.gob.mx\/index.php?rest_route=\/wp\/v2\/posts\/28621\/revisions\/28626"}],"wp:featuredmedia":[{"embeddable":true,"href":"https:\/\/cuernavaca.gob.mx\/index.php?rest_route=\/wp\/v2\/media\/28622"}],"wp:attachment":[{"href":"https:\/\/cuernavaca.gob.mx\/index.php?rest_route=%2Fwp%2Fv2%2Fmedia&parent=28621"}],"wp:term":[{"taxonomy":"category","embeddable":true,"href":"https:\/\/cuernavaca.gob.mx\/index.php?rest_route=%2Fwp%2Fv2%2Fcategories&post=28621"},{"taxonomy":"post_tag","embeddable":true,"href":"https:\/\/cuernavaca.gob.mx\/index.php?rest_route=%2Fwp%2Fv2%2Ftags&post=28621"}],"curies":[{"name":"wp","href":"https:\/\/api.w.org\/{rel}","templated":true}]}}